{"id":2403,"date":"2024-09-28T19:40:44","date_gmt":"2024-09-28T17:40:44","guid":{"rendered":"https:\/\/velipost.com\/?p=2403"},"modified":"2025-04-17T23:35:01","modified_gmt":"2025-04-17T21:35:01","slug":"israel-elimine-hassan-nasrallah-le-chef-du-hezbollah","status":"publish","type":"post","link":"https:\/\/velipost.com\/?p=2403","title":{"rendered":"Dominique Beldor pr\u00e9pare le grand retour de Dominik Show sur Radio Solidarit\u00e9 107.3 FM"},"content":{"rendered":"\n<p>Apr\u00e8s plusieurs mois d\u2019absence, Dominik Show, l\u2019\u00e9mission musicale tr\u00e8s populaire anim\u00e9e par Dominique Beldor sur Radio Solidarit\u00e9 107.3 FM, fera son grand retour \u00e0 l\u2019antenne au mois de novembre prochain. L\u2019annonce de cette reprise devrait ravir les nombreux fid\u00e8les de l\u2019\u00e9mission, suspendue depuis mars 2024.<\/p>\n\n\n\n<p>La diffusion de Dominik Show avait \u00e9t\u00e9 interrompue en raison de circonstances li\u00e9es \u00e0 la s\u00e9curit\u00e9 de l\u2019animateur. Quelques semaines plus tard, en mai 2024, Dominique Beldor a quitt\u00e9 Ha\u00efti pour s\u2019\u00e9tablir en Floride. C\u2019est depuis cet \u00c9tat qu\u2019il s\u2019affaire d\u00e9sormais \u00e0 pr\u00e9parer activement la relance de son \u00e9mission.<\/p>\n\n\n\n<p><em><strong>L\u2019animateur pr\u00e9pare son retour \u00e0 distance<\/strong><\/em><\/p>\n\n\n\n<p>Install\u00e9 \u00e0 Tampa, Dominique Beldor continue de vivre sa passion radiophonique malgr\u00e9 l\u2019\u00e9loignement. Il reste en contact permanent avec son \u00e9quipe en Ha\u00efti et affine d\u00e9j\u00e0 le contenu de la prochaine saison de Dominik Show. La distance n\u2019entame en rien sa d\u00e9termination : \u00ab Malgr\u00e9 l\u2019\u00e9loignement, je reste d\u00e9termin\u00e9 \u00e0 poursuivre ma mission de promotion musicale et de commentaires sur la soci\u00e9t\u00e9 ha\u00eftienne \u00bb, confie-t-il \u00e0 Velipost.<\/p>\n\n\n\n<p><em><strong>Un retour soutenu par le public et la station<\/strong><\/em><\/p>\n\n\n\n<p>Au-del\u00e0 de l\u2019engagement personnel de l\u2019animateur, la d\u00e9cision de relancer l\u2019\u00e9mission n\u2019a pas \u00e9t\u00e9 prise \u00e0 la l\u00e9g\u00e8re. Ce retour a \u00e9t\u00e9 envisag\u00e9 \u00e0 la fois pour r\u00e9pondre \u00e0 la forte demande du public et gr\u00e2ce au soutien appuy\u00e9 de la direction de Radio Solidarit\u00e9. D\u2019ailleurs, la station promet d\u2019annoncer sous peu le nouvel horaire de diffusion de l\u2019\u00e9mission, preuve suppl\u00e9mentaire que tout est mis en \u0153uvre pour que cette reprise soit un succ\u00e8s.<\/p>\n\n\n\n<p><em>La perspective de retrouver Dominik Show suscite d\u00e9j\u00e0 un vif engouement aupr\u00e8s des auditeurs ha\u00eftiens. Pour Dominique Beldor, cette reprise s\u2019annonce comme bien plus qu\u2019un simple retour \u00e0 l\u2019antenne : c\u2019est un nouveau rendez-vous avec son public, symbole de son attachement ind\u00e9fectible \u00e0 la culture de son pays. D\u2019ici le mois de novembre, l\u2019animateur promet de tout mettre en \u0153uvre pour offrir \u00e0 ses auditeurs un Dominik Show plus dynamique et rassembleur que jamais. La rentr\u00e9e radiophonique s\u2019annonce donc haute en couleur, et chacun est invit\u00e9 \u00e0 \u00eatre au rendez-vous pour ces retrouvailles sur les ondes.<\/em><\/p>\n\n    <div class=\"xs_social_share_widget xs_share_url after_content \t\tmain_content  wslu-style-3 wslu-share-box-shaped wslu-fill-brand-hover-colored wslu-share-m-5 wslu-none wslu-share-horizontal wslu-theme-font-no wslu-main_content\">\n\n\t\t\n        <ul>\n\t\t\t                    <li class=\"xs-share-li twitter                        wslu-no-extra-data\">\n                        <a href=\"javascript:void(0);\"\n                           id=\"xs_feed_twitter\"\n                           onclick=\"xs_social_sharer(this);\"\n                           data-pid=\"2403\"\n                           data-uri_hash=\"855e3b9352b0711123f6a753ed9dd4d2\"\n                           data-key=\"twitter\"\n                           data-xs-href=\"https:\/\/twitter.com\/intent\/tweet?text=Dominique+Beldor+pr%C3%A9pare+le+grand+retour+de+Dominik+Show+sur+Radio+Solidarit%C3%A9+107.3+FM+https%3A%2F%2Fvelipost.com%2Findex.php%3Frest_route%3D%252Fwp%252Fv2%252Fposts%252F2403&amp;original_referer=https%3A%2F%2Fvelipost.com%2Findex.php%3Frest_route%3D%252Fwp%252Fv2%252Fposts%252F2403&amp;related=xpeedstudio\">\n\n                            <div class=\"xs-social-icon\">\n                                <span class=\"met-social met-social-twitter\"><\/span>\n                            <\/div>\n\n\t\t\t\t\t\t\t\n                            <div class=\"wslu-hover-content\">\n                                <div class=\"xs-social-followers\">\n\t\t\t\t\t\t\t\t\t10                                <\/div>\n                                <div class=\"xs-social-follower-text\">\n\t\t\t\t\t\t\t\t\tShare                                <\/div>\n                                <div class=\"xs-social-follower-label\">\n\t\t\t\t\t\t\t\t\tTwitter                                <\/div>\n                            <\/div>\n                        <\/a>\n                    <\/li>\n\t\t\t\t\t                    <li class=\"xs-share-li telegram                        wslu-no-extra-data\">\n                        <a href=\"javascript:void(0);\"\n                           id=\"xs_feed_telegram\"\n                           onclick=\"xs_social_sharer(this);\"\n                           data-pid=\"2403\"\n                           data-uri_hash=\"855e3b9352b0711123f6a753ed9dd4d2\"\n                           data-key=\"telegram\"\n                           data-xs-href=\"https:\/\/telegram.me\/share\/url?url=https%3A%2F%2Fvelipost.com%2Findex.php%3Frest_route%3D%252Fwp%252Fv2%252Fposts%252F2403&amp;text=Dominique+Beldor+pr%C3%A9pare+le+grand+retour+de+Dominik+Show+sur+Radio+Solidarit%C3%A9+107.3+FM\">\n\n                            <div class=\"xs-social-icon\">\n                                <span class=\"met-social met-social-telegram\"><\/span>\n                            <\/div>\n\n\t\t\t\t\t\t\t\n                            <div class=\"wslu-hover-content\">\n                                <div class=\"xs-social-followers\">\n\t\t\t\t\t\t\t\t\t0                                <\/div>\n                                <div class=\"xs-social-follower-text\">\n\t\t\t\t\t\t\t\t\tShare                                <\/div>\n                                <div class=\"xs-social-follower-label\">\n\t\t\t\t\t\t\t\t\tTelegram                                <\/div>\n                            <\/div>\n                        <\/a>\n                    <\/li>\n\t\t\t\t\t                    <li class=\"xs-share-li email                        wslu-no-extra-data\">\n                        <a href=\"javascript:void(0);\"\n                           id=\"xs_feed_email\"\n                           onclick=\"xs_social_sharer(this);\"\n                           data-pid=\"2403\"\n                           data-uri_hash=\"855e3b9352b0711123f6a753ed9dd4d2\"\n                           data-key=\"email\"\n                           data-xs-href=\"mailto:?body=Title%3A+Dominique+Beldor+pr%C3%A9pare+le+grand+retour+de+Dominik+Show+sur+Radio+Solidarit%C3%A9+107.3+FM+%5Cn%5Cn+URL%3A+https%3A%2F%2Fvelipost.com%2Findex.php%3Frest_route%3D%252Fwp%252Fv2%252Fposts%252F2403&amp;subject=Dominique+Beldor+pr%C3%A9pare+le+grand+retour+de+Dominik+Show+sur+Radio+Solidarit%C3%A9+107.3+FM\">\n\n                            <div class=\"xs-social-icon\">\n                                <span class=\"met-social met-social-email\"><\/span>\n                            <\/div>\n\n\t\t\t\t\t\t\t\n                            <div class=\"wslu-hover-content\">\n                                <div class=\"xs-social-followers\">\n\t\t\t\t\t\t\t\t\t0                                <\/div>\n                                <div class=\"xs-social-follower-text\">\n\t\t\t\t\t\t\t\t\tShare                                <\/div>\n                                <div class=\"xs-social-follower-label\">\n\t\t\t\t\t\t\t\t\tEmail                                <\/div>\n                            <\/div>\n                        <\/a>\n                    <\/li>\n\t\t\t\t\t        <\/ul>\n    <\/div> \n","protected":false},"excerpt":{"rendered":"<p>Apr\u00e8s plusieurs mois d\u2019absence, Dominik Show, l\u2019\u00e9mission musicale tr\u00e8s populaire anim\u00e9e par Dominique Beldor sur Radio Solidarit\u00e9 107.3 FM, fera son grand retour \u00e0<\/p>\n","protected":false},"author":1,"featured_media":3337,"comment_status":"open","ping_status":"open","sticky":false,"template":"","format":"standard","meta":{"_uag_custom_page_level_css":"","footnotes":"","jetpack_publicize_message":"","jetpack_publicize_feature_enabled":true,"jetpack_social_post_already_shared":false,"jetpack_social_options":{"image_generator_settings":{"template":"highway","default_image_id":0,"font":"","enabled":false},"version":2}},"categories":[189],"tags":[],"class_list":["post-2403","post","type-post","status-publish","format-standard","has-post-thumbnail","hentry","category-musique"],"yoast_head":"<!-- This site is optimized with the Yoast SEO plugin v25.3.1 - https:\/\/yoast.com\/wordpress\/plugins\/seo\/ -->\n<title>Dominique Beldor pr\u00e9pare le grand retour de Dominik Show sur Radio Solidarit\u00e9 107.3 FM &#8211; VeliPost<\/title>\n<meta name=\"robots\" content=\"index, follow, max-snippet:-1, max-image-preview:large, max-video-preview:-1\" \/>\n<link rel=\"canonical\" href=\"https:\/\/velipost.com\/?p=2403\" \/>\n<meta property=\"og:locale\" content=\"fr_FR\" \/>\n<meta property=\"og:type\" content=\"article\" \/>\n<meta property=\"og:title\" content=\"Dominique Beldor pr\u00e9pare le grand retour de Dominik Show sur Radio Solidarit\u00e9 107.3 FM &#8211; VeliPost\" \/>\n<meta property=\"og:description\" content=\"Apr\u00e8s plusieurs mois d\u2019absence, Dominik Show, l\u2019\u00e9mission musicale tr\u00e8s populaire anim\u00e9e par Dominique Beldor sur Radio Solidarit\u00e9 107.3 FM, fera son grand retour \u00e0\" \/>\n<meta property=\"og:url\" content=\"https:\/\/velipost.com\/?p=2403\" \/>\n<meta property=\"og:site_name\" content=\"VeliPost\" \/>\n<meta property=\"article:publisher\" content=\"https:\/\/www.facebook.com\/veliposthaiti\" \/>\n<meta property=\"article:published_time\" content=\"2024-09-28T17:40:44+00:00\" \/>\n<meta property=\"article:modified_time\" content=\"2025-04-17T21:35:01+00:00\" \/>\n<meta property=\"og:image\" content=\"https:\/\/velipost.com\/wp-content\/uploads\/2024\/09\/beldor.jpg\" \/>\n\t<meta property=\"og:image:width\" content=\"1170\" \/>\n\t<meta property=\"og:image:height\" content=\"603\" \/>\n\t<meta property=\"og:image:type\" content=\"image\/jpeg\" \/>\n<meta name=\"author\" content=\"VeliPost\" \/>\n<meta name=\"twitter:card\" content=\"summary_large_image\" \/>\n<meta name=\"twitter:creator\" content=\"@veliposthaiti\" \/>\n<meta name=\"twitter:site\" content=\"@veliposthaiti\" \/>\n<meta name=\"twitter:label1\" content=\"\u00c9crit par\" \/>\n\t<meta name=\"twitter:data1\" content=\"VeliPost\" \/>\n\t<meta name=\"twitter:label2\" content=\"Dur\u00e9e de lecture estim\u00e9e\" \/>\n\t<meta name=\"twitter:data2\" content=\"2 minutes\" \/>\n<script type=\"application\/ld+json\" class=\"yoast-schema-graph\">{\"@context\":\"https:\/\/schema.org\",\"@graph\":[{\"@type\":\"Article\",\"@id\":\"https:\/\/velipost.com\/?p=2403#article\",\"isPartOf\":{\"@id\":\"https:\/\/velipost.com\/?p=2403\"},\"author\":{\"name\":\"VeliPost\",\"@id\":\"https:\/\/velipost.com\/#\/schema\/person\/32ff49a53c9c1bb24302ee8ece058096\"},\"headline\":\"Dominique Beldor pr\u00e9pare le grand retour de Dominik Show sur Radio Solidarit\u00e9 107.3 FM\",\"datePublished\":\"2024-09-28T17:40:44+00:00\",\"dateModified\":\"2025-04-17T21:35:01+00:00\",\"mainEntityOfPage\":{\"@id\":\"https:\/\/velipost.com\/?p=2403\"},\"wordCount\":395,\"commentCount\":0,\"publisher\":{\"@id\":\"https:\/\/velipost.com\/#organization\"},\"image\":{\"@id\":\"https:\/\/velipost.com\/?p=2403#primaryimage\"},\"thumbnailUrl\":\"https:\/\/velipost.com\/wp-content\/uploads\/2024\/09\/beldor.jpg\",\"articleSection\":[\"Musique\"],\"inLanguage\":\"fr-FR\",\"potentialAction\":[{\"@type\":\"CommentAction\",\"name\":\"Comment\",\"target\":[\"https:\/\/velipost.com\/?p=2403#respond\"]}]},{\"@type\":\"WebPage\",\"@id\":\"https:\/\/velipost.com\/?p=2403\",\"url\":\"https:\/\/velipost.com\/?p=2403\",\"name\":\"Dominique Beldor pr\u00e9pare le grand retour de Dominik Show sur Radio Solidarit\u00e9 107.3 FM &#8211; VeliPost\",\"isPartOf\":{\"@id\":\"https:\/\/velipost.com\/#website\"},\"primaryImageOfPage\":{\"@id\":\"https:\/\/velipost.com\/?p=2403#primaryimage\"},\"image\":{\"@id\":\"https:\/\/velipost.com\/?p=2403#primaryimage\"},\"thumbnailUrl\":\"https:\/\/velipost.com\/wp-content\/uploads\/2024\/09\/beldor.jpg\",\"datePublished\":\"2024-09-28T17:40:44+00:00\",\"dateModified\":\"2025-04-17T21:35:01+00:00\",\"breadcrumb\":{\"@id\":\"https:\/\/velipost.com\/?p=2403#breadcrumb\"},\"inLanguage\":\"fr-FR\",\"potentialAction\":[{\"@type\":\"ReadAction\",\"target\":[\"https:\/\/velipost.com\/?p=2403\"]}]},{\"@type\":\"ImageObject\",\"inLanguage\":\"fr-FR\",\"@id\":\"https:\/\/velipost.com\/?p=2403#primaryimage\",\"url\":\"https:\/\/velipost.com\/wp-content\/uploads\/2024\/09\/beldor.jpg\",\"contentUrl\":\"https:\/\/velipost.com\/wp-content\/uploads\/2024\/09\/beldor.jpg\",\"width\":1170,\"height\":603},{\"@type\":\"BreadcrumbList\",\"@id\":\"https:\/\/velipost.com\/?p=2403#breadcrumb\",\"itemListElement\":[{\"@type\":\"ListItem\",\"position\":1,\"name\":\"Accueil\",\"item\":\"https:\/\/velipost.com\/\"},{\"@type\":\"ListItem\",\"position\":2,\"name\":\"Dominique Beldor pr\u00e9pare le grand retour de Dominik Show sur Radio Solidarit\u00e9 107.3 FM\"}]},{\"@type\":\"WebSite\",\"@id\":\"https:\/\/velipost.com\/#website\",\"url\":\"https:\/\/velipost.com\/\",\"name\":\"VeliPost\",\"description\":\"L\u2019info en un clic\",\"publisher\":{\"@id\":\"https:\/\/velipost.com\/#organization\"},\"potentialAction\":[{\"@type\":\"SearchAction\",\"target\":{\"@type\":\"EntryPoint\",\"urlTemplate\":\"https:\/\/velipost.com\/?s={search_term_string}\"},\"query-input\":{\"@type\":\"PropertyValueSpecification\",\"valueRequired\":true,\"valueName\":\"search_term_string\"}}],\"inLanguage\":\"fr-FR\"},{\"@type\":\"Organization\",\"@id\":\"https:\/\/velipost.com\/#organization\",\"name\":\"VeliPost\",\"url\":\"https:\/\/velipost.com\/\",\"logo\":{\"@type\":\"ImageObject\",\"inLanguage\":\"fr-FR\",\"@id\":\"https:\/\/velipost.com\/#\/schema\/logo\/image\/\",\"url\":\"https:\/\/velipost.com\/wp-content\/uploads\/2024\/08\/cropped-VP-logo-piti.png\",\"contentUrl\":\"https:\/\/velipost.com\/wp-content\/uploads\/2024\/08\/cropped-VP-logo-piti.png\",\"width\":201,\"height\":69,\"caption\":\"VeliPost\"},\"image\":{\"@id\":\"https:\/\/velipost.com\/#\/schema\/logo\/image\/\"},\"sameAs\":[\"https:\/\/www.facebook.com\/veliposthaiti\",\"https:\/\/x.com\/veliposthaiti\",\"https:\/\/www.instagram.com\/veliposthaiti\"]},{\"@type\":\"Person\",\"@id\":\"https:\/\/velipost.com\/#\/schema\/person\/32ff49a53c9c1bb24302ee8ece058096\",\"name\":\"VeliPost\",\"image\":{\"@type\":\"ImageObject\",\"inLanguage\":\"fr-FR\",\"@id\":\"https:\/\/velipost.com\/#\/schema\/person\/image\/\",\"url\":\"https:\/\/secure.gravatar.com\/avatar\/57c226c264de62f794185a89596d4a37b85a5ad20aca30d9d5a478b27d8c8d9d?s=96&d=mm&r=g\",\"contentUrl\":\"https:\/\/secure.gravatar.com\/avatar\/57c226c264de62f794185a89596d4a37b85a5ad20aca30d9d5a478b27d8c8d9d?s=96&d=mm&r=g\",\"caption\":\"VeliPost\"},\"sameAs\":[\"https:\/\/velipost.com\"],\"url\":\"https:\/\/velipost.com\/?author=1\"}]}<\/script>\n<!-- \/ Yoast SEO plugin. -->","yoast_head_json":{"title":"Dominique Beldor pr\u00e9pare le grand retour de Dominik Show sur Radio Solidarit\u00e9 107.3 FM &#8211; VeliPost","robots":{"index":"index","follow":"follow","max-snippet":"max-snippet:-1","max-image-preview":"max-image-preview:large","max-video-preview":"max-video-preview:-1"},"canonical":"https:\/\/velipost.com\/?p=2403","og_locale":"fr_FR","og_type":"article","og_title":"Dominique Beldor pr\u00e9pare le grand retour de Dominik Show sur Radio Solidarit\u00e9 107.3 FM &#8211; VeliPost","og_description":"Apr\u00e8s plusieurs mois d\u2019absence, Dominik Show, l\u2019\u00e9mission musicale tr\u00e8s populaire anim\u00e9e par Dominique Beldor sur Radio Solidarit\u00e9 107.3 FM, fera son grand retour \u00e0","og_url":"https:\/\/velipost.com\/?p=2403","og_site_name":"VeliPost","article_publisher":"https:\/\/www.facebook.com\/veliposthaiti","article_published_time":"2024-09-28T17:40:44+00:00","article_modified_time":"2025-04-17T21:35:01+00:00","og_image":[{"width":1170,"height":603,"url":"https:\/\/velipost.com\/wp-content\/uploads\/2024\/09\/beldor.jpg","type":"image\/jpeg"}],"author":"VeliPost","twitter_card":"summary_large_image","twitter_creator":"@veliposthaiti","twitter_site":"@veliposthaiti","twitter_misc":{"\u00c9crit par":"VeliPost","Dur\u00e9e de lecture estim\u00e9e":"2 minutes"},"schema":{"@context":"https:\/\/schema.org","@graph":[{"@type":"Article","@id":"https:\/\/velipost.com\/?p=2403#article","isPartOf":{"@id":"https:\/\/velipost.com\/?p=2403"},"author":{"name":"VeliPost","@id":"https:\/\/velipost.com\/#\/schema\/person\/32ff49a53c9c1bb24302ee8ece058096"},"headline":"Dominique Beldor pr\u00e9pare le grand retour de Dominik Show sur Radio Solidarit\u00e9 107.3 FM","datePublished":"2024-09-28T17:40:44+00:00","dateModified":"2025-04-17T21:35:01+00:00","mainEntityOfPage":{"@id":"https:\/\/velipost.com\/?p=2403"},"wordCount":395,"commentCount":0,"publisher":{"@id":"https:\/\/velipost.com\/#organization"},"image":{"@id":"https:\/\/velipost.com\/?p=2403#primaryimage"},"thumbnailUrl":"https:\/\/velipost.com\/wp-content\/uploads\/2024\/09\/beldor.jpg","articleSection":["Musique"],"inLanguage":"fr-FR","potentialAction":[{"@type":"CommentAction","name":"Comment","target":["https:\/\/velipost.com\/?p=2403#respond"]}]},{"@type":"WebPage","@id":"https:\/\/velipost.com\/?p=2403","url":"https:\/\/velipost.com\/?p=2403","name":"Dominique Beldor pr\u00e9pare le grand retour de Dominik Show sur Radio Solidarit\u00e9 107.3 FM &#8211; VeliPost","isPartOf":{"@id":"https:\/\/velipost.com\/#website"},"primaryImageOfPage":{"@id":"https:\/\/velipost.com\/?p=2403#primaryimage"},"image":{"@id":"https:\/\/velipost.com\/?p=2403#primaryimage"},"thumbnailUrl":"https:\/\/velipost.com\/wp-content\/uploads\/2024\/09\/beldor.jpg","datePublished":"2024-09-28T17:40:44+00:00","dateModified":"2025-04-17T21:35:01+00:00","breadcrumb":{"@id":"https:\/\/velipost.com\/?p=2403#breadcrumb"},"inLanguage":"fr-FR","potentialAction":[{"@type":"ReadAction","target":["https:\/\/velipost.com\/?p=2403"]}]},{"@type":"ImageObject","inLanguage":"fr-FR","@id":"https:\/\/velipost.com\/?p=2403#primaryimage","url":"https:\/\/velipost.com\/wp-content\/uploads\/2024\/09\/beldor.jpg","contentUrl":"https:\/\/velipost.com\/wp-content\/uploads\/2024\/09\/beldor.jpg","width":1170,"height":603},{"@type":"BreadcrumbList","@id":"https:\/\/velipost.com\/?p=2403#breadcrumb","itemListElement":[{"@type":"ListItem","position":1,"name":"Accueil","item":"https:\/\/velipost.com\/"},{"@type":"ListItem","position":2,"name":"Dominique Beldor pr\u00e9pare le grand retour de Dominik Show sur Radio Solidarit\u00e9 107.3 FM"}]},{"@type":"WebSite","@id":"https:\/\/velipost.com\/#website","url":"https:\/\/velipost.com\/","name":"VeliPost","description":"L\u2019info en un clic","publisher":{"@id":"https:\/\/velipost.com\/#organization"},"potentialAction":[{"@type":"SearchAction","target":{"@type":"EntryPoint","urlTemplate":"https:\/\/velipost.com\/?s={search_term_string}"},"query-input":{"@type":"PropertyValueSpecification","valueRequired":true,"valueName":"search_term_string"}}],"inLanguage":"fr-FR"},{"@type":"Organization","@id":"https:\/\/velipost.com\/#organization","name":"VeliPost","url":"https:\/\/velipost.com\/","logo":{"@type":"ImageObject","inLanguage":"fr-FR","@id":"https:\/\/velipost.com\/#\/schema\/logo\/image\/","url":"https:\/\/velipost.com\/wp-content\/uploads\/2024\/08\/cropped-VP-logo-piti.png","contentUrl":"https:\/\/velipost.com\/wp-content\/uploads\/2024\/08\/cropped-VP-logo-piti.png","width":201,"height":69,"caption":"VeliPost"},"image":{"@id":"https:\/\/velipost.com\/#\/schema\/logo\/image\/"},"sameAs":["https:\/\/www.facebook.com\/veliposthaiti","https:\/\/x.com\/veliposthaiti","https:\/\/www.instagram.com\/veliposthaiti"]},{"@type":"Person","@id":"https:\/\/velipost.com\/#\/schema\/person\/32ff49a53c9c1bb24302ee8ece058096","name":"VeliPost","image":{"@type":"ImageObject","inLanguage":"fr-FR","@id":"https:\/\/velipost.com\/#\/schema\/person\/image\/","url":"https:\/\/secure.gravatar.com\/avatar\/57c226c264de62f794185a89596d4a37b85a5ad20aca30d9d5a478b27d8c8d9d?s=96&d=mm&r=g","contentUrl":"https:\/\/secure.gravatar.com\/avatar\/57c226c264de62f794185a89596d4a37b85a5ad20aca30d9d5a478b27d8c8d9d?s=96&d=mm&r=g","caption":"VeliPost"},"sameAs":["https:\/\/velipost.com"],"url":"https:\/\/velipost.com\/?author=1"}]}},"views":4,"jetpack_publicize_connections":[],"uagb_featured_image_src":{"full":["https:\/\/velipost.com\/wp-content\/uploads\/2024\/09\/beldor.jpg",1170,603,false],"thumbnail":["https:\/\/velipost.com\/wp-content\/uploads\/2024\/09\/beldor-150x150.jpg",150,150,true],"medium":["https:\/\/velipost.com\/wp-content\/uploads\/2024\/09\/beldor-300x155.jpg",300,155,true],"medium_large":["https:\/\/velipost.com\/wp-content\/uploads\/2024\/09\/beldor-768x396.jpg",715,369,true],"large":["https:\/\/velipost.com\/wp-content\/uploads\/2024\/09\/beldor-1024x528.jpg",715,369,true],"1536x1536":["https:\/\/velipost.com\/wp-content\/uploads\/2024\/09\/beldor.jpg",1170,603,false],"2048x2048":["https:\/\/velipost.com\/wp-content\/uploads\/2024\/09\/beldor.jpg",1170,603,false],"colornews-big-slider":["https:\/\/velipost.com\/wp-content\/uploads\/2024\/09\/beldor-1070x470.jpg",1070,470,true],"colornews-big-slider-thumb":["https:\/\/velipost.com\/wp-content\/uploads\/2024\/09\/beldor-184x109.jpg",184,109,true],"colornews-featured-post-medium":["https:\/\/velipost.com\/wp-content\/uploads\/2024\/09\/beldor-345x265.jpg",345,265,true],"colornews-featured-post-small":["https:\/\/velipost.com\/wp-content\/uploads\/2024\/09\/beldor-115x73.jpg",115,73,true],"colornews-random-posts":["https:\/\/velipost.com\/wp-content\/uploads\/2024\/09\/beldor-215x215.jpg",215,215,true],"colornews-featured-image":["https:\/\/velipost.com\/wp-content\/uploads\/2024\/09\/beldor-715x400.jpg",715,400,true],"mailpoet_newsletter_max":["https:\/\/velipost.com\/wp-content\/uploads\/2024\/09\/beldor.jpg",1170,603,false]},"uagb_author_info":{"display_name":"VeliPost","author_link":"https:\/\/velipost.com\/?author=1"},"uagb_comment_info":0,"uagb_excerpt":"Apr\u00e8s plusieurs mois d\u2019absence, Dominik Show, l\u2019\u00e9mission musicale tr\u00e8s populaire anim\u00e9e par Dominique Beldor sur Radio Solidarit\u00e9 107.3 FM, fera son grand retour \u00e0","_links":{"self":[{"href":"https:\/\/velipost.com\/index.php?rest_route=\/wp\/v2\/posts\/2403","targetHints":{"allow":["GET"]}}],"collection":[{"href":"https:\/\/velipost.com\/index.php?rest_route=\/wp\/v2\/posts"}],"about":[{"href":"https:\/\/velipost.com\/index.php?rest_route=\/wp\/v2\/types\/post"}],"author":[{"embeddable":true,"href":"https:\/\/velipost.com\/index.php?rest_route=\/wp\/v2\/users\/1"}],"replies":[{"embeddable":true,"href":"https:\/\/velipost.com\/index.php?rest_route=%2Fwp%2Fv2%2Fcomments&post=2403"}],"version-history":[{"count":2,"href":"https:\/\/velipost.com\/index.php?rest_route=\/wp\/v2\/posts\/2403\/revisions"}],"predecessor-version":[{"id":3338,"href":"https:\/\/velipost.com\/index.php?rest_route=\/wp\/v2\/posts\/2403\/revisions\/3338"}],"wp:featuredmedia":[{"embeddable":true,"href":"https:\/\/velipost.com\/index.php?rest_route=\/wp\/v2\/media\/3337"}],"wp:attachment":[{"href":"https:\/\/velipost.com\/index.php?rest_route=%2Fwp%2Fv2%2Fmedia&parent=2403"}],"wp:term":[{"taxonomy":"category","embeddable":true,"href":"https:\/\/velipost.com\/index.php?rest_route=%2Fwp%2Fv2%2Fcategories&post=2403"},{"taxonomy":"post_tag","embeddable":true,"href":"https:\/\/velipost.com\/index.php?rest_route=%2Fwp%2Fv2%2Ftags&post=2403"}],"curies":[{"name":"wp","href":"https:\/\/api.w.org\/{rel}","templated":true}]}}