{"id":2382,"date":"2024-09-28T02:11:18","date_gmt":"2024-09-28T00:11:18","guid":{"rendered":"https:\/\/velipost.com\/?p=2382"},"modified":"2024-09-28T02:11:19","modified_gmt":"2024-09-28T00:11:19","slug":"les-haitiens-saluent-le-discours-dedgard-leblanc-a-lonu","status":"publish","type":"post","link":"https:\/\/velipost.com\/?p=2382","title":{"rendered":"Les Ha\u00eftiens saluent le discours d&rsquo;Edgard Leblanc \u00e0 l&rsquo;ONU"},"content":{"rendered":"\n<p>Le discours historique d&rsquo;Edgard Leblanc Fils, pr\u00e9sident du Conseil Pr\u00e9sidentiel de Transition, \u00e0 l&rsquo;Assembl\u00e9e g\u00e9n\u00e9rale des Nations Unies a d\u00e9clench\u00e9 une v\u00e9ritable vague d&rsquo;enthousiasme \u00e0 travers tout le pays et sur les r\u00e9seaux sociaux. Sur Twitter, Facebook, Instagram et autres plateformes, les Ha\u00eftiens n&rsquo;ont cess\u00e9 de partager leur fiert\u00e9 et leur soutien pour cette intervention marquante. Le discours, ax\u00e9 sur la d\u00e9fense des droits des migrants ha\u00eftiens aux \u00c9tats-Unis et la restitution de la dette d&rsquo;ind\u00e9pendance, a r\u00e9sonn\u00e9 fortement au sein de la diaspora et de la population en Ha\u00efti.<\/p>\n\n\n\n<p>Partout sur le net, les internautes ha\u00eftiens expriment leur admiration face au courage de Leblanc. Des hashtags comme #Fiert\u00e9Ha\u00eftienne, #LeblancONU, et #JusticePourHa\u00efti ont inond\u00e9 les r\u00e9seaux sociaux, illustrant \u00e0 quel point ses propos ont touch\u00e9 la corde sensible du peuple. Les r\u00e9actions n&rsquo;ont pas tard\u00e9 \u00e0 venir de personnalit\u00e9s publiques, d\u2019artistes, et d&rsquo;intellectuels ha\u00eftiens, qui ont salu\u00e9 le discours comme l&rsquo;un des plus significatifs de l&rsquo;histoire contemporaine d&rsquo;Ha\u00efti.<\/p>\n\n\n\n<p>Sur Facebook, un internaute a \u00e9crit : \u00ab Enfin, un dirigeant ha\u00eftien qui parle de nos douleurs avec force et dignit\u00e9 ! Merci Edgard Leblanc Fils de porter notre voix \u00e0 la tribune la plus importante du monde. \u00bb D&rsquo;autres ont soulign\u00e9 la profondeur de son message concernant la dette d&rsquo;ind\u00e9pendance et les r\u00e9parations n\u00e9cessaires pour Ha\u00efti : \u00ab Nous avons attendu des d\u00e9cennies pour entendre un discours aussi percutant sur cette question. L&rsquo;histoire retiendra cette journ\u00e9e. \u00bb<\/p>\n\n\n\n<p>M\u00eame dans la diaspora ha\u00eftienne, des collectifs d&rsquo;immigr\u00e9s ont pris la parole pour exprimer leur reconnaissance. \u00ab Le discours de Leblanc est un symbole de renouveau pour Ha\u00efti, \u00bb a d\u00e9clar\u00e9 un membre d&rsquo;une organisation ha\u00eftienne bas\u00e9e \u00e0 New York. \u00ab Il a su faire entendre la voix de milliers de migrants ha\u00eftiens qui, aujourd&rsquo;hui, se sentent enfin repr\u00e9sent\u00e9s. \u00bb<\/p>\n\n\n\n<p>Parmi les nombreuses r\u00e9actions, une voix a particuli\u00e8rement retenu l\u2019attention : \u00ab J\u2019ai \u00e9cout\u00e9 un discours d\u2019une bonne facture. J\u2019ai vu un homme qui a fait preuve de courage sans \u00eatre arrogant. Voil\u00e0 ce que je retiendrai de sa participation. \u00bb Ce t\u00e9moignage refl\u00e8te l\u2019opinion de beaucoup d\u2019Ha\u00eftiens qui saluent la d\u00e9termination de Leblanc \u00e0 repr\u00e9senter dignement le pays sans tomber dans la surench\u00e8re.<\/p>\n\n\n\n<p>Son intervention a \u00e9t\u00e9 salu\u00e9e par diverses personnalit\u00e9s politiques ha\u00eftiennes, notamment l\u2019ancien militaire Ashley Laraque, le coordonnateur de l\u2019UNIR, Clarens Renois, et Emmanuel M\u00e9nard, membre de la Force Louverturienne R\u00e9formiste, qui ont qualifi\u00e9 ce discours d\u2019historique, comparant son impact \u00e0 celui de Jean-Bertrand Aristide en 1991.<\/p>\n\n\n\n<p>Le discours d\u2019Edgard Leblanc Fils a donc provoqu\u00e9 une vague d&rsquo;espoir et de fiert\u00e9 au sein de la communaut\u00e9 ha\u00eftienne, tant en Ha\u00efti que dans la diaspora. Les Ha\u00eftiens, touch\u00e9s par ses mots, voient en lui un d\u00e9fenseur sinc\u00e8re de leurs droits et de la justice historique pour Ha\u00efti.<\/p>\n\n    <div class=\"xs_social_share_widget xs_share_url after_content \t\tmain_content  wslu-style-3 wslu-share-box-shaped wslu-fill-brand-hover-colored wslu-share-m-5 wslu-none wslu-share-horizontal wslu-theme-font-no wslu-main_content\">\n\n\t\t\n        <ul>\n\t\t\t                    <li class=\"xs-share-li twitter                        wslu-no-extra-data\">\n                        <a href=\"javascript:void(0);\"\n                           id=\"xs_feed_twitter\"\n                           onclick=\"xs_social_sharer(this);\"\n                           data-pid=\"2382\"\n                           data-uri_hash=\"ed294d68571d122c4cd685b1e1361fb3\"\n                           data-key=\"twitter\"\n                           data-xs-href=\"https:\/\/twitter.com\/intent\/tweet?text=Les+Ha%C3%AFtiens+saluent+le+discours+d%26rsquo%3BEdgard+Leblanc+%C3%A0+l%26rsquo%3BONU+https%3A%2F%2Fvelipost.com%2Findex.php%3Frest_route%3D%252Fwp%252Fv2%252Fposts%252F2382&amp;original_referer=https%3A%2F%2Fvelipost.com%2Findex.php%3Frest_route%3D%252Fwp%252Fv2%252Fposts%252F2382&amp;related=xpeedstudio\">\n\n                            <div class=\"xs-social-icon\">\n                                <span class=\"met-social met-social-twitter\"><\/span>\n                            <\/div>\n\n\t\t\t\t\t\t\t\n                            <div class=\"wslu-hover-content\">\n                                <div class=\"xs-social-followers\">\n\t\t\t\t\t\t\t\t\t10                                <\/div>\n                                <div class=\"xs-social-follower-text\">\n\t\t\t\t\t\t\t\t\tShare                                <\/div>\n                                <div class=\"xs-social-follower-label\">\n\t\t\t\t\t\t\t\t\tTwitter                                <\/div>\n                            <\/div>\n                        <\/a>\n                    <\/li>\n\t\t\t\t\t                    <li class=\"xs-share-li telegram                        wslu-no-extra-data\">\n                        <a href=\"javascript:void(0);\"\n                           id=\"xs_feed_telegram\"\n                           onclick=\"xs_social_sharer(this);\"\n                           data-pid=\"2382\"\n                           data-uri_hash=\"ed294d68571d122c4cd685b1e1361fb3\"\n                           data-key=\"telegram\"\n                           data-xs-href=\"https:\/\/telegram.me\/share\/url?url=https%3A%2F%2Fvelipost.com%2Findex.php%3Frest_route%3D%252Fwp%252Fv2%252Fposts%252F2382&amp;text=Les+Ha%C3%AFtiens+saluent+le+discours+d%26rsquo%3BEdgard+Leblanc+%C3%A0+l%26rsquo%3BONU\">\n\n                            <div class=\"xs-social-icon\">\n                                <span class=\"met-social met-social-telegram\"><\/span>\n                            <\/div>\n\n\t\t\t\t\t\t\t\n                            <div class=\"wslu-hover-content\">\n                                <div class=\"xs-social-followers\">\n\t\t\t\t\t\t\t\t\t0                                <\/div>\n                                <div class=\"xs-social-follower-text\">\n\t\t\t\t\t\t\t\t\tShare                                <\/div>\n                                <div class=\"xs-social-follower-label\">\n\t\t\t\t\t\t\t\t\tTelegram                                <\/div>\n                            <\/div>\n                        <\/a>\n                    <\/li>\n\t\t\t\t\t                    <li class=\"xs-share-li email                        wslu-no-extra-data\">\n                        <a href=\"javascript:void(0);\"\n                           id=\"xs_feed_email\"\n                           onclick=\"xs_social_sharer(this);\"\n                           data-pid=\"2382\"\n                           data-uri_hash=\"ed294d68571d122c4cd685b1e1361fb3\"\n                           data-key=\"email\"\n                           data-xs-href=\"mailto:?body=Title%3A+Les+Ha%C3%AFtiens+saluent+le+discours+d%26rsquo%3BEdgard+Leblanc+%C3%A0+l%26rsquo%3BONU+%5Cn%5Cn+URL%3A+https%3A%2F%2Fvelipost.com%2Findex.php%3Frest_route%3D%252Fwp%252Fv2%252Fposts%252F2382&amp;subject=Les+Ha%C3%AFtiens+saluent+le+discours+d%26rsquo%3BEdgard+Leblanc+%C3%A0+l%26rsquo%3BONU\">\n\n                            <div class=\"xs-social-icon\">\n                                <span class=\"met-social met-social-email\"><\/span>\n                            <\/div>\n\n\t\t\t\t\t\t\t\n                            <div class=\"wslu-hover-content\">\n                                <div class=\"xs-social-followers\">\n\t\t\t\t\t\t\t\t\t0                                <\/div>\n                                <div class=\"xs-social-follower-text\">\n\t\t\t\t\t\t\t\t\tShare                                <\/div>\n                                <div class=\"xs-social-follower-label\">\n\t\t\t\t\t\t\t\t\tEmail                                <\/div>\n                            <\/div>\n                        <\/a>\n                    <\/li>\n\t\t\t\t\t        <\/ul>\n    <\/div> \n","protected":false},"excerpt":{"rendered":"<p>Le discours historique d&rsquo;Edgard Leblanc Fils, pr\u00e9sident du Conseil Pr\u00e9sidentiel de Transition, \u00e0 l&rsquo;Assembl\u00e9e g\u00e9n\u00e9rale des Nations Unies a d\u00e9clench\u00e9 une v\u00e9ritable vague d&rsquo;enthousiasme<\/p>\n","protected":false},"author":1,"featured_media":2390,"comment_status":"open","ping_status":"open","sticky":false,"template":"","format":"standard","meta":{"_uag_custom_page_level_css":"","footnotes":"","jetpack_publicize_message":"","jetpack_publicize_feature_enabled":true,"jetpack_social_post_already_shared":false,"jetpack_social_options":{"image_generator_settings":{"template":"highway","default_image_id":0,"font":"","enabled":false},"version":2}},"categories":[94],"tags":[],"class_list":["post-2382","post","type-post","status-publish","format-standard","has-post-thumbnail","hentry","category-a-la-une"],"yoast_head":"<!-- This site is optimized with the Yoast SEO plugin v25.3.1 - https:\/\/yoast.com\/wordpress\/plugins\/seo\/ -->\n<title>Les Ha\u00eftiens saluent le discours d&#039;Edgard Leblanc \u00e0 l&#039;ONU &#8211; VeliPost<\/title>\n<meta name=\"robots\" content=\"index, follow, max-snippet:-1, max-image-preview:large, max-video-preview:-1\" \/>\n<link rel=\"canonical\" href=\"https:\/\/velipost.com\/?p=2382\" \/>\n<meta property=\"og:locale\" content=\"fr_FR\" \/>\n<meta property=\"og:type\" content=\"article\" \/>\n<meta property=\"og:title\" content=\"Les Ha\u00eftiens saluent le discours d&#039;Edgard Leblanc \u00e0 l&#039;ONU &#8211; VeliPost\" \/>\n<meta property=\"og:description\" content=\"Le discours historique d&rsquo;Edgard Leblanc Fils, pr\u00e9sident du Conseil Pr\u00e9sidentiel de Transition, \u00e0 l&rsquo;Assembl\u00e9e g\u00e9n\u00e9rale des Nations Unies a d\u00e9clench\u00e9 une v\u00e9ritable vague d&rsquo;enthousiasme\" \/>\n<meta property=\"og:url\" content=\"https:\/\/velipost.com\/?p=2382\" \/>\n<meta property=\"og:site_name\" content=\"VeliPost\" \/>\n<meta property=\"article:publisher\" content=\"https:\/\/www.facebook.com\/veliposthaiti\" \/>\n<meta property=\"article:published_time\" content=\"2024-09-28T00:11:18+00:00\" \/>\n<meta property=\"article:modified_time\" content=\"2024-09-28T00:11:19+00:00\" \/>\n<meta property=\"og:image\" content=\"https:\/\/velipost.com\/wp-content\/uploads\/2024\/09\/Cover-VP-5.jpg\" \/>\n\t<meta property=\"og:image:width\" content=\"1170\" \/>\n\t<meta property=\"og:image:height\" content=\"603\" \/>\n\t<meta property=\"og:image:type\" content=\"image\/jpeg\" \/>\n<meta name=\"author\" content=\"VeliPost\" \/>\n<meta name=\"twitter:card\" content=\"summary_large_image\" \/>\n<meta name=\"twitter:creator\" content=\"@veliposthaiti\" \/>\n<meta name=\"twitter:site\" content=\"@veliposthaiti\" \/>\n<meta name=\"twitter:label1\" content=\"\u00c9crit par\" \/>\n\t<meta name=\"twitter:data1\" content=\"VeliPost\" \/>\n\t<meta name=\"twitter:label2\" content=\"Dur\u00e9e de lecture estim\u00e9e\" \/>\n\t<meta name=\"twitter:data2\" content=\"3 minutes\" \/>\n<script type=\"application\/ld+json\" class=\"yoast-schema-graph\">{\"@context\":\"https:\/\/schema.org\",\"@graph\":[{\"@type\":\"Article\",\"@id\":\"https:\/\/velipost.com\/?p=2382#article\",\"isPartOf\":{\"@id\":\"https:\/\/velipost.com\/?p=2382\"},\"author\":{\"name\":\"VeliPost\",\"@id\":\"https:\/\/velipost.com\/#\/schema\/person\/32ff49a53c9c1bb24302ee8ece058096\"},\"headline\":\"Les Ha\u00eftiens saluent le discours d&rsquo;Edgard Leblanc \u00e0 l&rsquo;ONU\",\"datePublished\":\"2024-09-28T00:11:18+00:00\",\"dateModified\":\"2024-09-28T00:11:19+00:00\",\"mainEntityOfPage\":{\"@id\":\"https:\/\/velipost.com\/?p=2382\"},\"wordCount\":531,\"commentCount\":0,\"publisher\":{\"@id\":\"https:\/\/velipost.com\/#organization\"},\"image\":{\"@id\":\"https:\/\/velipost.com\/?p=2382#primaryimage\"},\"thumbnailUrl\":\"https:\/\/velipost.com\/wp-content\/uploads\/2024\/09\/Cover-VP-5.jpg\",\"articleSection\":[\"A la Une\"],\"inLanguage\":\"fr-FR\",\"potentialAction\":[{\"@type\":\"CommentAction\",\"name\":\"Comment\",\"target\":[\"https:\/\/velipost.com\/?p=2382#respond\"]}]},{\"@type\":\"WebPage\",\"@id\":\"https:\/\/velipost.com\/?p=2382\",\"url\":\"https:\/\/velipost.com\/?p=2382\",\"name\":\"Les Ha\u00eftiens saluent le discours d'Edgard Leblanc \u00e0 l'ONU &#8211; VeliPost\",\"isPartOf\":{\"@id\":\"https:\/\/velipost.com\/#website\"},\"primaryImageOfPage\":{\"@id\":\"https:\/\/velipost.com\/?p=2382#primaryimage\"},\"image\":{\"@id\":\"https:\/\/velipost.com\/?p=2382#primaryimage\"},\"thumbnailUrl\":\"https:\/\/velipost.com\/wp-content\/uploads\/2024\/09\/Cover-VP-5.jpg\",\"datePublished\":\"2024-09-28T00:11:18+00:00\",\"dateModified\":\"2024-09-28T00:11:19+00:00\",\"breadcrumb\":{\"@id\":\"https:\/\/velipost.com\/?p=2382#breadcrumb\"},\"inLanguage\":\"fr-FR\",\"potentialAction\":[{\"@type\":\"ReadAction\",\"target\":[\"https:\/\/velipost.com\/?p=2382\"]}]},{\"@type\":\"ImageObject\",\"inLanguage\":\"fr-FR\",\"@id\":\"https:\/\/velipost.com\/?p=2382#primaryimage\",\"url\":\"https:\/\/velipost.com\/wp-content\/uploads\/2024\/09\/Cover-VP-5.jpg\",\"contentUrl\":\"https:\/\/velipost.com\/wp-content\/uploads\/2024\/09\/Cover-VP-5.jpg\",\"width\":1170,\"height\":603},{\"@type\":\"BreadcrumbList\",\"@id\":\"https:\/\/velipost.com\/?p=2382#breadcrumb\",\"itemListElement\":[{\"@type\":\"ListItem\",\"position\":1,\"name\":\"Accueil\",\"item\":\"https:\/\/velipost.com\/\"},{\"@type\":\"ListItem\",\"position\":2,\"name\":\"Les Ha\u00eftiens saluent le discours d&#8217;Edgard Leblanc \u00e0 l&#8217;ONU\"}]},{\"@type\":\"WebSite\",\"@id\":\"https:\/\/velipost.com\/#website\",\"url\":\"https:\/\/velipost.com\/\",\"name\":\"VeliPost\",\"description\":\"L\u2019info en un clic\",\"publisher\":{\"@id\":\"https:\/\/velipost.com\/#organization\"},\"potentialAction\":[{\"@type\":\"SearchAction\",\"target\":{\"@type\":\"EntryPoint\",\"urlTemplate\":\"https:\/\/velipost.com\/?s={search_term_string}\"},\"query-input\":{\"@type\":\"PropertyValueSpecification\",\"valueRequired\":true,\"valueName\":\"search_term_string\"}}],\"inLanguage\":\"fr-FR\"},{\"@type\":\"Organization\",\"@id\":\"https:\/\/velipost.com\/#organization\",\"name\":\"VeliPost\",\"url\":\"https:\/\/velipost.com\/\",\"logo\":{\"@type\":\"ImageObject\",\"inLanguage\":\"fr-FR\",\"@id\":\"https:\/\/velipost.com\/#\/schema\/logo\/image\/\",\"url\":\"https:\/\/velipost.com\/wp-content\/uploads\/2024\/08\/cropped-VP-logo-piti.png\",\"contentUrl\":\"https:\/\/velipost.com\/wp-content\/uploads\/2024\/08\/cropped-VP-logo-piti.png\",\"width\":201,\"height\":69,\"caption\":\"VeliPost\"},\"image\":{\"@id\":\"https:\/\/velipost.com\/#\/schema\/logo\/image\/\"},\"sameAs\":[\"https:\/\/www.facebook.com\/veliposthaiti\",\"https:\/\/x.com\/veliposthaiti\",\"https:\/\/www.instagram.com\/veliposthaiti\"]},{\"@type\":\"Person\",\"@id\":\"https:\/\/velipost.com\/#\/schema\/person\/32ff49a53c9c1bb24302ee8ece058096\",\"name\":\"VeliPost\",\"image\":{\"@type\":\"ImageObject\",\"inLanguage\":\"fr-FR\",\"@id\":\"https:\/\/velipost.com\/#\/schema\/person\/image\/\",\"url\":\"https:\/\/secure.gravatar.com\/avatar\/57c226c264de62f794185a89596d4a37b85a5ad20aca30d9d5a478b27d8c8d9d?s=96&d=mm&r=g\",\"contentUrl\":\"https:\/\/secure.gravatar.com\/avatar\/57c226c264de62f794185a89596d4a37b85a5ad20aca30d9d5a478b27d8c8d9d?s=96&d=mm&r=g\",\"caption\":\"VeliPost\"},\"sameAs\":[\"https:\/\/velipost.com\"],\"url\":\"https:\/\/velipost.com\/?author=1\"}]}<\/script>\n<!-- \/ Yoast SEO plugin. -->","yoast_head_json":{"title":"Les Ha\u00eftiens saluent le discours d'Edgard Leblanc \u00e0 l'ONU &#8211; VeliPost","robots":{"index":"index","follow":"follow","max-snippet":"max-snippet:-1","max-image-preview":"max-image-preview:large","max-video-preview":"max-video-preview:-1"},"canonical":"https:\/\/velipost.com\/?p=2382","og_locale":"fr_FR","og_type":"article","og_title":"Les Ha\u00eftiens saluent le discours d'Edgard Leblanc \u00e0 l'ONU &#8211; VeliPost","og_description":"Le discours historique d&rsquo;Edgard Leblanc Fils, pr\u00e9sident du Conseil Pr\u00e9sidentiel de Transition, \u00e0 l&rsquo;Assembl\u00e9e g\u00e9n\u00e9rale des Nations Unies a d\u00e9clench\u00e9 une v\u00e9ritable vague d&rsquo;enthousiasme","og_url":"https:\/\/velipost.com\/?p=2382","og_site_name":"VeliPost","article_publisher":"https:\/\/www.facebook.com\/veliposthaiti","article_published_time":"2024-09-28T00:11:18+00:00","article_modified_time":"2024-09-28T00:11:19+00:00","og_image":[{"width":1170,"height":603,"url":"https:\/\/velipost.com\/wp-content\/uploads\/2024\/09\/Cover-VP-5.jpg","type":"image\/jpeg"}],"author":"VeliPost","twitter_card":"summary_large_image","twitter_creator":"@veliposthaiti","twitter_site":"@veliposthaiti","twitter_misc":{"\u00c9crit par":"VeliPost","Dur\u00e9e de lecture estim\u00e9e":"3 minutes"},"schema":{"@context":"https:\/\/schema.org","@graph":[{"@type":"Article","@id":"https:\/\/velipost.com\/?p=2382#article","isPartOf":{"@id":"https:\/\/velipost.com\/?p=2382"},"author":{"name":"VeliPost","@id":"https:\/\/velipost.com\/#\/schema\/person\/32ff49a53c9c1bb24302ee8ece058096"},"headline":"Les Ha\u00eftiens saluent le discours d&rsquo;Edgard Leblanc \u00e0 l&rsquo;ONU","datePublished":"2024-09-28T00:11:18+00:00","dateModified":"2024-09-28T00:11:19+00:00","mainEntityOfPage":{"@id":"https:\/\/velipost.com\/?p=2382"},"wordCount":531,"commentCount":0,"publisher":{"@id":"https:\/\/velipost.com\/#organization"},"image":{"@id":"https:\/\/velipost.com\/?p=2382#primaryimage"},"thumbnailUrl":"https:\/\/velipost.com\/wp-content\/uploads\/2024\/09\/Cover-VP-5.jpg","articleSection":["A la Une"],"inLanguage":"fr-FR","potentialAction":[{"@type":"CommentAction","name":"Comment","target":["https:\/\/velipost.com\/?p=2382#respond"]}]},{"@type":"WebPage","@id":"https:\/\/velipost.com\/?p=2382","url":"https:\/\/velipost.com\/?p=2382","name":"Les Ha\u00eftiens saluent le discours d'Edgard Leblanc \u00e0 l'ONU &#8211; VeliPost","isPartOf":{"@id":"https:\/\/velipost.com\/#website"},"primaryImageOfPage":{"@id":"https:\/\/velipost.com\/?p=2382#primaryimage"},"image":{"@id":"https:\/\/velipost.com\/?p=2382#primaryimage"},"thumbnailUrl":"https:\/\/velipost.com\/wp-content\/uploads\/2024\/09\/Cover-VP-5.jpg","datePublished":"2024-09-28T00:11:18+00:00","dateModified":"2024-09-28T00:11:19+00:00","breadcrumb":{"@id":"https:\/\/velipost.com\/?p=2382#breadcrumb"},"inLanguage":"fr-FR","potentialAction":[{"@type":"ReadAction","target":["https:\/\/velipost.com\/?p=2382"]}]},{"@type":"ImageObject","inLanguage":"fr-FR","@id":"https:\/\/velipost.com\/?p=2382#primaryimage","url":"https:\/\/velipost.com\/wp-content\/uploads\/2024\/09\/Cover-VP-5.jpg","contentUrl":"https:\/\/velipost.com\/wp-content\/uploads\/2024\/09\/Cover-VP-5.jpg","width":1170,"height":603},{"@type":"BreadcrumbList","@id":"https:\/\/velipost.com\/?p=2382#breadcrumb","itemListElement":[{"@type":"ListItem","position":1,"name":"Accueil","item":"https:\/\/velipost.com\/"},{"@type":"ListItem","position":2,"name":"Les Ha\u00eftiens saluent le discours d&#8217;Edgard Leblanc \u00e0 l&#8217;ONU"}]},{"@type":"WebSite","@id":"https:\/\/velipost.com\/#website","url":"https:\/\/velipost.com\/","name":"VeliPost","description":"L\u2019info en un clic","publisher":{"@id":"https:\/\/velipost.com\/#organization"},"potentialAction":[{"@type":"SearchAction","target":{"@type":"EntryPoint","urlTemplate":"https:\/\/velipost.com\/?s={search_term_string}"},"query-input":{"@type":"PropertyValueSpecification","valueRequired":true,"valueName":"search_term_string"}}],"inLanguage":"fr-FR"},{"@type":"Organization","@id":"https:\/\/velipost.com\/#organization","name":"VeliPost","url":"https:\/\/velipost.com\/","logo":{"@type":"ImageObject","inLanguage":"fr-FR","@id":"https:\/\/velipost.com\/#\/schema\/logo\/image\/","url":"https:\/\/velipost.com\/wp-content\/uploads\/2024\/08\/cropped-VP-logo-piti.png","contentUrl":"https:\/\/velipost.com\/wp-content\/uploads\/2024\/08\/cropped-VP-logo-piti.png","width":201,"height":69,"caption":"VeliPost"},"image":{"@id":"https:\/\/velipost.com\/#\/schema\/logo\/image\/"},"sameAs":["https:\/\/www.facebook.com\/veliposthaiti","https:\/\/x.com\/veliposthaiti","https:\/\/www.instagram.com\/veliposthaiti"]},{"@type":"Person","@id":"https:\/\/velipost.com\/#\/schema\/person\/32ff49a53c9c1bb24302ee8ece058096","name":"VeliPost","image":{"@type":"ImageObject","inLanguage":"fr-FR","@id":"https:\/\/velipost.com\/#\/schema\/person\/image\/","url":"https:\/\/secure.gravatar.com\/avatar\/57c226c264de62f794185a89596d4a37b85a5ad20aca30d9d5a478b27d8c8d9d?s=96&d=mm&r=g","contentUrl":"https:\/\/secure.gravatar.com\/avatar\/57c226c264de62f794185a89596d4a37b85a5ad20aca30d9d5a478b27d8c8d9d?s=96&d=mm&r=g","caption":"VeliPost"},"sameAs":["https:\/\/velipost.com"],"url":"https:\/\/velipost.com\/?author=1"}]}},"views":2,"jetpack_publicize_connections":[],"uagb_featured_image_src":{"full":["https:\/\/velipost.com\/wp-content\/uploads\/2024\/09\/Cover-VP-5.jpg",1170,603,false],"thumbnail":["https:\/\/velipost.com\/wp-content\/uploads\/2024\/09\/Cover-VP-5-150x150.jpg",150,150,true],"medium":["https:\/\/velipost.com\/wp-content\/uploads\/2024\/09\/Cover-VP-5-300x155.jpg",300,155,true],"medium_large":["https:\/\/velipost.com\/wp-content\/uploads\/2024\/09\/Cover-VP-5-768x396.jpg",715,369,true],"large":["https:\/\/velipost.com\/wp-content\/uploads\/2024\/09\/Cover-VP-5-1024x528.jpg",715,369,true],"1536x1536":["https:\/\/velipost.com\/wp-content\/uploads\/2024\/09\/Cover-VP-5.jpg",1170,603,false],"2048x2048":["https:\/\/velipost.com\/wp-content\/uploads\/2024\/09\/Cover-VP-5.jpg",1170,603,false],"colornews-big-slider":["https:\/\/velipost.com\/wp-content\/uploads\/2024\/09\/Cover-VP-5-1070x470.jpg",1070,470,true],"colornews-big-slider-thumb":["https:\/\/velipost.com\/wp-content\/uploads\/2024\/09\/Cover-VP-5-184x109.jpg",184,109,true],"colornews-featured-post-medium":["https:\/\/velipost.com\/wp-content\/uploads\/2024\/09\/Cover-VP-5-345x265.jpg",345,265,true],"colornews-featured-post-small":["https:\/\/velipost.com\/wp-content\/uploads\/2024\/09\/Cover-VP-5-115x73.jpg",115,73,true],"colornews-random-posts":["https:\/\/velipost.com\/wp-content\/uploads\/2024\/09\/Cover-VP-5-215x215.jpg",215,215,true],"colornews-featured-image":["https:\/\/velipost.com\/wp-content\/uploads\/2024\/09\/Cover-VP-5-715x400.jpg",715,400,true],"mailpoet_newsletter_max":["https:\/\/velipost.com\/wp-content\/uploads\/2024\/09\/Cover-VP-5.jpg",1170,603,false]},"uagb_author_info":{"display_name":"VeliPost","author_link":"https:\/\/velipost.com\/?author=1"},"uagb_comment_info":0,"uagb_excerpt":"Le discours historique d&rsquo;Edgard Leblanc Fils, pr\u00e9sident du Conseil Pr\u00e9sidentiel de Transition, \u00e0 l&rsquo;Assembl\u00e9e g\u00e9n\u00e9rale des Nations Unies a d\u00e9clench\u00e9 une v\u00e9ritable vague d&rsquo;enthousiasme","_links":{"self":[{"href":"https:\/\/velipost.com\/index.php?rest_route=\/wp\/v2\/posts\/2382","targetHints":{"allow":["GET"]}}],"collection":[{"href":"https:\/\/velipost.com\/index.php?rest_route=\/wp\/v2\/posts"}],"about":[{"href":"https:\/\/velipost.com\/index.php?rest_route=\/wp\/v2\/types\/post"}],"author":[{"embeddable":true,"href":"https:\/\/velipost.com\/index.php?rest_route=\/wp\/v2\/users\/1"}],"replies":[{"embeddable":true,"href":"https:\/\/velipost.com\/index.php?rest_route=%2Fwp%2Fv2%2Fcomments&post=2382"}],"version-history":[{"count":2,"href":"https:\/\/velipost.com\/index.php?rest_route=\/wp\/v2\/posts\/2382\/revisions"}],"predecessor-version":[{"id":2391,"href":"https:\/\/velipost.com\/index.php?rest_route=\/wp\/v2\/posts\/2382\/revisions\/2391"}],"wp:featuredmedia":[{"embeddable":true,"href":"https:\/\/velipost.com\/index.php?rest_route=\/wp\/v2\/media\/2390"}],"wp:attachment":[{"href":"https:\/\/velipost.com\/index.php?rest_route=%2Fwp%2Fv2%2Fmedia&parent=2382"}],"wp:term":[{"taxonomy":"category","embeddable":true,"href":"https:\/\/velipost.com\/index.php?rest_route=%2Fwp%2Fv2%2Fcategories&post=2382"},{"taxonomy":"post_tag","embeddable":true,"href":"https:\/\/velipost.com\/index.php?rest_route=%2Fwp%2Fv2%2Ftags&post=2382"}],"curies":[{"name":"wp","href":"https:\/\/api.w.org\/{rel}","templated":true}]}}