{"id":2372,"date":"2024-09-27T02:38:16","date_gmt":"2024-09-27T00:38:16","guid":{"rendered":"https:\/\/velipost.com\/?p=2372"},"modified":"2024-09-27T04:38:25","modified_gmt":"2024-09-27T02:38:25","slug":"jean-jacques-dessalines-honore-par-le-senateur-edgard-leblanc-aux-nations-unies","status":"publish","type":"post","link":"https:\/\/velipost.com\/?p=2372","title":{"rendered":"Jean-Jacques Dessalines honor\u00e9 par le Pr\u00e9sident Edgard Leblanc aux Nations Unies"},"content":{"rendered":"\n<p>Lors de son discours poignant \u00e0 la 79e Assembl\u00e9e g\u00e9n\u00e9rale des Nations Unies, le pr\u00e9sident Edgard Leblanc a rendu un vibrant hommage au p\u00e8re fondateur de la nation ha\u00eftienne, Jean-Jacques Dessalines. En \u00e9voquant l&rsquo;h\u00e9ritage de Dessalines, Leblanc a rappel\u00e9 les valeurs de libert\u00e9, de justice et de r\u00e9sistance qui ont fa\u00e7onn\u00e9 Ha\u00efti et continuent d&rsquo;inspirer les luttes contemporaines pour la souverainet\u00e9 et l&rsquo;\u00e9quit\u00e9.<\/p>\n\n\n\n<p>Dans son discours, Leblanc a soulign\u00e9 l&rsquo;importance historique de Dessalines, en affirmant :<\/p>\n\n\n\n<blockquote class=\"wp-block-quote is-layout-flow wp-block-quote-is-layout-flow\">\n<p><em>Le g\u00e9n\u00e9ral Jean-Jacques Dessalines, P\u00e8re Fondateur de notre Patrie, a donn\u00e9 aux droits de l&rsquo;homme leur caract\u00e8re universel. En d&rsquo;autres termes, c&rsquo;est avec le triomphe de la r\u00e9volution ha\u00eftienne de 1804, ayant lanc\u00e9 le processus du d\u00e9mant\u00e8lement de l&rsquo;ordre mondial colonial et esclavagiste, que les droits de l&rsquo;homme ont cess\u00e9 d&rsquo;\u00eatre les droits de l&rsquo;homme blanc pour devenir les droits de tous les hommes et de toutes les femmes, c&rsquo;est \u00e0 dire, les droits de l&rsquo;humanit\u00e9 toute enti\u00e8re.<\/em><\/p>\n<\/blockquote>\n\n\n\n<p>Leblanc a soulign\u00e9 l&rsquo;importance de ne jamais oublier le sacrifice de Dessalines et de ses compagnons, qui ont non seulement conquis l&rsquo;ind\u00e9pendance d&rsquo;Ha\u00efti, mais \u00e9galement marqu\u00e9 l&rsquo;histoire mondiale en abolissant l&rsquo;esclavage. Le pr\u00e9sident a insist\u00e9 sur le fait que l&rsquo;esprit de Dessalines doit guider la qu\u00eate actuelle de justice pour Ha\u00efti, notamment en ce qui concerne les r\u00e9parations pour la dette d&rsquo;ind\u00e9pendance impos\u00e9e par la France, qui a laiss\u00e9 des cicatrices profondes sur le d\u00e9veloppement du pays.<\/p>\n\n\n\n<p>Ce passage fort du discours r\u00e9affirme la contribution essentielle de Dessalines \u00e0 l&rsquo;humanit\u00e9 et la lutte pour l&rsquo;\u00e9mancipation globale. Leblanc a tenu \u00e0 rappeler que la victoire de Dessalines n&rsquo;\u00e9tait pas uniquement celle d&rsquo;Ha\u00efti, mais une avanc\u00e9e historique pour la libert\u00e9 et les droits de l&rsquo;homme au niveau mondial.<\/p>\n\n\n\n<p>En honorant Dessalines, Leblanc a r\u00e9affirm\u00e9 la volont\u00e9 d&rsquo;Ha\u00efti de poursuivre sa lutte pour une pleine souverainet\u00e9, ancr\u00e9e dans les principes de dignit\u00e9 et de justice, valeurs ch\u00e8res au fondateur de la nation.<\/p>\n\n    <div class=\"xs_social_share_widget xs_share_url after_content \t\tmain_content  wslu-style-3 wslu-share-box-shaped wslu-fill-brand-hover-colored wslu-share-m-5 wslu-none wslu-share-horizontal wslu-theme-font-no wslu-main_content\">\n\n\t\t\n        <ul>\n\t\t\t                    <li class=\"xs-share-li twitter                        wslu-no-extra-data\">\n                        <a href=\"javascript:void(0);\"\n                           id=\"xs_feed_twitter\"\n                           onclick=\"xs_social_sharer(this);\"\n                           data-pid=\"2372\"\n                           data-uri_hash=\"fdbda29f0ec0909b17c53a4424989a6f\"\n                           data-key=\"twitter\"\n                           data-xs-href=\"https:\/\/twitter.com\/intent\/tweet?text=Jean-Jacques+Dessalines+honor%C3%A9+par+le+Pr%C3%A9sident+Edgard+Leblanc+aux+Nations+Unies+https%3A%2F%2Fvelipost.com%2Findex.php%3Frest_route%3D%252Fwp%252Fv2%252Fposts%252F2372&amp;original_referer=https%3A%2F%2Fvelipost.com%2Findex.php%3Frest_route%3D%252Fwp%252Fv2%252Fposts%252F2372&amp;related=xpeedstudio\">\n\n                            <div class=\"xs-social-icon\">\n                                <span class=\"met-social met-social-twitter\"><\/span>\n                            <\/div>\n\n\t\t\t\t\t\t\t\n                            <div class=\"wslu-hover-content\">\n                                <div class=\"xs-social-followers\">\n\t\t\t\t\t\t\t\t\t10                                <\/div>\n                                <div class=\"xs-social-follower-text\">\n\t\t\t\t\t\t\t\t\tShare                                <\/div>\n                                <div class=\"xs-social-follower-label\">\n\t\t\t\t\t\t\t\t\tTwitter                                <\/div>\n                            <\/div>\n                        <\/a>\n                    <\/li>\n\t\t\t\t\t                    <li class=\"xs-share-li telegram                        wslu-no-extra-data\">\n                        <a href=\"javascript:void(0);\"\n                           id=\"xs_feed_telegram\"\n                           onclick=\"xs_social_sharer(this);\"\n                           data-pid=\"2372\"\n                           data-uri_hash=\"fdbda29f0ec0909b17c53a4424989a6f\"\n                           data-key=\"telegram\"\n                           data-xs-href=\"https:\/\/telegram.me\/share\/url?url=https%3A%2F%2Fvelipost.com%2Findex.php%3Frest_route%3D%252Fwp%252Fv2%252Fposts%252F2372&amp;text=Jean-Jacques+Dessalines+honor%C3%A9+par+le+Pr%C3%A9sident+Edgard+Leblanc+aux+Nations+Unies\">\n\n                            <div class=\"xs-social-icon\">\n                                <span class=\"met-social met-social-telegram\"><\/span>\n                            <\/div>\n\n\t\t\t\t\t\t\t\n                            <div class=\"wslu-hover-content\">\n                                <div class=\"xs-social-followers\">\n\t\t\t\t\t\t\t\t\t0                                <\/div>\n                                <div class=\"xs-social-follower-text\">\n\t\t\t\t\t\t\t\t\tShare                                <\/div>\n                                <div class=\"xs-social-follower-label\">\n\t\t\t\t\t\t\t\t\tTelegram                                <\/div>\n                            <\/div>\n                        <\/a>\n                    <\/li>\n\t\t\t\t\t                    <li class=\"xs-share-li email                        wslu-no-extra-data\">\n                        <a href=\"javascript:void(0);\"\n                           id=\"xs_feed_email\"\n                           onclick=\"xs_social_sharer(this);\"\n                           data-pid=\"2372\"\n                           data-uri_hash=\"fdbda29f0ec0909b17c53a4424989a6f\"\n                           data-key=\"email\"\n                           data-xs-href=\"mailto:?body=Title%3A+Jean-Jacques+Dessalines+honor%C3%A9+par+le+Pr%C3%A9sident+Edgard+Leblanc+aux+Nations+Unies+%5Cn%5Cn+URL%3A+https%3A%2F%2Fvelipost.com%2Findex.php%3Frest_route%3D%252Fwp%252Fv2%252Fposts%252F2372&amp;subject=Jean-Jacques+Dessalines+honor%C3%A9+par+le+Pr%C3%A9sident+Edgard+Leblanc+aux+Nations+Unies\">\n\n                            <div class=\"xs-social-icon\">\n                                <span class=\"met-social met-social-email\"><\/span>\n                            <\/div>\n\n\t\t\t\t\t\t\t\n                            <div class=\"wslu-hover-content\">\n                                <div class=\"xs-social-followers\">\n\t\t\t\t\t\t\t\t\t0                                <\/div>\n                                <div class=\"xs-social-follower-text\">\n\t\t\t\t\t\t\t\t\tShare                                <\/div>\n                                <div class=\"xs-social-follower-label\">\n\t\t\t\t\t\t\t\t\tEmail                                <\/div>\n                            <\/div>\n                        <\/a>\n                    <\/li>\n\t\t\t\t\t        <\/ul>\n    <\/div> \n","protected":false},"excerpt":{"rendered":"<p>Lors de son discours poignant \u00e0 la 79e Assembl\u00e9e g\u00e9n\u00e9rale des Nations Unies, le pr\u00e9sident Edgard Leblanc a rendu un vibrant hommage au p\u00e8re<\/p>\n","protected":false},"author":1,"featured_media":2373,"comment_status":"open","ping_status":"open","sticky":false,"template":"","format":"standard","meta":{"_uag_custom_page_level_css":"","footnotes":"","jetpack_publicize_message":"","jetpack_publicize_feature_enabled":true,"jetpack_social_post_already_shared":false,"jetpack_social_options":{"image_generator_settings":{"template":"highway","default_image_id":0,"font":"","enabled":false},"version":2}},"categories":[94],"tags":[],"class_list":["post-2372","post","type-post","status-publish","format-standard","has-post-thumbnail","hentry","category-a-la-une"],"yoast_head":"<!-- This site is optimized with the Yoast SEO plugin v25.3.1 - https:\/\/yoast.com\/wordpress\/plugins\/seo\/ -->\n<title>Jean-Jacques Dessalines honor\u00e9 par le Pr\u00e9sident Edgard Leblanc aux Nations Unies &#8211; VeliPost<\/title>\n<meta name=\"robots\" content=\"index, follow, max-snippet:-1, max-image-preview:large, max-video-preview:-1\" \/>\n<link rel=\"canonical\" href=\"https:\/\/velipost.com\/?p=2372\" \/>\n<meta property=\"og:locale\" content=\"fr_FR\" \/>\n<meta property=\"og:type\" content=\"article\" \/>\n<meta property=\"og:title\" content=\"Jean-Jacques Dessalines honor\u00e9 par le Pr\u00e9sident Edgard Leblanc aux Nations Unies &#8211; VeliPost\" \/>\n<meta property=\"og:description\" content=\"Lors de son discours poignant \u00e0 la 79e Assembl\u00e9e g\u00e9n\u00e9rale des Nations Unies, le pr\u00e9sident Edgard Leblanc a rendu un vibrant hommage au p\u00e8re\" \/>\n<meta property=\"og:url\" content=\"https:\/\/velipost.com\/?p=2372\" \/>\n<meta property=\"og:site_name\" content=\"VeliPost\" \/>\n<meta property=\"article:publisher\" content=\"https:\/\/www.facebook.com\/veliposthaiti\" \/>\n<meta property=\"article:published_time\" content=\"2024-09-27T00:38:16+00:00\" \/>\n<meta property=\"article:modified_time\" content=\"2024-09-27T02:38:25+00:00\" \/>\n<meta property=\"og:image\" content=\"https:\/\/velipost.com\/wp-content\/uploads\/2024\/09\/jjd.jpg\" \/>\n\t<meta property=\"og:image:width\" content=\"1170\" \/>\n\t<meta property=\"og:image:height\" content=\"603\" \/>\n\t<meta property=\"og:image:type\" content=\"image\/jpeg\" \/>\n<meta name=\"author\" content=\"VeliPost\" \/>\n<meta name=\"twitter:card\" content=\"summary_large_image\" \/>\n<meta name=\"twitter:creator\" content=\"@veliposthaiti\" \/>\n<meta name=\"twitter:site\" content=\"@veliposthaiti\" \/>\n<meta name=\"twitter:label1\" content=\"\u00c9crit par\" \/>\n\t<meta name=\"twitter:data1\" content=\"VeliPost\" \/>\n\t<meta name=\"twitter:label2\" content=\"Dur\u00e9e de lecture estim\u00e9e\" \/>\n\t<meta name=\"twitter:data2\" content=\"2 minutes\" \/>\n<script type=\"application\/ld+json\" class=\"yoast-schema-graph\">{\"@context\":\"https:\/\/schema.org\",\"@graph\":[{\"@type\":\"Article\",\"@id\":\"https:\/\/velipost.com\/?p=2372#article\",\"isPartOf\":{\"@id\":\"https:\/\/velipost.com\/?p=2372\"},\"author\":{\"name\":\"VeliPost\",\"@id\":\"https:\/\/velipost.com\/#\/schema\/person\/32ff49a53c9c1bb24302ee8ece058096\"},\"headline\":\"Jean-Jacques Dessalines honor\u00e9 par le Pr\u00e9sident Edgard Leblanc aux Nations Unies\",\"datePublished\":\"2024-09-27T00:38:16+00:00\",\"dateModified\":\"2024-09-27T02:38:25+00:00\",\"mainEntityOfPage\":{\"@id\":\"https:\/\/velipost.com\/?p=2372\"},\"wordCount\":380,\"commentCount\":0,\"publisher\":{\"@id\":\"https:\/\/velipost.com\/#organization\"},\"image\":{\"@id\":\"https:\/\/velipost.com\/?p=2372#primaryimage\"},\"thumbnailUrl\":\"https:\/\/velipost.com\/wp-content\/uploads\/2024\/09\/jjd.jpg\",\"articleSection\":[\"A la Une\"],\"inLanguage\":\"fr-FR\",\"potentialAction\":[{\"@type\":\"CommentAction\",\"name\":\"Comment\",\"target\":[\"https:\/\/velipost.com\/?p=2372#respond\"]}]},{\"@type\":\"WebPage\",\"@id\":\"https:\/\/velipost.com\/?p=2372\",\"url\":\"https:\/\/velipost.com\/?p=2372\",\"name\":\"Jean-Jacques Dessalines honor\u00e9 par le Pr\u00e9sident Edgard Leblanc aux Nations Unies &#8211; VeliPost\",\"isPartOf\":{\"@id\":\"https:\/\/velipost.com\/#website\"},\"primaryImageOfPage\":{\"@id\":\"https:\/\/velipost.com\/?p=2372#primaryimage\"},\"image\":{\"@id\":\"https:\/\/velipost.com\/?p=2372#primaryimage\"},\"thumbnailUrl\":\"https:\/\/velipost.com\/wp-content\/uploads\/2024\/09\/jjd.jpg\",\"datePublished\":\"2024-09-27T00:38:16+00:00\",\"dateModified\":\"2024-09-27T02:38:25+00:00\",\"breadcrumb\":{\"@id\":\"https:\/\/velipost.com\/?p=2372#breadcrumb\"},\"inLanguage\":\"fr-FR\",\"potentialAction\":[{\"@type\":\"ReadAction\",\"target\":[\"https:\/\/velipost.com\/?p=2372\"]}]},{\"@type\":\"ImageObject\",\"inLanguage\":\"fr-FR\",\"@id\":\"https:\/\/velipost.com\/?p=2372#primaryimage\",\"url\":\"https:\/\/velipost.com\/wp-content\/uploads\/2024\/09\/jjd.jpg\",\"contentUrl\":\"https:\/\/velipost.com\/wp-content\/uploads\/2024\/09\/jjd.jpg\",\"width\":1170,\"height\":603},{\"@type\":\"BreadcrumbList\",\"@id\":\"https:\/\/velipost.com\/?p=2372#breadcrumb\",\"itemListElement\":[{\"@type\":\"ListItem\",\"position\":1,\"name\":\"Accueil\",\"item\":\"https:\/\/velipost.com\/\"},{\"@type\":\"ListItem\",\"position\":2,\"name\":\"Jean-Jacques Dessalines honor\u00e9 par le Pr\u00e9sident Edgard Leblanc aux Nations Unies\"}]},{\"@type\":\"WebSite\",\"@id\":\"https:\/\/velipost.com\/#website\",\"url\":\"https:\/\/velipost.com\/\",\"name\":\"VeliPost\",\"description\":\"L\u2019info en un clic\",\"publisher\":{\"@id\":\"https:\/\/velipost.com\/#organization\"},\"potentialAction\":[{\"@type\":\"SearchAction\",\"target\":{\"@type\":\"EntryPoint\",\"urlTemplate\":\"https:\/\/velipost.com\/?s={search_term_string}\"},\"query-input\":{\"@type\":\"PropertyValueSpecification\",\"valueRequired\":true,\"valueName\":\"search_term_string\"}}],\"inLanguage\":\"fr-FR\"},{\"@type\":\"Organization\",\"@id\":\"https:\/\/velipost.com\/#organization\",\"name\":\"VeliPost\",\"url\":\"https:\/\/velipost.com\/\",\"logo\":{\"@type\":\"ImageObject\",\"inLanguage\":\"fr-FR\",\"@id\":\"https:\/\/velipost.com\/#\/schema\/logo\/image\/\",\"url\":\"https:\/\/velipost.com\/wp-content\/uploads\/2024\/08\/cropped-VP-logo-piti.png\",\"contentUrl\":\"https:\/\/velipost.com\/wp-content\/uploads\/2024\/08\/cropped-VP-logo-piti.png\",\"width\":201,\"height\":69,\"caption\":\"VeliPost\"},\"image\":{\"@id\":\"https:\/\/velipost.com\/#\/schema\/logo\/image\/\"},\"sameAs\":[\"https:\/\/www.facebook.com\/veliposthaiti\",\"https:\/\/x.com\/veliposthaiti\",\"https:\/\/www.instagram.com\/veliposthaiti\"]},{\"@type\":\"Person\",\"@id\":\"https:\/\/velipost.com\/#\/schema\/person\/32ff49a53c9c1bb24302ee8ece058096\",\"name\":\"VeliPost\",\"image\":{\"@type\":\"ImageObject\",\"inLanguage\":\"fr-FR\",\"@id\":\"https:\/\/velipost.com\/#\/schema\/person\/image\/\",\"url\":\"https:\/\/secure.gravatar.com\/avatar\/57c226c264de62f794185a89596d4a37b85a5ad20aca30d9d5a478b27d8c8d9d?s=96&d=mm&r=g\",\"contentUrl\":\"https:\/\/secure.gravatar.com\/avatar\/57c226c264de62f794185a89596d4a37b85a5ad20aca30d9d5a478b27d8c8d9d?s=96&d=mm&r=g\",\"caption\":\"VeliPost\"},\"sameAs\":[\"https:\/\/velipost.com\"],\"url\":\"https:\/\/velipost.com\/?author=1\"}]}<\/script>\n<!-- \/ Yoast SEO plugin. -->","yoast_head_json":{"title":"Jean-Jacques Dessalines honor\u00e9 par le Pr\u00e9sident Edgard Leblanc aux Nations Unies &#8211; VeliPost","robots":{"index":"index","follow":"follow","max-snippet":"max-snippet:-1","max-image-preview":"max-image-preview:large","max-video-preview":"max-video-preview:-1"},"canonical":"https:\/\/velipost.com\/?p=2372","og_locale":"fr_FR","og_type":"article","og_title":"Jean-Jacques Dessalines honor\u00e9 par le Pr\u00e9sident Edgard Leblanc aux Nations Unies &#8211; VeliPost","og_description":"Lors de son discours poignant \u00e0 la 79e Assembl\u00e9e g\u00e9n\u00e9rale des Nations Unies, le pr\u00e9sident Edgard Leblanc a rendu un vibrant hommage au p\u00e8re","og_url":"https:\/\/velipost.com\/?p=2372","og_site_name":"VeliPost","article_publisher":"https:\/\/www.facebook.com\/veliposthaiti","article_published_time":"2024-09-27T00:38:16+00:00","article_modified_time":"2024-09-27T02:38:25+00:00","og_image":[{"width":1170,"height":603,"url":"https:\/\/velipost.com\/wp-content\/uploads\/2024\/09\/jjd.jpg","type":"image\/jpeg"}],"author":"VeliPost","twitter_card":"summary_large_image","twitter_creator":"@veliposthaiti","twitter_site":"@veliposthaiti","twitter_misc":{"\u00c9crit par":"VeliPost","Dur\u00e9e de lecture estim\u00e9e":"2 minutes"},"schema":{"@context":"https:\/\/schema.org","@graph":[{"@type":"Article","@id":"https:\/\/velipost.com\/?p=2372#article","isPartOf":{"@id":"https:\/\/velipost.com\/?p=2372"},"author":{"name":"VeliPost","@id":"https:\/\/velipost.com\/#\/schema\/person\/32ff49a53c9c1bb24302ee8ece058096"},"headline":"Jean-Jacques Dessalines honor\u00e9 par le Pr\u00e9sident Edgard Leblanc aux Nations Unies","datePublished":"2024-09-27T00:38:16+00:00","dateModified":"2024-09-27T02:38:25+00:00","mainEntityOfPage":{"@id":"https:\/\/velipost.com\/?p=2372"},"wordCount":380,"commentCount":0,"publisher":{"@id":"https:\/\/velipost.com\/#organization"},"image":{"@id":"https:\/\/velipost.com\/?p=2372#primaryimage"},"thumbnailUrl":"https:\/\/velipost.com\/wp-content\/uploads\/2024\/09\/jjd.jpg","articleSection":["A la Une"],"inLanguage":"fr-FR","potentialAction":[{"@type":"CommentAction","name":"Comment","target":["https:\/\/velipost.com\/?p=2372#respond"]}]},{"@type":"WebPage","@id":"https:\/\/velipost.com\/?p=2372","url":"https:\/\/velipost.com\/?p=2372","name":"Jean-Jacques Dessalines honor\u00e9 par le Pr\u00e9sident Edgard Leblanc aux Nations Unies &#8211; VeliPost","isPartOf":{"@id":"https:\/\/velipost.com\/#website"},"primaryImageOfPage":{"@id":"https:\/\/velipost.com\/?p=2372#primaryimage"},"image":{"@id":"https:\/\/velipost.com\/?p=2372#primaryimage"},"thumbnailUrl":"https:\/\/velipost.com\/wp-content\/uploads\/2024\/09\/jjd.jpg","datePublished":"2024-09-27T00:38:16+00:00","dateModified":"2024-09-27T02:38:25+00:00","breadcrumb":{"@id":"https:\/\/velipost.com\/?p=2372#breadcrumb"},"inLanguage":"fr-FR","potentialAction":[{"@type":"ReadAction","target":["https:\/\/velipost.com\/?p=2372"]}]},{"@type":"ImageObject","inLanguage":"fr-FR","@id":"https:\/\/velipost.com\/?p=2372#primaryimage","url":"https:\/\/velipost.com\/wp-content\/uploads\/2024\/09\/jjd.jpg","contentUrl":"https:\/\/velipost.com\/wp-content\/uploads\/2024\/09\/jjd.jpg","width":1170,"height":603},{"@type":"BreadcrumbList","@id":"https:\/\/velipost.com\/?p=2372#breadcrumb","itemListElement":[{"@type":"ListItem","position":1,"name":"Accueil","item":"https:\/\/velipost.com\/"},{"@type":"ListItem","position":2,"name":"Jean-Jacques Dessalines honor\u00e9 par le Pr\u00e9sident Edgard Leblanc aux Nations Unies"}]},{"@type":"WebSite","@id":"https:\/\/velipost.com\/#website","url":"https:\/\/velipost.com\/","name":"VeliPost","description":"L\u2019info en un clic","publisher":{"@id":"https:\/\/velipost.com\/#organization"},"potentialAction":[{"@type":"SearchAction","target":{"@type":"EntryPoint","urlTemplate":"https:\/\/velipost.com\/?s={search_term_string}"},"query-input":{"@type":"PropertyValueSpecification","valueRequired":true,"valueName":"search_term_string"}}],"inLanguage":"fr-FR"},{"@type":"Organization","@id":"https:\/\/velipost.com\/#organization","name":"VeliPost","url":"https:\/\/velipost.com\/","logo":{"@type":"ImageObject","inLanguage":"fr-FR","@id":"https:\/\/velipost.com\/#\/schema\/logo\/image\/","url":"https:\/\/velipost.com\/wp-content\/uploads\/2024\/08\/cropped-VP-logo-piti.png","contentUrl":"https:\/\/velipost.com\/wp-content\/uploads\/2024\/08\/cropped-VP-logo-piti.png","width":201,"height":69,"caption":"VeliPost"},"image":{"@id":"https:\/\/velipost.com\/#\/schema\/logo\/image\/"},"sameAs":["https:\/\/www.facebook.com\/veliposthaiti","https:\/\/x.com\/veliposthaiti","https:\/\/www.instagram.com\/veliposthaiti"]},{"@type":"Person","@id":"https:\/\/velipost.com\/#\/schema\/person\/32ff49a53c9c1bb24302ee8ece058096","name":"VeliPost","image":{"@type":"ImageObject","inLanguage":"fr-FR","@id":"https:\/\/velipost.com\/#\/schema\/person\/image\/","url":"https:\/\/secure.gravatar.com\/avatar\/57c226c264de62f794185a89596d4a37b85a5ad20aca30d9d5a478b27d8c8d9d?s=96&d=mm&r=g","contentUrl":"https:\/\/secure.gravatar.com\/avatar\/57c226c264de62f794185a89596d4a37b85a5ad20aca30d9d5a478b27d8c8d9d?s=96&d=mm&r=g","caption":"VeliPost"},"sameAs":["https:\/\/velipost.com"],"url":"https:\/\/velipost.com\/?author=1"}]}},"views":2,"jetpack_publicize_connections":[],"uagb_featured_image_src":{"full":["https:\/\/velipost.com\/wp-content\/uploads\/2024\/09\/jjd.jpg",1170,603,false],"thumbnail":["https:\/\/velipost.com\/wp-content\/uploads\/2024\/09\/jjd-150x150.jpg",150,150,true],"medium":["https:\/\/velipost.com\/wp-content\/uploads\/2024\/09\/jjd-300x155.jpg",300,155,true],"medium_large":["https:\/\/velipost.com\/wp-content\/uploads\/2024\/09\/jjd-768x396.jpg",715,369,true],"large":["https:\/\/velipost.com\/wp-content\/uploads\/2024\/09\/jjd-1024x528.jpg",715,369,true],"1536x1536":["https:\/\/velipost.com\/wp-content\/uploads\/2024\/09\/jjd.jpg",1170,603,false],"2048x2048":["https:\/\/velipost.com\/wp-content\/uploads\/2024\/09\/jjd.jpg",1170,603,false],"colornews-big-slider":["https:\/\/velipost.com\/wp-content\/uploads\/2024\/09\/jjd-1070x470.jpg",1070,470,true],"colornews-big-slider-thumb":["https:\/\/velipost.com\/wp-content\/uploads\/2024\/09\/jjd-184x109.jpg",184,109,true],"colornews-featured-post-medium":["https:\/\/velipost.com\/wp-content\/uploads\/2024\/09\/jjd-345x265.jpg",345,265,true],"colornews-featured-post-small":["https:\/\/velipost.com\/wp-content\/uploads\/2024\/09\/jjd-115x73.jpg",115,73,true],"colornews-random-posts":["https:\/\/velipost.com\/wp-content\/uploads\/2024\/09\/jjd-215x215.jpg",215,215,true],"colornews-featured-image":["https:\/\/velipost.com\/wp-content\/uploads\/2024\/09\/jjd-715x400.jpg",715,400,true],"mailpoet_newsletter_max":["https:\/\/velipost.com\/wp-content\/uploads\/2024\/09\/jjd.jpg",1170,603,false]},"uagb_author_info":{"display_name":"VeliPost","author_link":"https:\/\/velipost.com\/?author=1"},"uagb_comment_info":0,"uagb_excerpt":"Lors de son discours poignant \u00e0 la 79e Assembl\u00e9e g\u00e9n\u00e9rale des Nations Unies, le pr\u00e9sident Edgard Leblanc a rendu un vibrant hommage au p\u00e8re","_links":{"self":[{"href":"https:\/\/velipost.com\/index.php?rest_route=\/wp\/v2\/posts\/2372","targetHints":{"allow":["GET"]}}],"collection":[{"href":"https:\/\/velipost.com\/index.php?rest_route=\/wp\/v2\/posts"}],"about":[{"href":"https:\/\/velipost.com\/index.php?rest_route=\/wp\/v2\/types\/post"}],"author":[{"embeddable":true,"href":"https:\/\/velipost.com\/index.php?rest_route=\/wp\/v2\/users\/1"}],"replies":[{"embeddable":true,"href":"https:\/\/velipost.com\/index.php?rest_route=%2Fwp%2Fv2%2Fcomments&post=2372"}],"version-history":[{"count":2,"href":"https:\/\/velipost.com\/index.php?rest_route=\/wp\/v2\/posts\/2372\/revisions"}],"predecessor-version":[{"id":2380,"href":"https:\/\/velipost.com\/index.php?rest_route=\/wp\/v2\/posts\/2372\/revisions\/2380"}],"wp:featuredmedia":[{"embeddable":true,"href":"https:\/\/velipost.com\/index.php?rest_route=\/wp\/v2\/media\/2373"}],"wp:attachment":[{"href":"https:\/\/velipost.com\/index.php?rest_route=%2Fwp%2Fv2%2Fmedia&parent=2372"}],"wp:term":[{"taxonomy":"category","embeddable":true,"href":"https:\/\/velipost.com\/index.php?rest_route=%2Fwp%2Fv2%2Fcategories&post=2372"},{"taxonomy":"post_tag","embeddable":true,"href":"https:\/\/velipost.com\/index.php?rest_route=%2Fwp%2Fv2%2Ftags&post=2372"}],"curies":[{"name":"wp","href":"https:\/\/api.w.org\/{rel}","templated":true}]}}