{"id":2350,"date":"2024-09-25T19:49:13","date_gmt":"2024-09-25T17:49:13","guid":{"rendered":"https:\/\/velipost.com\/?p=2350"},"modified":"2024-09-25T19:49:14","modified_gmt":"2024-09-25T17:49:14","slug":"garry-conille-plaide-pour-haiti-au-panel-des-objectifs-de-developpement-durable-a-lonu","status":"publish","type":"post","link":"https:\/\/velipost.com\/?p=2350","title":{"rendered":"Garry Conille plaide pour Ha\u00efti au panel des Objectifs de D\u00e9veloppement Durable \u00e0 l&rsquo;ONU"},"content":{"rendered":"\n<p>Le Premier ministre ha\u00eftien, Garry Conille, a particip\u00e9 \u00e0 un important panel sur les Objectifs de D\u00e9veloppement Durable (ODD) lors du Sommet des Nations Unies sur les ODD, en marge de la 79e Assembl\u00e9e g\u00e9n\u00e9rale \u00e0 New York. Aux c\u00f4t\u00e9s de dirigeants mondiaux comme le secr\u00e9taire g\u00e9n\u00e9ral de l\u2019ONU Ant\u00f3nio Guterres et la vice-secr\u00e9taire g\u00e9n\u00e9rale Amina Mohammed, Conille a profit\u00e9 de cette tribune pour rappeler l&rsquo;importance cruciale de ces objectifs pour Ha\u00efti.<\/p>\n\n\n\n<p>Durant son intervention, le Premier ministre a plaid\u00e9 pour que Ha\u00efti ne soit pas oubli\u00e9e dans l\u2019engagement global pris en 2015 par la communaut\u00e9 internationale \u00e0 travers les ODD. Il a soulign\u00e9 que pour des millions d\u2019Ha\u00eftiens, ces objectifs repr\u00e9sentent une promesse d\u2019un avenir meilleur, mais que leur r\u00e9alisation passe par la restauration de la s\u00e9curit\u00e9, l&rsquo;am\u00e9lioration des conditions de vie des plus vuln\u00e9rables, l&rsquo;organisation d&rsquo;\u00e9lections libres et la relance de l\u2019\u00e9conomie.<\/p>\n\n\n\n<p>Garry Conille a insist\u00e9 sur le fait que la crise s\u00e9curitaire en Ha\u00efti est un obstacle majeur \u00e0 la mise en \u0153uvre des ODD dans le pays. Selon lui, sans une paix durable et une stabilit\u00e9 institutionnelle, les efforts pour atteindre ces objectifs seront vains. Il a \u00e9galement mentionn\u00e9 que des r\u00e9formes profondes sont n\u00e9cessaires pour renforcer les institutions d\u00e9mocratiques ha\u00eftiennes et am\u00e9liorer la gouvernance.<\/p>\n\n\n\n<p>Le Premier ministre a \u00e9galement appel\u00e9 la communaut\u00e9 internationale \u00e0 redoubler d\u2019efforts pour soutenir Ha\u00efti dans cette voie, notamment en fournissant des ressources financi\u00e8res et un accompagnement technique pour les programmes li\u00e9s aux ODD. En particulier, il a plaid\u00e9 pour des investissements dans les secteurs de la s\u00e9curit\u00e9, de l&rsquo;\u00e9ducation, de la sant\u00e9 et de l&rsquo;agriculture, afin de r\u00e9pondre aux besoins pressants des Ha\u00eftiens et de pr\u00e9parer un avenir plus durable pour le pays.<\/p>\n\n\n\n<p>Cette intervention s&rsquo;inscrit dans une s\u00e9rie d&rsquo;initiatives diplomatiques men\u00e9es par Garry Conille en marge de l&rsquo;Assembl\u00e9e g\u00e9n\u00e9rale de l&rsquo;ONU, o\u00f9 il a \u00e9galement rencontr\u00e9 des hauts responsables de l&rsquo;UNESCO et de l&rsquo;ONU pour discuter de la coop\u00e9ration internationale et du soutien \u00e0 Ha\u00efti. Le message du Premier ministre est clair : Ha\u00efti a besoin de solidarit\u00e9 internationale pour r\u00e9ussir \u00e0 atteindre les objectifs fix\u00e9s par les ODD et surmonter les nombreux d\u00e9fis auxquels le pays est confront\u00e9.<\/p>\n\n\n\n<p>En conclusion, Garry Conille a r\u00e9affirm\u00e9 l\u2019engagement de son gouvernement \u00e0 faire tout ce qui est en son pouvoir pour avancer sur le chemin du d\u00e9veloppement durable, mais il a averti que le succ\u00e8s d\u00e9pendra grandement du soutien de la communaut\u00e9 internationale.<\/p>\n\n    <div class=\"xs_social_share_widget xs_share_url after_content \t\tmain_content  wslu-style-3 wslu-share-box-shaped wslu-fill-brand-hover-colored wslu-share-m-5 wslu-none wslu-share-horizontal wslu-theme-font-no wslu-main_content\">\n\n\t\t\n        <ul>\n\t\t\t                    <li class=\"xs-share-li twitter                        wslu-no-extra-data\">\n                        <a href=\"javascript:void(0);\"\n                           id=\"xs_feed_twitter\"\n                           onclick=\"xs_social_sharer(this);\"\n                           data-pid=\"2350\"\n                           data-uri_hash=\"88c3b246cd12df1f388654b9f92eafa8\"\n                           data-key=\"twitter\"\n                           data-xs-href=\"https:\/\/twitter.com\/intent\/tweet?text=Garry+Conille+plaide+pour+Ha%C3%AFti+au+panel+des+Objectifs+de+D%C3%A9veloppement+Durable+%C3%A0+l%26rsquo%3BONU+https%3A%2F%2Fvelipost.com%2Findex.php%3Frest_route%3D%252Fwp%252Fv2%252Fposts%252F2350&amp;original_referer=https%3A%2F%2Fvelipost.com%2Findex.php%3Frest_route%3D%252Fwp%252Fv2%252Fposts%252F2350&amp;related=xpeedstudio\">\n\n                            <div class=\"xs-social-icon\">\n                                <span class=\"met-social met-social-twitter\"><\/span>\n                            <\/div>\n\n\t\t\t\t\t\t\t\n                            <div class=\"wslu-hover-content\">\n                                <div class=\"xs-social-followers\">\n\t\t\t\t\t\t\t\t\t10                                <\/div>\n                                <div class=\"xs-social-follower-text\">\n\t\t\t\t\t\t\t\t\tShare                                <\/div>\n                                <div class=\"xs-social-follower-label\">\n\t\t\t\t\t\t\t\t\tTwitter                                <\/div>\n                            <\/div>\n                        <\/a>\n                    <\/li>\n\t\t\t\t\t                    <li class=\"xs-share-li telegram                        wslu-no-extra-data\">\n                        <a href=\"javascript:void(0);\"\n                           id=\"xs_feed_telegram\"\n                           onclick=\"xs_social_sharer(this);\"\n                           data-pid=\"2350\"\n                           data-uri_hash=\"88c3b246cd12df1f388654b9f92eafa8\"\n                           data-key=\"telegram\"\n                           data-xs-href=\"https:\/\/telegram.me\/share\/url?url=https%3A%2F%2Fvelipost.com%2Findex.php%3Frest_route%3D%252Fwp%252Fv2%252Fposts%252F2350&amp;text=Garry+Conille+plaide+pour+Ha%C3%AFti+au+panel+des+Objectifs+de+D%C3%A9veloppement+Durable+%C3%A0+l%26rsquo%3BONU\">\n\n                            <div class=\"xs-social-icon\">\n                                <span class=\"met-social met-social-telegram\"><\/span>\n                            <\/div>\n\n\t\t\t\t\t\t\t\n                            <div class=\"wslu-hover-content\">\n                                <div class=\"xs-social-followers\">\n\t\t\t\t\t\t\t\t\t0                                <\/div>\n                                <div class=\"xs-social-follower-text\">\n\t\t\t\t\t\t\t\t\tShare                                <\/div>\n                                <div class=\"xs-social-follower-label\">\n\t\t\t\t\t\t\t\t\tTelegram                                <\/div>\n                            <\/div>\n                        <\/a>\n                    <\/li>\n\t\t\t\t\t                    <li class=\"xs-share-li email                        wslu-no-extra-data\">\n                        <a href=\"javascript:void(0);\"\n                           id=\"xs_feed_email\"\n                           onclick=\"xs_social_sharer(this);\"\n                           data-pid=\"2350\"\n                           data-uri_hash=\"88c3b246cd12df1f388654b9f92eafa8\"\n                           data-key=\"email\"\n                           data-xs-href=\"mailto:?body=Title%3A+Garry+Conille+plaide+pour+Ha%C3%AFti+au+panel+des+Objectifs+de+D%C3%A9veloppement+Durable+%C3%A0+l%26rsquo%3BONU+%5Cn%5Cn+URL%3A+https%3A%2F%2Fvelipost.com%2Findex.php%3Frest_route%3D%252Fwp%252Fv2%252Fposts%252F2350&amp;subject=Garry+Conille+plaide+pour+Ha%C3%AFti+au+panel+des+Objectifs+de+D%C3%A9veloppement+Durable+%C3%A0+l%26rsquo%3BONU\">\n\n                            <div class=\"xs-social-icon\">\n                                <span class=\"met-social met-social-email\"><\/span>\n                            <\/div>\n\n\t\t\t\t\t\t\t\n                            <div class=\"wslu-hover-content\">\n                                <div class=\"xs-social-followers\">\n\t\t\t\t\t\t\t\t\t0                                <\/div>\n                                <div class=\"xs-social-follower-text\">\n\t\t\t\t\t\t\t\t\tShare                                <\/div>\n                                <div class=\"xs-social-follower-label\">\n\t\t\t\t\t\t\t\t\tEmail                                <\/div>\n                            <\/div>\n                        <\/a>\n                    <\/li>\n\t\t\t\t\t        <\/ul>\n    <\/div> \n","protected":false},"excerpt":{"rendered":"<p>Le Premier ministre ha\u00eftien, Garry Conille, a particip\u00e9 \u00e0 un important panel sur les Objectifs de D\u00e9veloppement Durable (ODD) lors du Sommet des Nations<\/p>\n","protected":false},"author":1,"featured_media":2351,"comment_status":"open","ping_status":"open","sticky":false,"template":"","format":"standard","meta":{"_uag_custom_page_level_css":"","footnotes":"","jetpack_publicize_message":"","jetpack_publicize_feature_enabled":true,"jetpack_social_post_already_shared":false,"jetpack_social_options":{"image_generator_settings":{"template":"highway","default_image_id":0,"font":"","enabled":false},"version":2}},"categories":[100],"tags":[],"class_list":["post-2350","post","type-post","status-publish","format-standard","has-post-thumbnail","hentry","category-environnement"],"yoast_head":"<!-- This site is optimized with the Yoast SEO plugin v25.3.1 - https:\/\/yoast.com\/wordpress\/plugins\/seo\/ -->\n<title>Garry Conille plaide pour Ha\u00efti au panel des Objectifs de D\u00e9veloppement Durable \u00e0 l&#039;ONU &#8211; VeliPost<\/title>\n<meta name=\"robots\" content=\"index, follow, max-snippet:-1, max-image-preview:large, max-video-preview:-1\" \/>\n<link rel=\"canonical\" href=\"https:\/\/velipost.com\/?p=2350\" \/>\n<meta property=\"og:locale\" content=\"fr_FR\" \/>\n<meta property=\"og:type\" content=\"article\" \/>\n<meta property=\"og:title\" content=\"Garry Conille plaide pour Ha\u00efti au panel des Objectifs de D\u00e9veloppement Durable \u00e0 l&#039;ONU &#8211; VeliPost\" \/>\n<meta property=\"og:description\" content=\"Le Premier ministre ha\u00eftien, Garry Conille, a particip\u00e9 \u00e0 un important panel sur les Objectifs de D\u00e9veloppement Durable (ODD) lors du Sommet des Nations\" \/>\n<meta property=\"og:url\" content=\"https:\/\/velipost.com\/?p=2350\" \/>\n<meta property=\"og:site_name\" content=\"VeliPost\" \/>\n<meta property=\"article:publisher\" content=\"https:\/\/www.facebook.com\/veliposthaiti\" \/>\n<meta property=\"article:published_time\" content=\"2024-09-25T17:49:13+00:00\" \/>\n<meta property=\"article:modified_time\" content=\"2024-09-25T17:49:14+00:00\" \/>\n<meta property=\"og:image\" content=\"https:\/\/velipost.com\/wp-content\/uploads\/2024\/09\/Conille-ODD.jpg\" \/>\n\t<meta property=\"og:image:width\" content=\"1170\" \/>\n\t<meta property=\"og:image:height\" content=\"603\" \/>\n\t<meta property=\"og:image:type\" content=\"image\/jpeg\" \/>\n<meta name=\"author\" content=\"VeliPost\" \/>\n<meta name=\"twitter:card\" content=\"summary_large_image\" \/>\n<meta name=\"twitter:creator\" content=\"@veliposthaiti\" \/>\n<meta name=\"twitter:site\" content=\"@veliposthaiti\" \/>\n<meta name=\"twitter:label1\" content=\"\u00c9crit par\" \/>\n\t<meta name=\"twitter:data1\" content=\"VeliPost\" \/>\n\t<meta name=\"twitter:label2\" content=\"Dur\u00e9e de lecture estim\u00e9e\" \/>\n\t<meta name=\"twitter:data2\" content=\"3 minutes\" \/>\n<script type=\"application\/ld+json\" class=\"yoast-schema-graph\">{\"@context\":\"https:\/\/schema.org\",\"@graph\":[{\"@type\":\"Article\",\"@id\":\"https:\/\/velipost.com\/?p=2350#article\",\"isPartOf\":{\"@id\":\"https:\/\/velipost.com\/?p=2350\"},\"author\":{\"name\":\"VeliPost\",\"@id\":\"https:\/\/velipost.com\/#\/schema\/person\/32ff49a53c9c1bb24302ee8ece058096\"},\"headline\":\"Garry Conille plaide pour Ha\u00efti au panel des Objectifs de D\u00e9veloppement Durable \u00e0 l&rsquo;ONU\",\"datePublished\":\"2024-09-25T17:49:13+00:00\",\"dateModified\":\"2024-09-25T17:49:14+00:00\",\"mainEntityOfPage\":{\"@id\":\"https:\/\/velipost.com\/?p=2350\"},\"wordCount\":479,\"commentCount\":0,\"publisher\":{\"@id\":\"https:\/\/velipost.com\/#organization\"},\"image\":{\"@id\":\"https:\/\/velipost.com\/?p=2350#primaryimage\"},\"thumbnailUrl\":\"https:\/\/velipost.com\/wp-content\/uploads\/2024\/09\/Conille-ODD.jpg\",\"articleSection\":[\"Environnement\"],\"inLanguage\":\"fr-FR\",\"potentialAction\":[{\"@type\":\"CommentAction\",\"name\":\"Comment\",\"target\":[\"https:\/\/velipost.com\/?p=2350#respond\"]}]},{\"@type\":\"WebPage\",\"@id\":\"https:\/\/velipost.com\/?p=2350\",\"url\":\"https:\/\/velipost.com\/?p=2350\",\"name\":\"Garry Conille plaide pour Ha\u00efti au panel des Objectifs de D\u00e9veloppement Durable \u00e0 l'ONU &#8211; VeliPost\",\"isPartOf\":{\"@id\":\"https:\/\/velipost.com\/#website\"},\"primaryImageOfPage\":{\"@id\":\"https:\/\/velipost.com\/?p=2350#primaryimage\"},\"image\":{\"@id\":\"https:\/\/velipost.com\/?p=2350#primaryimage\"},\"thumbnailUrl\":\"https:\/\/velipost.com\/wp-content\/uploads\/2024\/09\/Conille-ODD.jpg\",\"datePublished\":\"2024-09-25T17:49:13+00:00\",\"dateModified\":\"2024-09-25T17:49:14+00:00\",\"breadcrumb\":{\"@id\":\"https:\/\/velipost.com\/?p=2350#breadcrumb\"},\"inLanguage\":\"fr-FR\",\"potentialAction\":[{\"@type\":\"ReadAction\",\"target\":[\"https:\/\/velipost.com\/?p=2350\"]}]},{\"@type\":\"ImageObject\",\"inLanguage\":\"fr-FR\",\"@id\":\"https:\/\/velipost.com\/?p=2350#primaryimage\",\"url\":\"https:\/\/velipost.com\/wp-content\/uploads\/2024\/09\/Conille-ODD.jpg\",\"contentUrl\":\"https:\/\/velipost.com\/wp-content\/uploads\/2024\/09\/Conille-ODD.jpg\",\"width\":1170,\"height\":603},{\"@type\":\"BreadcrumbList\",\"@id\":\"https:\/\/velipost.com\/?p=2350#breadcrumb\",\"itemListElement\":[{\"@type\":\"ListItem\",\"position\":1,\"name\":\"Accueil\",\"item\":\"https:\/\/velipost.com\/\"},{\"@type\":\"ListItem\",\"position\":2,\"name\":\"Garry Conille plaide pour Ha\u00efti au panel des Objectifs de D\u00e9veloppement Durable \u00e0 l&#8217;ONU\"}]},{\"@type\":\"WebSite\",\"@id\":\"https:\/\/velipost.com\/#website\",\"url\":\"https:\/\/velipost.com\/\",\"name\":\"VeliPost\",\"description\":\"L\u2019info en un clic\",\"publisher\":{\"@id\":\"https:\/\/velipost.com\/#organization\"},\"potentialAction\":[{\"@type\":\"SearchAction\",\"target\":{\"@type\":\"EntryPoint\",\"urlTemplate\":\"https:\/\/velipost.com\/?s={search_term_string}\"},\"query-input\":{\"@type\":\"PropertyValueSpecification\",\"valueRequired\":true,\"valueName\":\"search_term_string\"}}],\"inLanguage\":\"fr-FR\"},{\"@type\":\"Organization\",\"@id\":\"https:\/\/velipost.com\/#organization\",\"name\":\"VeliPost\",\"url\":\"https:\/\/velipost.com\/\",\"logo\":{\"@type\":\"ImageObject\",\"inLanguage\":\"fr-FR\",\"@id\":\"https:\/\/velipost.com\/#\/schema\/logo\/image\/\",\"url\":\"https:\/\/velipost.com\/wp-content\/uploads\/2024\/08\/cropped-VP-logo-piti.png\",\"contentUrl\":\"https:\/\/velipost.com\/wp-content\/uploads\/2024\/08\/cropped-VP-logo-piti.png\",\"width\":201,\"height\":69,\"caption\":\"VeliPost\"},\"image\":{\"@id\":\"https:\/\/velipost.com\/#\/schema\/logo\/image\/\"},\"sameAs\":[\"https:\/\/www.facebook.com\/veliposthaiti\",\"https:\/\/x.com\/veliposthaiti\",\"https:\/\/www.instagram.com\/veliposthaiti\"]},{\"@type\":\"Person\",\"@id\":\"https:\/\/velipost.com\/#\/schema\/person\/32ff49a53c9c1bb24302ee8ece058096\",\"name\":\"VeliPost\",\"image\":{\"@type\":\"ImageObject\",\"inLanguage\":\"fr-FR\",\"@id\":\"https:\/\/velipost.com\/#\/schema\/person\/image\/\",\"url\":\"https:\/\/secure.gravatar.com\/avatar\/57c226c264de62f794185a89596d4a37b85a5ad20aca30d9d5a478b27d8c8d9d?s=96&d=mm&r=g\",\"contentUrl\":\"https:\/\/secure.gravatar.com\/avatar\/57c226c264de62f794185a89596d4a37b85a5ad20aca30d9d5a478b27d8c8d9d?s=96&d=mm&r=g\",\"caption\":\"VeliPost\"},\"sameAs\":[\"https:\/\/velipost.com\"],\"url\":\"https:\/\/velipost.com\/?author=1\"}]}<\/script>\n<!-- \/ Yoast SEO plugin. -->","yoast_head_json":{"title":"Garry Conille plaide pour Ha\u00efti au panel des Objectifs de D\u00e9veloppement Durable \u00e0 l'ONU &#8211; VeliPost","robots":{"index":"index","follow":"follow","max-snippet":"max-snippet:-1","max-image-preview":"max-image-preview:large","max-video-preview":"max-video-preview:-1"},"canonical":"https:\/\/velipost.com\/?p=2350","og_locale":"fr_FR","og_type":"article","og_title":"Garry Conille plaide pour Ha\u00efti au panel des Objectifs de D\u00e9veloppement Durable \u00e0 l'ONU &#8211; VeliPost","og_description":"Le Premier ministre ha\u00eftien, Garry Conille, a particip\u00e9 \u00e0 un important panel sur les Objectifs de D\u00e9veloppement Durable (ODD) lors du Sommet des Nations","og_url":"https:\/\/velipost.com\/?p=2350","og_site_name":"VeliPost","article_publisher":"https:\/\/www.facebook.com\/veliposthaiti","article_published_time":"2024-09-25T17:49:13+00:00","article_modified_time":"2024-09-25T17:49:14+00:00","og_image":[{"width":1170,"height":603,"url":"https:\/\/velipost.com\/wp-content\/uploads\/2024\/09\/Conille-ODD.jpg","type":"image\/jpeg"}],"author":"VeliPost","twitter_card":"summary_large_image","twitter_creator":"@veliposthaiti","twitter_site":"@veliposthaiti","twitter_misc":{"\u00c9crit par":"VeliPost","Dur\u00e9e de lecture estim\u00e9e":"3 minutes"},"schema":{"@context":"https:\/\/schema.org","@graph":[{"@type":"Article","@id":"https:\/\/velipost.com\/?p=2350#article","isPartOf":{"@id":"https:\/\/velipost.com\/?p=2350"},"author":{"name":"VeliPost","@id":"https:\/\/velipost.com\/#\/schema\/person\/32ff49a53c9c1bb24302ee8ece058096"},"headline":"Garry Conille plaide pour Ha\u00efti au panel des Objectifs de D\u00e9veloppement Durable \u00e0 l&rsquo;ONU","datePublished":"2024-09-25T17:49:13+00:00","dateModified":"2024-09-25T17:49:14+00:00","mainEntityOfPage":{"@id":"https:\/\/velipost.com\/?p=2350"},"wordCount":479,"commentCount":0,"publisher":{"@id":"https:\/\/velipost.com\/#organization"},"image":{"@id":"https:\/\/velipost.com\/?p=2350#primaryimage"},"thumbnailUrl":"https:\/\/velipost.com\/wp-content\/uploads\/2024\/09\/Conille-ODD.jpg","articleSection":["Environnement"],"inLanguage":"fr-FR","potentialAction":[{"@type":"CommentAction","name":"Comment","target":["https:\/\/velipost.com\/?p=2350#respond"]}]},{"@type":"WebPage","@id":"https:\/\/velipost.com\/?p=2350","url":"https:\/\/velipost.com\/?p=2350","name":"Garry Conille plaide pour Ha\u00efti au panel des Objectifs de D\u00e9veloppement Durable \u00e0 l'ONU &#8211; VeliPost","isPartOf":{"@id":"https:\/\/velipost.com\/#website"},"primaryImageOfPage":{"@id":"https:\/\/velipost.com\/?p=2350#primaryimage"},"image":{"@id":"https:\/\/velipost.com\/?p=2350#primaryimage"},"thumbnailUrl":"https:\/\/velipost.com\/wp-content\/uploads\/2024\/09\/Conille-ODD.jpg","datePublished":"2024-09-25T17:49:13+00:00","dateModified":"2024-09-25T17:49:14+00:00","breadcrumb":{"@id":"https:\/\/velipost.com\/?p=2350#breadcrumb"},"inLanguage":"fr-FR","potentialAction":[{"@type":"ReadAction","target":["https:\/\/velipost.com\/?p=2350"]}]},{"@type":"ImageObject","inLanguage":"fr-FR","@id":"https:\/\/velipost.com\/?p=2350#primaryimage","url":"https:\/\/velipost.com\/wp-content\/uploads\/2024\/09\/Conille-ODD.jpg","contentUrl":"https:\/\/velipost.com\/wp-content\/uploads\/2024\/09\/Conille-ODD.jpg","width":1170,"height":603},{"@type":"BreadcrumbList","@id":"https:\/\/velipost.com\/?p=2350#breadcrumb","itemListElement":[{"@type":"ListItem","position":1,"name":"Accueil","item":"https:\/\/velipost.com\/"},{"@type":"ListItem","position":2,"name":"Garry Conille plaide pour Ha\u00efti au panel des Objectifs de D\u00e9veloppement Durable \u00e0 l&#8217;ONU"}]},{"@type":"WebSite","@id":"https:\/\/velipost.com\/#website","url":"https:\/\/velipost.com\/","name":"VeliPost","description":"L\u2019info en un clic","publisher":{"@id":"https:\/\/velipost.com\/#organization"},"potentialAction":[{"@type":"SearchAction","target":{"@type":"EntryPoint","urlTemplate":"https:\/\/velipost.com\/?s={search_term_string}"},"query-input":{"@type":"PropertyValueSpecification","valueRequired":true,"valueName":"search_term_string"}}],"inLanguage":"fr-FR"},{"@type":"Organization","@id":"https:\/\/velipost.com\/#organization","name":"VeliPost","url":"https:\/\/velipost.com\/","logo":{"@type":"ImageObject","inLanguage":"fr-FR","@id":"https:\/\/velipost.com\/#\/schema\/logo\/image\/","url":"https:\/\/velipost.com\/wp-content\/uploads\/2024\/08\/cropped-VP-logo-piti.png","contentUrl":"https:\/\/velipost.com\/wp-content\/uploads\/2024\/08\/cropped-VP-logo-piti.png","width":201,"height":69,"caption":"VeliPost"},"image":{"@id":"https:\/\/velipost.com\/#\/schema\/logo\/image\/"},"sameAs":["https:\/\/www.facebook.com\/veliposthaiti","https:\/\/x.com\/veliposthaiti","https:\/\/www.instagram.com\/veliposthaiti"]},{"@type":"Person","@id":"https:\/\/velipost.com\/#\/schema\/person\/32ff49a53c9c1bb24302ee8ece058096","name":"VeliPost","image":{"@type":"ImageObject","inLanguage":"fr-FR","@id":"https:\/\/velipost.com\/#\/schema\/person\/image\/","url":"https:\/\/secure.gravatar.com\/avatar\/57c226c264de62f794185a89596d4a37b85a5ad20aca30d9d5a478b27d8c8d9d?s=96&d=mm&r=g","contentUrl":"https:\/\/secure.gravatar.com\/avatar\/57c226c264de62f794185a89596d4a37b85a5ad20aca30d9d5a478b27d8c8d9d?s=96&d=mm&r=g","caption":"VeliPost"},"sameAs":["https:\/\/velipost.com"],"url":"https:\/\/velipost.com\/?author=1"}]}},"views":2,"jetpack_publicize_connections":[],"uagb_featured_image_src":{"full":["https:\/\/velipost.com\/wp-content\/uploads\/2024\/09\/Conille-ODD.jpg",1170,603,false],"thumbnail":["https:\/\/velipost.com\/wp-content\/uploads\/2024\/09\/Conille-ODD-150x150.jpg",150,150,true],"medium":["https:\/\/velipost.com\/wp-content\/uploads\/2024\/09\/Conille-ODD-300x155.jpg",300,155,true],"medium_large":["https:\/\/velipost.com\/wp-content\/uploads\/2024\/09\/Conille-ODD-768x396.jpg",715,369,true],"large":["https:\/\/velipost.com\/wp-content\/uploads\/2024\/09\/Conille-ODD-1024x528.jpg",715,369,true],"1536x1536":["https:\/\/velipost.com\/wp-content\/uploads\/2024\/09\/Conille-ODD.jpg",1170,603,false],"2048x2048":["https:\/\/velipost.com\/wp-content\/uploads\/2024\/09\/Conille-ODD.jpg",1170,603,false],"colornews-big-slider":["https:\/\/velipost.com\/wp-content\/uploads\/2024\/09\/Conille-ODD-1070x470.jpg",1070,470,true],"colornews-big-slider-thumb":["https:\/\/velipost.com\/wp-content\/uploads\/2024\/09\/Conille-ODD-184x109.jpg",184,109,true],"colornews-featured-post-medium":["https:\/\/velipost.com\/wp-content\/uploads\/2024\/09\/Conille-ODD-345x265.jpg",345,265,true],"colornews-featured-post-small":["https:\/\/velipost.com\/wp-content\/uploads\/2024\/09\/Conille-ODD-115x73.jpg",115,73,true],"colornews-random-posts":["https:\/\/velipost.com\/wp-content\/uploads\/2024\/09\/Conille-ODD-215x215.jpg",215,215,true],"colornews-featured-image":["https:\/\/velipost.com\/wp-content\/uploads\/2024\/09\/Conille-ODD-715x400.jpg",715,400,true],"mailpoet_newsletter_max":["https:\/\/velipost.com\/wp-content\/uploads\/2024\/09\/Conille-ODD.jpg",1170,603,false]},"uagb_author_info":{"display_name":"VeliPost","author_link":"https:\/\/velipost.com\/?author=1"},"uagb_comment_info":0,"uagb_excerpt":"Le Premier ministre ha\u00eftien, Garry Conille, a particip\u00e9 \u00e0 un important panel sur les Objectifs de D\u00e9veloppement Durable (ODD) lors du Sommet des Nations","_links":{"self":[{"href":"https:\/\/velipost.com\/index.php?rest_route=\/wp\/v2\/posts\/2350","targetHints":{"allow":["GET"]}}],"collection":[{"href":"https:\/\/velipost.com\/index.php?rest_route=\/wp\/v2\/posts"}],"about":[{"href":"https:\/\/velipost.com\/index.php?rest_route=\/wp\/v2\/types\/post"}],"author":[{"embeddable":true,"href":"https:\/\/velipost.com\/index.php?rest_route=\/wp\/v2\/users\/1"}],"replies":[{"embeddable":true,"href":"https:\/\/velipost.com\/index.php?rest_route=%2Fwp%2Fv2%2Fcomments&post=2350"}],"version-history":[{"count":1,"href":"https:\/\/velipost.com\/index.php?rest_route=\/wp\/v2\/posts\/2350\/revisions"}],"predecessor-version":[{"id":2352,"href":"https:\/\/velipost.com\/index.php?rest_route=\/wp\/v2\/posts\/2350\/revisions\/2352"}],"wp:featuredmedia":[{"embeddable":true,"href":"https:\/\/velipost.com\/index.php?rest_route=\/wp\/v2\/media\/2351"}],"wp:attachment":[{"href":"https:\/\/velipost.com\/index.php?rest_route=%2Fwp%2Fv2%2Fmedia&parent=2350"}],"wp:term":[{"taxonomy":"category","embeddable":true,"href":"https:\/\/velipost.com\/index.php?rest_route=%2Fwp%2Fv2%2Fcategories&post=2350"},{"taxonomy":"post_tag","embeddable":true,"href":"https:\/\/velipost.com\/index.php?rest_route=%2Fwp%2Fv2%2Ftags&post=2350"}],"curies":[{"name":"wp","href":"https:\/\/api.w.org\/{rel}","templated":true}]}}