{"id":2335,"date":"2024-09-24T03:00:01","date_gmt":"2024-09-24T01:00:01","guid":{"rendered":"https:\/\/velipost.com\/?p=2335"},"modified":"2024-09-24T05:12:44","modified_gmt":"2024-09-24T03:12:44","slug":"incident-diplomatique-a-lonu-le-conseiller-presidentiel-lesly-voltaire-recale-lors-de-la-reunion-conille-lula","status":"publish","type":"post","link":"https:\/\/velipost.com\/?p=2335","title":{"rendered":"Incident diplomatique \u00e0 l\u2019ONU : Le conseiller pr\u00e9sidentiel Lesly Voltaire recal\u00e9 lors de la r\u00e9union Conille-Lula"},"content":{"rendered":"\n<p>Lors de la 79e session de l\u2019Assembl\u00e9e g\u00e9n\u00e9rale des Nations unies \u00e0 New York, un incident diplomatique inattendu s\u2019est produit en marge d\u2019une r\u00e9union bilat\u00e9rale entre le Premier ministre ha\u00eftien Garry Conille et le pr\u00e9sident br\u00e9silien Luiz In\u00e1cio Lula da Silva. Alors que les discussions portaient sur des sujets cruciaux pour l\u2019avenir d\u2019Ha\u00efti, telles que la coop\u00e9ration en mati\u00e8re de formation des forces de s\u00e9curit\u00e9 ha\u00eftiennes et le soutien international pour le d\u00e9veloppement du pays, un moment embarrassant a marqu\u00e9 la rencontre : le conseiller pr\u00e9sidentiel Lesly Voltaire s\u2019est vu refuser l\u2019entr\u00e9e par le protocole br\u00e9silien.<\/p>\n\n\n\n<p>Le Premier ministre Conille, accompagn\u00e9 de la ministre des Affaires \u00e9trang\u00e8res Dominique Dupuy et de son directeur de cabinet Nesmy Manigat, a eu l\u2019occasion de pr\u00e9senter la feuille de route du gouvernement ha\u00eftien au pr\u00e9sident Lula, qui a r\u00e9it\u00e9r\u00e9 l\u2019engagement du Br\u00e9sil \u00e0 soutenir Ha\u00efti en mobilisant la communaut\u00e9 internationale. Cependant, la situation a pris un tournant inattendu lorsque Lesly Voltaire a tent\u00e9 de s\u2019inviter \u00e0 cette r\u00e9union.<\/p>\n\n\n\n<p>Alors que Voltaire cherchait \u00e0 rejoindre la d\u00e9l\u00e9gation, il s\u2019est heurt\u00e9 au chef de protocole du pr\u00e9sident Lula, qui lui a poliment signifi\u00e9 qu\u2019il n\u2019y avait plus de place \u00e0 l\u2019int\u00e9rieur de la salle de r\u00e9union. Visiblement m\u00e9content, Voltaire a insist\u00e9, d\u00e9clarant avec insistance : \u00ab Je suis le pr\u00e9sident Lesly Voltaire. \u00bb Cette affirmation a suscit\u00e9 une r\u00e9action perplexe du diplomate br\u00e9silien, qui a demand\u00e9 \u00e0 v\u00e9rifier ses dires. Apr\u00e8s quelques instants, le diplomate est revenu avec une r\u00e9ponse ferme : \u00ab D\u00e9sol\u00e9, monsieur, vous n\u2019\u00eates pas le pr\u00e9sident, le pr\u00e9sident s\u2019appelle Edgard Leblanc. \u00bb<\/p>\n\n\n\n<p>Suite \u00e0 cet \u00e9change embarrassant, Lesly Voltaire a quitt\u00e9 pr\u00e9cipitamment le couloir, visiblement agac\u00e9, en compagnie du directeur de cabinet du Conseil Pr\u00e9sidentiel de Transition (CPT), Jean Victor Harvel Jean Baptiste. Cet incident met en lumi\u00e8re des tensions au sein de la repr\u00e9sentation ha\u00eftienne \u00e0 l\u2019ONU et soul\u00e8ve des questions sur le r\u00f4le et la coordination des membres de la d\u00e9l\u00e9gation ha\u00eftienne lors de rencontres officielles.<\/p>\n\n\n\n<p>Alors que la situation en Ha\u00efti requiert une unit\u00e9 de fa\u00e7ade sur la sc\u00e8ne internationale, cet incident diplomatique montre une fois de plus les d\u00e9fis que doivent surmonter les repr\u00e9sentants ha\u00eftiens pour pr\u00e9senter une image coh\u00e9rente et solidaire \u00e0 la communaut\u00e9 internationale.<\/p>\n\n    <div class=\"xs_social_share_widget xs_share_url after_content \t\tmain_content  wslu-style-3 wslu-share-box-shaped wslu-fill-brand-hover-colored wslu-share-m-5 wslu-none wslu-share-horizontal wslu-theme-font-no wslu-main_content\">\n\n\t\t\n        <ul>\n\t\t\t                    <li class=\"xs-share-li twitter                        wslu-no-extra-data\">\n                        <a href=\"javascript:void(0);\"\n                           id=\"xs_feed_twitter\"\n                           onclick=\"xs_social_sharer(this);\"\n                           data-pid=\"2335\"\n                           data-uri_hash=\"326d84b5dfa46ddd49a27bb355c5579a\"\n                           data-key=\"twitter\"\n                           data-xs-href=\"https:\/\/twitter.com\/intent\/tweet?text=Incident+diplomatique+%C3%A0+l%E2%80%99ONU+%3A+Le+conseiller+pr%C3%A9sidentiel+Lesly+Voltaire+recal%C3%A9+lors+de+la+r%C3%A9union+Conille-Lula+https%3A%2F%2Fvelipost.com%2Findex.php%3Frest_route%3D%252Fwp%252Fv2%252Fposts%252F2335&amp;original_referer=https%3A%2F%2Fvelipost.com%2Findex.php%3Frest_route%3D%252Fwp%252Fv2%252Fposts%252F2335&amp;related=xpeedstudio\">\n\n                            <div class=\"xs-social-icon\">\n                                <span class=\"met-social met-social-twitter\"><\/span>\n                            <\/div>\n\n\t\t\t\t\t\t\t\n                            <div class=\"wslu-hover-content\">\n                                <div class=\"xs-social-followers\">\n\t\t\t\t\t\t\t\t\t10                                <\/div>\n                                <div class=\"xs-social-follower-text\">\n\t\t\t\t\t\t\t\t\tShare                                <\/div>\n                                <div class=\"xs-social-follower-label\">\n\t\t\t\t\t\t\t\t\tTwitter                                <\/div>\n                            <\/div>\n                        <\/a>\n                    <\/li>\n\t\t\t\t\t                    <li class=\"xs-share-li telegram                        wslu-no-extra-data\">\n                        <a href=\"javascript:void(0);\"\n                           id=\"xs_feed_telegram\"\n                           onclick=\"xs_social_sharer(this);\"\n                           data-pid=\"2335\"\n                           data-uri_hash=\"326d84b5dfa46ddd49a27bb355c5579a\"\n                           data-key=\"telegram\"\n                           data-xs-href=\"https:\/\/telegram.me\/share\/url?url=https%3A%2F%2Fvelipost.com%2Findex.php%3Frest_route%3D%252Fwp%252Fv2%252Fposts%252F2335&amp;text=Incident+diplomatique+%C3%A0+l%E2%80%99ONU+%3A+Le+conseiller+pr%C3%A9sidentiel+Lesly+Voltaire+recal%C3%A9+lors+de+la+r%C3%A9union+Conille-Lula\">\n\n                            <div class=\"xs-social-icon\">\n                                <span class=\"met-social met-social-telegram\"><\/span>\n                            <\/div>\n\n\t\t\t\t\t\t\t\n                            <div class=\"wslu-hover-content\">\n                                <div class=\"xs-social-followers\">\n\t\t\t\t\t\t\t\t\t0                                <\/div>\n                                <div class=\"xs-social-follower-text\">\n\t\t\t\t\t\t\t\t\tShare                                <\/div>\n                                <div class=\"xs-social-follower-label\">\n\t\t\t\t\t\t\t\t\tTelegram                                <\/div>\n                            <\/div>\n                        <\/a>\n                    <\/li>\n\t\t\t\t\t                    <li class=\"xs-share-li email                        wslu-no-extra-data\">\n                        <a href=\"javascript:void(0);\"\n                           id=\"xs_feed_email\"\n                           onclick=\"xs_social_sharer(this);\"\n                           data-pid=\"2335\"\n                           data-uri_hash=\"326d84b5dfa46ddd49a27bb355c5579a\"\n                           data-key=\"email\"\n                           data-xs-href=\"mailto:?body=Title%3A+Incident+diplomatique+%C3%A0+l%E2%80%99ONU+%3A+Le+conseiller+pr%C3%A9sidentiel+Lesly+Voltaire+recal%C3%A9+lors+de+la+r%C3%A9union+Conille-Lula+%5Cn%5Cn+URL%3A+https%3A%2F%2Fvelipost.com%2Findex.php%3Frest_route%3D%252Fwp%252Fv2%252Fposts%252F2335&amp;subject=Incident+diplomatique+%C3%A0+l%E2%80%99ONU+%3A+Le+conseiller+pr%C3%A9sidentiel+Lesly+Voltaire+recal%C3%A9+lors+de+la+r%C3%A9union+Conille-Lula\">\n\n                            <div class=\"xs-social-icon\">\n                                <span class=\"met-social met-social-email\"><\/span>\n                            <\/div>\n\n\t\t\t\t\t\t\t\n                            <div class=\"wslu-hover-content\">\n                                <div class=\"xs-social-followers\">\n\t\t\t\t\t\t\t\t\t0                                <\/div>\n                                <div class=\"xs-social-follower-text\">\n\t\t\t\t\t\t\t\t\tShare                                <\/div>\n                                <div class=\"xs-social-follower-label\">\n\t\t\t\t\t\t\t\t\tEmail                                <\/div>\n                            <\/div>\n                        <\/a>\n                    <\/li>\n\t\t\t\t\t        <\/ul>\n    <\/div> \n","protected":false},"excerpt":{"rendered":"<p>Lors de la 79e session de l\u2019Assembl\u00e9e g\u00e9n\u00e9rale des Nations unies \u00e0 New York, un incident diplomatique inattendu s\u2019est produit en marge d\u2019une r\u00e9union<\/p>\n","protected":false},"author":1,"featured_media":2336,"comment_status":"open","ping_status":"open","sticky":false,"template":"","format":"standard","meta":{"_uag_custom_page_level_css":"","footnotes":"","jetpack_publicize_message":"","jetpack_publicize_feature_enabled":true,"jetpack_social_post_already_shared":false,"jetpack_social_options":{"image_generator_settings":{"template":"highway","default_image_id":0,"font":"","enabled":false},"version":2}},"categories":[94],"tags":[],"class_list":["post-2335","post","type-post","status-publish","format-standard","has-post-thumbnail","hentry","category-a-la-une"],"yoast_head":"<!-- This site is optimized with the Yoast SEO plugin v25.3.1 - https:\/\/yoast.com\/wordpress\/plugins\/seo\/ -->\n<title>Incident diplomatique \u00e0 l\u2019ONU : Le conseiller pr\u00e9sidentiel Lesly Voltaire recal\u00e9 lors de la r\u00e9union Conille-Lula &#8211; VeliPost<\/title>\n<meta name=\"robots\" content=\"index, follow, max-snippet:-1, max-image-preview:large, max-video-preview:-1\" \/>\n<link rel=\"canonical\" href=\"https:\/\/velipost.com\/?p=2335\" \/>\n<meta property=\"og:locale\" content=\"fr_FR\" \/>\n<meta property=\"og:type\" content=\"article\" \/>\n<meta property=\"og:title\" content=\"Incident diplomatique \u00e0 l\u2019ONU : Le conseiller pr\u00e9sidentiel Lesly Voltaire recal\u00e9 lors de la r\u00e9union Conille-Lula &#8211; VeliPost\" \/>\n<meta property=\"og:description\" content=\"Lors de la 79e session de l\u2019Assembl\u00e9e g\u00e9n\u00e9rale des Nations unies \u00e0 New York, un incident diplomatique inattendu s\u2019est produit en marge d\u2019une r\u00e9union\" \/>\n<meta property=\"og:url\" content=\"https:\/\/velipost.com\/?p=2335\" \/>\n<meta property=\"og:site_name\" content=\"VeliPost\" \/>\n<meta property=\"article:publisher\" content=\"https:\/\/www.facebook.com\/veliposthaiti\" \/>\n<meta property=\"article:published_time\" content=\"2024-09-24T01:00:01+00:00\" \/>\n<meta property=\"article:modified_time\" content=\"2024-09-24T03:12:44+00:00\" \/>\n<meta property=\"og:image\" content=\"https:\/\/velipost.com\/wp-content\/uploads\/2024\/09\/lesly.jpg\" \/>\n\t<meta property=\"og:image:width\" content=\"1170\" \/>\n\t<meta property=\"og:image:height\" content=\"603\" \/>\n\t<meta property=\"og:image:type\" content=\"image\/jpeg\" \/>\n<meta name=\"author\" content=\"VeliPost\" \/>\n<meta name=\"twitter:card\" content=\"summary_large_image\" \/>\n<meta name=\"twitter:creator\" content=\"@veliposthaiti\" \/>\n<meta name=\"twitter:site\" content=\"@veliposthaiti\" \/>\n<meta name=\"twitter:label1\" content=\"\u00c9crit par\" \/>\n\t<meta name=\"twitter:data1\" content=\"VeliPost\" \/>\n\t<meta name=\"twitter:label2\" content=\"Dur\u00e9e de lecture estim\u00e9e\" \/>\n\t<meta name=\"twitter:data2\" content=\"3 minutes\" \/>\n<script type=\"application\/ld+json\" class=\"yoast-schema-graph\">{\"@context\":\"https:\/\/schema.org\",\"@graph\":[{\"@type\":\"Article\",\"@id\":\"https:\/\/velipost.com\/?p=2335#article\",\"isPartOf\":{\"@id\":\"https:\/\/velipost.com\/?p=2335\"},\"author\":{\"name\":\"VeliPost\",\"@id\":\"https:\/\/velipost.com\/#\/schema\/person\/32ff49a53c9c1bb24302ee8ece058096\"},\"headline\":\"Incident diplomatique \u00e0 l\u2019ONU : Le conseiller pr\u00e9sidentiel Lesly Voltaire recal\u00e9 lors de la r\u00e9union Conille-Lula\",\"datePublished\":\"2024-09-24T01:00:01+00:00\",\"dateModified\":\"2024-09-24T03:12:44+00:00\",\"mainEntityOfPage\":{\"@id\":\"https:\/\/velipost.com\/?p=2335\"},\"wordCount\":447,\"commentCount\":0,\"publisher\":{\"@id\":\"https:\/\/velipost.com\/#organization\"},\"image\":{\"@id\":\"https:\/\/velipost.com\/?p=2335#primaryimage\"},\"thumbnailUrl\":\"https:\/\/velipost.com\/wp-content\/uploads\/2024\/09\/lesly.jpg\",\"articleSection\":[\"A la Une\"],\"inLanguage\":\"fr-FR\",\"potentialAction\":[{\"@type\":\"CommentAction\",\"name\":\"Comment\",\"target\":[\"https:\/\/velipost.com\/?p=2335#respond\"]}]},{\"@type\":\"WebPage\",\"@id\":\"https:\/\/velipost.com\/?p=2335\",\"url\":\"https:\/\/velipost.com\/?p=2335\",\"name\":\"Incident diplomatique \u00e0 l\u2019ONU : Le conseiller pr\u00e9sidentiel Lesly Voltaire recal\u00e9 lors de la r\u00e9union Conille-Lula &#8211; VeliPost\",\"isPartOf\":{\"@id\":\"https:\/\/velipost.com\/#website\"},\"primaryImageOfPage\":{\"@id\":\"https:\/\/velipost.com\/?p=2335#primaryimage\"},\"image\":{\"@id\":\"https:\/\/velipost.com\/?p=2335#primaryimage\"},\"thumbnailUrl\":\"https:\/\/velipost.com\/wp-content\/uploads\/2024\/09\/lesly.jpg\",\"datePublished\":\"2024-09-24T01:00:01+00:00\",\"dateModified\":\"2024-09-24T03:12:44+00:00\",\"breadcrumb\":{\"@id\":\"https:\/\/velipost.com\/?p=2335#breadcrumb\"},\"inLanguage\":\"fr-FR\",\"potentialAction\":[{\"@type\":\"ReadAction\",\"target\":[\"https:\/\/velipost.com\/?p=2335\"]}]},{\"@type\":\"ImageObject\",\"inLanguage\":\"fr-FR\",\"@id\":\"https:\/\/velipost.com\/?p=2335#primaryimage\",\"url\":\"https:\/\/velipost.com\/wp-content\/uploads\/2024\/09\/lesly.jpg\",\"contentUrl\":\"https:\/\/velipost.com\/wp-content\/uploads\/2024\/09\/lesly.jpg\",\"width\":1170,\"height\":603},{\"@type\":\"BreadcrumbList\",\"@id\":\"https:\/\/velipost.com\/?p=2335#breadcrumb\",\"itemListElement\":[{\"@type\":\"ListItem\",\"position\":1,\"name\":\"Accueil\",\"item\":\"https:\/\/velipost.com\/\"},{\"@type\":\"ListItem\",\"position\":2,\"name\":\"Incident diplomatique \u00e0 l\u2019ONU : Le conseiller pr\u00e9sidentiel Lesly Voltaire recal\u00e9 lors de la r\u00e9union Conille-Lula\"}]},{\"@type\":\"WebSite\",\"@id\":\"https:\/\/velipost.com\/#website\",\"url\":\"https:\/\/velipost.com\/\",\"name\":\"VeliPost\",\"description\":\"L\u2019info en un clic\",\"publisher\":{\"@id\":\"https:\/\/velipost.com\/#organization\"},\"potentialAction\":[{\"@type\":\"SearchAction\",\"target\":{\"@type\":\"EntryPoint\",\"urlTemplate\":\"https:\/\/velipost.com\/?s={search_term_string}\"},\"query-input\":{\"@type\":\"PropertyValueSpecification\",\"valueRequired\":true,\"valueName\":\"search_term_string\"}}],\"inLanguage\":\"fr-FR\"},{\"@type\":\"Organization\",\"@id\":\"https:\/\/velipost.com\/#organization\",\"name\":\"VeliPost\",\"url\":\"https:\/\/velipost.com\/\",\"logo\":{\"@type\":\"ImageObject\",\"inLanguage\":\"fr-FR\",\"@id\":\"https:\/\/velipost.com\/#\/schema\/logo\/image\/\",\"url\":\"https:\/\/velipost.com\/wp-content\/uploads\/2024\/08\/cropped-VP-logo-piti.png\",\"contentUrl\":\"https:\/\/velipost.com\/wp-content\/uploads\/2024\/08\/cropped-VP-logo-piti.png\",\"width\":201,\"height\":69,\"caption\":\"VeliPost\"},\"image\":{\"@id\":\"https:\/\/velipost.com\/#\/schema\/logo\/image\/\"},\"sameAs\":[\"https:\/\/www.facebook.com\/veliposthaiti\",\"https:\/\/x.com\/veliposthaiti\",\"https:\/\/www.instagram.com\/veliposthaiti\"]},{\"@type\":\"Person\",\"@id\":\"https:\/\/velipost.com\/#\/schema\/person\/32ff49a53c9c1bb24302ee8ece058096\",\"name\":\"VeliPost\",\"image\":{\"@type\":\"ImageObject\",\"inLanguage\":\"fr-FR\",\"@id\":\"https:\/\/velipost.com\/#\/schema\/person\/image\/\",\"url\":\"https:\/\/secure.gravatar.com\/avatar\/57c226c264de62f794185a89596d4a37b85a5ad20aca30d9d5a478b27d8c8d9d?s=96&d=mm&r=g\",\"contentUrl\":\"https:\/\/secure.gravatar.com\/avatar\/57c226c264de62f794185a89596d4a37b85a5ad20aca30d9d5a478b27d8c8d9d?s=96&d=mm&r=g\",\"caption\":\"VeliPost\"},\"sameAs\":[\"https:\/\/velipost.com\"],\"url\":\"https:\/\/velipost.com\/?author=1\"}]}<\/script>\n<!-- \/ Yoast SEO plugin. -->","yoast_head_json":{"title":"Incident diplomatique \u00e0 l\u2019ONU : Le conseiller pr\u00e9sidentiel Lesly Voltaire recal\u00e9 lors de la r\u00e9union Conille-Lula &#8211; VeliPost","robots":{"index":"index","follow":"follow","max-snippet":"max-snippet:-1","max-image-preview":"max-image-preview:large","max-video-preview":"max-video-preview:-1"},"canonical":"https:\/\/velipost.com\/?p=2335","og_locale":"fr_FR","og_type":"article","og_title":"Incident diplomatique \u00e0 l\u2019ONU : Le conseiller pr\u00e9sidentiel Lesly Voltaire recal\u00e9 lors de la r\u00e9union Conille-Lula &#8211; VeliPost","og_description":"Lors de la 79e session de l\u2019Assembl\u00e9e g\u00e9n\u00e9rale des Nations unies \u00e0 New York, un incident diplomatique inattendu s\u2019est produit en marge d\u2019une r\u00e9union","og_url":"https:\/\/velipost.com\/?p=2335","og_site_name":"VeliPost","article_publisher":"https:\/\/www.facebook.com\/veliposthaiti","article_published_time":"2024-09-24T01:00:01+00:00","article_modified_time":"2024-09-24T03:12:44+00:00","og_image":[{"width":1170,"height":603,"url":"https:\/\/velipost.com\/wp-content\/uploads\/2024\/09\/lesly.jpg","type":"image\/jpeg"}],"author":"VeliPost","twitter_card":"summary_large_image","twitter_creator":"@veliposthaiti","twitter_site":"@veliposthaiti","twitter_misc":{"\u00c9crit par":"VeliPost","Dur\u00e9e de lecture estim\u00e9e":"3 minutes"},"schema":{"@context":"https:\/\/schema.org","@graph":[{"@type":"Article","@id":"https:\/\/velipost.com\/?p=2335#article","isPartOf":{"@id":"https:\/\/velipost.com\/?p=2335"},"author":{"name":"VeliPost","@id":"https:\/\/velipost.com\/#\/schema\/person\/32ff49a53c9c1bb24302ee8ece058096"},"headline":"Incident diplomatique \u00e0 l\u2019ONU : Le conseiller pr\u00e9sidentiel Lesly Voltaire recal\u00e9 lors de la r\u00e9union Conille-Lula","datePublished":"2024-09-24T01:00:01+00:00","dateModified":"2024-09-24T03:12:44+00:00","mainEntityOfPage":{"@id":"https:\/\/velipost.com\/?p=2335"},"wordCount":447,"commentCount":0,"publisher":{"@id":"https:\/\/velipost.com\/#organization"},"image":{"@id":"https:\/\/velipost.com\/?p=2335#primaryimage"},"thumbnailUrl":"https:\/\/velipost.com\/wp-content\/uploads\/2024\/09\/lesly.jpg","articleSection":["A la Une"],"inLanguage":"fr-FR","potentialAction":[{"@type":"CommentAction","name":"Comment","target":["https:\/\/velipost.com\/?p=2335#respond"]}]},{"@type":"WebPage","@id":"https:\/\/velipost.com\/?p=2335","url":"https:\/\/velipost.com\/?p=2335","name":"Incident diplomatique \u00e0 l\u2019ONU : Le conseiller pr\u00e9sidentiel Lesly Voltaire recal\u00e9 lors de la r\u00e9union Conille-Lula &#8211; VeliPost","isPartOf":{"@id":"https:\/\/velipost.com\/#website"},"primaryImageOfPage":{"@id":"https:\/\/velipost.com\/?p=2335#primaryimage"},"image":{"@id":"https:\/\/velipost.com\/?p=2335#primaryimage"},"thumbnailUrl":"https:\/\/velipost.com\/wp-content\/uploads\/2024\/09\/lesly.jpg","datePublished":"2024-09-24T01:00:01+00:00","dateModified":"2024-09-24T03:12:44+00:00","breadcrumb":{"@id":"https:\/\/velipost.com\/?p=2335#breadcrumb"},"inLanguage":"fr-FR","potentialAction":[{"@type":"ReadAction","target":["https:\/\/velipost.com\/?p=2335"]}]},{"@type":"ImageObject","inLanguage":"fr-FR","@id":"https:\/\/velipost.com\/?p=2335#primaryimage","url":"https:\/\/velipost.com\/wp-content\/uploads\/2024\/09\/lesly.jpg","contentUrl":"https:\/\/velipost.com\/wp-content\/uploads\/2024\/09\/lesly.jpg","width":1170,"height":603},{"@type":"BreadcrumbList","@id":"https:\/\/velipost.com\/?p=2335#breadcrumb","itemListElement":[{"@type":"ListItem","position":1,"name":"Accueil","item":"https:\/\/velipost.com\/"},{"@type":"ListItem","position":2,"name":"Incident diplomatique \u00e0 l\u2019ONU : Le conseiller pr\u00e9sidentiel Lesly Voltaire recal\u00e9 lors de la r\u00e9union Conille-Lula"}]},{"@type":"WebSite","@id":"https:\/\/velipost.com\/#website","url":"https:\/\/velipost.com\/","name":"VeliPost","description":"L\u2019info en un clic","publisher":{"@id":"https:\/\/velipost.com\/#organization"},"potentialAction":[{"@type":"SearchAction","target":{"@type":"EntryPoint","urlTemplate":"https:\/\/velipost.com\/?s={search_term_string}"},"query-input":{"@type":"PropertyValueSpecification","valueRequired":true,"valueName":"search_term_string"}}],"inLanguage":"fr-FR"},{"@type":"Organization","@id":"https:\/\/velipost.com\/#organization","name":"VeliPost","url":"https:\/\/velipost.com\/","logo":{"@type":"ImageObject","inLanguage":"fr-FR","@id":"https:\/\/velipost.com\/#\/schema\/logo\/image\/","url":"https:\/\/velipost.com\/wp-content\/uploads\/2024\/08\/cropped-VP-logo-piti.png","contentUrl":"https:\/\/velipost.com\/wp-content\/uploads\/2024\/08\/cropped-VP-logo-piti.png","width":201,"height":69,"caption":"VeliPost"},"image":{"@id":"https:\/\/velipost.com\/#\/schema\/logo\/image\/"},"sameAs":["https:\/\/www.facebook.com\/veliposthaiti","https:\/\/x.com\/veliposthaiti","https:\/\/www.instagram.com\/veliposthaiti"]},{"@type":"Person","@id":"https:\/\/velipost.com\/#\/schema\/person\/32ff49a53c9c1bb24302ee8ece058096","name":"VeliPost","image":{"@type":"ImageObject","inLanguage":"fr-FR","@id":"https:\/\/velipost.com\/#\/schema\/person\/image\/","url":"https:\/\/secure.gravatar.com\/avatar\/57c226c264de62f794185a89596d4a37b85a5ad20aca30d9d5a478b27d8c8d9d?s=96&d=mm&r=g","contentUrl":"https:\/\/secure.gravatar.com\/avatar\/57c226c264de62f794185a89596d4a37b85a5ad20aca30d9d5a478b27d8c8d9d?s=96&d=mm&r=g","caption":"VeliPost"},"sameAs":["https:\/\/velipost.com"],"url":"https:\/\/velipost.com\/?author=1"}]}},"views":3,"jetpack_publicize_connections":[],"uagb_featured_image_src":{"full":["https:\/\/velipost.com\/wp-content\/uploads\/2024\/09\/lesly.jpg",1170,603,false],"thumbnail":["https:\/\/velipost.com\/wp-content\/uploads\/2024\/09\/lesly-150x150.jpg",150,150,true],"medium":["https:\/\/velipost.com\/wp-content\/uploads\/2024\/09\/lesly-300x155.jpg",300,155,true],"medium_large":["https:\/\/velipost.com\/wp-content\/uploads\/2024\/09\/lesly-768x396.jpg",715,369,true],"large":["https:\/\/velipost.com\/wp-content\/uploads\/2024\/09\/lesly-1024x528.jpg",715,369,true],"1536x1536":["https:\/\/velipost.com\/wp-content\/uploads\/2024\/09\/lesly.jpg",1170,603,false],"2048x2048":["https:\/\/velipost.com\/wp-content\/uploads\/2024\/09\/lesly.jpg",1170,603,false],"colornews-big-slider":["https:\/\/velipost.com\/wp-content\/uploads\/2024\/09\/lesly-1070x470.jpg",1070,470,true],"colornews-big-slider-thumb":["https:\/\/velipost.com\/wp-content\/uploads\/2024\/09\/lesly-184x109.jpg",184,109,true],"colornews-featured-post-medium":["https:\/\/velipost.com\/wp-content\/uploads\/2024\/09\/lesly-345x265.jpg",345,265,true],"colornews-featured-post-small":["https:\/\/velipost.com\/wp-content\/uploads\/2024\/09\/lesly-115x73.jpg",115,73,true],"colornews-random-posts":["https:\/\/velipost.com\/wp-content\/uploads\/2024\/09\/lesly-215x215.jpg",215,215,true],"colornews-featured-image":["https:\/\/velipost.com\/wp-content\/uploads\/2024\/09\/lesly-715x400.jpg",715,400,true],"mailpoet_newsletter_max":["https:\/\/velipost.com\/wp-content\/uploads\/2024\/09\/lesly.jpg",1170,603,false]},"uagb_author_info":{"display_name":"VeliPost","author_link":"https:\/\/velipost.com\/?author=1"},"uagb_comment_info":0,"uagb_excerpt":"Lors de la 79e session de l\u2019Assembl\u00e9e g\u00e9n\u00e9rale des Nations unies \u00e0 New York, un incident diplomatique inattendu s\u2019est produit en marge d\u2019une r\u00e9union","_links":{"self":[{"href":"https:\/\/velipost.com\/index.php?rest_route=\/wp\/v2\/posts\/2335","targetHints":{"allow":["GET"]}}],"collection":[{"href":"https:\/\/velipost.com\/index.php?rest_route=\/wp\/v2\/posts"}],"about":[{"href":"https:\/\/velipost.com\/index.php?rest_route=\/wp\/v2\/types\/post"}],"author":[{"embeddable":true,"href":"https:\/\/velipost.com\/index.php?rest_route=\/wp\/v2\/users\/1"}],"replies":[{"embeddable":true,"href":"https:\/\/velipost.com\/index.php?rest_route=%2Fwp%2Fv2%2Fcomments&post=2335"}],"version-history":[{"count":1,"href":"https:\/\/velipost.com\/index.php?rest_route=\/wp\/v2\/posts\/2335\/revisions"}],"predecessor-version":[{"id":2337,"href":"https:\/\/velipost.com\/index.php?rest_route=\/wp\/v2\/posts\/2335\/revisions\/2337"}],"wp:featuredmedia":[{"embeddable":true,"href":"https:\/\/velipost.com\/index.php?rest_route=\/wp\/v2\/media\/2336"}],"wp:attachment":[{"href":"https:\/\/velipost.com\/index.php?rest_route=%2Fwp%2Fv2%2Fmedia&parent=2335"}],"wp:term":[{"taxonomy":"category","embeddable":true,"href":"https:\/\/velipost.com\/index.php?rest_route=%2Fwp%2Fv2%2Fcategories&post=2335"},{"taxonomy":"post_tag","embeddable":true,"href":"https:\/\/velipost.com\/index.php?rest_route=%2Fwp%2Fv2%2Ftags&post=2335"}],"curies":[{"name":"wp","href":"https:\/\/api.w.org\/{rel}","templated":true}]}}