{"id":2302,"date":"2024-09-17T22:05:20","date_gmt":"2024-09-17T20:05:20","guid":{"rendered":"https:\/\/velipost.com\/?p=2302"},"modified":"2024-09-17T22:05:21","modified_gmt":"2024-09-17T20:05:21","slug":"securite-a-port-au-prince-le-premier-ministre-garry-conille-se-rend-a-la-banque-de-la-republique-dhaiti-pour-evaluer-la-situation","status":"publish","type":"post","link":"https:\/\/velipost.com\/?p=2302","title":{"rendered":"S\u00e9curit\u00e9 \u00e0 Port-au-Prince : Le Premier ministre Garry Conille se rend \u00e0 la Banque de la R\u00e9publique d&rsquo;Ha\u00efti pour \u00e9valuer la situation"},"content":{"rendered":"\n<p>Le Premier ministre, Dr Garry Conille, a visit\u00e9 la Banque de la R\u00e9publique d&rsquo;Ha\u00efti (BRH) pour faire un \u00e9tat des lieux de la situation s\u00e9curitaire autour de l&rsquo;institution et dans le Centre-Ville de Port-au-Prince. Cette visite a \u00e9t\u00e9 l\u2019occasion d\u2019aborder les efforts d\u00e9ploy\u00e9s par les forces de l\u2019ordre et les actions du Minist\u00e8re des Travaux Publics, Transports et Communications (MTPTC) visant \u00e0 assainir l\u2019environnement imm\u00e9diat de la Banque ainsi que d&rsquo;autres zones strat\u00e9giques de la capitale ha\u00eftienne.<\/p>\n\n\n\n<p>Lors de sa rencontre avec les membres du Conseil d\u2019Administration de la BRH, le Premier ministre a tenu \u00e0 r\u00e9affirmer l\u2019engagement du gouvernement \u00e0 restaurer la s\u00e9curit\u00e9 dans la r\u00e9gion. Il a \u00e9galement discut\u00e9 des interventions n\u00e9cessaires pour reprendre le contr\u00f4le des espaces actuellement occup\u00e9s par des groupes criminels, soulignant l\u2019importance de ces actions pour permettre la reprise des activit\u00e9s \u00e9conomiques et administratives dans cette zone vitale du pays.<\/p>\n\n\n\n<p>Le Gouverneur de la Banque Centrale, Monsieur Ronald Gabriel, a salu\u00e9 cette initiative du Premier ministre. Il a r\u00e9it\u00e9r\u00e9 la volont\u00e9 de la BRH \u00e0 continuer de servir la population, malgr\u00e9 les d\u00e9fis pos\u00e9s par l&rsquo;ins\u00e9curit\u00e9. Le Premier ministre Conille, quant \u00e0 lui, a conclu en assurant que le gouvernement resterait mobilis\u00e9 pour r\u00e9tablir un climat propice au fonctionnement normal des institutions publiques et priv\u00e9es, permettant ainsi au Centre-Ville de reprendre pleinement ses activit\u00e9s.<\/p>\n\n\n\n<div class=\"wp-block-uagb-image uagb-block-12fa95de wp-block-uagb-image--layout-default wp-block-uagb-image--effect-static wp-block-uagb-image--align-none\"><figure class=\"wp-block-uagb-image__figure\"><a class=\"\" href=\"https:\/\/velipost.com\/wp-content\/uploads\/2024\/09\/brh.jpg\" target=\"\" rel=\"noopener\"><img loading=\"lazy\" decoding=\"async\" srcset=\"https:\/\/velipost.com\/wp-content\/uploads\/2024\/09\/brh-1024x528.jpg ,https:\/\/velipost.com\/wp-content\/uploads\/2024\/09\/brh.jpg 780w, https:\/\/velipost.com\/wp-content\/uploads\/2024\/09\/brh.jpg 360w\" sizes=\"auto, (max-width: 480px) 150px\" src=\"https:\/\/velipost.com\/wp-content\/uploads\/2024\/09\/brh-1024x528.jpg\" alt=\"\" class=\"uag-image-2303\" width=\"1024\" height=\"528\" title=\"brh\" loading=\"lazy\" role=\"img\"\/><\/a><\/figure><\/div>\n\n    <div class=\"xs_social_share_widget xs_share_url after_content \t\tmain_content  wslu-style-3 wslu-share-box-shaped wslu-fill-brand-hover-colored wslu-share-m-5 wslu-none wslu-share-horizontal wslu-theme-font-no wslu-main_content\">\n\n\t\t\n        <ul>\n\t\t\t                    <li class=\"xs-share-li twitter                        wslu-no-extra-data\">\n                        <a href=\"javascript:void(0);\"\n                           id=\"xs_feed_twitter\"\n                           onclick=\"xs_social_sharer(this);\"\n                           data-pid=\"2302\"\n                           data-uri_hash=\"f72744205774a25ffe9429d703b836ae\"\n                           data-key=\"twitter\"\n                           data-xs-href=\"https:\/\/twitter.com\/intent\/tweet?text=S%C3%A9curit%C3%A9+%C3%A0+Port-au-Prince+%3A+Le+Premier+ministre+Garry+Conille+se+rend+%C3%A0+la+Banque+de+la+R%C3%A9publique+d%26rsquo%3BHa%C3%AFti+pour+%C3%A9valuer+la+situation+https%3A%2F%2Fvelipost.com%2Findex.php%3Frest_route%3D%252Fwp%252Fv2%252Fposts%252F2302&amp;original_referer=https%3A%2F%2Fvelipost.com%2Findex.php%3Frest_route%3D%252Fwp%252Fv2%252Fposts%252F2302&amp;related=xpeedstudio\">\n\n                            <div class=\"xs-social-icon\">\n                                <span class=\"met-social met-social-twitter\"><\/span>\n                            <\/div>\n\n\t\t\t\t\t\t\t\n                            <div class=\"wslu-hover-content\">\n                                <div class=\"xs-social-followers\">\n\t\t\t\t\t\t\t\t\t10                                <\/div>\n                                <div class=\"xs-social-follower-text\">\n\t\t\t\t\t\t\t\t\tShare                                <\/div>\n                                <div class=\"xs-social-follower-label\">\n\t\t\t\t\t\t\t\t\tTwitter                                <\/div>\n                            <\/div>\n                        <\/a>\n                    <\/li>\n\t\t\t\t\t                    <li class=\"xs-share-li telegram                        wslu-no-extra-data\">\n                        <a href=\"javascript:void(0);\"\n                           id=\"xs_feed_telegram\"\n                           onclick=\"xs_social_sharer(this);\"\n                           data-pid=\"2302\"\n                           data-uri_hash=\"f72744205774a25ffe9429d703b836ae\"\n                           data-key=\"telegram\"\n                           data-xs-href=\"https:\/\/telegram.me\/share\/url?url=https%3A%2F%2Fvelipost.com%2Findex.php%3Frest_route%3D%252Fwp%252Fv2%252Fposts%252F2302&amp;text=S%C3%A9curit%C3%A9+%C3%A0+Port-au-Prince+%3A+Le+Premier+ministre+Garry+Conille+se+rend+%C3%A0+la+Banque+de+la+R%C3%A9publique+d%26rsquo%3BHa%C3%AFti+pour+%C3%A9valuer+la+situation\">\n\n                            <div class=\"xs-social-icon\">\n                                <span class=\"met-social met-social-telegram\"><\/span>\n                            <\/div>\n\n\t\t\t\t\t\t\t\n                            <div class=\"wslu-hover-content\">\n                                <div class=\"xs-social-followers\">\n\t\t\t\t\t\t\t\t\t0                                <\/div>\n                                <div class=\"xs-social-follower-text\">\n\t\t\t\t\t\t\t\t\tShare                                <\/div>\n                                <div class=\"xs-social-follower-label\">\n\t\t\t\t\t\t\t\t\tTelegram                                <\/div>\n                            <\/div>\n                        <\/a>\n                    <\/li>\n\t\t\t\t\t                    <li class=\"xs-share-li email                        wslu-no-extra-data\">\n                        <a href=\"javascript:void(0);\"\n                           id=\"xs_feed_email\"\n                           onclick=\"xs_social_sharer(this);\"\n                           data-pid=\"2302\"\n                           data-uri_hash=\"f72744205774a25ffe9429d703b836ae\"\n                           data-key=\"email\"\n                           data-xs-href=\"mailto:?body=Title%3A+S%C3%A9curit%C3%A9+%C3%A0+Port-au-Prince+%3A+Le+Premier+ministre+Garry+Conille+se+rend+%C3%A0+la+Banque+de+la+R%C3%A9publique+d%26rsquo%3BHa%C3%AFti+pour+%C3%A9valuer+la+situation+%5Cn%5Cn+URL%3A+https%3A%2F%2Fvelipost.com%2Findex.php%3Frest_route%3D%252Fwp%252Fv2%252Fposts%252F2302&amp;subject=S%C3%A9curit%C3%A9+%C3%A0+Port-au-Prince+%3A+Le+Premier+ministre+Garry+Conille+se+rend+%C3%A0+la+Banque+de+la+R%C3%A9publique+d%26rsquo%3BHa%C3%AFti+pour+%C3%A9valuer+la+situation\">\n\n                            <div class=\"xs-social-icon\">\n                                <span class=\"met-social met-social-email\"><\/span>\n                            <\/div>\n\n\t\t\t\t\t\t\t\n                            <div class=\"wslu-hover-content\">\n                                <div class=\"xs-social-followers\">\n\t\t\t\t\t\t\t\t\t0                                <\/div>\n                                <div class=\"xs-social-follower-text\">\n\t\t\t\t\t\t\t\t\tShare                                <\/div>\n                                <div class=\"xs-social-follower-label\">\n\t\t\t\t\t\t\t\t\tEmail                                <\/div>\n                            <\/div>\n                        <\/a>\n                    <\/li>\n\t\t\t\t\t        <\/ul>\n    <\/div> \n","protected":false},"excerpt":{"rendered":"<p>Le Premier ministre, Dr Garry Conille, a visit\u00e9 la Banque de la R\u00e9publique d&rsquo;Ha\u00efti (BRH) pour faire un \u00e9tat des lieux de la situation<\/p>\n","protected":false},"author":1,"featured_media":2304,"comment_status":"open","ping_status":"open","sticky":false,"template":"","format":"standard","meta":{"_uag_custom_page_level_css":"","footnotes":"","jetpack_publicize_message":"","jetpack_publicize_feature_enabled":true,"jetpack_social_post_already_shared":false,"jetpack_social_options":{"image_generator_settings":{"template":"highway","default_image_id":0,"font":"","enabled":false},"version":2}},"categories":[255],"tags":[],"class_list":["post-2302","post","type-post","status-publish","format-standard","has-post-thumbnail","hentry","category-securite"],"yoast_head":"<!-- This site is optimized with the Yoast SEO plugin v25.3.1 - https:\/\/yoast.com\/wordpress\/plugins\/seo\/ -->\n<title>S\u00e9curit\u00e9 \u00e0 Port-au-Prince : Le Premier ministre Garry Conille se rend \u00e0 la Banque de la R\u00e9publique d&#039;Ha\u00efti pour \u00e9valuer la situation &#8211; VeliPost<\/title>\n<meta name=\"robots\" content=\"index, follow, max-snippet:-1, max-image-preview:large, max-video-preview:-1\" \/>\n<link rel=\"canonical\" href=\"https:\/\/velipost.com\/?p=2302\" \/>\n<meta property=\"og:locale\" content=\"fr_FR\" \/>\n<meta property=\"og:type\" content=\"article\" \/>\n<meta property=\"og:title\" content=\"S\u00e9curit\u00e9 \u00e0 Port-au-Prince : Le Premier ministre Garry Conille se rend \u00e0 la Banque de la R\u00e9publique d&#039;Ha\u00efti pour \u00e9valuer la situation &#8211; VeliPost\" \/>\n<meta property=\"og:description\" content=\"Le Premier ministre, Dr Garry Conille, a visit\u00e9 la Banque de la R\u00e9publique d&rsquo;Ha\u00efti (BRH) pour faire un \u00e9tat des lieux de la situation\" \/>\n<meta property=\"og:url\" content=\"https:\/\/velipost.com\/?p=2302\" \/>\n<meta property=\"og:site_name\" content=\"VeliPost\" \/>\n<meta property=\"article:publisher\" content=\"https:\/\/www.facebook.com\/veliposthaiti\" \/>\n<meta property=\"article:published_time\" content=\"2024-09-17T20:05:20+00:00\" \/>\n<meta property=\"article:modified_time\" content=\"2024-09-17T20:05:21+00:00\" \/>\n<meta property=\"og:image\" content=\"https:\/\/velipost.com\/wp-content\/uploads\/2024\/09\/pm.jpg\" \/>\n\t<meta property=\"og:image:width\" content=\"1170\" \/>\n\t<meta property=\"og:image:height\" content=\"603\" \/>\n\t<meta property=\"og:image:type\" content=\"image\/jpeg\" \/>\n<meta name=\"author\" content=\"VeliPost\" \/>\n<meta name=\"twitter:card\" content=\"summary_large_image\" \/>\n<meta name=\"twitter:creator\" content=\"@veliposthaiti\" \/>\n<meta name=\"twitter:site\" content=\"@veliposthaiti\" \/>\n<meta name=\"twitter:label1\" content=\"\u00c9crit par\" \/>\n\t<meta name=\"twitter:data1\" content=\"VeliPost\" \/>\n\t<meta name=\"twitter:label2\" content=\"Dur\u00e9e de lecture estim\u00e9e\" \/>\n\t<meta name=\"twitter:data2\" content=\"2 minutes\" \/>\n<script type=\"application\/ld+json\" class=\"yoast-schema-graph\">{\"@context\":\"https:\/\/schema.org\",\"@graph\":[{\"@type\":\"Article\",\"@id\":\"https:\/\/velipost.com\/?p=2302#article\",\"isPartOf\":{\"@id\":\"https:\/\/velipost.com\/?p=2302\"},\"author\":{\"name\":\"VeliPost\",\"@id\":\"https:\/\/velipost.com\/#\/schema\/person\/32ff49a53c9c1bb24302ee8ece058096\"},\"headline\":\"S\u00e9curit\u00e9 \u00e0 Port-au-Prince : Le Premier ministre Garry Conille se rend \u00e0 la Banque de la R\u00e9publique d&rsquo;Ha\u00efti pour \u00e9valuer la situation\",\"datePublished\":\"2024-09-17T20:05:20+00:00\",\"dateModified\":\"2024-09-17T20:05:21+00:00\",\"mainEntityOfPage\":{\"@id\":\"https:\/\/velipost.com\/?p=2302\"},\"wordCount\":273,\"commentCount\":0,\"publisher\":{\"@id\":\"https:\/\/velipost.com\/#organization\"},\"image\":{\"@id\":\"https:\/\/velipost.com\/?p=2302#primaryimage\"},\"thumbnailUrl\":\"https:\/\/velipost.com\/wp-content\/uploads\/2024\/09\/pm.jpg\",\"articleSection\":[\"S\u00e9curit\u00e9\"],\"inLanguage\":\"fr-FR\",\"potentialAction\":[{\"@type\":\"CommentAction\",\"name\":\"Comment\",\"target\":[\"https:\/\/velipost.com\/?p=2302#respond\"]}]},{\"@type\":\"WebPage\",\"@id\":\"https:\/\/velipost.com\/?p=2302\",\"url\":\"https:\/\/velipost.com\/?p=2302\",\"name\":\"S\u00e9curit\u00e9 \u00e0 Port-au-Prince : Le Premier ministre Garry Conille se rend \u00e0 la Banque de la R\u00e9publique d'Ha\u00efti pour \u00e9valuer la situation &#8211; VeliPost\",\"isPartOf\":{\"@id\":\"https:\/\/velipost.com\/#website\"},\"primaryImageOfPage\":{\"@id\":\"https:\/\/velipost.com\/?p=2302#primaryimage\"},\"image\":{\"@id\":\"https:\/\/velipost.com\/?p=2302#primaryimage\"},\"thumbnailUrl\":\"https:\/\/velipost.com\/wp-content\/uploads\/2024\/09\/pm.jpg\",\"datePublished\":\"2024-09-17T20:05:20+00:00\",\"dateModified\":\"2024-09-17T20:05:21+00:00\",\"breadcrumb\":{\"@id\":\"https:\/\/velipost.com\/?p=2302#breadcrumb\"},\"inLanguage\":\"fr-FR\",\"potentialAction\":[{\"@type\":\"ReadAction\",\"target\":[\"https:\/\/velipost.com\/?p=2302\"]}]},{\"@type\":\"ImageObject\",\"inLanguage\":\"fr-FR\",\"@id\":\"https:\/\/velipost.com\/?p=2302#primaryimage\",\"url\":\"https:\/\/velipost.com\/wp-content\/uploads\/2024\/09\/pm.jpg\",\"contentUrl\":\"https:\/\/velipost.com\/wp-content\/uploads\/2024\/09\/pm.jpg\",\"width\":1170,\"height\":603},{\"@type\":\"BreadcrumbList\",\"@id\":\"https:\/\/velipost.com\/?p=2302#breadcrumb\",\"itemListElement\":[{\"@type\":\"ListItem\",\"position\":1,\"name\":\"Accueil\",\"item\":\"https:\/\/velipost.com\/\"},{\"@type\":\"ListItem\",\"position\":2,\"name\":\"S\u00e9curit\u00e9 \u00e0 Port-au-Prince : Le Premier ministre Garry Conille se rend \u00e0 la Banque de la R\u00e9publique d&#8217;Ha\u00efti pour \u00e9valuer la situation\"}]},{\"@type\":\"WebSite\",\"@id\":\"https:\/\/velipost.com\/#website\",\"url\":\"https:\/\/velipost.com\/\",\"name\":\"VeliPost\",\"description\":\"L\u2019info en un clic\",\"publisher\":{\"@id\":\"https:\/\/velipost.com\/#organization\"},\"potentialAction\":[{\"@type\":\"SearchAction\",\"target\":{\"@type\":\"EntryPoint\",\"urlTemplate\":\"https:\/\/velipost.com\/?s={search_term_string}\"},\"query-input\":{\"@type\":\"PropertyValueSpecification\",\"valueRequired\":true,\"valueName\":\"search_term_string\"}}],\"inLanguage\":\"fr-FR\"},{\"@type\":\"Organization\",\"@id\":\"https:\/\/velipost.com\/#organization\",\"name\":\"VeliPost\",\"url\":\"https:\/\/velipost.com\/\",\"logo\":{\"@type\":\"ImageObject\",\"inLanguage\":\"fr-FR\",\"@id\":\"https:\/\/velipost.com\/#\/schema\/logo\/image\/\",\"url\":\"https:\/\/velipost.com\/wp-content\/uploads\/2024\/08\/cropped-VP-logo-piti.png\",\"contentUrl\":\"https:\/\/velipost.com\/wp-content\/uploads\/2024\/08\/cropped-VP-logo-piti.png\",\"width\":201,\"height\":69,\"caption\":\"VeliPost\"},\"image\":{\"@id\":\"https:\/\/velipost.com\/#\/schema\/logo\/image\/\"},\"sameAs\":[\"https:\/\/www.facebook.com\/veliposthaiti\",\"https:\/\/x.com\/veliposthaiti\",\"https:\/\/www.instagram.com\/veliposthaiti\"]},{\"@type\":\"Person\",\"@id\":\"https:\/\/velipost.com\/#\/schema\/person\/32ff49a53c9c1bb24302ee8ece058096\",\"name\":\"VeliPost\",\"image\":{\"@type\":\"ImageObject\",\"inLanguage\":\"fr-FR\",\"@id\":\"https:\/\/velipost.com\/#\/schema\/person\/image\/\",\"url\":\"https:\/\/secure.gravatar.com\/avatar\/57c226c264de62f794185a89596d4a37b85a5ad20aca30d9d5a478b27d8c8d9d?s=96&d=mm&r=g\",\"contentUrl\":\"https:\/\/secure.gravatar.com\/avatar\/57c226c264de62f794185a89596d4a37b85a5ad20aca30d9d5a478b27d8c8d9d?s=96&d=mm&r=g\",\"caption\":\"VeliPost\"},\"sameAs\":[\"https:\/\/velipost.com\"],\"url\":\"https:\/\/velipost.com\/?author=1\"}]}<\/script>\n<!-- \/ Yoast SEO plugin. -->","yoast_head_json":{"title":"S\u00e9curit\u00e9 \u00e0 Port-au-Prince : Le Premier ministre Garry Conille se rend \u00e0 la Banque de la R\u00e9publique d'Ha\u00efti pour \u00e9valuer la situation &#8211; VeliPost","robots":{"index":"index","follow":"follow","max-snippet":"max-snippet:-1","max-image-preview":"max-image-preview:large","max-video-preview":"max-video-preview:-1"},"canonical":"https:\/\/velipost.com\/?p=2302","og_locale":"fr_FR","og_type":"article","og_title":"S\u00e9curit\u00e9 \u00e0 Port-au-Prince : Le Premier ministre Garry Conille se rend \u00e0 la Banque de la R\u00e9publique d'Ha\u00efti pour \u00e9valuer la situation &#8211; VeliPost","og_description":"Le Premier ministre, Dr Garry Conille, a visit\u00e9 la Banque de la R\u00e9publique d&rsquo;Ha\u00efti (BRH) pour faire un \u00e9tat des lieux de la situation","og_url":"https:\/\/velipost.com\/?p=2302","og_site_name":"VeliPost","article_publisher":"https:\/\/www.facebook.com\/veliposthaiti","article_published_time":"2024-09-17T20:05:20+00:00","article_modified_time":"2024-09-17T20:05:21+00:00","og_image":[{"width":1170,"height":603,"url":"https:\/\/velipost.com\/wp-content\/uploads\/2024\/09\/pm.jpg","type":"image\/jpeg"}],"author":"VeliPost","twitter_card":"summary_large_image","twitter_creator":"@veliposthaiti","twitter_site":"@veliposthaiti","twitter_misc":{"\u00c9crit par":"VeliPost","Dur\u00e9e de lecture estim\u00e9e":"2 minutes"},"schema":{"@context":"https:\/\/schema.org","@graph":[{"@type":"Article","@id":"https:\/\/velipost.com\/?p=2302#article","isPartOf":{"@id":"https:\/\/velipost.com\/?p=2302"},"author":{"name":"VeliPost","@id":"https:\/\/velipost.com\/#\/schema\/person\/32ff49a53c9c1bb24302ee8ece058096"},"headline":"S\u00e9curit\u00e9 \u00e0 Port-au-Prince : Le Premier ministre Garry Conille se rend \u00e0 la Banque de la R\u00e9publique d&rsquo;Ha\u00efti pour \u00e9valuer la situation","datePublished":"2024-09-17T20:05:20+00:00","dateModified":"2024-09-17T20:05:21+00:00","mainEntityOfPage":{"@id":"https:\/\/velipost.com\/?p=2302"},"wordCount":273,"commentCount":0,"publisher":{"@id":"https:\/\/velipost.com\/#organization"},"image":{"@id":"https:\/\/velipost.com\/?p=2302#primaryimage"},"thumbnailUrl":"https:\/\/velipost.com\/wp-content\/uploads\/2024\/09\/pm.jpg","articleSection":["S\u00e9curit\u00e9"],"inLanguage":"fr-FR","potentialAction":[{"@type":"CommentAction","name":"Comment","target":["https:\/\/velipost.com\/?p=2302#respond"]}]},{"@type":"WebPage","@id":"https:\/\/velipost.com\/?p=2302","url":"https:\/\/velipost.com\/?p=2302","name":"S\u00e9curit\u00e9 \u00e0 Port-au-Prince : Le Premier ministre Garry Conille se rend \u00e0 la Banque de la R\u00e9publique d'Ha\u00efti pour \u00e9valuer la situation &#8211; VeliPost","isPartOf":{"@id":"https:\/\/velipost.com\/#website"},"primaryImageOfPage":{"@id":"https:\/\/velipost.com\/?p=2302#primaryimage"},"image":{"@id":"https:\/\/velipost.com\/?p=2302#primaryimage"},"thumbnailUrl":"https:\/\/velipost.com\/wp-content\/uploads\/2024\/09\/pm.jpg","datePublished":"2024-09-17T20:05:20+00:00","dateModified":"2024-09-17T20:05:21+00:00","breadcrumb":{"@id":"https:\/\/velipost.com\/?p=2302#breadcrumb"},"inLanguage":"fr-FR","potentialAction":[{"@type":"ReadAction","target":["https:\/\/velipost.com\/?p=2302"]}]},{"@type":"ImageObject","inLanguage":"fr-FR","@id":"https:\/\/velipost.com\/?p=2302#primaryimage","url":"https:\/\/velipost.com\/wp-content\/uploads\/2024\/09\/pm.jpg","contentUrl":"https:\/\/velipost.com\/wp-content\/uploads\/2024\/09\/pm.jpg","width":1170,"height":603},{"@type":"BreadcrumbList","@id":"https:\/\/velipost.com\/?p=2302#breadcrumb","itemListElement":[{"@type":"ListItem","position":1,"name":"Accueil","item":"https:\/\/velipost.com\/"},{"@type":"ListItem","position":2,"name":"S\u00e9curit\u00e9 \u00e0 Port-au-Prince : Le Premier ministre Garry Conille se rend \u00e0 la Banque de la R\u00e9publique d&#8217;Ha\u00efti pour \u00e9valuer la situation"}]},{"@type":"WebSite","@id":"https:\/\/velipost.com\/#website","url":"https:\/\/velipost.com\/","name":"VeliPost","description":"L\u2019info en un clic","publisher":{"@id":"https:\/\/velipost.com\/#organization"},"potentialAction":[{"@type":"SearchAction","target":{"@type":"EntryPoint","urlTemplate":"https:\/\/velipost.com\/?s={search_term_string}"},"query-input":{"@type":"PropertyValueSpecification","valueRequired":true,"valueName":"search_term_string"}}],"inLanguage":"fr-FR"},{"@type":"Organization","@id":"https:\/\/velipost.com\/#organization","name":"VeliPost","url":"https:\/\/velipost.com\/","logo":{"@type":"ImageObject","inLanguage":"fr-FR","@id":"https:\/\/velipost.com\/#\/schema\/logo\/image\/","url":"https:\/\/velipost.com\/wp-content\/uploads\/2024\/08\/cropped-VP-logo-piti.png","contentUrl":"https:\/\/velipost.com\/wp-content\/uploads\/2024\/08\/cropped-VP-logo-piti.png","width":201,"height":69,"caption":"VeliPost"},"image":{"@id":"https:\/\/velipost.com\/#\/schema\/logo\/image\/"},"sameAs":["https:\/\/www.facebook.com\/veliposthaiti","https:\/\/x.com\/veliposthaiti","https:\/\/www.instagram.com\/veliposthaiti"]},{"@type":"Person","@id":"https:\/\/velipost.com\/#\/schema\/person\/32ff49a53c9c1bb24302ee8ece058096","name":"VeliPost","image":{"@type":"ImageObject","inLanguage":"fr-FR","@id":"https:\/\/velipost.com\/#\/schema\/person\/image\/","url":"https:\/\/secure.gravatar.com\/avatar\/57c226c264de62f794185a89596d4a37b85a5ad20aca30d9d5a478b27d8c8d9d?s=96&d=mm&r=g","contentUrl":"https:\/\/secure.gravatar.com\/avatar\/57c226c264de62f794185a89596d4a37b85a5ad20aca30d9d5a478b27d8c8d9d?s=96&d=mm&r=g","caption":"VeliPost"},"sameAs":["https:\/\/velipost.com"],"url":"https:\/\/velipost.com\/?author=1"}]}},"views":2,"jetpack_publicize_connections":[],"uagb_featured_image_src":{"full":["https:\/\/velipost.com\/wp-content\/uploads\/2024\/09\/pm.jpg",1170,603,false],"thumbnail":["https:\/\/velipost.com\/wp-content\/uploads\/2024\/09\/pm-150x150.jpg",150,150,true],"medium":["https:\/\/velipost.com\/wp-content\/uploads\/2024\/09\/pm-300x155.jpg",300,155,true],"medium_large":["https:\/\/velipost.com\/wp-content\/uploads\/2024\/09\/pm-768x396.jpg",715,369,true],"large":["https:\/\/velipost.com\/wp-content\/uploads\/2024\/09\/pm-1024x528.jpg",715,369,true],"1536x1536":["https:\/\/velipost.com\/wp-content\/uploads\/2024\/09\/pm.jpg",1170,603,false],"2048x2048":["https:\/\/velipost.com\/wp-content\/uploads\/2024\/09\/pm.jpg",1170,603,false],"colornews-big-slider":["https:\/\/velipost.com\/wp-content\/uploads\/2024\/09\/pm-1070x470.jpg",1070,470,true],"colornews-big-slider-thumb":["https:\/\/velipost.com\/wp-content\/uploads\/2024\/09\/pm-184x109.jpg",184,109,true],"colornews-featured-post-medium":["https:\/\/velipost.com\/wp-content\/uploads\/2024\/09\/pm-345x265.jpg",345,265,true],"colornews-featured-post-small":["https:\/\/velipost.com\/wp-content\/uploads\/2024\/09\/pm-115x73.jpg",115,73,true],"colornews-random-posts":["https:\/\/velipost.com\/wp-content\/uploads\/2024\/09\/pm-215x215.jpg",215,215,true],"colornews-featured-image":["https:\/\/velipost.com\/wp-content\/uploads\/2024\/09\/pm-715x400.jpg",715,400,true],"mailpoet_newsletter_max":["https:\/\/velipost.com\/wp-content\/uploads\/2024\/09\/pm.jpg",1170,603,false]},"uagb_author_info":{"display_name":"VeliPost","author_link":"https:\/\/velipost.com\/?author=1"},"uagb_comment_info":0,"uagb_excerpt":"Le Premier ministre, Dr Garry Conille, a visit\u00e9 la Banque de la R\u00e9publique d&rsquo;Ha\u00efti (BRH) pour faire un \u00e9tat des lieux de la situation","_links":{"self":[{"href":"https:\/\/velipost.com\/index.php?rest_route=\/wp\/v2\/posts\/2302","targetHints":{"allow":["GET"]}}],"collection":[{"href":"https:\/\/velipost.com\/index.php?rest_route=\/wp\/v2\/posts"}],"about":[{"href":"https:\/\/velipost.com\/index.php?rest_route=\/wp\/v2\/types\/post"}],"author":[{"embeddable":true,"href":"https:\/\/velipost.com\/index.php?rest_route=\/wp\/v2\/users\/1"}],"replies":[{"embeddable":true,"href":"https:\/\/velipost.com\/index.php?rest_route=%2Fwp%2Fv2%2Fcomments&post=2302"}],"version-history":[{"count":1,"href":"https:\/\/velipost.com\/index.php?rest_route=\/wp\/v2\/posts\/2302\/revisions"}],"predecessor-version":[{"id":2305,"href":"https:\/\/velipost.com\/index.php?rest_route=\/wp\/v2\/posts\/2302\/revisions\/2305"}],"wp:featuredmedia":[{"embeddable":true,"href":"https:\/\/velipost.com\/index.php?rest_route=\/wp\/v2\/media\/2304"}],"wp:attachment":[{"href":"https:\/\/velipost.com\/index.php?rest_route=%2Fwp%2Fv2%2Fmedia&parent=2302"}],"wp:term":[{"taxonomy":"category","embeddable":true,"href":"https:\/\/velipost.com\/index.php?rest_route=%2Fwp%2Fv2%2Fcategories&post=2302"},{"taxonomy":"post_tag","embeddable":true,"href":"https:\/\/velipost.com\/index.php?rest_route=%2Fwp%2Fv2%2Ftags&post=2302"}],"curies":[{"name":"wp","href":"https:\/\/api.w.org\/{rel}","templated":true}]}}