{"id":2280,"date":"2024-09-15T23:37:12","date_gmt":"2024-09-15T21:37:12","guid":{"rendered":"https:\/\/velipost.com\/?p=2280"},"modified":"2024-09-15T23:37:13","modified_gmt":"2024-09-15T21:37:13","slug":"le-grand-barca-est-de-retour-ansy-flick-ramene-la-gloire-au-camp-nou","status":"publish","type":"post","link":"https:\/\/velipost.com\/?p=2280","title":{"rendered":"Le Grand Bar\u00e7a Est de Retour : Ansy Flick Ram\u00e8ne la Gloire au Camp Nou"},"content":{"rendered":"\n<p>Depuis l\u2019arriv\u00e9e d\u2019Ansy Flick \u00e0 la t\u00eate du FC Barcelone, le club catalan vit une v\u00e9ritable renaissance. En quelques semaines seulement, Flick a redonn\u00e9 \u00e0 l&rsquo;\u00e9quipe une identit\u00e9 de jeu, une intensit\u00e9 retrouv\u00e9e et, surtout, la passion qui semblait s\u2019\u00eatre \u00e9teinte. Ce nouvel \u00e9lan, qui rappelle les grandes heures du Bar\u00e7a, n\u2019est pas pass\u00e9 inaper\u00e7u. Les fans ne peuvent plus contenir leur joie devant cette m\u00e9tamorphose fulgurante.<\/p>\n\n\n\n<p><strong>Une \u00e9quipe m\u00e9tamorphos\u00e9e<\/strong><\/p>\n\n\n\n<p>D\u00e8s ses premiers matchs, Flick a r\u00e9ussi \u00e0 imposer son style : un jeu rapide, offensif et collectif. On assiste \u00e0 un pressing constant, une coh\u00e9sion jamais vue depuis plusieurs ann\u00e9es. Les joueurs semblent infatigables, m\u00eame dans les derni\u00e8res minutes des matchs. Ils se trouvent sur le terrain avec une facilit\u00e9 d\u00e9concertante, r\u00e9alisant des passes qui cassent les lignes adverses et encha\u00eenant les occasions de but.<\/p>\n\n\n\n<p>Sous Flick, des joueurs comme Eric Garcia et I\u00f1igo Mart\u00ednez, souvent critiqu\u00e9s auparavant, se sont transform\u00e9s en piliers de l\u2019\u00e9quipe. Et que dire des jeunes talents issus de La Masia ? Ils explosent sous la direction de Flick, apportant fra\u00eecheur et dynamisme \u00e0 chaque rencontre.<\/p>\n\n\n\n<p><strong>Un bilan impressionnant<\/strong><\/p>\n\n\n\n<p>Le bilan est tout simplement incroyable : cinq victoires en cinq matchs de Liga, 17 buts marqu\u00e9s et seulement quatre encaiss\u00e9s. Au-del\u00e0 des chiffres, c\u2019est la qualit\u00e9 du jeu et la condition physique des joueurs qui impressionnent le plus. Chacun se donne \u00e0 fond sur le terrain, et cela se ressent dans les performances. L&rsquo;\u00e9quipe joue avec une fluidit\u00e9 et une confiance retrouv\u00e9es, rappelant les grandes ann\u00e9es du Bar\u00e7a sous Luis Enrique ou Pep Guardiola.<\/p>\n\n\n\n<p><strong>Un renouveau apr\u00e8s les ann\u00e9es difficiles<\/strong><\/p>\n\n\n\n<p>Apr\u00e8s les ann\u00e9es sombres sous la pr\u00e9sidence de Bartomeu, o\u00f9 le club semblait au bord de l\u2019effondrement, Ansy Flick a ramen\u00e9 l\u2019espoir. Les fans, longtemps frustr\u00e9s par les r\u00e9sultats et le manque de spectacle, retrouvent aujourd\u2019hui la joie de voir leur \u00e9quipe briller \u00e0 nouveau. Ce renouveau est palpable aussi bien sur le terrain que dans les tribunes, o\u00f9 l\u2019enthousiasme est \u00e0 son comble.<\/p>\n\n\n\n<p><strong>Un avenir prometteur<\/strong><\/p>\n\n\n\n<p>Le FC Barcelone semble enfin pr\u00eat \u00e0 redevenir un acteur majeur sur la sc\u00e8ne europ\u00e9enne. Avec Flick aux commandes, les supporters peuvent r\u00eaver \u00e0 nouveau de titres et de grandes performances. Ce Bar\u00e7a est en pleine reconstruction, mais il est d\u00e9j\u00e0 redoutable.<\/p>\n\n\n\n<p>Si cette dynamique se poursuit, il ne fait aucun doute que le Bar\u00e7a d\u2019Ansy Flick marquera l\u2019histoire du football, et que cette saison pourrait \u00eatre celle de tous les succ\u00e8s.<\/p>\n\n\n\n<p><em>Le grand Bar\u00e7a est donc bel et bien de retour. Et sous la houlette d\u2019Ansy Flick, il est pr\u00eat \u00e0 reconqu\u00e9rir le c\u0153ur des supporters et \u00e0 ravir les amateurs de football du monde entier. Le retour de la magie catalane est plus que jamais d\u2019actualit\u00e9, et la saison en cours s\u2019annonce exceptionnelle.<\/em><\/p>\n\n    <div class=\"xs_social_share_widget xs_share_url after_content \t\tmain_content  wslu-style-3 wslu-share-box-shaped wslu-fill-brand-hover-colored wslu-share-m-5 wslu-none wslu-share-horizontal wslu-theme-font-no wslu-main_content\">\n\n\t\t\n        <ul>\n\t\t\t                    <li class=\"xs-share-li twitter                        wslu-no-extra-data\">\n                        <a href=\"javascript:void(0);\"\n                           id=\"xs_feed_twitter\"\n                           onclick=\"xs_social_sharer(this);\"\n                           data-pid=\"2280\"\n                           data-uri_hash=\"c6a7755f681a89bac95412d19f7ca2d2\"\n                           data-key=\"twitter\"\n                           data-xs-href=\"https:\/\/twitter.com\/intent\/tweet?text=Le+Grand+Bar%C3%A7a+Est+de+Retour+%3A+Ansy+Flick+Ram%C3%A8ne+la+Gloire+au+Camp+Nou+https%3A%2F%2Fvelipost.com%2Findex.php%3Frest_route%3D%252Fwp%252Fv2%252Fposts%252F2280&amp;original_referer=https%3A%2F%2Fvelipost.com%2Findex.php%3Frest_route%3D%252Fwp%252Fv2%252Fposts%252F2280&amp;related=xpeedstudio\">\n\n                            <div class=\"xs-social-icon\">\n                                <span class=\"met-social met-social-twitter\"><\/span>\n                            <\/div>\n\n\t\t\t\t\t\t\t\n                            <div class=\"wslu-hover-content\">\n                                <div class=\"xs-social-followers\">\n\t\t\t\t\t\t\t\t\t10                                <\/div>\n                                <div class=\"xs-social-follower-text\">\n\t\t\t\t\t\t\t\t\tShare                                <\/div>\n                                <div class=\"xs-social-follower-label\">\n\t\t\t\t\t\t\t\t\tTwitter                                <\/div>\n                            <\/div>\n                        <\/a>\n                    <\/li>\n\t\t\t\t\t                    <li class=\"xs-share-li telegram                        wslu-no-extra-data\">\n                        <a href=\"javascript:void(0);\"\n                           id=\"xs_feed_telegram\"\n                           onclick=\"xs_social_sharer(this);\"\n                           data-pid=\"2280\"\n                           data-uri_hash=\"c6a7755f681a89bac95412d19f7ca2d2\"\n                           data-key=\"telegram\"\n                           data-xs-href=\"https:\/\/telegram.me\/share\/url?url=https%3A%2F%2Fvelipost.com%2Findex.php%3Frest_route%3D%252Fwp%252Fv2%252Fposts%252F2280&amp;text=Le+Grand+Bar%C3%A7a+Est+de+Retour+%3A+Ansy+Flick+Ram%C3%A8ne+la+Gloire+au+Camp+Nou\">\n\n                            <div class=\"xs-social-icon\">\n                                <span class=\"met-social met-social-telegram\"><\/span>\n                            <\/div>\n\n\t\t\t\t\t\t\t\n                            <div class=\"wslu-hover-content\">\n                                <div class=\"xs-social-followers\">\n\t\t\t\t\t\t\t\t\t0                                <\/div>\n                                <div class=\"xs-social-follower-text\">\n\t\t\t\t\t\t\t\t\tShare                                <\/div>\n                                <div class=\"xs-social-follower-label\">\n\t\t\t\t\t\t\t\t\tTelegram                                <\/div>\n                            <\/div>\n                        <\/a>\n                    <\/li>\n\t\t\t\t\t                    <li class=\"xs-share-li email                        wslu-no-extra-data\">\n                        <a href=\"javascript:void(0);\"\n                           id=\"xs_feed_email\"\n                           onclick=\"xs_social_sharer(this);\"\n                           data-pid=\"2280\"\n                           data-uri_hash=\"c6a7755f681a89bac95412d19f7ca2d2\"\n                           data-key=\"email\"\n                           data-xs-href=\"mailto:?body=Title%3A+Le+Grand+Bar%C3%A7a+Est+de+Retour+%3A+Ansy+Flick+Ram%C3%A8ne+la+Gloire+au+Camp+Nou+%5Cn%5Cn+URL%3A+https%3A%2F%2Fvelipost.com%2Findex.php%3Frest_route%3D%252Fwp%252Fv2%252Fposts%252F2280&amp;subject=Le+Grand+Bar%C3%A7a+Est+de+Retour+%3A+Ansy+Flick+Ram%C3%A8ne+la+Gloire+au+Camp+Nou\">\n\n                            <div class=\"xs-social-icon\">\n                                <span class=\"met-social met-social-email\"><\/span>\n                            <\/div>\n\n\t\t\t\t\t\t\t\n                            <div class=\"wslu-hover-content\">\n                                <div class=\"xs-social-followers\">\n\t\t\t\t\t\t\t\t\t0                                <\/div>\n                                <div class=\"xs-social-follower-text\">\n\t\t\t\t\t\t\t\t\tShare                                <\/div>\n                                <div class=\"xs-social-follower-label\">\n\t\t\t\t\t\t\t\t\tEmail                                <\/div>\n                            <\/div>\n                        <\/a>\n                    <\/li>\n\t\t\t\t\t        <\/ul>\n    <\/div> \n","protected":false},"excerpt":{"rendered":"<p>Depuis l\u2019arriv\u00e9e d\u2019Ansy Flick \u00e0 la t\u00eate du FC Barcelone, le club catalan vit une v\u00e9ritable renaissance. En quelques semaines seulement, Flick a redonn\u00e9<\/p>\n","protected":false},"author":1,"featured_media":2281,"comment_status":"open","ping_status":"open","sticky":false,"template":"","format":"standard","meta":{"_uag_custom_page_level_css":"","footnotes":"","jetpack_publicize_message":"","jetpack_publicize_feature_enabled":true,"jetpack_social_post_already_shared":false,"jetpack_social_options":{"image_generator_settings":{"template":"highway","default_image_id":0,"font":"","enabled":false},"version":2}},"categories":[6],"tags":[],"class_list":["post-2280","post","type-post","status-publish","format-standard","has-post-thumbnail","hentry","category-sport"],"yoast_head":"<!-- This site is optimized with the Yoast SEO plugin v25.3.1 - https:\/\/yoast.com\/wordpress\/plugins\/seo\/ -->\n<title>Le Grand Bar\u00e7a Est de Retour : Ansy Flick Ram\u00e8ne la Gloire au Camp Nou &#8211; VeliPost<\/title>\n<meta name=\"robots\" content=\"index, follow, max-snippet:-1, max-image-preview:large, max-video-preview:-1\" \/>\n<link rel=\"canonical\" href=\"https:\/\/velipost.com\/?p=2280\" \/>\n<meta property=\"og:locale\" content=\"fr_FR\" \/>\n<meta property=\"og:type\" content=\"article\" \/>\n<meta property=\"og:title\" content=\"Le Grand Bar\u00e7a Est de Retour : Ansy Flick Ram\u00e8ne la Gloire au Camp Nou &#8211; VeliPost\" \/>\n<meta property=\"og:description\" content=\"Depuis l\u2019arriv\u00e9e d\u2019Ansy Flick \u00e0 la t\u00eate du FC Barcelone, le club catalan vit une v\u00e9ritable renaissance. En quelques semaines seulement, Flick a redonn\u00e9\" \/>\n<meta property=\"og:url\" content=\"https:\/\/velipost.com\/?p=2280\" \/>\n<meta property=\"og:site_name\" content=\"VeliPost\" \/>\n<meta property=\"article:publisher\" content=\"https:\/\/www.facebook.com\/veliposthaiti\" \/>\n<meta property=\"article:published_time\" content=\"2024-09-15T21:37:12+00:00\" \/>\n<meta property=\"article:modified_time\" content=\"2024-09-15T21:37:13+00:00\" \/>\n<meta property=\"og:image\" content=\"https:\/\/velipost.com\/wp-content\/uploads\/2024\/09\/Cover-VP-3.jpg\" \/>\n\t<meta property=\"og:image:width\" content=\"1170\" \/>\n\t<meta property=\"og:image:height\" content=\"603\" \/>\n\t<meta property=\"og:image:type\" content=\"image\/jpeg\" \/>\n<meta name=\"author\" content=\"VeliPost\" \/>\n<meta name=\"twitter:card\" content=\"summary_large_image\" \/>\n<meta name=\"twitter:creator\" content=\"@veliposthaiti\" \/>\n<meta name=\"twitter:site\" content=\"@veliposthaiti\" \/>\n<meta name=\"twitter:label1\" content=\"\u00c9crit par\" \/>\n\t<meta name=\"twitter:data1\" content=\"VeliPost\" \/>\n\t<meta name=\"twitter:label2\" content=\"Dur\u00e9e de lecture estim\u00e9e\" \/>\n\t<meta name=\"twitter:data2\" content=\"3 minutes\" \/>\n<script type=\"application\/ld+json\" class=\"yoast-schema-graph\">{\"@context\":\"https:\/\/schema.org\",\"@graph\":[{\"@type\":\"Article\",\"@id\":\"https:\/\/velipost.com\/?p=2280#article\",\"isPartOf\":{\"@id\":\"https:\/\/velipost.com\/?p=2280\"},\"author\":{\"name\":\"VeliPost\",\"@id\":\"https:\/\/velipost.com\/#\/schema\/person\/32ff49a53c9c1bb24302ee8ece058096\"},\"headline\":\"Le Grand Bar\u00e7a Est de Retour : Ansy Flick Ram\u00e8ne la Gloire au Camp Nou\",\"datePublished\":\"2024-09-15T21:37:12+00:00\",\"dateModified\":\"2024-09-15T21:37:13+00:00\",\"mainEntityOfPage\":{\"@id\":\"https:\/\/velipost.com\/?p=2280\"},\"wordCount\":521,\"commentCount\":0,\"publisher\":{\"@id\":\"https:\/\/velipost.com\/#organization\"},\"image\":{\"@id\":\"https:\/\/velipost.com\/?p=2280#primaryimage\"},\"thumbnailUrl\":\"https:\/\/velipost.com\/wp-content\/uploads\/2024\/09\/Cover-VP-3.jpg\",\"articleSection\":[\"Sport\"],\"inLanguage\":\"fr-FR\",\"potentialAction\":[{\"@type\":\"CommentAction\",\"name\":\"Comment\",\"target\":[\"https:\/\/velipost.com\/?p=2280#respond\"]}]},{\"@type\":\"WebPage\",\"@id\":\"https:\/\/velipost.com\/?p=2280\",\"url\":\"https:\/\/velipost.com\/?p=2280\",\"name\":\"Le Grand Bar\u00e7a Est de Retour : Ansy Flick Ram\u00e8ne la Gloire au Camp Nou &#8211; VeliPost\",\"isPartOf\":{\"@id\":\"https:\/\/velipost.com\/#website\"},\"primaryImageOfPage\":{\"@id\":\"https:\/\/velipost.com\/?p=2280#primaryimage\"},\"image\":{\"@id\":\"https:\/\/velipost.com\/?p=2280#primaryimage\"},\"thumbnailUrl\":\"https:\/\/velipost.com\/wp-content\/uploads\/2024\/09\/Cover-VP-3.jpg\",\"datePublished\":\"2024-09-15T21:37:12+00:00\",\"dateModified\":\"2024-09-15T21:37:13+00:00\",\"breadcrumb\":{\"@id\":\"https:\/\/velipost.com\/?p=2280#breadcrumb\"},\"inLanguage\":\"fr-FR\",\"potentialAction\":[{\"@type\":\"ReadAction\",\"target\":[\"https:\/\/velipost.com\/?p=2280\"]}]},{\"@type\":\"ImageObject\",\"inLanguage\":\"fr-FR\",\"@id\":\"https:\/\/velipost.com\/?p=2280#primaryimage\",\"url\":\"https:\/\/velipost.com\/wp-content\/uploads\/2024\/09\/Cover-VP-3.jpg\",\"contentUrl\":\"https:\/\/velipost.com\/wp-content\/uploads\/2024\/09\/Cover-VP-3.jpg\",\"width\":1170,\"height\":603},{\"@type\":\"BreadcrumbList\",\"@id\":\"https:\/\/velipost.com\/?p=2280#breadcrumb\",\"itemListElement\":[{\"@type\":\"ListItem\",\"position\":1,\"name\":\"Accueil\",\"item\":\"https:\/\/velipost.com\/\"},{\"@type\":\"ListItem\",\"position\":2,\"name\":\"Le Grand Bar\u00e7a Est de Retour : Ansy Flick Ram\u00e8ne la Gloire au Camp Nou\"}]},{\"@type\":\"WebSite\",\"@id\":\"https:\/\/velipost.com\/#website\",\"url\":\"https:\/\/velipost.com\/\",\"name\":\"VeliPost\",\"description\":\"L\u2019info en un clic\",\"publisher\":{\"@id\":\"https:\/\/velipost.com\/#organization\"},\"potentialAction\":[{\"@type\":\"SearchAction\",\"target\":{\"@type\":\"EntryPoint\",\"urlTemplate\":\"https:\/\/velipost.com\/?s={search_term_string}\"},\"query-input\":{\"@type\":\"PropertyValueSpecification\",\"valueRequired\":true,\"valueName\":\"search_term_string\"}}],\"inLanguage\":\"fr-FR\"},{\"@type\":\"Organization\",\"@id\":\"https:\/\/velipost.com\/#organization\",\"name\":\"VeliPost\",\"url\":\"https:\/\/velipost.com\/\",\"logo\":{\"@type\":\"ImageObject\",\"inLanguage\":\"fr-FR\",\"@id\":\"https:\/\/velipost.com\/#\/schema\/logo\/image\/\",\"url\":\"https:\/\/velipost.com\/wp-content\/uploads\/2024\/08\/cropped-VP-logo-piti.png\",\"contentUrl\":\"https:\/\/velipost.com\/wp-content\/uploads\/2024\/08\/cropped-VP-logo-piti.png\",\"width\":201,\"height\":69,\"caption\":\"VeliPost\"},\"image\":{\"@id\":\"https:\/\/velipost.com\/#\/schema\/logo\/image\/\"},\"sameAs\":[\"https:\/\/www.facebook.com\/veliposthaiti\",\"https:\/\/x.com\/veliposthaiti\",\"https:\/\/www.instagram.com\/veliposthaiti\"]},{\"@type\":\"Person\",\"@id\":\"https:\/\/velipost.com\/#\/schema\/person\/32ff49a53c9c1bb24302ee8ece058096\",\"name\":\"VeliPost\",\"image\":{\"@type\":\"ImageObject\",\"inLanguage\":\"fr-FR\",\"@id\":\"https:\/\/velipost.com\/#\/schema\/person\/image\/\",\"url\":\"https:\/\/secure.gravatar.com\/avatar\/57c226c264de62f794185a89596d4a37b85a5ad20aca30d9d5a478b27d8c8d9d?s=96&d=mm&r=g\",\"contentUrl\":\"https:\/\/secure.gravatar.com\/avatar\/57c226c264de62f794185a89596d4a37b85a5ad20aca30d9d5a478b27d8c8d9d?s=96&d=mm&r=g\",\"caption\":\"VeliPost\"},\"sameAs\":[\"https:\/\/velipost.com\"],\"url\":\"https:\/\/velipost.com\/?author=1\"}]}<\/script>\n<!-- \/ Yoast SEO plugin. -->","yoast_head_json":{"title":"Le Grand Bar\u00e7a Est de Retour : Ansy Flick Ram\u00e8ne la Gloire au Camp Nou &#8211; VeliPost","robots":{"index":"index","follow":"follow","max-snippet":"max-snippet:-1","max-image-preview":"max-image-preview:large","max-video-preview":"max-video-preview:-1"},"canonical":"https:\/\/velipost.com\/?p=2280","og_locale":"fr_FR","og_type":"article","og_title":"Le Grand Bar\u00e7a Est de Retour : Ansy Flick Ram\u00e8ne la Gloire au Camp Nou &#8211; VeliPost","og_description":"Depuis l\u2019arriv\u00e9e d\u2019Ansy Flick \u00e0 la t\u00eate du FC Barcelone, le club catalan vit une v\u00e9ritable renaissance. En quelques semaines seulement, Flick a redonn\u00e9","og_url":"https:\/\/velipost.com\/?p=2280","og_site_name":"VeliPost","article_publisher":"https:\/\/www.facebook.com\/veliposthaiti","article_published_time":"2024-09-15T21:37:12+00:00","article_modified_time":"2024-09-15T21:37:13+00:00","og_image":[{"width":1170,"height":603,"url":"https:\/\/velipost.com\/wp-content\/uploads\/2024\/09\/Cover-VP-3.jpg","type":"image\/jpeg"}],"author":"VeliPost","twitter_card":"summary_large_image","twitter_creator":"@veliposthaiti","twitter_site":"@veliposthaiti","twitter_misc":{"\u00c9crit par":"VeliPost","Dur\u00e9e de lecture estim\u00e9e":"3 minutes"},"schema":{"@context":"https:\/\/schema.org","@graph":[{"@type":"Article","@id":"https:\/\/velipost.com\/?p=2280#article","isPartOf":{"@id":"https:\/\/velipost.com\/?p=2280"},"author":{"name":"VeliPost","@id":"https:\/\/velipost.com\/#\/schema\/person\/32ff49a53c9c1bb24302ee8ece058096"},"headline":"Le Grand Bar\u00e7a Est de Retour : Ansy Flick Ram\u00e8ne la Gloire au Camp Nou","datePublished":"2024-09-15T21:37:12+00:00","dateModified":"2024-09-15T21:37:13+00:00","mainEntityOfPage":{"@id":"https:\/\/velipost.com\/?p=2280"},"wordCount":521,"commentCount":0,"publisher":{"@id":"https:\/\/velipost.com\/#organization"},"image":{"@id":"https:\/\/velipost.com\/?p=2280#primaryimage"},"thumbnailUrl":"https:\/\/velipost.com\/wp-content\/uploads\/2024\/09\/Cover-VP-3.jpg","articleSection":["Sport"],"inLanguage":"fr-FR","potentialAction":[{"@type":"CommentAction","name":"Comment","target":["https:\/\/velipost.com\/?p=2280#respond"]}]},{"@type":"WebPage","@id":"https:\/\/velipost.com\/?p=2280","url":"https:\/\/velipost.com\/?p=2280","name":"Le Grand Bar\u00e7a Est de Retour : Ansy Flick Ram\u00e8ne la Gloire au Camp Nou &#8211; VeliPost","isPartOf":{"@id":"https:\/\/velipost.com\/#website"},"primaryImageOfPage":{"@id":"https:\/\/velipost.com\/?p=2280#primaryimage"},"image":{"@id":"https:\/\/velipost.com\/?p=2280#primaryimage"},"thumbnailUrl":"https:\/\/velipost.com\/wp-content\/uploads\/2024\/09\/Cover-VP-3.jpg","datePublished":"2024-09-15T21:37:12+00:00","dateModified":"2024-09-15T21:37:13+00:00","breadcrumb":{"@id":"https:\/\/velipost.com\/?p=2280#breadcrumb"},"inLanguage":"fr-FR","potentialAction":[{"@type":"ReadAction","target":["https:\/\/velipost.com\/?p=2280"]}]},{"@type":"ImageObject","inLanguage":"fr-FR","@id":"https:\/\/velipost.com\/?p=2280#primaryimage","url":"https:\/\/velipost.com\/wp-content\/uploads\/2024\/09\/Cover-VP-3.jpg","contentUrl":"https:\/\/velipost.com\/wp-content\/uploads\/2024\/09\/Cover-VP-3.jpg","width":1170,"height":603},{"@type":"BreadcrumbList","@id":"https:\/\/velipost.com\/?p=2280#breadcrumb","itemListElement":[{"@type":"ListItem","position":1,"name":"Accueil","item":"https:\/\/velipost.com\/"},{"@type":"ListItem","position":2,"name":"Le Grand Bar\u00e7a Est de Retour : Ansy Flick Ram\u00e8ne la Gloire au Camp Nou"}]},{"@type":"WebSite","@id":"https:\/\/velipost.com\/#website","url":"https:\/\/velipost.com\/","name":"VeliPost","description":"L\u2019info en un clic","publisher":{"@id":"https:\/\/velipost.com\/#organization"},"potentialAction":[{"@type":"SearchAction","target":{"@type":"EntryPoint","urlTemplate":"https:\/\/velipost.com\/?s={search_term_string}"},"query-input":{"@type":"PropertyValueSpecification","valueRequired":true,"valueName":"search_term_string"}}],"inLanguage":"fr-FR"},{"@type":"Organization","@id":"https:\/\/velipost.com\/#organization","name":"VeliPost","url":"https:\/\/velipost.com\/","logo":{"@type":"ImageObject","inLanguage":"fr-FR","@id":"https:\/\/velipost.com\/#\/schema\/logo\/image\/","url":"https:\/\/velipost.com\/wp-content\/uploads\/2024\/08\/cropped-VP-logo-piti.png","contentUrl":"https:\/\/velipost.com\/wp-content\/uploads\/2024\/08\/cropped-VP-logo-piti.png","width":201,"height":69,"caption":"VeliPost"},"image":{"@id":"https:\/\/velipost.com\/#\/schema\/logo\/image\/"},"sameAs":["https:\/\/www.facebook.com\/veliposthaiti","https:\/\/x.com\/veliposthaiti","https:\/\/www.instagram.com\/veliposthaiti"]},{"@type":"Person","@id":"https:\/\/velipost.com\/#\/schema\/person\/32ff49a53c9c1bb24302ee8ece058096","name":"VeliPost","image":{"@type":"ImageObject","inLanguage":"fr-FR","@id":"https:\/\/velipost.com\/#\/schema\/person\/image\/","url":"https:\/\/secure.gravatar.com\/avatar\/57c226c264de62f794185a89596d4a37b85a5ad20aca30d9d5a478b27d8c8d9d?s=96&d=mm&r=g","contentUrl":"https:\/\/secure.gravatar.com\/avatar\/57c226c264de62f794185a89596d4a37b85a5ad20aca30d9d5a478b27d8c8d9d?s=96&d=mm&r=g","caption":"VeliPost"},"sameAs":["https:\/\/velipost.com"],"url":"https:\/\/velipost.com\/?author=1"}]}},"views":4,"jetpack_publicize_connections":[],"uagb_featured_image_src":{"full":["https:\/\/velipost.com\/wp-content\/uploads\/2024\/09\/Cover-VP-3.jpg",1170,603,false],"thumbnail":["https:\/\/velipost.com\/wp-content\/uploads\/2024\/09\/Cover-VP-3-150x150.jpg",150,150,true],"medium":["https:\/\/velipost.com\/wp-content\/uploads\/2024\/09\/Cover-VP-3-300x155.jpg",300,155,true],"medium_large":["https:\/\/velipost.com\/wp-content\/uploads\/2024\/09\/Cover-VP-3-768x396.jpg",715,369,true],"large":["https:\/\/velipost.com\/wp-content\/uploads\/2024\/09\/Cover-VP-3-1024x528.jpg",715,369,true],"1536x1536":["https:\/\/velipost.com\/wp-content\/uploads\/2024\/09\/Cover-VP-3.jpg",1170,603,false],"2048x2048":["https:\/\/velipost.com\/wp-content\/uploads\/2024\/09\/Cover-VP-3.jpg",1170,603,false],"colornews-big-slider":["https:\/\/velipost.com\/wp-content\/uploads\/2024\/09\/Cover-VP-3-1070x470.jpg",1070,470,true],"colornews-big-slider-thumb":["https:\/\/velipost.com\/wp-content\/uploads\/2024\/09\/Cover-VP-3-184x109.jpg",184,109,true],"colornews-featured-post-medium":["https:\/\/velipost.com\/wp-content\/uploads\/2024\/09\/Cover-VP-3-345x265.jpg",345,265,true],"colornews-featured-post-small":["https:\/\/velipost.com\/wp-content\/uploads\/2024\/09\/Cover-VP-3-115x73.jpg",115,73,true],"colornews-random-posts":["https:\/\/velipost.com\/wp-content\/uploads\/2024\/09\/Cover-VP-3-215x215.jpg",215,215,true],"colornews-featured-image":["https:\/\/velipost.com\/wp-content\/uploads\/2024\/09\/Cover-VP-3-715x400.jpg",715,400,true],"mailpoet_newsletter_max":["https:\/\/velipost.com\/wp-content\/uploads\/2024\/09\/Cover-VP-3.jpg",1170,603,false]},"uagb_author_info":{"display_name":"VeliPost","author_link":"https:\/\/velipost.com\/?author=1"},"uagb_comment_info":0,"uagb_excerpt":"Depuis l\u2019arriv\u00e9e d\u2019Ansy Flick \u00e0 la t\u00eate du FC Barcelone, le club catalan vit une v\u00e9ritable renaissance. En quelques semaines seulement, Flick a redonn\u00e9","_links":{"self":[{"href":"https:\/\/velipost.com\/index.php?rest_route=\/wp\/v2\/posts\/2280","targetHints":{"allow":["GET"]}}],"collection":[{"href":"https:\/\/velipost.com\/index.php?rest_route=\/wp\/v2\/posts"}],"about":[{"href":"https:\/\/velipost.com\/index.php?rest_route=\/wp\/v2\/types\/post"}],"author":[{"embeddable":true,"href":"https:\/\/velipost.com\/index.php?rest_route=\/wp\/v2\/users\/1"}],"replies":[{"embeddable":true,"href":"https:\/\/velipost.com\/index.php?rest_route=%2Fwp%2Fv2%2Fcomments&post=2280"}],"version-history":[{"count":1,"href":"https:\/\/velipost.com\/index.php?rest_route=\/wp\/v2\/posts\/2280\/revisions"}],"predecessor-version":[{"id":2282,"href":"https:\/\/velipost.com\/index.php?rest_route=\/wp\/v2\/posts\/2280\/revisions\/2282"}],"wp:featuredmedia":[{"embeddable":true,"href":"https:\/\/velipost.com\/index.php?rest_route=\/wp\/v2\/media\/2281"}],"wp:attachment":[{"href":"https:\/\/velipost.com\/index.php?rest_route=%2Fwp%2Fv2%2Fmedia&parent=2280"}],"wp:term":[{"taxonomy":"category","embeddable":true,"href":"https:\/\/velipost.com\/index.php?rest_route=%2Fwp%2Fv2%2Fcategories&post=2280"},{"taxonomy":"post_tag","embeddable":true,"href":"https:\/\/velipost.com\/index.php?rest_route=%2Fwp%2Fv2%2Ftags&post=2280"}],"curies":[{"name":"wp","href":"https:\/\/api.w.org\/{rel}","templated":true}]}}