{"id":2261,"date":"2024-09-13T18:15:37","date_gmt":"2024-09-13T16:15:37","guid":{"rendered":"https:\/\/velipost.com\/?p=2261"},"modified":"2024-09-13T18:15:38","modified_gmt":"2024-09-13T16:15:38","slug":"les-bebes-siamois-lara-et-maya-seteignent-avant-loperation-cruciale","status":"publish","type":"post","link":"https:\/\/velipost.com\/?p=2261","title":{"rendered":"Les B\u00e9b\u00e9s Siamois Lara et Maya S\u2019\u00e9teignent avant l\u2019Op\u00e9ration Cruciale"},"content":{"rendered":"\n<p>Le 11 septembre 2024, la famille de Lara et Maya, des b\u00e9b\u00e9s siamois, a \u00e9t\u00e9 frapp\u00e9e par une trag\u00e9die lorsqu&rsquo;ils sont d\u00e9c\u00e9d\u00e9s \u00e0 l&rsquo;h\u00f4pital Universitaire de Mibal\u00e8. Les b\u00e9b\u00e9s sont partis \u00e0 23h30, laissant derri\u00e8re eux une immense tristesse et une communaut\u00e9 en deuil.<\/p>\n\n\n\n<p>Lara et Maya, qui \u00e9taient fusionn\u00e9s au niveau du thorax, ont souffert de complications graves. L&rsquo;un des b\u00e9b\u00e9s pr\u00e9sentait des probl\u00e8mes cardiaques et des difficult\u00e9s respiratoires s\u00e9v\u00e8res. Les m\u00e9decins avaient pr\u00e9vu une op\u00e9ration d&rsquo;urgence pour les s\u00e9parer, esp\u00e9rant ainsi sauver l&rsquo;un d&rsquo;eux. Malheureusement, peu de temps apr\u00e8s, l&rsquo;autre b\u00e9b\u00e9 a \u00e9galement cess\u00e9 de respirer, plongeant les deux dans un \u00e9tat critique.<\/p>\n\n\n\n<p>L&rsquo;op\u00e9ration n\u00e9cessaire pour tenter de sauver les b\u00e9b\u00e9s n\u2019a pas pu \u00eatre r\u00e9alis\u00e9e \u00e0 temps. Bien que des d\u00e9marches aient \u00e9t\u00e9 entam\u00e9es pour transf\u00e9rer les b\u00e9b\u00e9s \u00e0 l&rsquo;\u00e9tranger pour des soins sp\u00e9cialis\u00e9s, la proc\u00e9dure pour obtenir les passeports pour les parents n\u2019\u00e9tait pas encore finalis\u00e9e lorsque la situation est devenue critique. Le Premier ministre avait donn\u00e9 l\u2019ordre de pr\u00e9parer les passeports en urgence pour permettre aux parents de voyager avec leurs enfants, mais ce processus n\u2019a pas pu se concr\u00e9tiser rapidement.<\/p>\n\n\n\n<p>Les parents avaient pr\u00e9vu de se rendre \u00e0 Port-au-Prince pour r\u00e9gler les formalit\u00e9s des passeports, mais les b\u00e9b\u00e9s sont devenus gravement malades avant qu\u2019ils ne puissent partir. Malgr\u00e9 tous les efforts d\u00e9ploy\u00e9s par les m\u00e9decins pour stabiliser leur \u00e9tat, les conditions naturelles ont eu raison des espoirs de survie.<\/p>\n\n\n\n<p><em>La famille des b\u00e9b\u00e9s exprime sa profonde gratitude envers tous ceux qui ont soutenu et collabor\u00e9 dans cette \u00e9preuve difficile. Les pens\u00e9es et pri\u00e8res de tous accompagnent Lara et Maya dans leur dernier voyage.<\/em><\/p>\n\n    <div class=\"xs_social_share_widget xs_share_url after_content \t\tmain_content  wslu-style-3 wslu-share-box-shaped wslu-fill-brand-hover-colored wslu-share-m-5 wslu-none wslu-share-horizontal wslu-theme-font-no wslu-main_content\">\n\n\t\t\n        <ul>\n\t\t\t                    <li class=\"xs-share-li twitter                        wslu-no-extra-data\">\n                        <a href=\"javascript:void(0);\"\n                           id=\"xs_feed_twitter\"\n                           onclick=\"xs_social_sharer(this);\"\n                           data-pid=\"2261\"\n                           data-uri_hash=\"55e9be4f6cc8bb4bf9011ed7c49376f3\"\n                           data-key=\"twitter\"\n                           data-xs-href=\"https:\/\/twitter.com\/intent\/tweet?text=Les+B%C3%A9b%C3%A9s+Siamois+Lara+et+Maya+S%E2%80%99%C3%A9teignent+avant+l%E2%80%99Op%C3%A9ration+Cruciale+https%3A%2F%2Fvelipost.com%2Findex.php%3Frest_route%3D%252Fwp%252Fv2%252Fposts%252F2261&amp;original_referer=https%3A%2F%2Fvelipost.com%2Findex.php%3Frest_route%3D%252Fwp%252Fv2%252Fposts%252F2261&amp;related=xpeedstudio\">\n\n                            <div class=\"xs-social-icon\">\n                                <span class=\"met-social met-social-twitter\"><\/span>\n                            <\/div>\n\n\t\t\t\t\t\t\t\n                            <div class=\"wslu-hover-content\">\n                                <div class=\"xs-social-followers\">\n\t\t\t\t\t\t\t\t\t10                                <\/div>\n                                <div class=\"xs-social-follower-text\">\n\t\t\t\t\t\t\t\t\tShare                                <\/div>\n                                <div class=\"xs-social-follower-label\">\n\t\t\t\t\t\t\t\t\tTwitter                                <\/div>\n                            <\/div>\n                        <\/a>\n                    <\/li>\n\t\t\t\t\t                    <li class=\"xs-share-li telegram                        wslu-no-extra-data\">\n                        <a href=\"javascript:void(0);\"\n                           id=\"xs_feed_telegram\"\n                           onclick=\"xs_social_sharer(this);\"\n                           data-pid=\"2261\"\n                           data-uri_hash=\"55e9be4f6cc8bb4bf9011ed7c49376f3\"\n                           data-key=\"telegram\"\n                           data-xs-href=\"https:\/\/telegram.me\/share\/url?url=https%3A%2F%2Fvelipost.com%2Findex.php%3Frest_route%3D%252Fwp%252Fv2%252Fposts%252F2261&amp;text=Les+B%C3%A9b%C3%A9s+Siamois+Lara+et+Maya+S%E2%80%99%C3%A9teignent+avant+l%E2%80%99Op%C3%A9ration+Cruciale\">\n\n                            <div class=\"xs-social-icon\">\n                                <span class=\"met-social met-social-telegram\"><\/span>\n                            <\/div>\n\n\t\t\t\t\t\t\t\n                            <div class=\"wslu-hover-content\">\n                                <div class=\"xs-social-followers\">\n\t\t\t\t\t\t\t\t\t0                                <\/div>\n                                <div class=\"xs-social-follower-text\">\n\t\t\t\t\t\t\t\t\tShare                                <\/div>\n                                <div class=\"xs-social-follower-label\">\n\t\t\t\t\t\t\t\t\tTelegram                                <\/div>\n                            <\/div>\n                        <\/a>\n                    <\/li>\n\t\t\t\t\t                    <li class=\"xs-share-li email                        wslu-no-extra-data\">\n                        <a href=\"javascript:void(0);\"\n                           id=\"xs_feed_email\"\n                           onclick=\"xs_social_sharer(this);\"\n                           data-pid=\"2261\"\n                           data-uri_hash=\"55e9be4f6cc8bb4bf9011ed7c49376f3\"\n                           data-key=\"email\"\n                           data-xs-href=\"mailto:?body=Title%3A+Les+B%C3%A9b%C3%A9s+Siamois+Lara+et+Maya+S%E2%80%99%C3%A9teignent+avant+l%E2%80%99Op%C3%A9ration+Cruciale+%5Cn%5Cn+URL%3A+https%3A%2F%2Fvelipost.com%2Findex.php%3Frest_route%3D%252Fwp%252Fv2%252Fposts%252F2261&amp;subject=Les+B%C3%A9b%C3%A9s+Siamois+Lara+et+Maya+S%E2%80%99%C3%A9teignent+avant+l%E2%80%99Op%C3%A9ration+Cruciale\">\n\n                            <div class=\"xs-social-icon\">\n                                <span class=\"met-social met-social-email\"><\/span>\n                            <\/div>\n\n\t\t\t\t\t\t\t\n                            <div class=\"wslu-hover-content\">\n                                <div class=\"xs-social-followers\">\n\t\t\t\t\t\t\t\t\t0                                <\/div>\n                                <div class=\"xs-social-follower-text\">\n\t\t\t\t\t\t\t\t\tShare                                <\/div>\n                                <div class=\"xs-social-follower-label\">\n\t\t\t\t\t\t\t\t\tEmail                                <\/div>\n                            <\/div>\n                        <\/a>\n                    <\/li>\n\t\t\t\t\t        <\/ul>\n    <\/div> \n","protected":false},"excerpt":{"rendered":"<p>Le 11 septembre 2024, la famille de Lara et Maya, des b\u00e9b\u00e9s siamois, a \u00e9t\u00e9 frapp\u00e9e par une trag\u00e9die lorsqu&rsquo;ils sont d\u00e9c\u00e9d\u00e9s \u00e0 l&rsquo;h\u00f4pital<\/p>\n","protected":false},"author":1,"featured_media":2262,"comment_status":"open","ping_status":"open","sticky":false,"template":"","format":"standard","meta":{"_uag_custom_page_level_css":"","footnotes":"","jetpack_publicize_message":"","jetpack_publicize_feature_enabled":true,"jetpack_social_post_already_shared":false,"jetpack_social_options":{"image_generator_settings":{"template":"highway","default_image_id":0,"font":"","enabled":false},"version":2}},"categories":[94],"tags":[],"class_list":["post-2261","post","type-post","status-publish","format-standard","has-post-thumbnail","hentry","category-a-la-une"],"yoast_head":"<!-- This site is optimized with the Yoast SEO plugin v25.3.1 - https:\/\/yoast.com\/wordpress\/plugins\/seo\/ -->\n<title>Les B\u00e9b\u00e9s Siamois Lara et Maya S\u2019\u00e9teignent avant l\u2019Op\u00e9ration Cruciale &#8211; VeliPost<\/title>\n<meta name=\"robots\" content=\"index, follow, max-snippet:-1, max-image-preview:large, max-video-preview:-1\" \/>\n<link rel=\"canonical\" href=\"https:\/\/velipost.com\/?p=2261\" \/>\n<meta property=\"og:locale\" content=\"fr_FR\" \/>\n<meta property=\"og:type\" content=\"article\" \/>\n<meta property=\"og:title\" content=\"Les B\u00e9b\u00e9s Siamois Lara et Maya S\u2019\u00e9teignent avant l\u2019Op\u00e9ration Cruciale &#8211; VeliPost\" \/>\n<meta property=\"og:description\" content=\"Le 11 septembre 2024, la famille de Lara et Maya, des b\u00e9b\u00e9s siamois, a \u00e9t\u00e9 frapp\u00e9e par une trag\u00e9die lorsqu&rsquo;ils sont d\u00e9c\u00e9d\u00e9s \u00e0 l&rsquo;h\u00f4pital\" \/>\n<meta property=\"og:url\" content=\"https:\/\/velipost.com\/?p=2261\" \/>\n<meta property=\"og:site_name\" content=\"VeliPost\" \/>\n<meta property=\"article:publisher\" content=\"https:\/\/www.facebook.com\/veliposthaiti\" \/>\n<meta property=\"article:published_time\" content=\"2024-09-13T16:15:37+00:00\" \/>\n<meta property=\"article:modified_time\" content=\"2024-09-13T16:15:38+00:00\" \/>\n<meta property=\"og:image\" content=\"https:\/\/velipost.com\/wp-content\/uploads\/2024\/09\/lOperation-Cruciale.jpg\" \/>\n\t<meta property=\"og:image:width\" content=\"1170\" \/>\n\t<meta property=\"og:image:height\" content=\"603\" \/>\n\t<meta property=\"og:image:type\" content=\"image\/jpeg\" \/>\n<meta name=\"author\" content=\"VeliPost\" \/>\n<meta name=\"twitter:card\" content=\"summary_large_image\" \/>\n<meta name=\"twitter:creator\" content=\"@veliposthaiti\" \/>\n<meta name=\"twitter:site\" content=\"@veliposthaiti\" \/>\n<meta name=\"twitter:label1\" content=\"\u00c9crit par\" \/>\n\t<meta name=\"twitter:data1\" content=\"VeliPost\" \/>\n\t<meta name=\"twitter:label2\" content=\"Dur\u00e9e de lecture estim\u00e9e\" \/>\n\t<meta name=\"twitter:data2\" content=\"2 minutes\" \/>\n<script type=\"application\/ld+json\" class=\"yoast-schema-graph\">{\"@context\":\"https:\/\/schema.org\",\"@graph\":[{\"@type\":\"Article\",\"@id\":\"https:\/\/velipost.com\/?p=2261#article\",\"isPartOf\":{\"@id\":\"https:\/\/velipost.com\/?p=2261\"},\"author\":{\"name\":\"VeliPost\",\"@id\":\"https:\/\/velipost.com\/#\/schema\/person\/32ff49a53c9c1bb24302ee8ece058096\"},\"headline\":\"Les B\u00e9b\u00e9s Siamois Lara et Maya S\u2019\u00e9teignent avant l\u2019Op\u00e9ration Cruciale\",\"datePublished\":\"2024-09-13T16:15:37+00:00\",\"dateModified\":\"2024-09-13T16:15:38+00:00\",\"mainEntityOfPage\":{\"@id\":\"https:\/\/velipost.com\/?p=2261\"},\"wordCount\":346,\"commentCount\":0,\"publisher\":{\"@id\":\"https:\/\/velipost.com\/#organization\"},\"image\":{\"@id\":\"https:\/\/velipost.com\/?p=2261#primaryimage\"},\"thumbnailUrl\":\"https:\/\/velipost.com\/wp-content\/uploads\/2024\/09\/lOperation-Cruciale.jpg\",\"articleSection\":[\"A la Une\"],\"inLanguage\":\"fr-FR\",\"potentialAction\":[{\"@type\":\"CommentAction\",\"name\":\"Comment\",\"target\":[\"https:\/\/velipost.com\/?p=2261#respond\"]}]},{\"@type\":\"WebPage\",\"@id\":\"https:\/\/velipost.com\/?p=2261\",\"url\":\"https:\/\/velipost.com\/?p=2261\",\"name\":\"Les B\u00e9b\u00e9s Siamois Lara et Maya S\u2019\u00e9teignent avant l\u2019Op\u00e9ration Cruciale &#8211; VeliPost\",\"isPartOf\":{\"@id\":\"https:\/\/velipost.com\/#website\"},\"primaryImageOfPage\":{\"@id\":\"https:\/\/velipost.com\/?p=2261#primaryimage\"},\"image\":{\"@id\":\"https:\/\/velipost.com\/?p=2261#primaryimage\"},\"thumbnailUrl\":\"https:\/\/velipost.com\/wp-content\/uploads\/2024\/09\/lOperation-Cruciale.jpg\",\"datePublished\":\"2024-09-13T16:15:37+00:00\",\"dateModified\":\"2024-09-13T16:15:38+00:00\",\"breadcrumb\":{\"@id\":\"https:\/\/velipost.com\/?p=2261#breadcrumb\"},\"inLanguage\":\"fr-FR\",\"potentialAction\":[{\"@type\":\"ReadAction\",\"target\":[\"https:\/\/velipost.com\/?p=2261\"]}]},{\"@type\":\"ImageObject\",\"inLanguage\":\"fr-FR\",\"@id\":\"https:\/\/velipost.com\/?p=2261#primaryimage\",\"url\":\"https:\/\/velipost.com\/wp-content\/uploads\/2024\/09\/lOperation-Cruciale.jpg\",\"contentUrl\":\"https:\/\/velipost.com\/wp-content\/uploads\/2024\/09\/lOperation-Cruciale.jpg\",\"width\":1170,\"height\":603},{\"@type\":\"BreadcrumbList\",\"@id\":\"https:\/\/velipost.com\/?p=2261#breadcrumb\",\"itemListElement\":[{\"@type\":\"ListItem\",\"position\":1,\"name\":\"Accueil\",\"item\":\"https:\/\/velipost.com\/\"},{\"@type\":\"ListItem\",\"position\":2,\"name\":\"Les B\u00e9b\u00e9s Siamois Lara et Maya S\u2019\u00e9teignent avant l\u2019Op\u00e9ration Cruciale\"}]},{\"@type\":\"WebSite\",\"@id\":\"https:\/\/velipost.com\/#website\",\"url\":\"https:\/\/velipost.com\/\",\"name\":\"VeliPost\",\"description\":\"L\u2019info en un clic\",\"publisher\":{\"@id\":\"https:\/\/velipost.com\/#organization\"},\"potentialAction\":[{\"@type\":\"SearchAction\",\"target\":{\"@type\":\"EntryPoint\",\"urlTemplate\":\"https:\/\/velipost.com\/?s={search_term_string}\"},\"query-input\":{\"@type\":\"PropertyValueSpecification\",\"valueRequired\":true,\"valueName\":\"search_term_string\"}}],\"inLanguage\":\"fr-FR\"},{\"@type\":\"Organization\",\"@id\":\"https:\/\/velipost.com\/#organization\",\"name\":\"VeliPost\",\"url\":\"https:\/\/velipost.com\/\",\"logo\":{\"@type\":\"ImageObject\",\"inLanguage\":\"fr-FR\",\"@id\":\"https:\/\/velipost.com\/#\/schema\/logo\/image\/\",\"url\":\"https:\/\/velipost.com\/wp-content\/uploads\/2024\/08\/cropped-VP-logo-piti.png\",\"contentUrl\":\"https:\/\/velipost.com\/wp-content\/uploads\/2024\/08\/cropped-VP-logo-piti.png\",\"width\":201,\"height\":69,\"caption\":\"VeliPost\"},\"image\":{\"@id\":\"https:\/\/velipost.com\/#\/schema\/logo\/image\/\"},\"sameAs\":[\"https:\/\/www.facebook.com\/veliposthaiti\",\"https:\/\/x.com\/veliposthaiti\",\"https:\/\/www.instagram.com\/veliposthaiti\"]},{\"@type\":\"Person\",\"@id\":\"https:\/\/velipost.com\/#\/schema\/person\/32ff49a53c9c1bb24302ee8ece058096\",\"name\":\"VeliPost\",\"image\":{\"@type\":\"ImageObject\",\"inLanguage\":\"fr-FR\",\"@id\":\"https:\/\/velipost.com\/#\/schema\/person\/image\/\",\"url\":\"https:\/\/secure.gravatar.com\/avatar\/57c226c264de62f794185a89596d4a37b85a5ad20aca30d9d5a478b27d8c8d9d?s=96&d=mm&r=g\",\"contentUrl\":\"https:\/\/secure.gravatar.com\/avatar\/57c226c264de62f794185a89596d4a37b85a5ad20aca30d9d5a478b27d8c8d9d?s=96&d=mm&r=g\",\"caption\":\"VeliPost\"},\"sameAs\":[\"https:\/\/velipost.com\"],\"url\":\"https:\/\/velipost.com\/?author=1\"}]}<\/script>\n<!-- \/ Yoast SEO plugin. -->","yoast_head_json":{"title":"Les B\u00e9b\u00e9s Siamois Lara et Maya S\u2019\u00e9teignent avant l\u2019Op\u00e9ration Cruciale &#8211; VeliPost","robots":{"index":"index","follow":"follow","max-snippet":"max-snippet:-1","max-image-preview":"max-image-preview:large","max-video-preview":"max-video-preview:-1"},"canonical":"https:\/\/velipost.com\/?p=2261","og_locale":"fr_FR","og_type":"article","og_title":"Les B\u00e9b\u00e9s Siamois Lara et Maya S\u2019\u00e9teignent avant l\u2019Op\u00e9ration Cruciale &#8211; VeliPost","og_description":"Le 11 septembre 2024, la famille de Lara et Maya, des b\u00e9b\u00e9s siamois, a \u00e9t\u00e9 frapp\u00e9e par une trag\u00e9die lorsqu&rsquo;ils sont d\u00e9c\u00e9d\u00e9s \u00e0 l&rsquo;h\u00f4pital","og_url":"https:\/\/velipost.com\/?p=2261","og_site_name":"VeliPost","article_publisher":"https:\/\/www.facebook.com\/veliposthaiti","article_published_time":"2024-09-13T16:15:37+00:00","article_modified_time":"2024-09-13T16:15:38+00:00","og_image":[{"width":1170,"height":603,"url":"https:\/\/velipost.com\/wp-content\/uploads\/2024\/09\/lOperation-Cruciale.jpg","type":"image\/jpeg"}],"author":"VeliPost","twitter_card":"summary_large_image","twitter_creator":"@veliposthaiti","twitter_site":"@veliposthaiti","twitter_misc":{"\u00c9crit par":"VeliPost","Dur\u00e9e de lecture estim\u00e9e":"2 minutes"},"schema":{"@context":"https:\/\/schema.org","@graph":[{"@type":"Article","@id":"https:\/\/velipost.com\/?p=2261#article","isPartOf":{"@id":"https:\/\/velipost.com\/?p=2261"},"author":{"name":"VeliPost","@id":"https:\/\/velipost.com\/#\/schema\/person\/32ff49a53c9c1bb24302ee8ece058096"},"headline":"Les B\u00e9b\u00e9s Siamois Lara et Maya S\u2019\u00e9teignent avant l\u2019Op\u00e9ration Cruciale","datePublished":"2024-09-13T16:15:37+00:00","dateModified":"2024-09-13T16:15:38+00:00","mainEntityOfPage":{"@id":"https:\/\/velipost.com\/?p=2261"},"wordCount":346,"commentCount":0,"publisher":{"@id":"https:\/\/velipost.com\/#organization"},"image":{"@id":"https:\/\/velipost.com\/?p=2261#primaryimage"},"thumbnailUrl":"https:\/\/velipost.com\/wp-content\/uploads\/2024\/09\/lOperation-Cruciale.jpg","articleSection":["A la Une"],"inLanguage":"fr-FR","potentialAction":[{"@type":"CommentAction","name":"Comment","target":["https:\/\/velipost.com\/?p=2261#respond"]}]},{"@type":"WebPage","@id":"https:\/\/velipost.com\/?p=2261","url":"https:\/\/velipost.com\/?p=2261","name":"Les B\u00e9b\u00e9s Siamois Lara et Maya S\u2019\u00e9teignent avant l\u2019Op\u00e9ration Cruciale &#8211; VeliPost","isPartOf":{"@id":"https:\/\/velipost.com\/#website"},"primaryImageOfPage":{"@id":"https:\/\/velipost.com\/?p=2261#primaryimage"},"image":{"@id":"https:\/\/velipost.com\/?p=2261#primaryimage"},"thumbnailUrl":"https:\/\/velipost.com\/wp-content\/uploads\/2024\/09\/lOperation-Cruciale.jpg","datePublished":"2024-09-13T16:15:37+00:00","dateModified":"2024-09-13T16:15:38+00:00","breadcrumb":{"@id":"https:\/\/velipost.com\/?p=2261#breadcrumb"},"inLanguage":"fr-FR","potentialAction":[{"@type":"ReadAction","target":["https:\/\/velipost.com\/?p=2261"]}]},{"@type":"ImageObject","inLanguage":"fr-FR","@id":"https:\/\/velipost.com\/?p=2261#primaryimage","url":"https:\/\/velipost.com\/wp-content\/uploads\/2024\/09\/lOperation-Cruciale.jpg","contentUrl":"https:\/\/velipost.com\/wp-content\/uploads\/2024\/09\/lOperation-Cruciale.jpg","width":1170,"height":603},{"@type":"BreadcrumbList","@id":"https:\/\/velipost.com\/?p=2261#breadcrumb","itemListElement":[{"@type":"ListItem","position":1,"name":"Accueil","item":"https:\/\/velipost.com\/"},{"@type":"ListItem","position":2,"name":"Les B\u00e9b\u00e9s Siamois Lara et Maya S\u2019\u00e9teignent avant l\u2019Op\u00e9ration Cruciale"}]},{"@type":"WebSite","@id":"https:\/\/velipost.com\/#website","url":"https:\/\/velipost.com\/","name":"VeliPost","description":"L\u2019info en un clic","publisher":{"@id":"https:\/\/velipost.com\/#organization"},"potentialAction":[{"@type":"SearchAction","target":{"@type":"EntryPoint","urlTemplate":"https:\/\/velipost.com\/?s={search_term_string}"},"query-input":{"@type":"PropertyValueSpecification","valueRequired":true,"valueName":"search_term_string"}}],"inLanguage":"fr-FR"},{"@type":"Organization","@id":"https:\/\/velipost.com\/#organization","name":"VeliPost","url":"https:\/\/velipost.com\/","logo":{"@type":"ImageObject","inLanguage":"fr-FR","@id":"https:\/\/velipost.com\/#\/schema\/logo\/image\/","url":"https:\/\/velipost.com\/wp-content\/uploads\/2024\/08\/cropped-VP-logo-piti.png","contentUrl":"https:\/\/velipost.com\/wp-content\/uploads\/2024\/08\/cropped-VP-logo-piti.png","width":201,"height":69,"caption":"VeliPost"},"image":{"@id":"https:\/\/velipost.com\/#\/schema\/logo\/image\/"},"sameAs":["https:\/\/www.facebook.com\/veliposthaiti","https:\/\/x.com\/veliposthaiti","https:\/\/www.instagram.com\/veliposthaiti"]},{"@type":"Person","@id":"https:\/\/velipost.com\/#\/schema\/person\/32ff49a53c9c1bb24302ee8ece058096","name":"VeliPost","image":{"@type":"ImageObject","inLanguage":"fr-FR","@id":"https:\/\/velipost.com\/#\/schema\/person\/image\/","url":"https:\/\/secure.gravatar.com\/avatar\/57c226c264de62f794185a89596d4a37b85a5ad20aca30d9d5a478b27d8c8d9d?s=96&d=mm&r=g","contentUrl":"https:\/\/secure.gravatar.com\/avatar\/57c226c264de62f794185a89596d4a37b85a5ad20aca30d9d5a478b27d8c8d9d?s=96&d=mm&r=g","caption":"VeliPost"},"sameAs":["https:\/\/velipost.com"],"url":"https:\/\/velipost.com\/?author=1"}]}},"views":29,"jetpack_publicize_connections":[],"uagb_featured_image_src":{"full":["https:\/\/velipost.com\/wp-content\/uploads\/2024\/09\/lOperation-Cruciale.jpg",1170,603,false],"thumbnail":["https:\/\/velipost.com\/wp-content\/uploads\/2024\/09\/lOperation-Cruciale-150x150.jpg",150,150,true],"medium":["https:\/\/velipost.com\/wp-content\/uploads\/2024\/09\/lOperation-Cruciale-300x155.jpg",300,155,true],"medium_large":["https:\/\/velipost.com\/wp-content\/uploads\/2024\/09\/lOperation-Cruciale-768x396.jpg",715,369,true],"large":["https:\/\/velipost.com\/wp-content\/uploads\/2024\/09\/lOperation-Cruciale-1024x528.jpg",715,369,true],"1536x1536":["https:\/\/velipost.com\/wp-content\/uploads\/2024\/09\/lOperation-Cruciale.jpg",1170,603,false],"2048x2048":["https:\/\/velipost.com\/wp-content\/uploads\/2024\/09\/lOperation-Cruciale.jpg",1170,603,false],"colornews-big-slider":["https:\/\/velipost.com\/wp-content\/uploads\/2024\/09\/lOperation-Cruciale-1070x470.jpg",1070,470,true],"colornews-big-slider-thumb":["https:\/\/velipost.com\/wp-content\/uploads\/2024\/09\/lOperation-Cruciale-184x109.jpg",184,109,true],"colornews-featured-post-medium":["https:\/\/velipost.com\/wp-content\/uploads\/2024\/09\/lOperation-Cruciale-345x265.jpg",345,265,true],"colornews-featured-post-small":["https:\/\/velipost.com\/wp-content\/uploads\/2024\/09\/lOperation-Cruciale-115x73.jpg",115,73,true],"colornews-random-posts":["https:\/\/velipost.com\/wp-content\/uploads\/2024\/09\/lOperation-Cruciale-215x215.jpg",215,215,true],"colornews-featured-image":["https:\/\/velipost.com\/wp-content\/uploads\/2024\/09\/lOperation-Cruciale-715x400.jpg",715,400,true],"mailpoet_newsletter_max":["https:\/\/velipost.com\/wp-content\/uploads\/2024\/09\/lOperation-Cruciale.jpg",1170,603,false]},"uagb_author_info":{"display_name":"VeliPost","author_link":"https:\/\/velipost.com\/?author=1"},"uagb_comment_info":0,"uagb_excerpt":"Le 11 septembre 2024, la famille de Lara et Maya, des b\u00e9b\u00e9s siamois, a \u00e9t\u00e9 frapp\u00e9e par une trag\u00e9die lorsqu&rsquo;ils sont d\u00e9c\u00e9d\u00e9s \u00e0 l&rsquo;h\u00f4pital","_links":{"self":[{"href":"https:\/\/velipost.com\/index.php?rest_route=\/wp\/v2\/posts\/2261","targetHints":{"allow":["GET"]}}],"collection":[{"href":"https:\/\/velipost.com\/index.php?rest_route=\/wp\/v2\/posts"}],"about":[{"href":"https:\/\/velipost.com\/index.php?rest_route=\/wp\/v2\/types\/post"}],"author":[{"embeddable":true,"href":"https:\/\/velipost.com\/index.php?rest_route=\/wp\/v2\/users\/1"}],"replies":[{"embeddable":true,"href":"https:\/\/velipost.com\/index.php?rest_route=%2Fwp%2Fv2%2Fcomments&post=2261"}],"version-history":[{"count":1,"href":"https:\/\/velipost.com\/index.php?rest_route=\/wp\/v2\/posts\/2261\/revisions"}],"predecessor-version":[{"id":2263,"href":"https:\/\/velipost.com\/index.php?rest_route=\/wp\/v2\/posts\/2261\/revisions\/2263"}],"wp:featuredmedia":[{"embeddable":true,"href":"https:\/\/velipost.com\/index.php?rest_route=\/wp\/v2\/media\/2262"}],"wp:attachment":[{"href":"https:\/\/velipost.com\/index.php?rest_route=%2Fwp%2Fv2%2Fmedia&parent=2261"}],"wp:term":[{"taxonomy":"category","embeddable":true,"href":"https:\/\/velipost.com\/index.php?rest_route=%2Fwp%2Fv2%2Fcategories&post=2261"},{"taxonomy":"post_tag","embeddable":true,"href":"https:\/\/velipost.com\/index.php?rest_route=%2Fwp%2Fv2%2Ftags&post=2261"}],"curies":[{"name":"wp","href":"https:\/\/api.w.org\/{rel}","templated":true}]}}