{"id":2252,"date":"2024-09-13T03:35:05","date_gmt":"2024-09-13T01:35:05","guid":{"rendered":"https:\/\/velipost.com\/?p=2252"},"modified":"2024-09-13T03:35:05","modified_gmt":"2024-09-13T01:35:05","slug":"conseil-presidentiel-de-transition-qui-sera-le-successeur-de-louis-gerald-gilles","status":"publish","type":"post","link":"https:\/\/velipost.com\/?p=2252","title":{"rendered":"Conseil Pr\u00e9sidentiel de Transition : Qui Sera le Successeur de Louis G\u00e9rald Gilles ?"},"content":{"rendered":"\n<p>La course pour remplacer Louis G\u00e9rald Gilles au sein du Conseil Pr\u00e9sidentiel de Transition (CPT) continue d&rsquo;alimenter les discussions politiques en Ha\u00efti. Deux personnalit\u00e9s se distinguent comme candidats potentiels : Marjory Michel, ancienne ministre \u00e0 la condition f\u00e9minine, et Vikerson Garnier, ancien d\u00e9put\u00e9 et actuel chef de cabinet de Gilles. Tous deux sont signataires de l&rsquo;accord politique du 21 d\u00e9cembre, mais un consensus tarde \u00e0 \u00e9merger parmi les partis concern\u00e9s.<\/p>\n\n\n\n<p>Ce jeudi 12 septembre, une rencontre a eu lieu entre les deux pr\u00e9tendants, mais aucune avanc\u00e9e notable n&rsquo;a \u00e9t\u00e9 enregistr\u00e9e. Chaque camp campe sur ses positions, ajoutant de la complexit\u00e9 \u00e0 une situation politique d\u00e9j\u00e0 fragile. Marjory Michel, ancienne ministre sous l&rsquo;administration de Ren\u00e9 Pr\u00e9val, semble toutefois b\u00e9n\u00e9ficier d&rsquo;un certain appui parmi les n\u00e9gociateurs, bien que les discussions restent ouvertes.<\/p>\n\n\n\n<h3 class=\"wp-block-heading\">Une Situation Suivie de Pr\u00e8s par les \u00c9tats-Unis<\/h3>\n\n\n\n<p>En parall\u00e8le, la communaut\u00e9 internationale, en particulier les \u00c9tats-Unis, observe attentivement l&rsquo;\u00e9volution de la crise politique ha\u00eftienne. Lors de sa visite \u00e0 Port-au-Prince le 5 septembre 2024, le Secr\u00e9taire d&rsquo;\u00c9tat am\u00e9ricain, Antony Blinken, a rencontr\u00e9 plusieurs leaders politiques ha\u00eftiens, dont Claude Joseph, Andr\u00e9 Michel, et Mo\u00efse Jean Charles, pour discuter des d\u00e9fis li\u00e9s \u00e0 la transition politique.<\/p>\n\n\n\n<p>Blinken a particuli\u00e8rement exprim\u00e9 ses pr\u00e9occupations concernant l&rsquo;implication de certaines figures politiques dans des affaires li\u00e9es \u00e0 la Banque Nationale de Cr\u00e9dit (BNC), lesquelles bloquent, selon lui, les avanc\u00e9es n\u00e9cessaires \u00e0 la r\u00e9ussite de la transition. Il a averti que des sanctions pourraient \u00eatre prises contre ceux qui tenteraient d&rsquo;entraver le processus, notamment la formation du Conseil \u00c9lectoral Provisoire (CEP), une \u00e9tape cruciale pour le retour \u00e0 la stabilit\u00e9 institutionnelle en Ha\u00efti.<\/p>\n\n\n\n<h3 class=\"wp-block-heading\">Des D\u00e9fis pour l&rsquo;Avenir du CPT<\/h3>\n\n\n\n<p>La question du remplacement de Louis G\u00e9rald Gilles au CPT est un enjeu majeur pour la continuit\u00e9 du processus de transition en Ha\u00efti. Le blocage actuel met en lumi\u00e8re les profondes divisions politiques, alors que le pays peine \u00e0 trouver des solutions viables \u00e0 ses crises multiples.<\/p>\n\n\n\n<p>Si les n\u00e9gociations entre Marjory Michel et Vikerson Garnier n&rsquo;aboutissent pas rapidement \u00e0 une d\u00e9cision unanime, cela pourrait prolonger l&rsquo;impasse au sein du CPT et freiner les efforts visant \u00e0 r\u00e9tablir l&rsquo;ordre politique et social en Ha\u00efti.<\/p>\n\n\n\n<p>En attendant, les pressions internationales, notamment de la part des \u00c9tats-Unis, se font de plus en plus fortes pour pousser les acteurs politiques ha\u00eftiens \u00e0 faire preuve de responsabilit\u00e9 et \u00e0 \u00e9viter de compromettre l&rsquo;avenir du pays.<\/p>\n\n\n\n<p><em>La r\u00e9daction de Velipost suivra de pr\u00e8s l&rsquo;\u00e9volution des discussions au sein du CPT et les d\u00e9cisions qui seront prises dans les jours \u00e0 venir.<\/em><\/p>\n\n    <div class=\"xs_social_share_widget xs_share_url after_content \t\tmain_content  wslu-style-3 wslu-share-box-shaped wslu-fill-brand-hover-colored wslu-share-m-5 wslu-none wslu-share-horizontal wslu-theme-font-no wslu-main_content\">\n\n\t\t\n        <ul>\n\t\t\t                    <li class=\"xs-share-li twitter                        wslu-no-extra-data\">\n                        <a href=\"javascript:void(0);\"\n                           id=\"xs_feed_twitter\"\n                           onclick=\"xs_social_sharer(this);\"\n                           data-pid=\"2252\"\n                           data-uri_hash=\"80277fddf27717adbfab06d41a4b95d3\"\n                           data-key=\"twitter\"\n                           data-xs-href=\"https:\/\/twitter.com\/intent\/tweet?text=Conseil+Pr%C3%A9sidentiel+de+Transition+%3A+Qui+Sera+le+Successeur+de+Louis+G%C3%A9rald+Gilles+%3F+https%3A%2F%2Fvelipost.com%2Findex.php%3Frest_route%3D%252Fwp%252Fv2%252Fposts%252F2252&amp;original_referer=https%3A%2F%2Fvelipost.com%2Findex.php%3Frest_route%3D%252Fwp%252Fv2%252Fposts%252F2252&amp;related=xpeedstudio\">\n\n                            <div class=\"xs-social-icon\">\n                                <span class=\"met-social met-social-twitter\"><\/span>\n                            <\/div>\n\n\t\t\t\t\t\t\t\n                            <div class=\"wslu-hover-content\">\n                                <div class=\"xs-social-followers\">\n\t\t\t\t\t\t\t\t\t10                                <\/div>\n                                <div class=\"xs-social-follower-text\">\n\t\t\t\t\t\t\t\t\tShare                                <\/div>\n                                <div class=\"xs-social-follower-label\">\n\t\t\t\t\t\t\t\t\tTwitter                                <\/div>\n                            <\/div>\n                        <\/a>\n                    <\/li>\n\t\t\t\t\t                    <li class=\"xs-share-li telegram                        wslu-no-extra-data\">\n                        <a href=\"javascript:void(0);\"\n                           id=\"xs_feed_telegram\"\n                           onclick=\"xs_social_sharer(this);\"\n                           data-pid=\"2252\"\n                           data-uri_hash=\"80277fddf27717adbfab06d41a4b95d3\"\n                           data-key=\"telegram\"\n                           data-xs-href=\"https:\/\/telegram.me\/share\/url?url=https%3A%2F%2Fvelipost.com%2Findex.php%3Frest_route%3D%252Fwp%252Fv2%252Fposts%252F2252&amp;text=Conseil+Pr%C3%A9sidentiel+de+Transition+%3A+Qui+Sera+le+Successeur+de+Louis+G%C3%A9rald+Gilles+%3F\">\n\n                            <div class=\"xs-social-icon\">\n                                <span class=\"met-social met-social-telegram\"><\/span>\n                            <\/div>\n\n\t\t\t\t\t\t\t\n                            <div class=\"wslu-hover-content\">\n                                <div class=\"xs-social-followers\">\n\t\t\t\t\t\t\t\t\t0                                <\/div>\n                                <div class=\"xs-social-follower-text\">\n\t\t\t\t\t\t\t\t\tShare                                <\/div>\n                                <div class=\"xs-social-follower-label\">\n\t\t\t\t\t\t\t\t\tTelegram                                <\/div>\n                            <\/div>\n                        <\/a>\n                    <\/li>\n\t\t\t\t\t                    <li class=\"xs-share-li email                        wslu-no-extra-data\">\n                        <a href=\"javascript:void(0);\"\n                           id=\"xs_feed_email\"\n                           onclick=\"xs_social_sharer(this);\"\n                           data-pid=\"2252\"\n                           data-uri_hash=\"80277fddf27717adbfab06d41a4b95d3\"\n                           data-key=\"email\"\n                           data-xs-href=\"mailto:?body=Title%3A+Conseil+Pr%C3%A9sidentiel+de+Transition+%3A+Qui+Sera+le+Successeur+de+Louis+G%C3%A9rald+Gilles+%3F+%5Cn%5Cn+URL%3A+https%3A%2F%2Fvelipost.com%2Findex.php%3Frest_route%3D%252Fwp%252Fv2%252Fposts%252F2252&amp;subject=Conseil+Pr%C3%A9sidentiel+de+Transition+%3A+Qui+Sera+le+Successeur+de+Louis+G%C3%A9rald+Gilles+%3F\">\n\n                            <div class=\"xs-social-icon\">\n                                <span class=\"met-social met-social-email\"><\/span>\n                            <\/div>\n\n\t\t\t\t\t\t\t\n                            <div class=\"wslu-hover-content\">\n                                <div class=\"xs-social-followers\">\n\t\t\t\t\t\t\t\t\t0                                <\/div>\n                                <div class=\"xs-social-follower-text\">\n\t\t\t\t\t\t\t\t\tShare                                <\/div>\n                                <div class=\"xs-social-follower-label\">\n\t\t\t\t\t\t\t\t\tEmail                                <\/div>\n                            <\/div>\n                        <\/a>\n                    <\/li>\n\t\t\t\t\t        <\/ul>\n    <\/div> \n","protected":false},"excerpt":{"rendered":"<p>La course pour remplacer Louis G\u00e9rald Gilles au sein du Conseil Pr\u00e9sidentiel de Transition (CPT) continue d&rsquo;alimenter les discussions politiques en Ha\u00efti. Deux personnalit\u00e9s<\/p>\n","protected":false},"author":1,"featured_media":2253,"comment_status":"open","ping_status":"open","sticky":false,"template":"","format":"standard","meta":{"_uag_custom_page_level_css":"","footnotes":"","jetpack_publicize_message":"","jetpack_publicize_feature_enabled":true,"jetpack_social_post_already_shared":false,"jetpack_social_options":{"image_generator_settings":{"template":"highway","default_image_id":0,"font":"","enabled":false},"version":2}},"categories":[115],"tags":[],"class_list":["post-2252","post","type-post","status-publish","format-standard","has-post-thumbnail","hentry","category-politique"],"yoast_head":"<!-- This site is optimized with the Yoast SEO plugin v25.3.1 - https:\/\/yoast.com\/wordpress\/plugins\/seo\/ -->\n<title>Conseil Pr\u00e9sidentiel de Transition : Qui Sera le Successeur de Louis G\u00e9rald Gilles ? &#8211; VeliPost<\/title>\n<meta name=\"robots\" content=\"index, follow, max-snippet:-1, max-image-preview:large, max-video-preview:-1\" \/>\n<link rel=\"canonical\" href=\"https:\/\/velipost.com\/?p=2252\" \/>\n<meta property=\"og:locale\" content=\"fr_FR\" \/>\n<meta property=\"og:type\" content=\"article\" \/>\n<meta property=\"og:title\" content=\"Conseil Pr\u00e9sidentiel de Transition : Qui Sera le Successeur de Louis G\u00e9rald Gilles ? &#8211; VeliPost\" \/>\n<meta property=\"og:description\" content=\"La course pour remplacer Louis G\u00e9rald Gilles au sein du Conseil Pr\u00e9sidentiel de Transition (CPT) continue d&rsquo;alimenter les discussions politiques en Ha\u00efti. Deux personnalit\u00e9s\" \/>\n<meta property=\"og:url\" content=\"https:\/\/velipost.com\/?p=2252\" \/>\n<meta property=\"og:site_name\" content=\"VeliPost\" \/>\n<meta property=\"article:publisher\" content=\"https:\/\/www.facebook.com\/veliposthaiti\" \/>\n<meta property=\"article:published_time\" content=\"2024-09-13T01:35:05+00:00\" \/>\n<meta property=\"og:image\" content=\"https:\/\/velipost.com\/wp-content\/uploads\/2024\/09\/cpt.jpg\" \/>\n\t<meta property=\"og:image:width\" content=\"1170\" \/>\n\t<meta property=\"og:image:height\" content=\"603\" \/>\n\t<meta property=\"og:image:type\" content=\"image\/jpeg\" \/>\n<meta name=\"author\" content=\"VeliPost\" \/>\n<meta name=\"twitter:card\" content=\"summary_large_image\" \/>\n<meta name=\"twitter:creator\" content=\"@veliposthaiti\" \/>\n<meta name=\"twitter:site\" content=\"@veliposthaiti\" \/>\n<meta name=\"twitter:label1\" content=\"\u00c9crit par\" \/>\n\t<meta name=\"twitter:data1\" content=\"VeliPost\" \/>\n\t<meta name=\"twitter:label2\" content=\"Dur\u00e9e de lecture estim\u00e9e\" \/>\n\t<meta name=\"twitter:data2\" content=\"3 minutes\" \/>\n<script type=\"application\/ld+json\" class=\"yoast-schema-graph\">{\"@context\":\"https:\/\/schema.org\",\"@graph\":[{\"@type\":\"Article\",\"@id\":\"https:\/\/velipost.com\/?p=2252#article\",\"isPartOf\":{\"@id\":\"https:\/\/velipost.com\/?p=2252\"},\"author\":{\"name\":\"VeliPost\",\"@id\":\"https:\/\/velipost.com\/#\/schema\/person\/32ff49a53c9c1bb24302ee8ece058096\"},\"headline\":\"Conseil Pr\u00e9sidentiel de Transition : Qui Sera le Successeur de Louis G\u00e9rald Gilles ?\",\"datePublished\":\"2024-09-13T01:35:05+00:00\",\"mainEntityOfPage\":{\"@id\":\"https:\/\/velipost.com\/?p=2252\"},\"wordCount\":473,\"commentCount\":0,\"publisher\":{\"@id\":\"https:\/\/velipost.com\/#organization\"},\"image\":{\"@id\":\"https:\/\/velipost.com\/?p=2252#primaryimage\"},\"thumbnailUrl\":\"https:\/\/velipost.com\/wp-content\/uploads\/2024\/09\/cpt.jpg\",\"articleSection\":[\"Politique\"],\"inLanguage\":\"fr-FR\",\"potentialAction\":[{\"@type\":\"CommentAction\",\"name\":\"Comment\",\"target\":[\"https:\/\/velipost.com\/?p=2252#respond\"]}]},{\"@type\":\"WebPage\",\"@id\":\"https:\/\/velipost.com\/?p=2252\",\"url\":\"https:\/\/velipost.com\/?p=2252\",\"name\":\"Conseil Pr\u00e9sidentiel de Transition : Qui Sera le Successeur de Louis G\u00e9rald Gilles ? &#8211; VeliPost\",\"isPartOf\":{\"@id\":\"https:\/\/velipost.com\/#website\"},\"primaryImageOfPage\":{\"@id\":\"https:\/\/velipost.com\/?p=2252#primaryimage\"},\"image\":{\"@id\":\"https:\/\/velipost.com\/?p=2252#primaryimage\"},\"thumbnailUrl\":\"https:\/\/velipost.com\/wp-content\/uploads\/2024\/09\/cpt.jpg\",\"datePublished\":\"2024-09-13T01:35:05+00:00\",\"breadcrumb\":{\"@id\":\"https:\/\/velipost.com\/?p=2252#breadcrumb\"},\"inLanguage\":\"fr-FR\",\"potentialAction\":[{\"@type\":\"ReadAction\",\"target\":[\"https:\/\/velipost.com\/?p=2252\"]}]},{\"@type\":\"ImageObject\",\"inLanguage\":\"fr-FR\",\"@id\":\"https:\/\/velipost.com\/?p=2252#primaryimage\",\"url\":\"https:\/\/velipost.com\/wp-content\/uploads\/2024\/09\/cpt.jpg\",\"contentUrl\":\"https:\/\/velipost.com\/wp-content\/uploads\/2024\/09\/cpt.jpg\",\"width\":1170,\"height\":603},{\"@type\":\"BreadcrumbList\",\"@id\":\"https:\/\/velipost.com\/?p=2252#breadcrumb\",\"itemListElement\":[{\"@type\":\"ListItem\",\"position\":1,\"name\":\"Accueil\",\"item\":\"https:\/\/velipost.com\/\"},{\"@type\":\"ListItem\",\"position\":2,\"name\":\"Conseil Pr\u00e9sidentiel de Transition : Qui Sera le Successeur de Louis G\u00e9rald Gilles ?\"}]},{\"@type\":\"WebSite\",\"@id\":\"https:\/\/velipost.com\/#website\",\"url\":\"https:\/\/velipost.com\/\",\"name\":\"VeliPost\",\"description\":\"L\u2019info en un clic\",\"publisher\":{\"@id\":\"https:\/\/velipost.com\/#organization\"},\"potentialAction\":[{\"@type\":\"SearchAction\",\"target\":{\"@type\":\"EntryPoint\",\"urlTemplate\":\"https:\/\/velipost.com\/?s={search_term_string}\"},\"query-input\":{\"@type\":\"PropertyValueSpecification\",\"valueRequired\":true,\"valueName\":\"search_term_string\"}}],\"inLanguage\":\"fr-FR\"},{\"@type\":\"Organization\",\"@id\":\"https:\/\/velipost.com\/#organization\",\"name\":\"VeliPost\",\"url\":\"https:\/\/velipost.com\/\",\"logo\":{\"@type\":\"ImageObject\",\"inLanguage\":\"fr-FR\",\"@id\":\"https:\/\/velipost.com\/#\/schema\/logo\/image\/\",\"url\":\"https:\/\/velipost.com\/wp-content\/uploads\/2024\/08\/cropped-VP-logo-piti.png\",\"contentUrl\":\"https:\/\/velipost.com\/wp-content\/uploads\/2024\/08\/cropped-VP-logo-piti.png\",\"width\":201,\"height\":69,\"caption\":\"VeliPost\"},\"image\":{\"@id\":\"https:\/\/velipost.com\/#\/schema\/logo\/image\/\"},\"sameAs\":[\"https:\/\/www.facebook.com\/veliposthaiti\",\"https:\/\/x.com\/veliposthaiti\",\"https:\/\/www.instagram.com\/veliposthaiti\"]},{\"@type\":\"Person\",\"@id\":\"https:\/\/velipost.com\/#\/schema\/person\/32ff49a53c9c1bb24302ee8ece058096\",\"name\":\"VeliPost\",\"image\":{\"@type\":\"ImageObject\",\"inLanguage\":\"fr-FR\",\"@id\":\"https:\/\/velipost.com\/#\/schema\/person\/image\/\",\"url\":\"https:\/\/secure.gravatar.com\/avatar\/57c226c264de62f794185a89596d4a37b85a5ad20aca30d9d5a478b27d8c8d9d?s=96&d=mm&r=g\",\"contentUrl\":\"https:\/\/secure.gravatar.com\/avatar\/57c226c264de62f794185a89596d4a37b85a5ad20aca30d9d5a478b27d8c8d9d?s=96&d=mm&r=g\",\"caption\":\"VeliPost\"},\"sameAs\":[\"https:\/\/velipost.com\"],\"url\":\"https:\/\/velipost.com\/?author=1\"}]}<\/script>\n<!-- \/ Yoast SEO plugin. -->","yoast_head_json":{"title":"Conseil Pr\u00e9sidentiel de Transition : Qui Sera le Successeur de Louis G\u00e9rald Gilles ? &#8211; VeliPost","robots":{"index":"index","follow":"follow","max-snippet":"max-snippet:-1","max-image-preview":"max-image-preview:large","max-video-preview":"max-video-preview:-1"},"canonical":"https:\/\/velipost.com\/?p=2252","og_locale":"fr_FR","og_type":"article","og_title":"Conseil Pr\u00e9sidentiel de Transition : Qui Sera le Successeur de Louis G\u00e9rald Gilles ? &#8211; VeliPost","og_description":"La course pour remplacer Louis G\u00e9rald Gilles au sein du Conseil Pr\u00e9sidentiel de Transition (CPT) continue d&rsquo;alimenter les discussions politiques en Ha\u00efti. Deux personnalit\u00e9s","og_url":"https:\/\/velipost.com\/?p=2252","og_site_name":"VeliPost","article_publisher":"https:\/\/www.facebook.com\/veliposthaiti","article_published_time":"2024-09-13T01:35:05+00:00","og_image":[{"width":1170,"height":603,"url":"https:\/\/velipost.com\/wp-content\/uploads\/2024\/09\/cpt.jpg","type":"image\/jpeg"}],"author":"VeliPost","twitter_card":"summary_large_image","twitter_creator":"@veliposthaiti","twitter_site":"@veliposthaiti","twitter_misc":{"\u00c9crit par":"VeliPost","Dur\u00e9e de lecture estim\u00e9e":"3 minutes"},"schema":{"@context":"https:\/\/schema.org","@graph":[{"@type":"Article","@id":"https:\/\/velipost.com\/?p=2252#article","isPartOf":{"@id":"https:\/\/velipost.com\/?p=2252"},"author":{"name":"VeliPost","@id":"https:\/\/velipost.com\/#\/schema\/person\/32ff49a53c9c1bb24302ee8ece058096"},"headline":"Conseil Pr\u00e9sidentiel de Transition : Qui Sera le Successeur de Louis G\u00e9rald Gilles ?","datePublished":"2024-09-13T01:35:05+00:00","mainEntityOfPage":{"@id":"https:\/\/velipost.com\/?p=2252"},"wordCount":473,"commentCount":0,"publisher":{"@id":"https:\/\/velipost.com\/#organization"},"image":{"@id":"https:\/\/velipost.com\/?p=2252#primaryimage"},"thumbnailUrl":"https:\/\/velipost.com\/wp-content\/uploads\/2024\/09\/cpt.jpg","articleSection":["Politique"],"inLanguage":"fr-FR","potentialAction":[{"@type":"CommentAction","name":"Comment","target":["https:\/\/velipost.com\/?p=2252#respond"]}]},{"@type":"WebPage","@id":"https:\/\/velipost.com\/?p=2252","url":"https:\/\/velipost.com\/?p=2252","name":"Conseil Pr\u00e9sidentiel de Transition : Qui Sera le Successeur de Louis G\u00e9rald Gilles ? &#8211; VeliPost","isPartOf":{"@id":"https:\/\/velipost.com\/#website"},"primaryImageOfPage":{"@id":"https:\/\/velipost.com\/?p=2252#primaryimage"},"image":{"@id":"https:\/\/velipost.com\/?p=2252#primaryimage"},"thumbnailUrl":"https:\/\/velipost.com\/wp-content\/uploads\/2024\/09\/cpt.jpg","datePublished":"2024-09-13T01:35:05+00:00","breadcrumb":{"@id":"https:\/\/velipost.com\/?p=2252#breadcrumb"},"inLanguage":"fr-FR","potentialAction":[{"@type":"ReadAction","target":["https:\/\/velipost.com\/?p=2252"]}]},{"@type":"ImageObject","inLanguage":"fr-FR","@id":"https:\/\/velipost.com\/?p=2252#primaryimage","url":"https:\/\/velipost.com\/wp-content\/uploads\/2024\/09\/cpt.jpg","contentUrl":"https:\/\/velipost.com\/wp-content\/uploads\/2024\/09\/cpt.jpg","width":1170,"height":603},{"@type":"BreadcrumbList","@id":"https:\/\/velipost.com\/?p=2252#breadcrumb","itemListElement":[{"@type":"ListItem","position":1,"name":"Accueil","item":"https:\/\/velipost.com\/"},{"@type":"ListItem","position":2,"name":"Conseil Pr\u00e9sidentiel de Transition : Qui Sera le Successeur de Louis G\u00e9rald Gilles ?"}]},{"@type":"WebSite","@id":"https:\/\/velipost.com\/#website","url":"https:\/\/velipost.com\/","name":"VeliPost","description":"L\u2019info en un clic","publisher":{"@id":"https:\/\/velipost.com\/#organization"},"potentialAction":[{"@type":"SearchAction","target":{"@type":"EntryPoint","urlTemplate":"https:\/\/velipost.com\/?s={search_term_string}"},"query-input":{"@type":"PropertyValueSpecification","valueRequired":true,"valueName":"search_term_string"}}],"inLanguage":"fr-FR"},{"@type":"Organization","@id":"https:\/\/velipost.com\/#organization","name":"VeliPost","url":"https:\/\/velipost.com\/","logo":{"@type":"ImageObject","inLanguage":"fr-FR","@id":"https:\/\/velipost.com\/#\/schema\/logo\/image\/","url":"https:\/\/velipost.com\/wp-content\/uploads\/2024\/08\/cropped-VP-logo-piti.png","contentUrl":"https:\/\/velipost.com\/wp-content\/uploads\/2024\/08\/cropped-VP-logo-piti.png","width":201,"height":69,"caption":"VeliPost"},"image":{"@id":"https:\/\/velipost.com\/#\/schema\/logo\/image\/"},"sameAs":["https:\/\/www.facebook.com\/veliposthaiti","https:\/\/x.com\/veliposthaiti","https:\/\/www.instagram.com\/veliposthaiti"]},{"@type":"Person","@id":"https:\/\/velipost.com\/#\/schema\/person\/32ff49a53c9c1bb24302ee8ece058096","name":"VeliPost","image":{"@type":"ImageObject","inLanguage":"fr-FR","@id":"https:\/\/velipost.com\/#\/schema\/person\/image\/","url":"https:\/\/secure.gravatar.com\/avatar\/57c226c264de62f794185a89596d4a37b85a5ad20aca30d9d5a478b27d8c8d9d?s=96&d=mm&r=g","contentUrl":"https:\/\/secure.gravatar.com\/avatar\/57c226c264de62f794185a89596d4a37b85a5ad20aca30d9d5a478b27d8c8d9d?s=96&d=mm&r=g","caption":"VeliPost"},"sameAs":["https:\/\/velipost.com"],"url":"https:\/\/velipost.com\/?author=1"}]}},"views":42,"jetpack_publicize_connections":[],"uagb_featured_image_src":{"full":["https:\/\/velipost.com\/wp-content\/uploads\/2024\/09\/cpt.jpg",1170,603,false],"thumbnail":["https:\/\/velipost.com\/wp-content\/uploads\/2024\/09\/cpt-150x150.jpg",150,150,true],"medium":["https:\/\/velipost.com\/wp-content\/uploads\/2024\/09\/cpt-300x155.jpg",300,155,true],"medium_large":["https:\/\/velipost.com\/wp-content\/uploads\/2024\/09\/cpt-768x396.jpg",715,369,true],"large":["https:\/\/velipost.com\/wp-content\/uploads\/2024\/09\/cpt-1024x528.jpg",715,369,true],"1536x1536":["https:\/\/velipost.com\/wp-content\/uploads\/2024\/09\/cpt.jpg",1170,603,false],"2048x2048":["https:\/\/velipost.com\/wp-content\/uploads\/2024\/09\/cpt.jpg",1170,603,false],"colornews-big-slider":["https:\/\/velipost.com\/wp-content\/uploads\/2024\/09\/cpt-1070x470.jpg",1070,470,true],"colornews-big-slider-thumb":["https:\/\/velipost.com\/wp-content\/uploads\/2024\/09\/cpt-184x109.jpg",184,109,true],"colornews-featured-post-medium":["https:\/\/velipost.com\/wp-content\/uploads\/2024\/09\/cpt-345x265.jpg",345,265,true],"colornews-featured-post-small":["https:\/\/velipost.com\/wp-content\/uploads\/2024\/09\/cpt-115x73.jpg",115,73,true],"colornews-random-posts":["https:\/\/velipost.com\/wp-content\/uploads\/2024\/09\/cpt-215x215.jpg",215,215,true],"colornews-featured-image":["https:\/\/velipost.com\/wp-content\/uploads\/2024\/09\/cpt-715x400.jpg",715,400,true],"mailpoet_newsletter_max":["https:\/\/velipost.com\/wp-content\/uploads\/2024\/09\/cpt.jpg",1170,603,false]},"uagb_author_info":{"display_name":"VeliPost","author_link":"https:\/\/velipost.com\/?author=1"},"uagb_comment_info":0,"uagb_excerpt":"La course pour remplacer Louis G\u00e9rald Gilles au sein du Conseil Pr\u00e9sidentiel de Transition (CPT) continue d&rsquo;alimenter les discussions politiques en Ha\u00efti. Deux personnalit\u00e9s","_links":{"self":[{"href":"https:\/\/velipost.com\/index.php?rest_route=\/wp\/v2\/posts\/2252","targetHints":{"allow":["GET"]}}],"collection":[{"href":"https:\/\/velipost.com\/index.php?rest_route=\/wp\/v2\/posts"}],"about":[{"href":"https:\/\/velipost.com\/index.php?rest_route=\/wp\/v2\/types\/post"}],"author":[{"embeddable":true,"href":"https:\/\/velipost.com\/index.php?rest_route=\/wp\/v2\/users\/1"}],"replies":[{"embeddable":true,"href":"https:\/\/velipost.com\/index.php?rest_route=%2Fwp%2Fv2%2Fcomments&post=2252"}],"version-history":[{"count":1,"href":"https:\/\/velipost.com\/index.php?rest_route=\/wp\/v2\/posts\/2252\/revisions"}],"predecessor-version":[{"id":2254,"href":"https:\/\/velipost.com\/index.php?rest_route=\/wp\/v2\/posts\/2252\/revisions\/2254"}],"wp:featuredmedia":[{"embeddable":true,"href":"https:\/\/velipost.com\/index.php?rest_route=\/wp\/v2\/media\/2253"}],"wp:attachment":[{"href":"https:\/\/velipost.com\/index.php?rest_route=%2Fwp%2Fv2%2Fmedia&parent=2252"}],"wp:term":[{"taxonomy":"category","embeddable":true,"href":"https:\/\/velipost.com\/index.php?rest_route=%2Fwp%2Fv2%2Fcategories&post=2252"},{"taxonomy":"post_tag","embeddable":true,"href":"https:\/\/velipost.com\/index.php?rest_route=%2Fwp%2Fv2%2Ftags&post=2252"}],"curies":[{"name":"wp","href":"https:\/\/api.w.org\/{rel}","templated":true}]}}