{"id":2247,"date":"2024-09-12T03:11:06","date_gmt":"2024-09-12T01:11:06","guid":{"rendered":"https:\/\/velipost.com\/?p=2247"},"modified":"2024-09-12T03:11:07","modified_gmt":"2024-09-12T01:11:07","slug":"haitian-diaspora-ministry-condemns-discriminatory-remarks-by-u-s-politicians-against-haitian-community","status":"publish","type":"post","link":"https:\/\/velipost.com\/?p=2247","title":{"rendered":"Haitian Diaspora Ministry Condemns Discriminatory Remarks by U.S. Politicians Against Haitian Community"},"content":{"rendered":"\n<p>The Haitian Ministry of Haitians Living Abroad (MHAVE) has issued a strong condemnation of recent discriminatory remarks made by several U.S. politicians targeting the Haitian diaspora, particularly those living in Springfield, Ohio. These remarks, part of a broader campaign of misinformation, aim to demonize Haitians for political gain.<\/p>\n\n\n\n<p>Unfortunately, this is not the first time that Haitians abroad have fallen victim to such campaigns, which seek to tarnish their image and portray them as a threat. MHAVE calls for unity among all Haitians to speak out with one voice and reaffirm their dignity and humanity in the face of these unwarranted attacks.<\/p>\n\n\n\n<p><strong>Minister of Haitians Living Abroad Reacts<\/strong><\/p>\n\n\n\n<p>Minister Dominique Dupuy of MHAVE convened a virtual meeting on Tuesday, September 10, 2024, with over 50 community leaders, religious figures, and heads of organizations that work with migrants in the affected areas and across the United States. The meeting included the participation of Dr. Nikita S\u00e9jour, an advisor to the Prime Minister, and was aimed at showing solidarity with the affected community and defining a collective response to these attacks.<\/p>\n\n\n\n<blockquote class=\"wp-block-quote is-layout-flow wp-block-quote-is-layout-flow\">\n<p>\u201cWe want not only to express our solidarity but also to send a clear signal that we strongly reject these statements, which degrade the dignity of our compatriots and could put their lives in danger,\u201d said Minister Dupuy.<\/p>\n<\/blockquote>\n\n\n\n<p><strong>Solidarity and Action to Protect the Haitian Community<\/strong><\/p>\n\n\n\n<p>MHAVE, along with diaspora organizations, is currently assessing all possible strategies to support and protect Haitian migrants who have been targeted by intimidation and stigmatization, whether in Springfield or elsewhere. The ministry encourages all legal initiatives aimed at defending the rights of Haitian migrants and ensuring their safety.<\/p>\n\n\n\n<p>In coordination with diplomatic and consular missions, MHAVE is deploying a support mechanism to assist Haitians in the diaspora, regardless of their location. This effort includes working with U.S. authorities to ensure that the Haitian community is protected from harm and to prevent further attacks against their dignity.<\/p>\n\n\n\n<p><strong>Rejection of the Demonization Campaign<\/strong><\/p>\n\n\n\n<p>MHAVE has been clear in its stance against the false narrative and misinformation that paints Haitians in Springfield as a threat to the local community. Some U.S. politicians have made baseless claims, accusing Haitian migrants of being responsible for various criminal acts, including the alleged harm of livestock, a rumor that has been thoroughly debunked.<\/p>\n\n\n\n<p>These false accusations demonstrate that Haitians are being unfairly demonized, and MHAVE is committed to fighting this propaganda while collaborating with relevant sectors to protect the rights and dignity of Haitians in the diaspora.<\/p>\n\n\n\n<p>MHAVE urges all Haitians abroad to remain vigilant, engage in legal processes to defend their rights, and work with local authorities to ensure their safety from any form of intimidation and stigmatization.<\/p>\n\n\n\n<p><strong>Unity Among Haitians Is Stronger Than Ever<\/strong><\/p>\n\n\n\n<p>MHAVE reiterates its commitment to strengthening solidarity among Haitian communities worldwide, as it works tirelessly to provide legal and diplomatic support to Haitians who fall victim to mistreatment and discrimination in foreign countries. The ministry calls on all Haitians, regardless of their location, to stand united and show the world that they are a proud people who demand respect and dignity.<\/p>\n\n\n\n<p>MHAVE affirms that the fight for the protection of the rights of Haitians in the diaspora is a national priority, and it will not waver in its efforts to safeguard compatriots against any discriminatory or intimidating actions.<\/p>\n\n    <div class=\"xs_social_share_widget xs_share_url after_content \t\tmain_content  wslu-style-3 wslu-share-box-shaped wslu-fill-brand-hover-colored wslu-share-m-5 wslu-none wslu-share-horizontal wslu-theme-font-no wslu-main_content\">\n\n\t\t\n        <ul>\n\t\t\t                    <li class=\"xs-share-li twitter                        wslu-no-extra-data\">\n                        <a href=\"javascript:void(0);\"\n                           id=\"xs_feed_twitter\"\n                           onclick=\"xs_social_sharer(this);\"\n                           data-pid=\"2247\"\n                           data-uri_hash=\"5b6711c0ffd93c271df5cc397d7ed13b\"\n                           data-key=\"twitter\"\n                           data-xs-href=\"https:\/\/twitter.com\/intent\/tweet?text=Haitian+Diaspora+Ministry+Condemns+Discriminatory+Remarks+by+U.S.+Politicians+Against+Haitian+Community+https%3A%2F%2Fvelipost.com%2Findex.php%3Frest_route%3D%252Fwp%252Fv2%252Fposts%252F2247&amp;original_referer=https%3A%2F%2Fvelipost.com%2Findex.php%3Frest_route%3D%252Fwp%252Fv2%252Fposts%252F2247&amp;related=xpeedstudio\">\n\n                            <div class=\"xs-social-icon\">\n                                <span class=\"met-social met-social-twitter\"><\/span>\n                            <\/div>\n\n\t\t\t\t\t\t\t\n                            <div class=\"wslu-hover-content\">\n                                <div class=\"xs-social-followers\">\n\t\t\t\t\t\t\t\t\t10                                <\/div>\n                                <div class=\"xs-social-follower-text\">\n\t\t\t\t\t\t\t\t\tShare                                <\/div>\n                                <div class=\"xs-social-follower-label\">\n\t\t\t\t\t\t\t\t\tTwitter                                <\/div>\n                            <\/div>\n                        <\/a>\n                    <\/li>\n\t\t\t\t\t                    <li class=\"xs-share-li telegram                        wslu-no-extra-data\">\n                        <a href=\"javascript:void(0);\"\n                           id=\"xs_feed_telegram\"\n                           onclick=\"xs_social_sharer(this);\"\n                           data-pid=\"2247\"\n                           data-uri_hash=\"5b6711c0ffd93c271df5cc397d7ed13b\"\n                           data-key=\"telegram\"\n                           data-xs-href=\"https:\/\/telegram.me\/share\/url?url=https%3A%2F%2Fvelipost.com%2Findex.php%3Frest_route%3D%252Fwp%252Fv2%252Fposts%252F2247&amp;text=Haitian+Diaspora+Ministry+Condemns+Discriminatory+Remarks+by+U.S.+Politicians+Against+Haitian+Community\">\n\n                            <div class=\"xs-social-icon\">\n                                <span class=\"met-social met-social-telegram\"><\/span>\n                            <\/div>\n\n\t\t\t\t\t\t\t\n                            <div class=\"wslu-hover-content\">\n                                <div class=\"xs-social-followers\">\n\t\t\t\t\t\t\t\t\t0                                <\/div>\n                                <div class=\"xs-social-follower-text\">\n\t\t\t\t\t\t\t\t\tShare                                <\/div>\n                                <div class=\"xs-social-follower-label\">\n\t\t\t\t\t\t\t\t\tTelegram                                <\/div>\n                            <\/div>\n                        <\/a>\n                    <\/li>\n\t\t\t\t\t                    <li class=\"xs-share-li email                        wslu-no-extra-data\">\n                        <a href=\"javascript:void(0);\"\n                           id=\"xs_feed_email\"\n                           onclick=\"xs_social_sharer(this);\"\n                           data-pid=\"2247\"\n                           data-uri_hash=\"5b6711c0ffd93c271df5cc397d7ed13b\"\n                           data-key=\"email\"\n                           data-xs-href=\"mailto:?body=Title%3A+Haitian+Diaspora+Ministry+Condemns+Discriminatory+Remarks+by+U.S.+Politicians+Against+Haitian+Community+%5Cn%5Cn+URL%3A+https%3A%2F%2Fvelipost.com%2Findex.php%3Frest_route%3D%252Fwp%252Fv2%252Fposts%252F2247&amp;subject=Haitian+Diaspora+Ministry+Condemns+Discriminatory+Remarks+by+U.S.+Politicians+Against+Haitian+Community\">\n\n                            <div class=\"xs-social-icon\">\n                                <span class=\"met-social met-social-email\"><\/span>\n                            <\/div>\n\n\t\t\t\t\t\t\t\n                            <div class=\"wslu-hover-content\">\n                                <div class=\"xs-social-followers\">\n\t\t\t\t\t\t\t\t\t0                                <\/div>\n                                <div class=\"xs-social-follower-text\">\n\t\t\t\t\t\t\t\t\tShare                                <\/div>\n                                <div class=\"xs-social-follower-label\">\n\t\t\t\t\t\t\t\t\tEmail                                <\/div>\n                            <\/div>\n                        <\/a>\n                    <\/li>\n\t\t\t\t\t        <\/ul>\n    <\/div> \n","protected":false},"excerpt":{"rendered":"<p>The Haitian Ministry of Haitians Living Abroad (MHAVE) has issued a strong condemnation of recent discriminatory remarks made by several U.S. politicians targeting the<\/p>\n","protected":false},"author":1,"featured_media":2245,"comment_status":"open","ping_status":"open","sticky":false,"template":"","format":"standard","meta":{"_uag_custom_page_level_css":"","footnotes":"","jetpack_publicize_message":"","jetpack_publicize_feature_enabled":true,"jetpack_social_post_already_shared":false,"jetpack_social_options":{"image_generator_settings":{"template":"highway","default_image_id":0,"font":"","enabled":false},"version":2}},"categories":[94],"tags":[],"class_list":["post-2247","post","type-post","status-publish","format-standard","has-post-thumbnail","hentry","category-a-la-une"],"yoast_head":"<!-- This site is optimized with the Yoast SEO plugin v25.3.1 - https:\/\/yoast.com\/wordpress\/plugins\/seo\/ -->\n<title>Haitian Diaspora Ministry Condemns Discriminatory Remarks by U.S. Politicians Against Haitian Community &#8211; VeliPost<\/title>\n<meta name=\"robots\" content=\"index, follow, max-snippet:-1, max-image-preview:large, max-video-preview:-1\" \/>\n<link rel=\"canonical\" href=\"https:\/\/velipost.com\/?p=2247\" \/>\n<meta property=\"og:locale\" content=\"fr_FR\" \/>\n<meta property=\"og:type\" content=\"article\" \/>\n<meta property=\"og:title\" content=\"Haitian Diaspora Ministry Condemns Discriminatory Remarks by U.S. Politicians Against Haitian Community &#8211; VeliPost\" \/>\n<meta property=\"og:description\" content=\"The Haitian Ministry of Haitians Living Abroad (MHAVE) has issued a strong condemnation of recent discriminatory remarks made by several U.S. politicians targeting the\" \/>\n<meta property=\"og:url\" content=\"https:\/\/velipost.com\/?p=2247\" \/>\n<meta property=\"og:site_name\" content=\"VeliPost\" \/>\n<meta property=\"article:publisher\" content=\"https:\/\/www.facebook.com\/veliposthaiti\" \/>\n<meta property=\"article:published_time\" content=\"2024-09-12T01:11:06+00:00\" \/>\n<meta property=\"article:modified_time\" content=\"2024-09-12T01:11:07+00:00\" \/>\n<meta property=\"og:image\" content=\"https:\/\/velipost.com\/wp-content\/uploads\/2024\/09\/mhave.jpg\" \/>\n\t<meta property=\"og:image:width\" content=\"1170\" \/>\n\t<meta property=\"og:image:height\" content=\"603\" \/>\n\t<meta property=\"og:image:type\" content=\"image\/jpeg\" \/>\n<meta name=\"author\" content=\"VeliPost\" \/>\n<meta name=\"twitter:card\" content=\"summary_large_image\" \/>\n<meta name=\"twitter:creator\" content=\"@veliposthaiti\" \/>\n<meta name=\"twitter:site\" content=\"@veliposthaiti\" \/>\n<meta name=\"twitter:label1\" content=\"\u00c9crit par\" \/>\n\t<meta name=\"twitter:data1\" content=\"VeliPost\" \/>\n\t<meta name=\"twitter:label2\" content=\"Dur\u00e9e de lecture estim\u00e9e\" \/>\n\t<meta name=\"twitter:data2\" content=\"3 minutes\" \/>\n<script type=\"application\/ld+json\" class=\"yoast-schema-graph\">{\"@context\":\"https:\/\/schema.org\",\"@graph\":[{\"@type\":\"Article\",\"@id\":\"https:\/\/velipost.com\/?p=2247#article\",\"isPartOf\":{\"@id\":\"https:\/\/velipost.com\/?p=2247\"},\"author\":{\"name\":\"VeliPost\",\"@id\":\"https:\/\/velipost.com\/#\/schema\/person\/32ff49a53c9c1bb24302ee8ece058096\"},\"headline\":\"Haitian Diaspora Ministry Condemns Discriminatory Remarks by U.S. Politicians Against Haitian Community\",\"datePublished\":\"2024-09-12T01:11:06+00:00\",\"dateModified\":\"2024-09-12T01:11:07+00:00\",\"mainEntityOfPage\":{\"@id\":\"https:\/\/velipost.com\/?p=2247\"},\"wordCount\":566,\"commentCount\":0,\"publisher\":{\"@id\":\"https:\/\/velipost.com\/#organization\"},\"image\":{\"@id\":\"https:\/\/velipost.com\/?p=2247#primaryimage\"},\"thumbnailUrl\":\"https:\/\/velipost.com\/wp-content\/uploads\/2024\/09\/mhave.jpg\",\"articleSection\":[\"A la Une\"],\"inLanguage\":\"fr-FR\",\"potentialAction\":[{\"@type\":\"CommentAction\",\"name\":\"Comment\",\"target\":[\"https:\/\/velipost.com\/?p=2247#respond\"]}]},{\"@type\":\"WebPage\",\"@id\":\"https:\/\/velipost.com\/?p=2247\",\"url\":\"https:\/\/velipost.com\/?p=2247\",\"name\":\"Haitian Diaspora Ministry Condemns Discriminatory Remarks by U.S. Politicians Against Haitian Community &#8211; VeliPost\",\"isPartOf\":{\"@id\":\"https:\/\/velipost.com\/#website\"},\"primaryImageOfPage\":{\"@id\":\"https:\/\/velipost.com\/?p=2247#primaryimage\"},\"image\":{\"@id\":\"https:\/\/velipost.com\/?p=2247#primaryimage\"},\"thumbnailUrl\":\"https:\/\/velipost.com\/wp-content\/uploads\/2024\/09\/mhave.jpg\",\"datePublished\":\"2024-09-12T01:11:06+00:00\",\"dateModified\":\"2024-09-12T01:11:07+00:00\",\"breadcrumb\":{\"@id\":\"https:\/\/velipost.com\/?p=2247#breadcrumb\"},\"inLanguage\":\"fr-FR\",\"potentialAction\":[{\"@type\":\"ReadAction\",\"target\":[\"https:\/\/velipost.com\/?p=2247\"]}]},{\"@type\":\"ImageObject\",\"inLanguage\":\"fr-FR\",\"@id\":\"https:\/\/velipost.com\/?p=2247#primaryimage\",\"url\":\"https:\/\/velipost.com\/wp-content\/uploads\/2024\/09\/mhave.jpg\",\"contentUrl\":\"https:\/\/velipost.com\/wp-content\/uploads\/2024\/09\/mhave.jpg\",\"width\":1170,\"height\":603},{\"@type\":\"BreadcrumbList\",\"@id\":\"https:\/\/velipost.com\/?p=2247#breadcrumb\",\"itemListElement\":[{\"@type\":\"ListItem\",\"position\":1,\"name\":\"Accueil\",\"item\":\"https:\/\/velipost.com\/\"},{\"@type\":\"ListItem\",\"position\":2,\"name\":\"Haitian Diaspora Ministry Condemns Discriminatory Remarks by U.S. Politicians Against Haitian Community\"}]},{\"@type\":\"WebSite\",\"@id\":\"https:\/\/velipost.com\/#website\",\"url\":\"https:\/\/velipost.com\/\",\"name\":\"VeliPost\",\"description\":\"L\u2019info en un clic\",\"publisher\":{\"@id\":\"https:\/\/velipost.com\/#organization\"},\"potentialAction\":[{\"@type\":\"SearchAction\",\"target\":{\"@type\":\"EntryPoint\",\"urlTemplate\":\"https:\/\/velipost.com\/?s={search_term_string}\"},\"query-input\":{\"@type\":\"PropertyValueSpecification\",\"valueRequired\":true,\"valueName\":\"search_term_string\"}}],\"inLanguage\":\"fr-FR\"},{\"@type\":\"Organization\",\"@id\":\"https:\/\/velipost.com\/#organization\",\"name\":\"VeliPost\",\"url\":\"https:\/\/velipost.com\/\",\"logo\":{\"@type\":\"ImageObject\",\"inLanguage\":\"fr-FR\",\"@id\":\"https:\/\/velipost.com\/#\/schema\/logo\/image\/\",\"url\":\"https:\/\/velipost.com\/wp-content\/uploads\/2024\/08\/cropped-VP-logo-piti.png\",\"contentUrl\":\"https:\/\/velipost.com\/wp-content\/uploads\/2024\/08\/cropped-VP-logo-piti.png\",\"width\":201,\"height\":69,\"caption\":\"VeliPost\"},\"image\":{\"@id\":\"https:\/\/velipost.com\/#\/schema\/logo\/image\/\"},\"sameAs\":[\"https:\/\/www.facebook.com\/veliposthaiti\",\"https:\/\/x.com\/veliposthaiti\",\"https:\/\/www.instagram.com\/veliposthaiti\"]},{\"@type\":\"Person\",\"@id\":\"https:\/\/velipost.com\/#\/schema\/person\/32ff49a53c9c1bb24302ee8ece058096\",\"name\":\"VeliPost\",\"image\":{\"@type\":\"ImageObject\",\"inLanguage\":\"fr-FR\",\"@id\":\"https:\/\/velipost.com\/#\/schema\/person\/image\/\",\"url\":\"https:\/\/secure.gravatar.com\/avatar\/57c226c264de62f794185a89596d4a37b85a5ad20aca30d9d5a478b27d8c8d9d?s=96&d=mm&r=g\",\"contentUrl\":\"https:\/\/secure.gravatar.com\/avatar\/57c226c264de62f794185a89596d4a37b85a5ad20aca30d9d5a478b27d8c8d9d?s=96&d=mm&r=g\",\"caption\":\"VeliPost\"},\"sameAs\":[\"https:\/\/velipost.com\"],\"url\":\"https:\/\/velipost.com\/?author=1\"}]}<\/script>\n<!-- \/ Yoast SEO plugin. -->","yoast_head_json":{"title":"Haitian Diaspora Ministry Condemns Discriminatory Remarks by U.S. Politicians Against Haitian Community &#8211; VeliPost","robots":{"index":"index","follow":"follow","max-snippet":"max-snippet:-1","max-image-preview":"max-image-preview:large","max-video-preview":"max-video-preview:-1"},"canonical":"https:\/\/velipost.com\/?p=2247","og_locale":"fr_FR","og_type":"article","og_title":"Haitian Diaspora Ministry Condemns Discriminatory Remarks by U.S. Politicians Against Haitian Community &#8211; VeliPost","og_description":"The Haitian Ministry of Haitians Living Abroad (MHAVE) has issued a strong condemnation of recent discriminatory remarks made by several U.S. politicians targeting the","og_url":"https:\/\/velipost.com\/?p=2247","og_site_name":"VeliPost","article_publisher":"https:\/\/www.facebook.com\/veliposthaiti","article_published_time":"2024-09-12T01:11:06+00:00","article_modified_time":"2024-09-12T01:11:07+00:00","og_image":[{"width":1170,"height":603,"url":"https:\/\/velipost.com\/wp-content\/uploads\/2024\/09\/mhave.jpg","type":"image\/jpeg"}],"author":"VeliPost","twitter_card":"summary_large_image","twitter_creator":"@veliposthaiti","twitter_site":"@veliposthaiti","twitter_misc":{"\u00c9crit par":"VeliPost","Dur\u00e9e de lecture estim\u00e9e":"3 minutes"},"schema":{"@context":"https:\/\/schema.org","@graph":[{"@type":"Article","@id":"https:\/\/velipost.com\/?p=2247#article","isPartOf":{"@id":"https:\/\/velipost.com\/?p=2247"},"author":{"name":"VeliPost","@id":"https:\/\/velipost.com\/#\/schema\/person\/32ff49a53c9c1bb24302ee8ece058096"},"headline":"Haitian Diaspora Ministry Condemns Discriminatory Remarks by U.S. Politicians Against Haitian Community","datePublished":"2024-09-12T01:11:06+00:00","dateModified":"2024-09-12T01:11:07+00:00","mainEntityOfPage":{"@id":"https:\/\/velipost.com\/?p=2247"},"wordCount":566,"commentCount":0,"publisher":{"@id":"https:\/\/velipost.com\/#organization"},"image":{"@id":"https:\/\/velipost.com\/?p=2247#primaryimage"},"thumbnailUrl":"https:\/\/velipost.com\/wp-content\/uploads\/2024\/09\/mhave.jpg","articleSection":["A la Une"],"inLanguage":"fr-FR","potentialAction":[{"@type":"CommentAction","name":"Comment","target":["https:\/\/velipost.com\/?p=2247#respond"]}]},{"@type":"WebPage","@id":"https:\/\/velipost.com\/?p=2247","url":"https:\/\/velipost.com\/?p=2247","name":"Haitian Diaspora Ministry Condemns Discriminatory Remarks by U.S. Politicians Against Haitian Community &#8211; VeliPost","isPartOf":{"@id":"https:\/\/velipost.com\/#website"},"primaryImageOfPage":{"@id":"https:\/\/velipost.com\/?p=2247#primaryimage"},"image":{"@id":"https:\/\/velipost.com\/?p=2247#primaryimage"},"thumbnailUrl":"https:\/\/velipost.com\/wp-content\/uploads\/2024\/09\/mhave.jpg","datePublished":"2024-09-12T01:11:06+00:00","dateModified":"2024-09-12T01:11:07+00:00","breadcrumb":{"@id":"https:\/\/velipost.com\/?p=2247#breadcrumb"},"inLanguage":"fr-FR","potentialAction":[{"@type":"ReadAction","target":["https:\/\/velipost.com\/?p=2247"]}]},{"@type":"ImageObject","inLanguage":"fr-FR","@id":"https:\/\/velipost.com\/?p=2247#primaryimage","url":"https:\/\/velipost.com\/wp-content\/uploads\/2024\/09\/mhave.jpg","contentUrl":"https:\/\/velipost.com\/wp-content\/uploads\/2024\/09\/mhave.jpg","width":1170,"height":603},{"@type":"BreadcrumbList","@id":"https:\/\/velipost.com\/?p=2247#breadcrumb","itemListElement":[{"@type":"ListItem","position":1,"name":"Accueil","item":"https:\/\/velipost.com\/"},{"@type":"ListItem","position":2,"name":"Haitian Diaspora Ministry Condemns Discriminatory Remarks by U.S. Politicians Against Haitian Community"}]},{"@type":"WebSite","@id":"https:\/\/velipost.com\/#website","url":"https:\/\/velipost.com\/","name":"VeliPost","description":"L\u2019info en un clic","publisher":{"@id":"https:\/\/velipost.com\/#organization"},"potentialAction":[{"@type":"SearchAction","target":{"@type":"EntryPoint","urlTemplate":"https:\/\/velipost.com\/?s={search_term_string}"},"query-input":{"@type":"PropertyValueSpecification","valueRequired":true,"valueName":"search_term_string"}}],"inLanguage":"fr-FR"},{"@type":"Organization","@id":"https:\/\/velipost.com\/#organization","name":"VeliPost","url":"https:\/\/velipost.com\/","logo":{"@type":"ImageObject","inLanguage":"fr-FR","@id":"https:\/\/velipost.com\/#\/schema\/logo\/image\/","url":"https:\/\/velipost.com\/wp-content\/uploads\/2024\/08\/cropped-VP-logo-piti.png","contentUrl":"https:\/\/velipost.com\/wp-content\/uploads\/2024\/08\/cropped-VP-logo-piti.png","width":201,"height":69,"caption":"VeliPost"},"image":{"@id":"https:\/\/velipost.com\/#\/schema\/logo\/image\/"},"sameAs":["https:\/\/www.facebook.com\/veliposthaiti","https:\/\/x.com\/veliposthaiti","https:\/\/www.instagram.com\/veliposthaiti"]},{"@type":"Person","@id":"https:\/\/velipost.com\/#\/schema\/person\/32ff49a53c9c1bb24302ee8ece058096","name":"VeliPost","image":{"@type":"ImageObject","inLanguage":"fr-FR","@id":"https:\/\/velipost.com\/#\/schema\/person\/image\/","url":"https:\/\/secure.gravatar.com\/avatar\/57c226c264de62f794185a89596d4a37b85a5ad20aca30d9d5a478b27d8c8d9d?s=96&d=mm&r=g","contentUrl":"https:\/\/secure.gravatar.com\/avatar\/57c226c264de62f794185a89596d4a37b85a5ad20aca30d9d5a478b27d8c8d9d?s=96&d=mm&r=g","caption":"VeliPost"},"sameAs":["https:\/\/velipost.com"],"url":"https:\/\/velipost.com\/?author=1"}]}},"views":32,"jetpack_publicize_connections":[],"uagb_featured_image_src":{"full":["https:\/\/velipost.com\/wp-content\/uploads\/2024\/09\/mhave.jpg",1170,603,false],"thumbnail":["https:\/\/velipost.com\/wp-content\/uploads\/2024\/09\/mhave-150x150.jpg",150,150,true],"medium":["https:\/\/velipost.com\/wp-content\/uploads\/2024\/09\/mhave-300x155.jpg",300,155,true],"medium_large":["https:\/\/velipost.com\/wp-content\/uploads\/2024\/09\/mhave-768x396.jpg",715,369,true],"large":["https:\/\/velipost.com\/wp-content\/uploads\/2024\/09\/mhave-1024x528.jpg",715,369,true],"1536x1536":["https:\/\/velipost.com\/wp-content\/uploads\/2024\/09\/mhave.jpg",1170,603,false],"2048x2048":["https:\/\/velipost.com\/wp-content\/uploads\/2024\/09\/mhave.jpg",1170,603,false],"colornews-big-slider":["https:\/\/velipost.com\/wp-content\/uploads\/2024\/09\/mhave-1070x470.jpg",1070,470,true],"colornews-big-slider-thumb":["https:\/\/velipost.com\/wp-content\/uploads\/2024\/09\/mhave-184x109.jpg",184,109,true],"colornews-featured-post-medium":["https:\/\/velipost.com\/wp-content\/uploads\/2024\/09\/mhave-345x265.jpg",345,265,true],"colornews-featured-post-small":["https:\/\/velipost.com\/wp-content\/uploads\/2024\/09\/mhave-115x73.jpg",115,73,true],"colornews-random-posts":["https:\/\/velipost.com\/wp-content\/uploads\/2024\/09\/mhave-215x215.jpg",215,215,true],"colornews-featured-image":["https:\/\/velipost.com\/wp-content\/uploads\/2024\/09\/mhave-715x400.jpg",715,400,true],"mailpoet_newsletter_max":["https:\/\/velipost.com\/wp-content\/uploads\/2024\/09\/mhave.jpg",1170,603,false]},"uagb_author_info":{"display_name":"VeliPost","author_link":"https:\/\/velipost.com\/?author=1"},"uagb_comment_info":0,"uagb_excerpt":"The Haitian Ministry of Haitians Living Abroad (MHAVE) has issued a strong condemnation of recent discriminatory remarks made by several U.S. politicians targeting the","_links":{"self":[{"href":"https:\/\/velipost.com\/index.php?rest_route=\/wp\/v2\/posts\/2247","targetHints":{"allow":["GET"]}}],"collection":[{"href":"https:\/\/velipost.com\/index.php?rest_route=\/wp\/v2\/posts"}],"about":[{"href":"https:\/\/velipost.com\/index.php?rest_route=\/wp\/v2\/types\/post"}],"author":[{"embeddable":true,"href":"https:\/\/velipost.com\/index.php?rest_route=\/wp\/v2\/users\/1"}],"replies":[{"embeddable":true,"href":"https:\/\/velipost.com\/index.php?rest_route=%2Fwp%2Fv2%2Fcomments&post=2247"}],"version-history":[{"count":1,"href":"https:\/\/velipost.com\/index.php?rest_route=\/wp\/v2\/posts\/2247\/revisions"}],"predecessor-version":[{"id":2248,"href":"https:\/\/velipost.com\/index.php?rest_route=\/wp\/v2\/posts\/2247\/revisions\/2248"}],"wp:featuredmedia":[{"embeddable":true,"href":"https:\/\/velipost.com\/index.php?rest_route=\/wp\/v2\/media\/2245"}],"wp:attachment":[{"href":"https:\/\/velipost.com\/index.php?rest_route=%2Fwp%2Fv2%2Fmedia&parent=2247"}],"wp:term":[{"taxonomy":"category","embeddable":true,"href":"https:\/\/velipost.com\/index.php?rest_route=%2Fwp%2Fv2%2Fcategories&post=2247"},{"taxonomy":"post_tag","embeddable":true,"href":"https:\/\/velipost.com\/index.php?rest_route=%2Fwp%2Fv2%2Ftags&post=2247"}],"curies":[{"name":"wp","href":"https:\/\/api.w.org\/{rel}","templated":true}]}}