{"id":2208,"date":"2024-09-10T01:28:18","date_gmt":"2024-09-09T23:28:18","guid":{"rendered":"https:\/\/velipost.com\/?p=2208"},"modified":"2024-09-10T01:31:18","modified_gmt":"2024-09-09T23:31:18","slug":"amnesty-international-exige-des-reformes-urgentes-des-politiques-migratoires-en-republique-dominicaine","status":"publish","type":"post","link":"https:\/\/velipost.com\/?p=2208","title":{"rendered":"Amnesty International d\u00e9nonce les abus contre les Ha\u00eftiens en R\u00e9publique dominicaine et appelle \u00e0 des r\u00e9formes"},"content":{"rendered":"\n<hr class=\"wp-block-separator has-alpha-channel-opacity\"\/>\n\n\n\n<p>Amnesty International a r\u00e9cemment publi\u00e9 un communiqu\u00e9 de presse important qui soul\u00e8ve des pr\u00e9occupations majeures concernant les violations des droits humains en R\u00e9publique dominicaine. L&rsquo;organisation attire l&rsquo;attention sur les politiques migratoires actuelles qui ciblent les Ha\u00eftiens et les Dominicains d&rsquo;ascendance ha\u00eftienne, appelant le Pr\u00e9sident Luis Abinader \u00e0 une action imm\u00e9diate pour mettre fin aux pratiques discriminatoires et au racisme structurel associ\u00e9 \u00e0 ces politiques.<\/p>\n\n\n\n<p>Depuis le d\u00e9but des op\u00e9rations migratoires intensifi\u00e9es, des preuves inqui\u00e9tantes ont \u00e9t\u00e9 recueillies montrant des expulsions massives, des d\u00e9tentions arbitraires et un usage excessif de la force par les autorit\u00e9s dominicaines. Ces mesures ont un impact s\u00e9v\u00e8re sur les migrants, notamment des enfants et des femmes enceintes, qui sont particuli\u00e8rement vuln\u00e9rables. Malgr\u00e9 les tentatives de justification de ces actions par la Vice-pr\u00e9sidente de la R\u00e9publique dominicaine comme \u00e9tant des questions de souverainet\u00e9 nationale, Amnesty International consid\u00e8re ces pratiques comme des violations graves des droits humains.<\/p>\n\n\n\n<p>En r\u00e9ponse \u00e0 ces violations, Amnesty International a mis en ligne une vid\u00e9o v\u00e9rifi\u00e9e par leur Evidence Lab. Cette vid\u00e9o fournit un compte rendu visuel saisissant des conditions inhumaines auxquelles les personnes touch\u00e9es sont confront\u00e9es. L&rsquo;organisation encourage vivement les citoyens du monde entier \u00e0 visionner et partager cette vid\u00e9o pour sensibiliser davantage le public \u00e0 la situation et amplifier l&rsquo;appel \u00e0 une r\u00e9forme urgente des politiques migratoires en R\u00e9publique dominicaine.<\/p>\n\n\n\n<figure class=\"wp-block-embed is-type-video is-provider-youtube wp-block-embed-youtube wp-embed-aspect-16-9 wp-has-aspect-ratio\"><div class=\"wp-block-embed__wrapper\">\n<iframe title=\"Luis Abinader doit mettre fin aux politiques migratoires racistes.**\" width=\"715\" height=\"402\" src=\"https:\/\/www.youtube.com\/embed\/jszz5MSJ2sU?feature=oembed\" frameborder=\"0\" allow=\"accelerometer; autoplay; clipboard-write; encrypted-media; gyroscope; picture-in-picture; web-share\" referrerpolicy=\"strict-origin-when-cross-origin\" allowfullscreen><\/iframe>\n<\/div><\/figure>\n\n\n\n<p>Amnesty International continue de surveiller la situation de pr\u00e8s et exhorte le gouvernement dominicain \u00e0 reconna\u00eetre les preuves accablantes de violations des droits humains et \u00e0 prendre des mesures concr\u00e8tes pour rem\u00e9dier \u00e0 ces abus. La communaut\u00e9 internationale est appel\u00e9e \u00e0 soutenir cet appel pour garantir que les droits fondamentaux de toutes les personnes, ind\u00e9pendamment de leur origine, soient respect\u00e9s et prot\u00e9g\u00e9s.<\/p>\n\n\n\n<hr class=\"wp-block-separator has-alpha-channel-opacity\"\/>\n\n    <div class=\"xs_social_share_widget xs_share_url after_content \t\tmain_content  wslu-style-3 wslu-share-box-shaped wslu-fill-brand-hover-colored wslu-share-m-5 wslu-none wslu-share-horizontal wslu-theme-font-no wslu-main_content\">\n\n\t\t\n        <ul>\n\t\t\t                    <li class=\"xs-share-li twitter                        wslu-no-extra-data\">\n                        <a href=\"javascript:void(0);\"\n                           id=\"xs_feed_twitter\"\n                           onclick=\"xs_social_sharer(this);\"\n                           data-pid=\"2208\"\n                           data-uri_hash=\"a32e37c18a4424b7c5150edb565d3b03\"\n                           data-key=\"twitter\"\n                           data-xs-href=\"https:\/\/twitter.com\/intent\/tweet?text=Amnesty+International+d%C3%A9nonce+les+abus+contre+les+Ha%C3%AFtiens+en+R%C3%A9publique+dominicaine+et+appelle+%C3%A0+des+r%C3%A9formes+https%3A%2F%2Fvelipost.com%2Findex.php%3Frest_route%3D%252Fwp%252Fv2%252Fposts%252F2208&amp;original_referer=https%3A%2F%2Fvelipost.com%2Findex.php%3Frest_route%3D%252Fwp%252Fv2%252Fposts%252F2208&amp;related=xpeedstudio\">\n\n                            <div class=\"xs-social-icon\">\n                                <span class=\"met-social met-social-twitter\"><\/span>\n                            <\/div>\n\n\t\t\t\t\t\t\t\n                            <div class=\"wslu-hover-content\">\n                                <div class=\"xs-social-followers\">\n\t\t\t\t\t\t\t\t\t10                                <\/div>\n                                <div class=\"xs-social-follower-text\">\n\t\t\t\t\t\t\t\t\tShare                                <\/div>\n                                <div class=\"xs-social-follower-label\">\n\t\t\t\t\t\t\t\t\tTwitter                                <\/div>\n                            <\/div>\n                        <\/a>\n                    <\/li>\n\t\t\t\t\t                    <li class=\"xs-share-li telegram                        wslu-no-extra-data\">\n                        <a href=\"javascript:void(0);\"\n                           id=\"xs_feed_telegram\"\n                           onclick=\"xs_social_sharer(this);\"\n                           data-pid=\"2208\"\n                           data-uri_hash=\"a32e37c18a4424b7c5150edb565d3b03\"\n                           data-key=\"telegram\"\n                           data-xs-href=\"https:\/\/telegram.me\/share\/url?url=https%3A%2F%2Fvelipost.com%2Findex.php%3Frest_route%3D%252Fwp%252Fv2%252Fposts%252F2208&amp;text=Amnesty+International+d%C3%A9nonce+les+abus+contre+les+Ha%C3%AFtiens+en+R%C3%A9publique+dominicaine+et+appelle+%C3%A0+des+r%C3%A9formes\">\n\n                            <div class=\"xs-social-icon\">\n                                <span class=\"met-social met-social-telegram\"><\/span>\n                            <\/div>\n\n\t\t\t\t\t\t\t\n                            <div class=\"wslu-hover-content\">\n                                <div class=\"xs-social-followers\">\n\t\t\t\t\t\t\t\t\t0                                <\/div>\n                                <div class=\"xs-social-follower-text\">\n\t\t\t\t\t\t\t\t\tShare                                <\/div>\n                                <div class=\"xs-social-follower-label\">\n\t\t\t\t\t\t\t\t\tTelegram                                <\/div>\n                            <\/div>\n                        <\/a>\n                    <\/li>\n\t\t\t\t\t                    <li class=\"xs-share-li email                        wslu-no-extra-data\">\n                        <a href=\"javascript:void(0);\"\n                           id=\"xs_feed_email\"\n                           onclick=\"xs_social_sharer(this);\"\n                           data-pid=\"2208\"\n                           data-uri_hash=\"a32e37c18a4424b7c5150edb565d3b03\"\n                           data-key=\"email\"\n                           data-xs-href=\"mailto:?body=Title%3A+Amnesty+International+d%C3%A9nonce+les+abus+contre+les+Ha%C3%AFtiens+en+R%C3%A9publique+dominicaine+et+appelle+%C3%A0+des+r%C3%A9formes+%5Cn%5Cn+URL%3A+https%3A%2F%2Fvelipost.com%2Findex.php%3Frest_route%3D%252Fwp%252Fv2%252Fposts%252F2208&amp;subject=Amnesty+International+d%C3%A9nonce+les+abus+contre+les+Ha%C3%AFtiens+en+R%C3%A9publique+dominicaine+et+appelle+%C3%A0+des+r%C3%A9formes\">\n\n                            <div class=\"xs-social-icon\">\n                                <span class=\"met-social met-social-email\"><\/span>\n                            <\/div>\n\n\t\t\t\t\t\t\t\n                            <div class=\"wslu-hover-content\">\n                                <div class=\"xs-social-followers\">\n\t\t\t\t\t\t\t\t\t0                                <\/div>\n                                <div class=\"xs-social-follower-text\">\n\t\t\t\t\t\t\t\t\tShare                                <\/div>\n                                <div class=\"xs-social-follower-label\">\n\t\t\t\t\t\t\t\t\tEmail                                <\/div>\n                            <\/div>\n                        <\/a>\n                    <\/li>\n\t\t\t\t\t        <\/ul>\n    <\/div> \n","protected":false},"excerpt":{"rendered":"<p>Amnesty International a r\u00e9cemment publi\u00e9 un communiqu\u00e9 de presse important qui soul\u00e8ve des pr\u00e9occupations majeures concernant les violations des droits humains en R\u00e9publique dominicaine.<\/p>\n","protected":false},"author":1,"featured_media":2209,"comment_status":"open","ping_status":"open","sticky":false,"template":"","format":"standard","meta":{"_uag_custom_page_level_css":"","footnotes":"","jetpack_publicize_message":"","jetpack_publicize_feature_enabled":true,"jetpack_social_post_already_shared":false,"jetpack_social_options":{"image_generator_settings":{"template":"highway","default_image_id":0,"font":"","enabled":false},"version":2}},"categories":[94],"tags":[],"class_list":["post-2208","post","type-post","status-publish","format-standard","has-post-thumbnail","hentry","category-a-la-une"],"yoast_head":"<!-- This site is optimized with the Yoast SEO plugin v25.3.1 - https:\/\/yoast.com\/wordpress\/plugins\/seo\/ -->\n<title>Amnesty International d\u00e9nonce les abus contre les Ha\u00eftiens en R\u00e9publique dominicaine et appelle \u00e0 des r\u00e9formes &#8211; VeliPost<\/title>\n<meta name=\"robots\" content=\"index, follow, max-snippet:-1, max-image-preview:large, max-video-preview:-1\" \/>\n<link rel=\"canonical\" href=\"https:\/\/velipost.com\/?p=2208\" \/>\n<meta property=\"og:locale\" content=\"fr_FR\" \/>\n<meta property=\"og:type\" content=\"article\" \/>\n<meta property=\"og:title\" content=\"Amnesty International d\u00e9nonce les abus contre les Ha\u00eftiens en R\u00e9publique dominicaine et appelle \u00e0 des r\u00e9formes &#8211; VeliPost\" \/>\n<meta property=\"og:description\" content=\"Amnesty International a r\u00e9cemment publi\u00e9 un communiqu\u00e9 de presse important qui soul\u00e8ve des pr\u00e9occupations majeures concernant les violations des droits humains en R\u00e9publique dominicaine.\" \/>\n<meta property=\"og:url\" content=\"https:\/\/velipost.com\/?p=2208\" \/>\n<meta property=\"og:site_name\" content=\"VeliPost\" \/>\n<meta property=\"article:publisher\" content=\"https:\/\/www.facebook.com\/veliposthaiti\" \/>\n<meta property=\"article:published_time\" content=\"2024-09-09T23:28:18+00:00\" \/>\n<meta property=\"article:modified_time\" content=\"2024-09-09T23:31:18+00:00\" \/>\n<meta property=\"og:image\" content=\"https:\/\/velipost.com\/wp-content\/uploads\/2024\/09\/Cover-VP1.jpg\" \/>\n\t<meta property=\"og:image:width\" content=\"1170\" \/>\n\t<meta property=\"og:image:height\" content=\"603\" \/>\n\t<meta property=\"og:image:type\" content=\"image\/jpeg\" \/>\n<meta name=\"author\" content=\"VeliPost\" \/>\n<meta name=\"twitter:card\" content=\"summary_large_image\" \/>\n<meta name=\"twitter:creator\" content=\"@veliposthaiti\" \/>\n<meta name=\"twitter:site\" content=\"@veliposthaiti\" \/>\n<meta name=\"twitter:label1\" content=\"\u00c9crit par\" \/>\n\t<meta name=\"twitter:data1\" content=\"VeliPost\" \/>\n\t<meta name=\"twitter:label2\" content=\"Dur\u00e9e de lecture estim\u00e9e\" \/>\n\t<meta name=\"twitter:data2\" content=\"2 minutes\" \/>\n<script type=\"application\/ld+json\" class=\"yoast-schema-graph\">{\"@context\":\"https:\/\/schema.org\",\"@graph\":[{\"@type\":\"Article\",\"@id\":\"https:\/\/velipost.com\/?p=2208#article\",\"isPartOf\":{\"@id\":\"https:\/\/velipost.com\/?p=2208\"},\"author\":{\"name\":\"VeliPost\",\"@id\":\"https:\/\/velipost.com\/#\/schema\/person\/32ff49a53c9c1bb24302ee8ece058096\"},\"headline\":\"Amnesty International d\u00e9nonce les abus contre les Ha\u00eftiens en R\u00e9publique dominicaine et appelle \u00e0 des r\u00e9formes\",\"datePublished\":\"2024-09-09T23:28:18+00:00\",\"dateModified\":\"2024-09-09T23:31:18+00:00\",\"mainEntityOfPage\":{\"@id\":\"https:\/\/velipost.com\/?p=2208\"},\"wordCount\":345,\"commentCount\":0,\"publisher\":{\"@id\":\"https:\/\/velipost.com\/#organization\"},\"image\":{\"@id\":\"https:\/\/velipost.com\/?p=2208#primaryimage\"},\"thumbnailUrl\":\"https:\/\/velipost.com\/wp-content\/uploads\/2024\/09\/Cover-VP1.jpg\",\"articleSection\":[\"A la Une\"],\"inLanguage\":\"fr-FR\",\"potentialAction\":[{\"@type\":\"CommentAction\",\"name\":\"Comment\",\"target\":[\"https:\/\/velipost.com\/?p=2208#respond\"]}]},{\"@type\":\"WebPage\",\"@id\":\"https:\/\/velipost.com\/?p=2208\",\"url\":\"https:\/\/velipost.com\/?p=2208\",\"name\":\"Amnesty International d\u00e9nonce les abus contre les Ha\u00eftiens en R\u00e9publique dominicaine et appelle \u00e0 des r\u00e9formes &#8211; VeliPost\",\"isPartOf\":{\"@id\":\"https:\/\/velipost.com\/#website\"},\"primaryImageOfPage\":{\"@id\":\"https:\/\/velipost.com\/?p=2208#primaryimage\"},\"image\":{\"@id\":\"https:\/\/velipost.com\/?p=2208#primaryimage\"},\"thumbnailUrl\":\"https:\/\/velipost.com\/wp-content\/uploads\/2024\/09\/Cover-VP1.jpg\",\"datePublished\":\"2024-09-09T23:28:18+00:00\",\"dateModified\":\"2024-09-09T23:31:18+00:00\",\"breadcrumb\":{\"@id\":\"https:\/\/velipost.com\/?p=2208#breadcrumb\"},\"inLanguage\":\"fr-FR\",\"potentialAction\":[{\"@type\":\"ReadAction\",\"target\":[\"https:\/\/velipost.com\/?p=2208\"]}]},{\"@type\":\"ImageObject\",\"inLanguage\":\"fr-FR\",\"@id\":\"https:\/\/velipost.com\/?p=2208#primaryimage\",\"url\":\"https:\/\/velipost.com\/wp-content\/uploads\/2024\/09\/Cover-VP1.jpg\",\"contentUrl\":\"https:\/\/velipost.com\/wp-content\/uploads\/2024\/09\/Cover-VP1.jpg\",\"width\":1170,\"height\":603},{\"@type\":\"BreadcrumbList\",\"@id\":\"https:\/\/velipost.com\/?p=2208#breadcrumb\",\"itemListElement\":[{\"@type\":\"ListItem\",\"position\":1,\"name\":\"Accueil\",\"item\":\"https:\/\/velipost.com\/\"},{\"@type\":\"ListItem\",\"position\":2,\"name\":\"Amnesty International d\u00e9nonce les abus contre les Ha\u00eftiens en R\u00e9publique dominicaine et appelle \u00e0 des r\u00e9formes\"}]},{\"@type\":\"WebSite\",\"@id\":\"https:\/\/velipost.com\/#website\",\"url\":\"https:\/\/velipost.com\/\",\"name\":\"VeliPost\",\"description\":\"L\u2019info en un clic\",\"publisher\":{\"@id\":\"https:\/\/velipost.com\/#organization\"},\"potentialAction\":[{\"@type\":\"SearchAction\",\"target\":{\"@type\":\"EntryPoint\",\"urlTemplate\":\"https:\/\/velipost.com\/?s={search_term_string}\"},\"query-input\":{\"@type\":\"PropertyValueSpecification\",\"valueRequired\":true,\"valueName\":\"search_term_string\"}}],\"inLanguage\":\"fr-FR\"},{\"@type\":\"Organization\",\"@id\":\"https:\/\/velipost.com\/#organization\",\"name\":\"VeliPost\",\"url\":\"https:\/\/velipost.com\/\",\"logo\":{\"@type\":\"ImageObject\",\"inLanguage\":\"fr-FR\",\"@id\":\"https:\/\/velipost.com\/#\/schema\/logo\/image\/\",\"url\":\"https:\/\/velipost.com\/wp-content\/uploads\/2024\/08\/cropped-VP-logo-piti.png\",\"contentUrl\":\"https:\/\/velipost.com\/wp-content\/uploads\/2024\/08\/cropped-VP-logo-piti.png\",\"width\":201,\"height\":69,\"caption\":\"VeliPost\"},\"image\":{\"@id\":\"https:\/\/velipost.com\/#\/schema\/logo\/image\/\"},\"sameAs\":[\"https:\/\/www.facebook.com\/veliposthaiti\",\"https:\/\/x.com\/veliposthaiti\",\"https:\/\/www.instagram.com\/veliposthaiti\"]},{\"@type\":\"Person\",\"@id\":\"https:\/\/velipost.com\/#\/schema\/person\/32ff49a53c9c1bb24302ee8ece058096\",\"name\":\"VeliPost\",\"image\":{\"@type\":\"ImageObject\",\"inLanguage\":\"fr-FR\",\"@id\":\"https:\/\/velipost.com\/#\/schema\/person\/image\/\",\"url\":\"https:\/\/secure.gravatar.com\/avatar\/57c226c264de62f794185a89596d4a37b85a5ad20aca30d9d5a478b27d8c8d9d?s=96&d=mm&r=g\",\"contentUrl\":\"https:\/\/secure.gravatar.com\/avatar\/57c226c264de62f794185a89596d4a37b85a5ad20aca30d9d5a478b27d8c8d9d?s=96&d=mm&r=g\",\"caption\":\"VeliPost\"},\"sameAs\":[\"https:\/\/velipost.com\"],\"url\":\"https:\/\/velipost.com\/?author=1\"}]}<\/script>\n<!-- \/ Yoast SEO plugin. -->","yoast_head_json":{"title":"Amnesty International d\u00e9nonce les abus contre les Ha\u00eftiens en R\u00e9publique dominicaine et appelle \u00e0 des r\u00e9formes &#8211; VeliPost","robots":{"index":"index","follow":"follow","max-snippet":"max-snippet:-1","max-image-preview":"max-image-preview:large","max-video-preview":"max-video-preview:-1"},"canonical":"https:\/\/velipost.com\/?p=2208","og_locale":"fr_FR","og_type":"article","og_title":"Amnesty International d\u00e9nonce les abus contre les Ha\u00eftiens en R\u00e9publique dominicaine et appelle \u00e0 des r\u00e9formes &#8211; VeliPost","og_description":"Amnesty International a r\u00e9cemment publi\u00e9 un communiqu\u00e9 de presse important qui soul\u00e8ve des pr\u00e9occupations majeures concernant les violations des droits humains en R\u00e9publique dominicaine.","og_url":"https:\/\/velipost.com\/?p=2208","og_site_name":"VeliPost","article_publisher":"https:\/\/www.facebook.com\/veliposthaiti","article_published_time":"2024-09-09T23:28:18+00:00","article_modified_time":"2024-09-09T23:31:18+00:00","og_image":[{"width":1170,"height":603,"url":"https:\/\/velipost.com\/wp-content\/uploads\/2024\/09\/Cover-VP1.jpg","type":"image\/jpeg"}],"author":"VeliPost","twitter_card":"summary_large_image","twitter_creator":"@veliposthaiti","twitter_site":"@veliposthaiti","twitter_misc":{"\u00c9crit par":"VeliPost","Dur\u00e9e de lecture estim\u00e9e":"2 minutes"},"schema":{"@context":"https:\/\/schema.org","@graph":[{"@type":"Article","@id":"https:\/\/velipost.com\/?p=2208#article","isPartOf":{"@id":"https:\/\/velipost.com\/?p=2208"},"author":{"name":"VeliPost","@id":"https:\/\/velipost.com\/#\/schema\/person\/32ff49a53c9c1bb24302ee8ece058096"},"headline":"Amnesty International d\u00e9nonce les abus contre les Ha\u00eftiens en R\u00e9publique dominicaine et appelle \u00e0 des r\u00e9formes","datePublished":"2024-09-09T23:28:18+00:00","dateModified":"2024-09-09T23:31:18+00:00","mainEntityOfPage":{"@id":"https:\/\/velipost.com\/?p=2208"},"wordCount":345,"commentCount":0,"publisher":{"@id":"https:\/\/velipost.com\/#organization"},"image":{"@id":"https:\/\/velipost.com\/?p=2208#primaryimage"},"thumbnailUrl":"https:\/\/velipost.com\/wp-content\/uploads\/2024\/09\/Cover-VP1.jpg","articleSection":["A la Une"],"inLanguage":"fr-FR","potentialAction":[{"@type":"CommentAction","name":"Comment","target":["https:\/\/velipost.com\/?p=2208#respond"]}]},{"@type":"WebPage","@id":"https:\/\/velipost.com\/?p=2208","url":"https:\/\/velipost.com\/?p=2208","name":"Amnesty International d\u00e9nonce les abus contre les Ha\u00eftiens en R\u00e9publique dominicaine et appelle \u00e0 des r\u00e9formes &#8211; VeliPost","isPartOf":{"@id":"https:\/\/velipost.com\/#website"},"primaryImageOfPage":{"@id":"https:\/\/velipost.com\/?p=2208#primaryimage"},"image":{"@id":"https:\/\/velipost.com\/?p=2208#primaryimage"},"thumbnailUrl":"https:\/\/velipost.com\/wp-content\/uploads\/2024\/09\/Cover-VP1.jpg","datePublished":"2024-09-09T23:28:18+00:00","dateModified":"2024-09-09T23:31:18+00:00","breadcrumb":{"@id":"https:\/\/velipost.com\/?p=2208#breadcrumb"},"inLanguage":"fr-FR","potentialAction":[{"@type":"ReadAction","target":["https:\/\/velipost.com\/?p=2208"]}]},{"@type":"ImageObject","inLanguage":"fr-FR","@id":"https:\/\/velipost.com\/?p=2208#primaryimage","url":"https:\/\/velipost.com\/wp-content\/uploads\/2024\/09\/Cover-VP1.jpg","contentUrl":"https:\/\/velipost.com\/wp-content\/uploads\/2024\/09\/Cover-VP1.jpg","width":1170,"height":603},{"@type":"BreadcrumbList","@id":"https:\/\/velipost.com\/?p=2208#breadcrumb","itemListElement":[{"@type":"ListItem","position":1,"name":"Accueil","item":"https:\/\/velipost.com\/"},{"@type":"ListItem","position":2,"name":"Amnesty International d\u00e9nonce les abus contre les Ha\u00eftiens en R\u00e9publique dominicaine et appelle \u00e0 des r\u00e9formes"}]},{"@type":"WebSite","@id":"https:\/\/velipost.com\/#website","url":"https:\/\/velipost.com\/","name":"VeliPost","description":"L\u2019info en un clic","publisher":{"@id":"https:\/\/velipost.com\/#organization"},"potentialAction":[{"@type":"SearchAction","target":{"@type":"EntryPoint","urlTemplate":"https:\/\/velipost.com\/?s={search_term_string}"},"query-input":{"@type":"PropertyValueSpecification","valueRequired":true,"valueName":"search_term_string"}}],"inLanguage":"fr-FR"},{"@type":"Organization","@id":"https:\/\/velipost.com\/#organization","name":"VeliPost","url":"https:\/\/velipost.com\/","logo":{"@type":"ImageObject","inLanguage":"fr-FR","@id":"https:\/\/velipost.com\/#\/schema\/logo\/image\/","url":"https:\/\/velipost.com\/wp-content\/uploads\/2024\/08\/cropped-VP-logo-piti.png","contentUrl":"https:\/\/velipost.com\/wp-content\/uploads\/2024\/08\/cropped-VP-logo-piti.png","width":201,"height":69,"caption":"VeliPost"},"image":{"@id":"https:\/\/velipost.com\/#\/schema\/logo\/image\/"},"sameAs":["https:\/\/www.facebook.com\/veliposthaiti","https:\/\/x.com\/veliposthaiti","https:\/\/www.instagram.com\/veliposthaiti"]},{"@type":"Person","@id":"https:\/\/velipost.com\/#\/schema\/person\/32ff49a53c9c1bb24302ee8ece058096","name":"VeliPost","image":{"@type":"ImageObject","inLanguage":"fr-FR","@id":"https:\/\/velipost.com\/#\/schema\/person\/image\/","url":"https:\/\/secure.gravatar.com\/avatar\/57c226c264de62f794185a89596d4a37b85a5ad20aca30d9d5a478b27d8c8d9d?s=96&d=mm&r=g","contentUrl":"https:\/\/secure.gravatar.com\/avatar\/57c226c264de62f794185a89596d4a37b85a5ad20aca30d9d5a478b27d8c8d9d?s=96&d=mm&r=g","caption":"VeliPost"},"sameAs":["https:\/\/velipost.com"],"url":"https:\/\/velipost.com\/?author=1"}]}},"views":4,"jetpack_publicize_connections":[],"uagb_featured_image_src":{"full":["https:\/\/velipost.com\/wp-content\/uploads\/2024\/09\/Cover-VP1.jpg",1170,603,false],"thumbnail":["https:\/\/velipost.com\/wp-content\/uploads\/2024\/09\/Cover-VP1-150x150.jpg",150,150,true],"medium":["https:\/\/velipost.com\/wp-content\/uploads\/2024\/09\/Cover-VP1-300x155.jpg",300,155,true],"medium_large":["https:\/\/velipost.com\/wp-content\/uploads\/2024\/09\/Cover-VP1-768x396.jpg",715,369,true],"large":["https:\/\/velipost.com\/wp-content\/uploads\/2024\/09\/Cover-VP1-1024x528.jpg",715,369,true],"1536x1536":["https:\/\/velipost.com\/wp-content\/uploads\/2024\/09\/Cover-VP1.jpg",1170,603,false],"2048x2048":["https:\/\/velipost.com\/wp-content\/uploads\/2024\/09\/Cover-VP1.jpg",1170,603,false],"colornews-big-slider":["https:\/\/velipost.com\/wp-content\/uploads\/2024\/09\/Cover-VP1-1070x470.jpg",1070,470,true],"colornews-big-slider-thumb":["https:\/\/velipost.com\/wp-content\/uploads\/2024\/09\/Cover-VP1-184x109.jpg",184,109,true],"colornews-featured-post-medium":["https:\/\/velipost.com\/wp-content\/uploads\/2024\/09\/Cover-VP1-345x265.jpg",345,265,true],"colornews-featured-post-small":["https:\/\/velipost.com\/wp-content\/uploads\/2024\/09\/Cover-VP1-115x73.jpg",115,73,true],"colornews-random-posts":["https:\/\/velipost.com\/wp-content\/uploads\/2024\/09\/Cover-VP1-215x215.jpg",215,215,true],"colornews-featured-image":["https:\/\/velipost.com\/wp-content\/uploads\/2024\/09\/Cover-VP1-715x400.jpg",715,400,true],"mailpoet_newsletter_max":["https:\/\/velipost.com\/wp-content\/uploads\/2024\/09\/Cover-VP1.jpg",1170,603,false]},"uagb_author_info":{"display_name":"VeliPost","author_link":"https:\/\/velipost.com\/?author=1"},"uagb_comment_info":0,"uagb_excerpt":"Amnesty International a r\u00e9cemment publi\u00e9 un communiqu\u00e9 de presse important qui soul\u00e8ve des pr\u00e9occupations majeures concernant les violations des droits humains en R\u00e9publique dominicaine.","_links":{"self":[{"href":"https:\/\/velipost.com\/index.php?rest_route=\/wp\/v2\/posts\/2208","targetHints":{"allow":["GET"]}}],"collection":[{"href":"https:\/\/velipost.com\/index.php?rest_route=\/wp\/v2\/posts"}],"about":[{"href":"https:\/\/velipost.com\/index.php?rest_route=\/wp\/v2\/types\/post"}],"author":[{"embeddable":true,"href":"https:\/\/velipost.com\/index.php?rest_route=\/wp\/v2\/users\/1"}],"replies":[{"embeddable":true,"href":"https:\/\/velipost.com\/index.php?rest_route=%2Fwp%2Fv2%2Fcomments&post=2208"}],"version-history":[{"count":2,"href":"https:\/\/velipost.com\/index.php?rest_route=\/wp\/v2\/posts\/2208\/revisions"}],"predecessor-version":[{"id":2211,"href":"https:\/\/velipost.com\/index.php?rest_route=\/wp\/v2\/posts\/2208\/revisions\/2211"}],"wp:featuredmedia":[{"embeddable":true,"href":"https:\/\/velipost.com\/index.php?rest_route=\/wp\/v2\/media\/2209"}],"wp:attachment":[{"href":"https:\/\/velipost.com\/index.php?rest_route=%2Fwp%2Fv2%2Fmedia&parent=2208"}],"wp:term":[{"taxonomy":"category","embeddable":true,"href":"https:\/\/velipost.com\/index.php?rest_route=%2Fwp%2Fv2%2Fcategories&post=2208"},{"taxonomy":"post_tag","embeddable":true,"href":"https:\/\/velipost.com\/index.php?rest_route=%2Fwp%2Fv2%2Ftags&post=2208"}],"curies":[{"name":"wp","href":"https:\/\/api.w.org\/{rel}","templated":true}]}}