{"id":2186,"date":"2024-09-07T00:05:21","date_gmt":"2024-09-06T22:05:21","guid":{"rendered":"https:\/\/velipost.com\/?p=2186"},"modified":"2024-09-07T00:09:18","modified_gmt":"2024-09-06T22:09:18","slug":"arrestation-et-bwa-kale-de-guillod-ora-2e-chef-du-gang-de-riviere-froide","status":"publish","type":"post","link":"https:\/\/velipost.com\/?p=2186","title":{"rendered":"Arrestation et \u00ab\u00a0Bwa Kale\u00a0\u00bb de Guillod Ora, 2e Chef du Gang de Rivi\u00e8re Froide"},"content":{"rendered":"\n<p>Le jeudi 5 septembre 2024, la Police nationale d\u2019Ha\u00efti a proc\u00e9d\u00e9 \u00e0 l\u2019arrestation de Guillod Ora, \u00e2g\u00e9 de 38 ans, au niveau de la fronti\u00e8re de Bellad\u00e8re, dans le d\u00e9partement du Centre. Pr\u00e9sent\u00e9 comme le deuxi\u00e8me chef du gang de Rivi\u00e8re Froide, dirig\u00e9 autrefois par le nomm\u00e9 Marc Arthur, Ora a \u00e9t\u00e9 appr\u00e9hend\u00e9 dans le cadre d&rsquo;une op\u00e9ration de s\u00e9curisation visant \u00e0 r\u00e9primer les gangs qui s\u00e9vissent dans la commune de Carrefour.<\/p>\n\n\n\n<p>Apr\u00e8s son arrestation, Guillod Ora a \u00e9t\u00e9 plac\u00e9 en garde \u00e0 vue pour \u00eatre pr\u00e9sent\u00e9 aux autorit\u00e9s judiciaires comp\u00e9tentes. Cependant, \u00e0 peine 24 heures apr\u00e8s son arrestation, le vendredi 6 septembre, l&rsquo;individu a \u00e9t\u00e9 extrait de force du Parquet de Mirebalais par des membres de la population civile. Alors qu\u2019il r\u00e9pondait aux questions du Commissaire du gouvernement de la juridiction, la situation a rapidement d\u00e9g\u00e9n\u00e9r\u00e9.<\/p>\n\n\n\n<p>Guillod Ora a \u00e9t\u00e9 captur\u00e9 par une foule en col\u00e8re et conduit sur la route nationale num\u00e9ro 3, non loin de la centrale hydro\u00e9lectrique de P\u00e9ligre. C&rsquo;est l\u00e0 que l&rsquo;homme, accus\u00e9 de multiples m\u00e9faits en lien avec le gang de Rivi\u00e8re Froide, a \u00e9t\u00e9 abattu. Cet acte met en lumi\u00e8re la col\u00e8re et l&rsquo;exasp\u00e9ration de la population face \u00e0 la mont\u00e9e des violences perp\u00e9tr\u00e9es par des groupes arm\u00e9s en Ha\u00efti.<\/p>\n\n\n\n<p>Le gang de Rivi\u00e8re Froide, dont Guillod Ora \u00e9tait le second chef, est tristement c\u00e9l\u00e8bre pour ses activit\u00e9s criminelles dans la commune de Carrefour et ses environs. Cette situation met en lumi\u00e8re les tensions croissantes entre la population ha\u00eftienne et les gangs qui terrorisent certaines zones du pays.<\/p>\n\n\n\n<p>La police nationale et les autorit\u00e9s judiciaires n&rsquo;ont pas encore communiqu\u00e9 officiellement sur cet incident. Cependant, la situation t\u00e9moigne du climat d\u2019ins\u00e9curit\u00e9 et de justice populaire qui r\u00e8gne dans plusieurs r\u00e9gions d\u2019Ha\u00efti, exacerb\u00e9e par la faiblesse des institutions en charge de la s\u00e9curit\u00e9 et de la justice.<\/p>\n\n    <div class=\"xs_social_share_widget xs_share_url after_content \t\tmain_content  wslu-style-3 wslu-share-box-shaped wslu-fill-brand-hover-colored wslu-share-m-5 wslu-none wslu-share-horizontal wslu-theme-font-no wslu-main_content\">\n\n\t\t\n        <ul>\n\t\t\t                    <li class=\"xs-share-li twitter                        wslu-no-extra-data\">\n                        <a href=\"javascript:void(0);\"\n                           id=\"xs_feed_twitter\"\n                           onclick=\"xs_social_sharer(this);\"\n                           data-pid=\"2186\"\n                           data-uri_hash=\"f0c36de22da2cf566fbe094d0059d307\"\n                           data-key=\"twitter\"\n                           data-xs-href=\"https:\/\/twitter.com\/intent\/tweet?text=Arrestation+et+%C2%AB%C2%A0Bwa+Kale%C2%A0%C2%BB+de+Guillod+Ora%2C+2e+Chef+du+Gang+de+Rivi%C3%A8re+Froide+https%3A%2F%2Fvelipost.com%2Findex.php%3Frest_route%3D%252Fwp%252Fv2%252Fposts%252F2186&amp;original_referer=https%3A%2F%2Fvelipost.com%2Findex.php%3Frest_route%3D%252Fwp%252Fv2%252Fposts%252F2186&amp;related=xpeedstudio\">\n\n                            <div class=\"xs-social-icon\">\n                                <span class=\"met-social met-social-twitter\"><\/span>\n                            <\/div>\n\n\t\t\t\t\t\t\t\n                            <div class=\"wslu-hover-content\">\n                                <div class=\"xs-social-followers\">\n\t\t\t\t\t\t\t\t\t10                                <\/div>\n                                <div class=\"xs-social-follower-text\">\n\t\t\t\t\t\t\t\t\tShare                                <\/div>\n                                <div class=\"xs-social-follower-label\">\n\t\t\t\t\t\t\t\t\tTwitter                                <\/div>\n                            <\/div>\n                        <\/a>\n                    <\/li>\n\t\t\t\t\t                    <li class=\"xs-share-li telegram                        wslu-no-extra-data\">\n                        <a href=\"javascript:void(0);\"\n                           id=\"xs_feed_telegram\"\n                           onclick=\"xs_social_sharer(this);\"\n                           data-pid=\"2186\"\n                           data-uri_hash=\"f0c36de22da2cf566fbe094d0059d307\"\n                           data-key=\"telegram\"\n                           data-xs-href=\"https:\/\/telegram.me\/share\/url?url=https%3A%2F%2Fvelipost.com%2Findex.php%3Frest_route%3D%252Fwp%252Fv2%252Fposts%252F2186&amp;text=Arrestation+et+%C2%AB%C2%A0Bwa+Kale%C2%A0%C2%BB+de+Guillod+Ora%2C+2e+Chef+du+Gang+de+Rivi%C3%A8re+Froide\">\n\n                            <div class=\"xs-social-icon\">\n                                <span class=\"met-social met-social-telegram\"><\/span>\n                            <\/div>\n\n\t\t\t\t\t\t\t\n                            <div class=\"wslu-hover-content\">\n                                <div class=\"xs-social-followers\">\n\t\t\t\t\t\t\t\t\t0                                <\/div>\n                                <div class=\"xs-social-follower-text\">\n\t\t\t\t\t\t\t\t\tShare                                <\/div>\n                                <div class=\"xs-social-follower-label\">\n\t\t\t\t\t\t\t\t\tTelegram                                <\/div>\n                            <\/div>\n                        <\/a>\n                    <\/li>\n\t\t\t\t\t                    <li class=\"xs-share-li email                        wslu-no-extra-data\">\n                        <a href=\"javascript:void(0);\"\n                           id=\"xs_feed_email\"\n                           onclick=\"xs_social_sharer(this);\"\n                           data-pid=\"2186\"\n                           data-uri_hash=\"f0c36de22da2cf566fbe094d0059d307\"\n                           data-key=\"email\"\n                           data-xs-href=\"mailto:?body=Title%3A+Arrestation+et+%C2%AB%C2%A0Bwa+Kale%C2%A0%C2%BB+de+Guillod+Ora%2C+2e+Chef+du+Gang+de+Rivi%C3%A8re+Froide+%5Cn%5Cn+URL%3A+https%3A%2F%2Fvelipost.com%2Findex.php%3Frest_route%3D%252Fwp%252Fv2%252Fposts%252F2186&amp;subject=Arrestation+et+%C2%AB%C2%A0Bwa+Kale%C2%A0%C2%BB+de+Guillod+Ora%2C+2e+Chef+du+Gang+de+Rivi%C3%A8re+Froide\">\n\n                            <div class=\"xs-social-icon\">\n                                <span class=\"met-social met-social-email\"><\/span>\n                            <\/div>\n\n\t\t\t\t\t\t\t\n                            <div class=\"wslu-hover-content\">\n                                <div class=\"xs-social-followers\">\n\t\t\t\t\t\t\t\t\t0                                <\/div>\n                                <div class=\"xs-social-follower-text\">\n\t\t\t\t\t\t\t\t\tShare                                <\/div>\n                                <div class=\"xs-social-follower-label\">\n\t\t\t\t\t\t\t\t\tEmail                                <\/div>\n                            <\/div>\n                        <\/a>\n                    <\/li>\n\t\t\t\t\t        <\/ul>\n    <\/div> \n","protected":false},"excerpt":{"rendered":"<p>Le jeudi 5 septembre 2024, la Police nationale d\u2019Ha\u00efti a proc\u00e9d\u00e9 \u00e0 l\u2019arrestation de Guillod Ora, \u00e2g\u00e9 de 38 ans, au niveau de la<\/p>\n","protected":false},"author":1,"featured_media":2187,"comment_status":"open","ping_status":"open","sticky":false,"template":"","format":"standard","meta":{"_uag_custom_page_level_css":"","footnotes":"","jetpack_publicize_message":"","jetpack_publicize_feature_enabled":true,"jetpack_social_post_already_shared":false,"jetpack_social_options":{"image_generator_settings":{"template":"highway","default_image_id":0,"font":"","enabled":false},"version":2}},"categories":[94],"tags":[],"class_list":["post-2186","post","type-post","status-publish","format-standard","has-post-thumbnail","hentry","category-a-la-une"],"yoast_head":"<!-- This site is optimized with the Yoast SEO plugin v25.3.1 - https:\/\/yoast.com\/wordpress\/plugins\/seo\/ -->\n<title>Arrestation et &quot;Bwa Kale&quot; de Guillod Ora, 2e Chef du Gang de Rivi\u00e8re Froide &#8211; VeliPost<\/title>\n<meta name=\"robots\" content=\"index, follow, max-snippet:-1, max-image-preview:large, max-video-preview:-1\" \/>\n<link rel=\"canonical\" href=\"https:\/\/velipost.com\/?p=2186\" \/>\n<meta property=\"og:locale\" content=\"fr_FR\" \/>\n<meta property=\"og:type\" content=\"article\" \/>\n<meta property=\"og:title\" content=\"Arrestation et &quot;Bwa Kale&quot; de Guillod Ora, 2e Chef du Gang de Rivi\u00e8re Froide &#8211; VeliPost\" \/>\n<meta property=\"og:description\" content=\"Le jeudi 5 septembre 2024, la Police nationale d\u2019Ha\u00efti a proc\u00e9d\u00e9 \u00e0 l\u2019arrestation de Guillod Ora, \u00e2g\u00e9 de 38 ans, au niveau de la\" \/>\n<meta property=\"og:url\" content=\"https:\/\/velipost.com\/?p=2186\" \/>\n<meta property=\"og:site_name\" content=\"VeliPost\" \/>\n<meta property=\"article:publisher\" content=\"https:\/\/www.facebook.com\/veliposthaiti\" \/>\n<meta property=\"article:published_time\" content=\"2024-09-06T22:05:21+00:00\" \/>\n<meta property=\"article:modified_time\" content=\"2024-09-06T22:09:18+00:00\" \/>\n<meta property=\"og:image\" content=\"https:\/\/velipost.com\/wp-content\/uploads\/2024\/09\/BK.jpg\" \/>\n\t<meta property=\"og:image:width\" content=\"1170\" \/>\n\t<meta property=\"og:image:height\" content=\"603\" \/>\n\t<meta property=\"og:image:type\" content=\"image\/jpeg\" \/>\n<meta name=\"author\" content=\"VeliPost\" \/>\n<meta name=\"twitter:card\" content=\"summary_large_image\" \/>\n<meta name=\"twitter:creator\" content=\"@veliposthaiti\" \/>\n<meta name=\"twitter:site\" content=\"@veliposthaiti\" \/>\n<meta name=\"twitter:label1\" content=\"\u00c9crit par\" \/>\n\t<meta name=\"twitter:data1\" content=\"VeliPost\" \/>\n\t<meta name=\"twitter:label2\" content=\"Dur\u00e9e de lecture estim\u00e9e\" \/>\n\t<meta name=\"twitter:data2\" content=\"2 minutes\" \/>\n<script type=\"application\/ld+json\" class=\"yoast-schema-graph\">{\"@context\":\"https:\/\/schema.org\",\"@graph\":[{\"@type\":\"Article\",\"@id\":\"https:\/\/velipost.com\/?p=2186#article\",\"isPartOf\":{\"@id\":\"https:\/\/velipost.com\/?p=2186\"},\"author\":{\"name\":\"VeliPost\",\"@id\":\"https:\/\/velipost.com\/#\/schema\/person\/32ff49a53c9c1bb24302ee8ece058096\"},\"headline\":\"Arrestation et \u00ab\u00a0Bwa Kale\u00a0\u00bb de Guillod Ora, 2e Chef du Gang de Rivi\u00e8re Froide\",\"datePublished\":\"2024-09-06T22:05:21+00:00\",\"dateModified\":\"2024-09-06T22:09:18+00:00\",\"mainEntityOfPage\":{\"@id\":\"https:\/\/velipost.com\/?p=2186\"},\"wordCount\":367,\"commentCount\":0,\"publisher\":{\"@id\":\"https:\/\/velipost.com\/#organization\"},\"image\":{\"@id\":\"https:\/\/velipost.com\/?p=2186#primaryimage\"},\"thumbnailUrl\":\"https:\/\/velipost.com\/wp-content\/uploads\/2024\/09\/BK.jpg\",\"articleSection\":[\"A la Une\"],\"inLanguage\":\"fr-FR\",\"potentialAction\":[{\"@type\":\"CommentAction\",\"name\":\"Comment\",\"target\":[\"https:\/\/velipost.com\/?p=2186#respond\"]}]},{\"@type\":\"WebPage\",\"@id\":\"https:\/\/velipost.com\/?p=2186\",\"url\":\"https:\/\/velipost.com\/?p=2186\",\"name\":\"Arrestation et \\\"Bwa Kale\\\" de Guillod Ora, 2e Chef du Gang de Rivi\u00e8re Froide &#8211; VeliPost\",\"isPartOf\":{\"@id\":\"https:\/\/velipost.com\/#website\"},\"primaryImageOfPage\":{\"@id\":\"https:\/\/velipost.com\/?p=2186#primaryimage\"},\"image\":{\"@id\":\"https:\/\/velipost.com\/?p=2186#primaryimage\"},\"thumbnailUrl\":\"https:\/\/velipost.com\/wp-content\/uploads\/2024\/09\/BK.jpg\",\"datePublished\":\"2024-09-06T22:05:21+00:00\",\"dateModified\":\"2024-09-06T22:09:18+00:00\",\"breadcrumb\":{\"@id\":\"https:\/\/velipost.com\/?p=2186#breadcrumb\"},\"inLanguage\":\"fr-FR\",\"potentialAction\":[{\"@type\":\"ReadAction\",\"target\":[\"https:\/\/velipost.com\/?p=2186\"]}]},{\"@type\":\"ImageObject\",\"inLanguage\":\"fr-FR\",\"@id\":\"https:\/\/velipost.com\/?p=2186#primaryimage\",\"url\":\"https:\/\/velipost.com\/wp-content\/uploads\/2024\/09\/BK.jpg\",\"contentUrl\":\"https:\/\/velipost.com\/wp-content\/uploads\/2024\/09\/BK.jpg\",\"width\":1170,\"height\":603},{\"@type\":\"BreadcrumbList\",\"@id\":\"https:\/\/velipost.com\/?p=2186#breadcrumb\",\"itemListElement\":[{\"@type\":\"ListItem\",\"position\":1,\"name\":\"Accueil\",\"item\":\"https:\/\/velipost.com\/\"},{\"@type\":\"ListItem\",\"position\":2,\"name\":\"Arrestation et &#8220;Bwa Kale&#8221; de Guillod Ora, 2e Chef du Gang de Rivi\u00e8re Froide\"}]},{\"@type\":\"WebSite\",\"@id\":\"https:\/\/velipost.com\/#website\",\"url\":\"https:\/\/velipost.com\/\",\"name\":\"VeliPost\",\"description\":\"L\u2019info en un clic\",\"publisher\":{\"@id\":\"https:\/\/velipost.com\/#organization\"},\"potentialAction\":[{\"@type\":\"SearchAction\",\"target\":{\"@type\":\"EntryPoint\",\"urlTemplate\":\"https:\/\/velipost.com\/?s={search_term_string}\"},\"query-input\":{\"@type\":\"PropertyValueSpecification\",\"valueRequired\":true,\"valueName\":\"search_term_string\"}}],\"inLanguage\":\"fr-FR\"},{\"@type\":\"Organization\",\"@id\":\"https:\/\/velipost.com\/#organization\",\"name\":\"VeliPost\",\"url\":\"https:\/\/velipost.com\/\",\"logo\":{\"@type\":\"ImageObject\",\"inLanguage\":\"fr-FR\",\"@id\":\"https:\/\/velipost.com\/#\/schema\/logo\/image\/\",\"url\":\"https:\/\/velipost.com\/wp-content\/uploads\/2024\/08\/cropped-VP-logo-piti.png\",\"contentUrl\":\"https:\/\/velipost.com\/wp-content\/uploads\/2024\/08\/cropped-VP-logo-piti.png\",\"width\":201,\"height\":69,\"caption\":\"VeliPost\"},\"image\":{\"@id\":\"https:\/\/velipost.com\/#\/schema\/logo\/image\/\"},\"sameAs\":[\"https:\/\/www.facebook.com\/veliposthaiti\",\"https:\/\/x.com\/veliposthaiti\",\"https:\/\/www.instagram.com\/veliposthaiti\"]},{\"@type\":\"Person\",\"@id\":\"https:\/\/velipost.com\/#\/schema\/person\/32ff49a53c9c1bb24302ee8ece058096\",\"name\":\"VeliPost\",\"image\":{\"@type\":\"ImageObject\",\"inLanguage\":\"fr-FR\",\"@id\":\"https:\/\/velipost.com\/#\/schema\/person\/image\/\",\"url\":\"https:\/\/secure.gravatar.com\/avatar\/57c226c264de62f794185a89596d4a37b85a5ad20aca30d9d5a478b27d8c8d9d?s=96&d=mm&r=g\",\"contentUrl\":\"https:\/\/secure.gravatar.com\/avatar\/57c226c264de62f794185a89596d4a37b85a5ad20aca30d9d5a478b27d8c8d9d?s=96&d=mm&r=g\",\"caption\":\"VeliPost\"},\"sameAs\":[\"https:\/\/velipost.com\"],\"url\":\"https:\/\/velipost.com\/?author=1\"}]}<\/script>\n<!-- \/ Yoast SEO plugin. -->","yoast_head_json":{"title":"Arrestation et \"Bwa Kale\" de Guillod Ora, 2e Chef du Gang de Rivi\u00e8re Froide &#8211; VeliPost","robots":{"index":"index","follow":"follow","max-snippet":"max-snippet:-1","max-image-preview":"max-image-preview:large","max-video-preview":"max-video-preview:-1"},"canonical":"https:\/\/velipost.com\/?p=2186","og_locale":"fr_FR","og_type":"article","og_title":"Arrestation et \"Bwa Kale\" de Guillod Ora, 2e Chef du Gang de Rivi\u00e8re Froide &#8211; VeliPost","og_description":"Le jeudi 5 septembre 2024, la Police nationale d\u2019Ha\u00efti a proc\u00e9d\u00e9 \u00e0 l\u2019arrestation de Guillod Ora, \u00e2g\u00e9 de 38 ans, au niveau de la","og_url":"https:\/\/velipost.com\/?p=2186","og_site_name":"VeliPost","article_publisher":"https:\/\/www.facebook.com\/veliposthaiti","article_published_time":"2024-09-06T22:05:21+00:00","article_modified_time":"2024-09-06T22:09:18+00:00","og_image":[{"width":1170,"height":603,"url":"https:\/\/velipost.com\/wp-content\/uploads\/2024\/09\/BK.jpg","type":"image\/jpeg"}],"author":"VeliPost","twitter_card":"summary_large_image","twitter_creator":"@veliposthaiti","twitter_site":"@veliposthaiti","twitter_misc":{"\u00c9crit par":"VeliPost","Dur\u00e9e de lecture estim\u00e9e":"2 minutes"},"schema":{"@context":"https:\/\/schema.org","@graph":[{"@type":"Article","@id":"https:\/\/velipost.com\/?p=2186#article","isPartOf":{"@id":"https:\/\/velipost.com\/?p=2186"},"author":{"name":"VeliPost","@id":"https:\/\/velipost.com\/#\/schema\/person\/32ff49a53c9c1bb24302ee8ece058096"},"headline":"Arrestation et \u00ab\u00a0Bwa Kale\u00a0\u00bb de Guillod Ora, 2e Chef du Gang de Rivi\u00e8re Froide","datePublished":"2024-09-06T22:05:21+00:00","dateModified":"2024-09-06T22:09:18+00:00","mainEntityOfPage":{"@id":"https:\/\/velipost.com\/?p=2186"},"wordCount":367,"commentCount":0,"publisher":{"@id":"https:\/\/velipost.com\/#organization"},"image":{"@id":"https:\/\/velipost.com\/?p=2186#primaryimage"},"thumbnailUrl":"https:\/\/velipost.com\/wp-content\/uploads\/2024\/09\/BK.jpg","articleSection":["A la Une"],"inLanguage":"fr-FR","potentialAction":[{"@type":"CommentAction","name":"Comment","target":["https:\/\/velipost.com\/?p=2186#respond"]}]},{"@type":"WebPage","@id":"https:\/\/velipost.com\/?p=2186","url":"https:\/\/velipost.com\/?p=2186","name":"Arrestation et \"Bwa Kale\" de Guillod Ora, 2e Chef du Gang de Rivi\u00e8re Froide &#8211; VeliPost","isPartOf":{"@id":"https:\/\/velipost.com\/#website"},"primaryImageOfPage":{"@id":"https:\/\/velipost.com\/?p=2186#primaryimage"},"image":{"@id":"https:\/\/velipost.com\/?p=2186#primaryimage"},"thumbnailUrl":"https:\/\/velipost.com\/wp-content\/uploads\/2024\/09\/BK.jpg","datePublished":"2024-09-06T22:05:21+00:00","dateModified":"2024-09-06T22:09:18+00:00","breadcrumb":{"@id":"https:\/\/velipost.com\/?p=2186#breadcrumb"},"inLanguage":"fr-FR","potentialAction":[{"@type":"ReadAction","target":["https:\/\/velipost.com\/?p=2186"]}]},{"@type":"ImageObject","inLanguage":"fr-FR","@id":"https:\/\/velipost.com\/?p=2186#primaryimage","url":"https:\/\/velipost.com\/wp-content\/uploads\/2024\/09\/BK.jpg","contentUrl":"https:\/\/velipost.com\/wp-content\/uploads\/2024\/09\/BK.jpg","width":1170,"height":603},{"@type":"BreadcrumbList","@id":"https:\/\/velipost.com\/?p=2186#breadcrumb","itemListElement":[{"@type":"ListItem","position":1,"name":"Accueil","item":"https:\/\/velipost.com\/"},{"@type":"ListItem","position":2,"name":"Arrestation et &#8220;Bwa Kale&#8221; de Guillod Ora, 2e Chef du Gang de Rivi\u00e8re Froide"}]},{"@type":"WebSite","@id":"https:\/\/velipost.com\/#website","url":"https:\/\/velipost.com\/","name":"VeliPost","description":"L\u2019info en un clic","publisher":{"@id":"https:\/\/velipost.com\/#organization"},"potentialAction":[{"@type":"SearchAction","target":{"@type":"EntryPoint","urlTemplate":"https:\/\/velipost.com\/?s={search_term_string}"},"query-input":{"@type":"PropertyValueSpecification","valueRequired":true,"valueName":"search_term_string"}}],"inLanguage":"fr-FR"},{"@type":"Organization","@id":"https:\/\/velipost.com\/#organization","name":"VeliPost","url":"https:\/\/velipost.com\/","logo":{"@type":"ImageObject","inLanguage":"fr-FR","@id":"https:\/\/velipost.com\/#\/schema\/logo\/image\/","url":"https:\/\/velipost.com\/wp-content\/uploads\/2024\/08\/cropped-VP-logo-piti.png","contentUrl":"https:\/\/velipost.com\/wp-content\/uploads\/2024\/08\/cropped-VP-logo-piti.png","width":201,"height":69,"caption":"VeliPost"},"image":{"@id":"https:\/\/velipost.com\/#\/schema\/logo\/image\/"},"sameAs":["https:\/\/www.facebook.com\/veliposthaiti","https:\/\/x.com\/veliposthaiti","https:\/\/www.instagram.com\/veliposthaiti"]},{"@type":"Person","@id":"https:\/\/velipost.com\/#\/schema\/person\/32ff49a53c9c1bb24302ee8ece058096","name":"VeliPost","image":{"@type":"ImageObject","inLanguage":"fr-FR","@id":"https:\/\/velipost.com\/#\/schema\/person\/image\/","url":"https:\/\/secure.gravatar.com\/avatar\/57c226c264de62f794185a89596d4a37b85a5ad20aca30d9d5a478b27d8c8d9d?s=96&d=mm&r=g","contentUrl":"https:\/\/secure.gravatar.com\/avatar\/57c226c264de62f794185a89596d4a37b85a5ad20aca30d9d5a478b27d8c8d9d?s=96&d=mm&r=g","caption":"VeliPost"},"sameAs":["https:\/\/velipost.com"],"url":"https:\/\/velipost.com\/?author=1"}]}},"views":31,"jetpack_publicize_connections":[],"uagb_featured_image_src":{"full":["https:\/\/velipost.com\/wp-content\/uploads\/2024\/09\/BK.jpg",1170,603,false],"thumbnail":["https:\/\/velipost.com\/wp-content\/uploads\/2024\/09\/BK-150x150.jpg",150,150,true],"medium":["https:\/\/velipost.com\/wp-content\/uploads\/2024\/09\/BK-300x155.jpg",300,155,true],"medium_large":["https:\/\/velipost.com\/wp-content\/uploads\/2024\/09\/BK-768x396.jpg",715,369,true],"large":["https:\/\/velipost.com\/wp-content\/uploads\/2024\/09\/BK-1024x528.jpg",715,369,true],"1536x1536":["https:\/\/velipost.com\/wp-content\/uploads\/2024\/09\/BK.jpg",1170,603,false],"2048x2048":["https:\/\/velipost.com\/wp-content\/uploads\/2024\/09\/BK.jpg",1170,603,false],"colornews-big-slider":["https:\/\/velipost.com\/wp-content\/uploads\/2024\/09\/BK-1070x470.jpg",1070,470,true],"colornews-big-slider-thumb":["https:\/\/velipost.com\/wp-content\/uploads\/2024\/09\/BK-184x109.jpg",184,109,true],"colornews-featured-post-medium":["https:\/\/velipost.com\/wp-content\/uploads\/2024\/09\/BK-345x265.jpg",345,265,true],"colornews-featured-post-small":["https:\/\/velipost.com\/wp-content\/uploads\/2024\/09\/BK-115x73.jpg",115,73,true],"colornews-random-posts":["https:\/\/velipost.com\/wp-content\/uploads\/2024\/09\/BK-215x215.jpg",215,215,true],"colornews-featured-image":["https:\/\/velipost.com\/wp-content\/uploads\/2024\/09\/BK-715x400.jpg",715,400,true],"mailpoet_newsletter_max":["https:\/\/velipost.com\/wp-content\/uploads\/2024\/09\/BK.jpg",1170,603,false]},"uagb_author_info":{"display_name":"VeliPost","author_link":"https:\/\/velipost.com\/?author=1"},"uagb_comment_info":0,"uagb_excerpt":"Le jeudi 5 septembre 2024, la Police nationale d\u2019Ha\u00efti a proc\u00e9d\u00e9 \u00e0 l\u2019arrestation de Guillod Ora, \u00e2g\u00e9 de 38 ans, au niveau de la","_links":{"self":[{"href":"https:\/\/velipost.com\/index.php?rest_route=\/wp\/v2\/posts\/2186","targetHints":{"allow":["GET"]}}],"collection":[{"href":"https:\/\/velipost.com\/index.php?rest_route=\/wp\/v2\/posts"}],"about":[{"href":"https:\/\/velipost.com\/index.php?rest_route=\/wp\/v2\/types\/post"}],"author":[{"embeddable":true,"href":"https:\/\/velipost.com\/index.php?rest_route=\/wp\/v2\/users\/1"}],"replies":[{"embeddable":true,"href":"https:\/\/velipost.com\/index.php?rest_route=%2Fwp%2Fv2%2Fcomments&post=2186"}],"version-history":[{"count":2,"href":"https:\/\/velipost.com\/index.php?rest_route=\/wp\/v2\/posts\/2186\/revisions"}],"predecessor-version":[{"id":2190,"href":"https:\/\/velipost.com\/index.php?rest_route=\/wp\/v2\/posts\/2186\/revisions\/2190"}],"wp:featuredmedia":[{"embeddable":true,"href":"https:\/\/velipost.com\/index.php?rest_route=\/wp\/v2\/media\/2187"}],"wp:attachment":[{"href":"https:\/\/velipost.com\/index.php?rest_route=%2Fwp%2Fv2%2Fmedia&parent=2186"}],"wp:term":[{"taxonomy":"category","embeddable":true,"href":"https:\/\/velipost.com\/index.php?rest_route=%2Fwp%2Fv2%2Fcategories&post=2186"},{"taxonomy":"post_tag","embeddable":true,"href":"https:\/\/velipost.com\/index.php?rest_route=%2Fwp%2Fv2%2Ftags&post=2186"}],"curies":[{"name":"wp","href":"https:\/\/api.w.org\/{rel}","templated":true}]}}