{"id":2049,"date":"2024-09-02T21:13:37","date_gmt":"2024-09-02T19:13:37","guid":{"rendered":"https:\/\/velipost.com\/?p=2049"},"modified":"2024-09-02T21:13:37","modified_gmt":"2024-09-02T19:13:37","slug":"les-etats-unis-prennent-possession-dun-avion-de-nicolas-maduro-pour-contravention-aux-lois-dexportation","status":"publish","type":"post","link":"https:\/\/velipost.com\/?p=2049","title":{"rendered":"Les \u00c9tats-Unis Prennent Possession d\u2019un Avion de Nicol\u00e1s Maduro pour Contravention aux Lois d\u2019Exportation"},"content":{"rendered":"\n<p>Le gouvernement des \u00c9tats-Unis a r\u00e9cemment pris possession d&rsquo;un avion Dassault Falcon 900EX appartenant au pr\u00e9sident v\u00e9n\u00e9zu\u00e9lien Nicol\u00e1s Maduro Moros. Selon un communiqu\u00e9 officiel, cet avion \u00e9tait utilis\u00e9 pour le b\u00e9n\u00e9fice de Maduro et de ses associ\u00e9s au Venezuela. Il a \u00e9t\u00e9 transf\u00e9r\u00e9 au district sud de la Floride \u00e0 la demande des \u00c9tats-Unis en raison de violations pr\u00e9sum\u00e9es des lois sur le contr\u00f4le des exportations et des sanctions.<\/p>\n\n\n\n<p>Le procureur g\u00e9n\u00e9ral Merrick B. Garland a d\u00e9clar\u00e9 que l&rsquo;avion aurait \u00e9t\u00e9 achet\u00e9 ill\u00e9galement pour 13 millions de dollars via une soci\u00e9t\u00e9 \u00e9cran, puis sorti en contrebande des \u00c9tats-Unis pour \u00eatre utilis\u00e9 par Nicol\u00e1s Maduro et ses alli\u00e9s. Garland a soulign\u00e9 l&rsquo;engagement du D\u00e9partement de la Justice \u00e0 poursuivre ceux qui enfreignent les sanctions et les contr\u00f4les d&rsquo;exportation des \u00c9tats-Unis, pour emp\u00eacher l&rsquo;utilisation des ressources am\u00e9ricaines de mani\u00e8re \u00e0 compromettre la s\u00e9curit\u00e9 nationale.<\/p>\n\n\n\n<p>Matthew S. Axelrod, secr\u00e9taire adjoint du D\u00e9partement du Commerce pour le contr\u00f4le des exportations, a affirm\u00e9 que cette saisie vise \u00e0 envoyer un message clair : les avions acquis ill\u00e9galement aux \u00c9tats-Unis pour le b\u00e9n\u00e9fice des fonctionnaires v\u00e9n\u00e9zu\u00e9liens sanctionn\u00e9s ne peuvent pas simplement \u00e9chapper aux radars. Axelrod a ajout\u00e9 que, peu importe la luxure de l&rsquo;avion priv\u00e9 ou le pouvoir des fonctionnaires impliqu\u00e9s, les autorit\u00e9s travailleront sans rel\u00e2che avec leurs partenaires nationaux et internationaux pour identifier et rapatrier tout avion sorti ill\u00e9galement des \u00c9tats-Unis.<\/p>\n\n    <div class=\"xs_social_share_widget xs_share_url after_content \t\tmain_content  wslu-style-3 wslu-share-box-shaped wslu-fill-brand-hover-colored wslu-share-m-5 wslu-none wslu-share-horizontal wslu-theme-font-no wslu-main_content\">\n\n\t\t\n        <ul>\n\t\t\t                    <li class=\"xs-share-li twitter                        wslu-no-extra-data\">\n                        <a href=\"javascript:void(0);\"\n                           id=\"xs_feed_twitter\"\n                           onclick=\"xs_social_sharer(this);\"\n                           data-pid=\"2049\"\n                           data-uri_hash=\"d831ebdbe69ad241ad233e8bcda8e2ee\"\n                           data-key=\"twitter\"\n                           data-xs-href=\"https:\/\/twitter.com\/intent\/tweet?text=Les+%C3%89tats-Unis+Prennent+Possession+d%E2%80%99un+Avion+de+Nicol%C3%A1s+Maduro+pour+Contravention+aux+Lois+d%E2%80%99Exportation+https%3A%2F%2Fvelipost.com%2Findex.php%3Frest_route%3D%252Fwp%252Fv2%252Fposts%252F2049&amp;original_referer=https%3A%2F%2Fvelipost.com%2Findex.php%3Frest_route%3D%252Fwp%252Fv2%252Fposts%252F2049&amp;related=xpeedstudio\">\n\n                            <div class=\"xs-social-icon\">\n                                <span class=\"met-social met-social-twitter\"><\/span>\n                            <\/div>\n\n\t\t\t\t\t\t\t\n                            <div class=\"wslu-hover-content\">\n                                <div class=\"xs-social-followers\">\n\t\t\t\t\t\t\t\t\t10                                <\/div>\n                                <div class=\"xs-social-follower-text\">\n\t\t\t\t\t\t\t\t\tShare                                <\/div>\n                                <div class=\"xs-social-follower-label\">\n\t\t\t\t\t\t\t\t\tTwitter                                <\/div>\n                            <\/div>\n                        <\/a>\n                    <\/li>\n\t\t\t\t\t                    <li class=\"xs-share-li telegram                        wslu-no-extra-data\">\n                        <a href=\"javascript:void(0);\"\n                           id=\"xs_feed_telegram\"\n                           onclick=\"xs_social_sharer(this);\"\n                           data-pid=\"2049\"\n                           data-uri_hash=\"d831ebdbe69ad241ad233e8bcda8e2ee\"\n                           data-key=\"telegram\"\n                           data-xs-href=\"https:\/\/telegram.me\/share\/url?url=https%3A%2F%2Fvelipost.com%2Findex.php%3Frest_route%3D%252Fwp%252Fv2%252Fposts%252F2049&amp;text=Les+%C3%89tats-Unis+Prennent+Possession+d%E2%80%99un+Avion+de+Nicol%C3%A1s+Maduro+pour+Contravention+aux+Lois+d%E2%80%99Exportation\">\n\n                            <div class=\"xs-social-icon\">\n                                <span class=\"met-social met-social-telegram\"><\/span>\n                            <\/div>\n\n\t\t\t\t\t\t\t\n                            <div class=\"wslu-hover-content\">\n                                <div class=\"xs-social-followers\">\n\t\t\t\t\t\t\t\t\t0                                <\/div>\n                                <div class=\"xs-social-follower-text\">\n\t\t\t\t\t\t\t\t\tShare                                <\/div>\n                                <div class=\"xs-social-follower-label\">\n\t\t\t\t\t\t\t\t\tTelegram                                <\/div>\n                            <\/div>\n                        <\/a>\n                    <\/li>\n\t\t\t\t\t                    <li class=\"xs-share-li email                        wslu-no-extra-data\">\n                        <a href=\"javascript:void(0);\"\n                           id=\"xs_feed_email\"\n                           onclick=\"xs_social_sharer(this);\"\n                           data-pid=\"2049\"\n                           data-uri_hash=\"d831ebdbe69ad241ad233e8bcda8e2ee\"\n                           data-key=\"email\"\n                           data-xs-href=\"mailto:?body=Title%3A+Les+%C3%89tats-Unis+Prennent+Possession+d%E2%80%99un+Avion+de+Nicol%C3%A1s+Maduro+pour+Contravention+aux+Lois+d%E2%80%99Exportation+%5Cn%5Cn+URL%3A+https%3A%2F%2Fvelipost.com%2Findex.php%3Frest_route%3D%252Fwp%252Fv2%252Fposts%252F2049&amp;subject=Les+%C3%89tats-Unis+Prennent+Possession+d%E2%80%99un+Avion+de+Nicol%C3%A1s+Maduro+pour+Contravention+aux+Lois+d%E2%80%99Exportation\">\n\n                            <div class=\"xs-social-icon\">\n                                <span class=\"met-social met-social-email\"><\/span>\n                            <\/div>\n\n\t\t\t\t\t\t\t\n                            <div class=\"wslu-hover-content\">\n                                <div class=\"xs-social-followers\">\n\t\t\t\t\t\t\t\t\t0                                <\/div>\n                                <div class=\"xs-social-follower-text\">\n\t\t\t\t\t\t\t\t\tShare                                <\/div>\n                                <div class=\"xs-social-follower-label\">\n\t\t\t\t\t\t\t\t\tEmail                                <\/div>\n                            <\/div>\n                        <\/a>\n                    <\/li>\n\t\t\t\t\t        <\/ul>\n    <\/div> \n","protected":false},"excerpt":{"rendered":"<p>Le gouvernement des \u00c9tats-Unis a r\u00e9cemment pris possession d&rsquo;un avion Dassault Falcon 900EX appartenant au pr\u00e9sident v\u00e9n\u00e9zu\u00e9lien Nicol\u00e1s Maduro Moros. Selon un communiqu\u00e9 officiel,<\/p>\n","protected":false},"author":1,"featured_media":2050,"comment_status":"open","ping_status":"open","sticky":false,"template":"","format":"standard","meta":{"_uag_custom_page_level_css":"","footnotes":"","jetpack_publicize_message":"","jetpack_publicize_feature_enabled":true,"jetpack_social_post_already_shared":false,"jetpack_social_options":{"image_generator_settings":{"template":"highway","default_image_id":0,"font":"","enabled":false},"version":2}},"categories":[107],"tags":[],"class_list":["post-2049","post","type-post","status-publish","format-standard","has-post-thumbnail","hentry","category-international"],"yoast_head":"<!-- This site is optimized with the Yoast SEO plugin v25.3.1 - https:\/\/yoast.com\/wordpress\/plugins\/seo\/ -->\n<title>Les \u00c9tats-Unis Prennent Possession d\u2019un Avion de Nicol\u00e1s Maduro pour Contravention aux Lois d\u2019Exportation &#8211; VeliPost<\/title>\n<meta name=\"robots\" content=\"index, follow, max-snippet:-1, max-image-preview:large, max-video-preview:-1\" \/>\n<link rel=\"canonical\" href=\"https:\/\/velipost.com\/?p=2049\" \/>\n<meta property=\"og:locale\" content=\"fr_FR\" \/>\n<meta property=\"og:type\" content=\"article\" \/>\n<meta property=\"og:title\" content=\"Les \u00c9tats-Unis Prennent Possession d\u2019un Avion de Nicol\u00e1s Maduro pour Contravention aux Lois d\u2019Exportation &#8211; VeliPost\" \/>\n<meta property=\"og:description\" content=\"Le gouvernement des \u00c9tats-Unis a r\u00e9cemment pris possession d&rsquo;un avion Dassault Falcon 900EX appartenant au pr\u00e9sident v\u00e9n\u00e9zu\u00e9lien Nicol\u00e1s Maduro Moros. Selon un communiqu\u00e9 officiel,\" \/>\n<meta property=\"og:url\" content=\"https:\/\/velipost.com\/?p=2049\" \/>\n<meta property=\"og:site_name\" content=\"VeliPost\" \/>\n<meta property=\"article:publisher\" content=\"https:\/\/www.facebook.com\/veliposthaiti\" \/>\n<meta property=\"article:published_time\" content=\"2024-09-02T19:13:37+00:00\" \/>\n<meta property=\"og:image\" content=\"https:\/\/velipost.com\/wp-content\/uploads\/2024\/09\/Avion-Maduro.jpg\" \/>\n\t<meta property=\"og:image:width\" content=\"1170\" \/>\n\t<meta property=\"og:image:height\" content=\"603\" \/>\n\t<meta property=\"og:image:type\" content=\"image\/jpeg\" \/>\n<meta name=\"author\" content=\"VeliPost\" \/>\n<meta name=\"twitter:card\" content=\"summary_large_image\" \/>\n<meta name=\"twitter:creator\" content=\"@veliposthaiti\" \/>\n<meta name=\"twitter:site\" content=\"@veliposthaiti\" \/>\n<meta name=\"twitter:label1\" content=\"\u00c9crit par\" \/>\n\t<meta name=\"twitter:data1\" content=\"VeliPost\" \/>\n\t<meta name=\"twitter:label2\" content=\"Dur\u00e9e de lecture estim\u00e9e\" \/>\n\t<meta name=\"twitter:data2\" content=\"2 minutes\" \/>\n<script type=\"application\/ld+json\" class=\"yoast-schema-graph\">{\"@context\":\"https:\/\/schema.org\",\"@graph\":[{\"@type\":\"Article\",\"@id\":\"https:\/\/velipost.com\/?p=2049#article\",\"isPartOf\":{\"@id\":\"https:\/\/velipost.com\/?p=2049\"},\"author\":{\"name\":\"VeliPost\",\"@id\":\"https:\/\/velipost.com\/#\/schema\/person\/32ff49a53c9c1bb24302ee8ece058096\"},\"headline\":\"Les \u00c9tats-Unis Prennent Possession d\u2019un Avion de Nicol\u00e1s Maduro pour Contravention aux Lois d\u2019Exportation\",\"datePublished\":\"2024-09-02T19:13:37+00:00\",\"mainEntityOfPage\":{\"@id\":\"https:\/\/velipost.com\/?p=2049\"},\"wordCount\":283,\"commentCount\":0,\"publisher\":{\"@id\":\"https:\/\/velipost.com\/#organization\"},\"image\":{\"@id\":\"https:\/\/velipost.com\/?p=2049#primaryimage\"},\"thumbnailUrl\":\"https:\/\/velipost.com\/wp-content\/uploads\/2024\/09\/Avion-Maduro.jpg\",\"articleSection\":[\"International\"],\"inLanguage\":\"fr-FR\",\"potentialAction\":[{\"@type\":\"CommentAction\",\"name\":\"Comment\",\"target\":[\"https:\/\/velipost.com\/?p=2049#respond\"]}]},{\"@type\":\"WebPage\",\"@id\":\"https:\/\/velipost.com\/?p=2049\",\"url\":\"https:\/\/velipost.com\/?p=2049\",\"name\":\"Les \u00c9tats-Unis Prennent Possession d\u2019un Avion de Nicol\u00e1s Maduro pour Contravention aux Lois d\u2019Exportation &#8211; VeliPost\",\"isPartOf\":{\"@id\":\"https:\/\/velipost.com\/#website\"},\"primaryImageOfPage\":{\"@id\":\"https:\/\/velipost.com\/?p=2049#primaryimage\"},\"image\":{\"@id\":\"https:\/\/velipost.com\/?p=2049#primaryimage\"},\"thumbnailUrl\":\"https:\/\/velipost.com\/wp-content\/uploads\/2024\/09\/Avion-Maduro.jpg\",\"datePublished\":\"2024-09-02T19:13:37+00:00\",\"breadcrumb\":{\"@id\":\"https:\/\/velipost.com\/?p=2049#breadcrumb\"},\"inLanguage\":\"fr-FR\",\"potentialAction\":[{\"@type\":\"ReadAction\",\"target\":[\"https:\/\/velipost.com\/?p=2049\"]}]},{\"@type\":\"ImageObject\",\"inLanguage\":\"fr-FR\",\"@id\":\"https:\/\/velipost.com\/?p=2049#primaryimage\",\"url\":\"https:\/\/velipost.com\/wp-content\/uploads\/2024\/09\/Avion-Maduro.jpg\",\"contentUrl\":\"https:\/\/velipost.com\/wp-content\/uploads\/2024\/09\/Avion-Maduro.jpg\",\"width\":1170,\"height\":603},{\"@type\":\"BreadcrumbList\",\"@id\":\"https:\/\/velipost.com\/?p=2049#breadcrumb\",\"itemListElement\":[{\"@type\":\"ListItem\",\"position\":1,\"name\":\"Accueil\",\"item\":\"https:\/\/velipost.com\/\"},{\"@type\":\"ListItem\",\"position\":2,\"name\":\"Les \u00c9tats-Unis Prennent Possession d\u2019un Avion de Nicol\u00e1s Maduro pour Contravention aux Lois d\u2019Exportation\"}]},{\"@type\":\"WebSite\",\"@id\":\"https:\/\/velipost.com\/#website\",\"url\":\"https:\/\/velipost.com\/\",\"name\":\"VeliPost\",\"description\":\"L\u2019info en un clic\",\"publisher\":{\"@id\":\"https:\/\/velipost.com\/#organization\"},\"potentialAction\":[{\"@type\":\"SearchAction\",\"target\":{\"@type\":\"EntryPoint\",\"urlTemplate\":\"https:\/\/velipost.com\/?s={search_term_string}\"},\"query-input\":{\"@type\":\"PropertyValueSpecification\",\"valueRequired\":true,\"valueName\":\"search_term_string\"}}],\"inLanguage\":\"fr-FR\"},{\"@type\":\"Organization\",\"@id\":\"https:\/\/velipost.com\/#organization\",\"name\":\"VeliPost\",\"url\":\"https:\/\/velipost.com\/\",\"logo\":{\"@type\":\"ImageObject\",\"inLanguage\":\"fr-FR\",\"@id\":\"https:\/\/velipost.com\/#\/schema\/logo\/image\/\",\"url\":\"https:\/\/velipost.com\/wp-content\/uploads\/2024\/08\/cropped-VP-logo-piti.png\",\"contentUrl\":\"https:\/\/velipost.com\/wp-content\/uploads\/2024\/08\/cropped-VP-logo-piti.png\",\"width\":201,\"height\":69,\"caption\":\"VeliPost\"},\"image\":{\"@id\":\"https:\/\/velipost.com\/#\/schema\/logo\/image\/\"},\"sameAs\":[\"https:\/\/www.facebook.com\/veliposthaiti\",\"https:\/\/x.com\/veliposthaiti\",\"https:\/\/www.instagram.com\/veliposthaiti\"]},{\"@type\":\"Person\",\"@id\":\"https:\/\/velipost.com\/#\/schema\/person\/32ff49a53c9c1bb24302ee8ece058096\",\"name\":\"VeliPost\",\"image\":{\"@type\":\"ImageObject\",\"inLanguage\":\"fr-FR\",\"@id\":\"https:\/\/velipost.com\/#\/schema\/person\/image\/\",\"url\":\"https:\/\/secure.gravatar.com\/avatar\/57c226c264de62f794185a89596d4a37b85a5ad20aca30d9d5a478b27d8c8d9d?s=96&d=mm&r=g\",\"contentUrl\":\"https:\/\/secure.gravatar.com\/avatar\/57c226c264de62f794185a89596d4a37b85a5ad20aca30d9d5a478b27d8c8d9d?s=96&d=mm&r=g\",\"caption\":\"VeliPost\"},\"sameAs\":[\"https:\/\/velipost.com\"],\"url\":\"https:\/\/velipost.com\/?author=1\"}]}<\/script>\n<!-- \/ Yoast SEO plugin. -->","yoast_head_json":{"title":"Les \u00c9tats-Unis Prennent Possession d\u2019un Avion de Nicol\u00e1s Maduro pour Contravention aux Lois d\u2019Exportation &#8211; VeliPost","robots":{"index":"index","follow":"follow","max-snippet":"max-snippet:-1","max-image-preview":"max-image-preview:large","max-video-preview":"max-video-preview:-1"},"canonical":"https:\/\/velipost.com\/?p=2049","og_locale":"fr_FR","og_type":"article","og_title":"Les \u00c9tats-Unis Prennent Possession d\u2019un Avion de Nicol\u00e1s Maduro pour Contravention aux Lois d\u2019Exportation &#8211; VeliPost","og_description":"Le gouvernement des \u00c9tats-Unis a r\u00e9cemment pris possession d&rsquo;un avion Dassault Falcon 900EX appartenant au pr\u00e9sident v\u00e9n\u00e9zu\u00e9lien Nicol\u00e1s Maduro Moros. Selon un communiqu\u00e9 officiel,","og_url":"https:\/\/velipost.com\/?p=2049","og_site_name":"VeliPost","article_publisher":"https:\/\/www.facebook.com\/veliposthaiti","article_published_time":"2024-09-02T19:13:37+00:00","og_image":[{"width":1170,"height":603,"url":"https:\/\/velipost.com\/wp-content\/uploads\/2024\/09\/Avion-Maduro.jpg","type":"image\/jpeg"}],"author":"VeliPost","twitter_card":"summary_large_image","twitter_creator":"@veliposthaiti","twitter_site":"@veliposthaiti","twitter_misc":{"\u00c9crit par":"VeliPost","Dur\u00e9e de lecture estim\u00e9e":"2 minutes"},"schema":{"@context":"https:\/\/schema.org","@graph":[{"@type":"Article","@id":"https:\/\/velipost.com\/?p=2049#article","isPartOf":{"@id":"https:\/\/velipost.com\/?p=2049"},"author":{"name":"VeliPost","@id":"https:\/\/velipost.com\/#\/schema\/person\/32ff49a53c9c1bb24302ee8ece058096"},"headline":"Les \u00c9tats-Unis Prennent Possession d\u2019un Avion de Nicol\u00e1s Maduro pour Contravention aux Lois d\u2019Exportation","datePublished":"2024-09-02T19:13:37+00:00","mainEntityOfPage":{"@id":"https:\/\/velipost.com\/?p=2049"},"wordCount":283,"commentCount":0,"publisher":{"@id":"https:\/\/velipost.com\/#organization"},"image":{"@id":"https:\/\/velipost.com\/?p=2049#primaryimage"},"thumbnailUrl":"https:\/\/velipost.com\/wp-content\/uploads\/2024\/09\/Avion-Maduro.jpg","articleSection":["International"],"inLanguage":"fr-FR","potentialAction":[{"@type":"CommentAction","name":"Comment","target":["https:\/\/velipost.com\/?p=2049#respond"]}]},{"@type":"WebPage","@id":"https:\/\/velipost.com\/?p=2049","url":"https:\/\/velipost.com\/?p=2049","name":"Les \u00c9tats-Unis Prennent Possession d\u2019un Avion de Nicol\u00e1s Maduro pour Contravention aux Lois d\u2019Exportation &#8211; VeliPost","isPartOf":{"@id":"https:\/\/velipost.com\/#website"},"primaryImageOfPage":{"@id":"https:\/\/velipost.com\/?p=2049#primaryimage"},"image":{"@id":"https:\/\/velipost.com\/?p=2049#primaryimage"},"thumbnailUrl":"https:\/\/velipost.com\/wp-content\/uploads\/2024\/09\/Avion-Maduro.jpg","datePublished":"2024-09-02T19:13:37+00:00","breadcrumb":{"@id":"https:\/\/velipost.com\/?p=2049#breadcrumb"},"inLanguage":"fr-FR","potentialAction":[{"@type":"ReadAction","target":["https:\/\/velipost.com\/?p=2049"]}]},{"@type":"ImageObject","inLanguage":"fr-FR","@id":"https:\/\/velipost.com\/?p=2049#primaryimage","url":"https:\/\/velipost.com\/wp-content\/uploads\/2024\/09\/Avion-Maduro.jpg","contentUrl":"https:\/\/velipost.com\/wp-content\/uploads\/2024\/09\/Avion-Maduro.jpg","width":1170,"height":603},{"@type":"BreadcrumbList","@id":"https:\/\/velipost.com\/?p=2049#breadcrumb","itemListElement":[{"@type":"ListItem","position":1,"name":"Accueil","item":"https:\/\/velipost.com\/"},{"@type":"ListItem","position":2,"name":"Les \u00c9tats-Unis Prennent Possession d\u2019un Avion de Nicol\u00e1s Maduro pour Contravention aux Lois d\u2019Exportation"}]},{"@type":"WebSite","@id":"https:\/\/velipost.com\/#website","url":"https:\/\/velipost.com\/","name":"VeliPost","description":"L\u2019info en un clic","publisher":{"@id":"https:\/\/velipost.com\/#organization"},"potentialAction":[{"@type":"SearchAction","target":{"@type":"EntryPoint","urlTemplate":"https:\/\/velipost.com\/?s={search_term_string}"},"query-input":{"@type":"PropertyValueSpecification","valueRequired":true,"valueName":"search_term_string"}}],"inLanguage":"fr-FR"},{"@type":"Organization","@id":"https:\/\/velipost.com\/#organization","name":"VeliPost","url":"https:\/\/velipost.com\/","logo":{"@type":"ImageObject","inLanguage":"fr-FR","@id":"https:\/\/velipost.com\/#\/schema\/logo\/image\/","url":"https:\/\/velipost.com\/wp-content\/uploads\/2024\/08\/cropped-VP-logo-piti.png","contentUrl":"https:\/\/velipost.com\/wp-content\/uploads\/2024\/08\/cropped-VP-logo-piti.png","width":201,"height":69,"caption":"VeliPost"},"image":{"@id":"https:\/\/velipost.com\/#\/schema\/logo\/image\/"},"sameAs":["https:\/\/www.facebook.com\/veliposthaiti","https:\/\/x.com\/veliposthaiti","https:\/\/www.instagram.com\/veliposthaiti"]},{"@type":"Person","@id":"https:\/\/velipost.com\/#\/schema\/person\/32ff49a53c9c1bb24302ee8ece058096","name":"VeliPost","image":{"@type":"ImageObject","inLanguage":"fr-FR","@id":"https:\/\/velipost.com\/#\/schema\/person\/image\/","url":"https:\/\/secure.gravatar.com\/avatar\/57c226c264de62f794185a89596d4a37b85a5ad20aca30d9d5a478b27d8c8d9d?s=96&d=mm&r=g","contentUrl":"https:\/\/secure.gravatar.com\/avatar\/57c226c264de62f794185a89596d4a37b85a5ad20aca30d9d5a478b27d8c8d9d?s=96&d=mm&r=g","caption":"VeliPost"},"sameAs":["https:\/\/velipost.com"],"url":"https:\/\/velipost.com\/?author=1"}]}},"views":27,"jetpack_publicize_connections":[],"uagb_featured_image_src":{"full":["https:\/\/velipost.com\/wp-content\/uploads\/2024\/09\/Avion-Maduro.jpg",1170,603,false],"thumbnail":["https:\/\/velipost.com\/wp-content\/uploads\/2024\/09\/Avion-Maduro-150x150.jpg",150,150,true],"medium":["https:\/\/velipost.com\/wp-content\/uploads\/2024\/09\/Avion-Maduro-300x155.jpg",300,155,true],"medium_large":["https:\/\/velipost.com\/wp-content\/uploads\/2024\/09\/Avion-Maduro-768x396.jpg",715,369,true],"large":["https:\/\/velipost.com\/wp-content\/uploads\/2024\/09\/Avion-Maduro-1024x528.jpg",715,369,true],"1536x1536":["https:\/\/velipost.com\/wp-content\/uploads\/2024\/09\/Avion-Maduro.jpg",1170,603,false],"2048x2048":["https:\/\/velipost.com\/wp-content\/uploads\/2024\/09\/Avion-Maduro.jpg",1170,603,false],"colornews-big-slider":["https:\/\/velipost.com\/wp-content\/uploads\/2024\/09\/Avion-Maduro-1070x470.jpg",1070,470,true],"colornews-big-slider-thumb":["https:\/\/velipost.com\/wp-content\/uploads\/2024\/09\/Avion-Maduro-184x109.jpg",184,109,true],"colornews-featured-post-medium":["https:\/\/velipost.com\/wp-content\/uploads\/2024\/09\/Avion-Maduro-345x265.jpg",345,265,true],"colornews-featured-post-small":["https:\/\/velipost.com\/wp-content\/uploads\/2024\/09\/Avion-Maduro-115x73.jpg",115,73,true],"colornews-random-posts":["https:\/\/velipost.com\/wp-content\/uploads\/2024\/09\/Avion-Maduro-215x215.jpg",215,215,true],"colornews-featured-image":["https:\/\/velipost.com\/wp-content\/uploads\/2024\/09\/Avion-Maduro-715x400.jpg",715,400,true],"mailpoet_newsletter_max":["https:\/\/velipost.com\/wp-content\/uploads\/2024\/09\/Avion-Maduro.jpg",1170,603,false]},"uagb_author_info":{"display_name":"VeliPost","author_link":"https:\/\/velipost.com\/?author=1"},"uagb_comment_info":0,"uagb_excerpt":"Le gouvernement des \u00c9tats-Unis a r\u00e9cemment pris possession d&rsquo;un avion Dassault Falcon 900EX appartenant au pr\u00e9sident v\u00e9n\u00e9zu\u00e9lien Nicol\u00e1s Maduro Moros. Selon un communiqu\u00e9 officiel,","_links":{"self":[{"href":"https:\/\/velipost.com\/index.php?rest_route=\/wp\/v2\/posts\/2049","targetHints":{"allow":["GET"]}}],"collection":[{"href":"https:\/\/velipost.com\/index.php?rest_route=\/wp\/v2\/posts"}],"about":[{"href":"https:\/\/velipost.com\/index.php?rest_route=\/wp\/v2\/types\/post"}],"author":[{"embeddable":true,"href":"https:\/\/velipost.com\/index.php?rest_route=\/wp\/v2\/users\/1"}],"replies":[{"embeddable":true,"href":"https:\/\/velipost.com\/index.php?rest_route=%2Fwp%2Fv2%2Fcomments&post=2049"}],"version-history":[{"count":1,"href":"https:\/\/velipost.com\/index.php?rest_route=\/wp\/v2\/posts\/2049\/revisions"}],"predecessor-version":[{"id":2051,"href":"https:\/\/velipost.com\/index.php?rest_route=\/wp\/v2\/posts\/2049\/revisions\/2051"}],"wp:featuredmedia":[{"embeddable":true,"href":"https:\/\/velipost.com\/index.php?rest_route=\/wp\/v2\/media\/2050"}],"wp:attachment":[{"href":"https:\/\/velipost.com\/index.php?rest_route=%2Fwp%2Fv2%2Fmedia&parent=2049"}],"wp:term":[{"taxonomy":"category","embeddable":true,"href":"https:\/\/velipost.com\/index.php?rest_route=%2Fwp%2Fv2%2Fcategories&post=2049"},{"taxonomy":"post_tag","embeddable":true,"href":"https:\/\/velipost.com\/index.php?rest_route=%2Fwp%2Fv2%2Ftags&post=2049"}],"curies":[{"name":"wp","href":"https:\/\/api.w.org\/{rel}","templated":true}]}}