{"id":2007,"date":"2024-08-31T16:11:43","date_gmt":"2024-08-31T14:11:43","guid":{"rendered":"https:\/\/velipost.com\/?p=2007"},"modified":"2024-08-31T16:11:44","modified_gmt":"2024-08-31T14:11:44","slug":"la-ministre-des-affaires-etrangeres-dominique-dupuy-exige-la-declaration-de-patrimoine-des-chefs-de-missions","status":"publish","type":"post","link":"https:\/\/velipost.com\/?p=2007","title":{"rendered":"La Ministre des Affaires \u00c9trang\u00e8res Dominique Dupuy exige la d\u00e9claration de patrimoine des chefs de missions"},"content":{"rendered":"\n<p><strong>Dans un contexte de lutte accrue contre la corruption, la Ministre des Affaires \u00c9trang\u00e8res d&rsquo;Ha\u00efti, Dominique Dupuy, a r\u00e9cemment instruit tous les chefs de missions diplomatiques de proc\u00e9der \u00e0 la d\u00e9claration de leur patrimoine. Cette demande, formul\u00e9e par le biais d&rsquo;une circulaire, marque un tournant important dans les efforts pour instaurer une transparence accrue au sein du corps diplomatique ha\u00eftien, souvent critiqu\u00e9 pour des scandales de corruption.<\/strong><\/p>\n\n\n\n<p>C\u2019est la premi\u00e8re fois depuis la promulgation de la loi du 1er f\u00e9vrier 2008 sur la d\u00e9claration de patrimoine qu\u2019un ministre des Affaires \u00c9trang\u00e8res exige une telle d\u00e9marche de la part des chefs de missions. Par cette initiative, Mme Dupuy met l&rsquo;accent sur l&rsquo;importance de la transparence dans la gestion des affaires publiques et sur la n\u00e9cessit\u00e9 de renforcer la confiance du public envers les institutions diplomatiques ha\u00eftiennes.<\/p>\n\n\n\n<p>En mettant en avant cette exigence, la Ministre Dominique Dupuy r\u00e9pond \u00e9galement aux rappels r\u00e9cents de l&rsquo;Unit\u00e9 de Lutte contre la Corruption (ULCC), qui a insist\u00e9 sur l&rsquo;importance pour les chefs de missions de se conformer aux exigences l\u00e9gales en mati\u00e8re de d\u00e9claration de patrimoine. Sous la direction de M. Hans Joseph, l&rsquo;ULCC a rappel\u00e9 \u00e0 plusieurs reprises que la non-conformit\u00e9 \u00e0 cette obligation peut entra\u00eener des sanctions, y compris des poursuites judiciaires.<\/p>\n\n\n\n<p>Cette collaboration entre le minist\u00e8re des Affaires \u00c9trang\u00e8res et l&rsquo;ULCC souligne une volont\u00e9 commune de promouvoir l&rsquo;int\u00e9grit\u00e9 et la responsabilit\u00e9 au sein des services publics ha\u00eftiens. En exigeant des d\u00e9clarations de patrimoine, il s&rsquo;agit non seulement de pr\u00e9venir la corruption mais aussi de prot\u00e9ger les diplomates contre d\u2019\u00e9ventuelles accusations infond\u00e9es, en mettant en place un cadre de transparence.<\/p>\n\n\n\n<p>La demande de la Ministre Dupuy est une \u00e9tape cl\u00e9 vers la modernisation et la moralisation de la diplomatie ha\u00eftienne. En plus de contribuer \u00e0 une meilleure gestion des ressources publiques, cette mesure vise \u00e0 instaurer une culture de transparence qui pourrait servir de mod\u00e8le pour d&rsquo;autres secteurs du gouvernement.<\/p>\n\n\n\n<p>Les experts estiment que cette initiative pourrait renforcer la confiance des partenaires internationaux et des investisseurs \u00e9trangers envers Ha\u00efti. Une diplomatie transparente et int\u00e8gre est souvent per\u00e7ue comme un signe de stabilit\u00e9 et de fiabilit\u00e9, deux facteurs cruciaux pour attirer des investissements et \u00e9tablir des relations internationales solides.<\/p>\n\n\n\n<p><em>L\u2019appel de Dominique Dupuy \u00e0 la d\u00e9claration de patrimoine des chefs de missions diplomatiques s&rsquo;inscrit dans une d\u00e9marche de renforcement de la transparence et de la lutte contre la corruption en Ha\u00efti. Il s&rsquo;agit d&rsquo;une avanc\u00e9e significative pour le secteur diplomatique, traditionnellement per\u00e7u comme opaque et vuln\u00e9rable aux abus. En collaboration avec l&rsquo;ULCC, cette initiative marque une volont\u00e9 claire d&rsquo;instaurer une gouvernance exemplaire et de redorer l&rsquo;image de la diplomatie ha\u00eftienne sur la sc\u00e8ne internationale.<\/em><\/p>\n\n    <div class=\"xs_social_share_widget xs_share_url after_content \t\tmain_content  wslu-style-3 wslu-share-box-shaped wslu-fill-brand-hover-colored wslu-share-m-5 wslu-none wslu-share-horizontal wslu-theme-font-no wslu-main_content\">\n\n\t\t\n        <ul>\n\t\t\t                    <li class=\"xs-share-li twitter                        wslu-no-extra-data\">\n                        <a href=\"javascript:void(0);\"\n                           id=\"xs_feed_twitter\"\n                           onclick=\"xs_social_sharer(this);\"\n                           data-pid=\"2007\"\n                           data-uri_hash=\"6a24f668b370caaef5ada368b8a68536\"\n                           data-key=\"twitter\"\n                           data-xs-href=\"https:\/\/twitter.com\/intent\/tweet?text=La+Ministre+des+Affaires+%C3%89trang%C3%A8res+Dominique+Dupuy+exige+la+d%C3%A9claration+de+patrimoine+des+chefs+de+missions+https%3A%2F%2Fvelipost.com%2Findex.php%3Frest_route%3D%252Fwp%252Fv2%252Fposts%252F2007&amp;original_referer=https%3A%2F%2Fvelipost.com%2Findex.php%3Frest_route%3D%252Fwp%252Fv2%252Fposts%252F2007&amp;related=xpeedstudio\">\n\n                            <div class=\"xs-social-icon\">\n                                <span class=\"met-social met-social-twitter\"><\/span>\n                            <\/div>\n\n\t\t\t\t\t\t\t\n                            <div class=\"wslu-hover-content\">\n                                <div class=\"xs-social-followers\">\n\t\t\t\t\t\t\t\t\t10                                <\/div>\n                                <div class=\"xs-social-follower-text\">\n\t\t\t\t\t\t\t\t\tShare                                <\/div>\n                                <div class=\"xs-social-follower-label\">\n\t\t\t\t\t\t\t\t\tTwitter                                <\/div>\n                            <\/div>\n                        <\/a>\n                    <\/li>\n\t\t\t\t\t                    <li class=\"xs-share-li telegram                        wslu-no-extra-data\">\n                        <a href=\"javascript:void(0);\"\n                           id=\"xs_feed_telegram\"\n                           onclick=\"xs_social_sharer(this);\"\n                           data-pid=\"2007\"\n                           data-uri_hash=\"6a24f668b370caaef5ada368b8a68536\"\n                           data-key=\"telegram\"\n                           data-xs-href=\"https:\/\/telegram.me\/share\/url?url=https%3A%2F%2Fvelipost.com%2Findex.php%3Frest_route%3D%252Fwp%252Fv2%252Fposts%252F2007&amp;text=La+Ministre+des+Affaires+%C3%89trang%C3%A8res+Dominique+Dupuy+exige+la+d%C3%A9claration+de+patrimoine+des+chefs+de+missions\">\n\n                            <div class=\"xs-social-icon\">\n                                <span class=\"met-social met-social-telegram\"><\/span>\n                            <\/div>\n\n\t\t\t\t\t\t\t\n                            <div class=\"wslu-hover-content\">\n                                <div class=\"xs-social-followers\">\n\t\t\t\t\t\t\t\t\t0                                <\/div>\n                                <div class=\"xs-social-follower-text\">\n\t\t\t\t\t\t\t\t\tShare                                <\/div>\n                                <div class=\"xs-social-follower-label\">\n\t\t\t\t\t\t\t\t\tTelegram                                <\/div>\n                            <\/div>\n                        <\/a>\n                    <\/li>\n\t\t\t\t\t                    <li class=\"xs-share-li email                        wslu-no-extra-data\">\n                        <a href=\"javascript:void(0);\"\n                           id=\"xs_feed_email\"\n                           onclick=\"xs_social_sharer(this);\"\n                           data-pid=\"2007\"\n                           data-uri_hash=\"6a24f668b370caaef5ada368b8a68536\"\n                           data-key=\"email\"\n                           data-xs-href=\"mailto:?body=Title%3A+La+Ministre+des+Affaires+%C3%89trang%C3%A8res+Dominique+Dupuy+exige+la+d%C3%A9claration+de+patrimoine+des+chefs+de+missions+%5Cn%5Cn+URL%3A+https%3A%2F%2Fvelipost.com%2Findex.php%3Frest_route%3D%252Fwp%252Fv2%252Fposts%252F2007&amp;subject=La+Ministre+des+Affaires+%C3%89trang%C3%A8res+Dominique+Dupuy+exige+la+d%C3%A9claration+de+patrimoine+des+chefs+de+missions\">\n\n                            <div class=\"xs-social-icon\">\n                                <span class=\"met-social met-social-email\"><\/span>\n                            <\/div>\n\n\t\t\t\t\t\t\t\n                            <div class=\"wslu-hover-content\">\n                                <div class=\"xs-social-followers\">\n\t\t\t\t\t\t\t\t\t0                                <\/div>\n                                <div class=\"xs-social-follower-text\">\n\t\t\t\t\t\t\t\t\tShare                                <\/div>\n                                <div class=\"xs-social-follower-label\">\n\t\t\t\t\t\t\t\t\tEmail                                <\/div>\n                            <\/div>\n                        <\/a>\n                    <\/li>\n\t\t\t\t\t        <\/ul>\n    <\/div> \n","protected":false},"excerpt":{"rendered":"<p>Dans un contexte de lutte accrue contre la corruption, la Ministre des Affaires \u00c9trang\u00e8res d&rsquo;Ha\u00efti, Dominique Dupuy, a r\u00e9cemment instruit tous les chefs de<\/p>\n","protected":false},"author":1,"featured_media":1693,"comment_status":"open","ping_status":"open","sticky":false,"template":"","format":"standard","meta":{"_uag_custom_page_level_css":"","footnotes":"","jetpack_publicize_message":"","jetpack_publicize_feature_enabled":true,"jetpack_social_post_already_shared":false,"jetpack_social_options":{"image_generator_settings":{"template":"highway","default_image_id":0,"font":"","enabled":false},"version":2}},"categories":[258],"tags":[],"class_list":["post-2007","post","type-post","status-publish","format-standard","has-post-thumbnail","hentry","category-diplomatie"],"yoast_head":"<!-- This site is optimized with the Yoast SEO plugin v25.3.1 - https:\/\/yoast.com\/wordpress\/plugins\/seo\/ -->\n<title>La Ministre des Affaires \u00c9trang\u00e8res Dominique Dupuy exige la d\u00e9claration de patrimoine des chefs de missions &#8211; VeliPost<\/title>\n<meta name=\"robots\" content=\"index, follow, max-snippet:-1, max-image-preview:large, max-video-preview:-1\" \/>\n<link rel=\"canonical\" href=\"https:\/\/velipost.com\/?p=2007\" \/>\n<meta property=\"og:locale\" content=\"fr_FR\" \/>\n<meta property=\"og:type\" content=\"article\" \/>\n<meta property=\"og:title\" content=\"La Ministre des Affaires \u00c9trang\u00e8res Dominique Dupuy exige la d\u00e9claration de patrimoine des chefs de missions &#8211; VeliPost\" \/>\n<meta property=\"og:description\" content=\"Dans un contexte de lutte accrue contre la corruption, la Ministre des Affaires \u00c9trang\u00e8res d&rsquo;Ha\u00efti, Dominique Dupuy, a r\u00e9cemment instruit tous les chefs de\" \/>\n<meta property=\"og:url\" content=\"https:\/\/velipost.com\/?p=2007\" \/>\n<meta property=\"og:site_name\" content=\"VeliPost\" \/>\n<meta property=\"article:publisher\" content=\"https:\/\/www.facebook.com\/veliposthaiti\" \/>\n<meta property=\"article:published_time\" content=\"2024-08-31T14:11:43+00:00\" \/>\n<meta property=\"article:modified_time\" content=\"2024-08-31T14:11:44+00:00\" \/>\n<meta property=\"og:image\" content=\"https:\/\/velipost.com\/wp-content\/uploads\/2024\/08\/Dominique-Dupuy-.jpg\" \/>\n\t<meta property=\"og:image:width\" content=\"1170\" \/>\n\t<meta property=\"og:image:height\" content=\"603\" \/>\n\t<meta property=\"og:image:type\" content=\"image\/jpeg\" \/>\n<meta name=\"author\" content=\"VeliPost\" \/>\n<meta name=\"twitter:card\" content=\"summary_large_image\" \/>\n<meta name=\"twitter:creator\" content=\"@veliposthaiti\" \/>\n<meta name=\"twitter:site\" content=\"@veliposthaiti\" \/>\n<meta name=\"twitter:label1\" content=\"\u00c9crit par\" \/>\n\t<meta name=\"twitter:data1\" content=\"VeliPost\" \/>\n\t<meta name=\"twitter:label2\" content=\"Dur\u00e9e de lecture estim\u00e9e\" \/>\n\t<meta name=\"twitter:data2\" content=\"3 minutes\" \/>\n<script type=\"application\/ld+json\" class=\"yoast-schema-graph\">{\"@context\":\"https:\/\/schema.org\",\"@graph\":[{\"@type\":\"Article\",\"@id\":\"https:\/\/velipost.com\/?p=2007#article\",\"isPartOf\":{\"@id\":\"https:\/\/velipost.com\/?p=2007\"},\"author\":{\"name\":\"VeliPost\",\"@id\":\"https:\/\/velipost.com\/#\/schema\/person\/32ff49a53c9c1bb24302ee8ece058096\"},\"headline\":\"La Ministre des Affaires \u00c9trang\u00e8res Dominique Dupuy exige la d\u00e9claration de patrimoine des chefs de missions\",\"datePublished\":\"2024-08-31T14:11:43+00:00\",\"dateModified\":\"2024-08-31T14:11:44+00:00\",\"mainEntityOfPage\":{\"@id\":\"https:\/\/velipost.com\/?p=2007\"},\"wordCount\":512,\"commentCount\":0,\"publisher\":{\"@id\":\"https:\/\/velipost.com\/#organization\"},\"image\":{\"@id\":\"https:\/\/velipost.com\/?p=2007#primaryimage\"},\"thumbnailUrl\":\"https:\/\/velipost.com\/wp-content\/uploads\/2024\/08\/Dominique-Dupuy-.jpg\",\"articleSection\":[\"Diplomatie\"],\"inLanguage\":\"fr-FR\",\"potentialAction\":[{\"@type\":\"CommentAction\",\"name\":\"Comment\",\"target\":[\"https:\/\/velipost.com\/?p=2007#respond\"]}]},{\"@type\":\"WebPage\",\"@id\":\"https:\/\/velipost.com\/?p=2007\",\"url\":\"https:\/\/velipost.com\/?p=2007\",\"name\":\"La Ministre des Affaires \u00c9trang\u00e8res Dominique Dupuy exige la d\u00e9claration de patrimoine des chefs de missions &#8211; VeliPost\",\"isPartOf\":{\"@id\":\"https:\/\/velipost.com\/#website\"},\"primaryImageOfPage\":{\"@id\":\"https:\/\/velipost.com\/?p=2007#primaryimage\"},\"image\":{\"@id\":\"https:\/\/velipost.com\/?p=2007#primaryimage\"},\"thumbnailUrl\":\"https:\/\/velipost.com\/wp-content\/uploads\/2024\/08\/Dominique-Dupuy-.jpg\",\"datePublished\":\"2024-08-31T14:11:43+00:00\",\"dateModified\":\"2024-08-31T14:11:44+00:00\",\"breadcrumb\":{\"@id\":\"https:\/\/velipost.com\/?p=2007#breadcrumb\"},\"inLanguage\":\"fr-FR\",\"potentialAction\":[{\"@type\":\"ReadAction\",\"target\":[\"https:\/\/velipost.com\/?p=2007\"]}]},{\"@type\":\"ImageObject\",\"inLanguage\":\"fr-FR\",\"@id\":\"https:\/\/velipost.com\/?p=2007#primaryimage\",\"url\":\"https:\/\/velipost.com\/wp-content\/uploads\/2024\/08\/Dominique-Dupuy-.jpg\",\"contentUrl\":\"https:\/\/velipost.com\/wp-content\/uploads\/2024\/08\/Dominique-Dupuy-.jpg\",\"width\":1170,\"height\":603},{\"@type\":\"BreadcrumbList\",\"@id\":\"https:\/\/velipost.com\/?p=2007#breadcrumb\",\"itemListElement\":[{\"@type\":\"ListItem\",\"position\":1,\"name\":\"Accueil\",\"item\":\"https:\/\/velipost.com\/\"},{\"@type\":\"ListItem\",\"position\":2,\"name\":\"La Ministre des Affaires \u00c9trang\u00e8res Dominique Dupuy exige la d\u00e9claration de patrimoine des chefs de missions\"}]},{\"@type\":\"WebSite\",\"@id\":\"https:\/\/velipost.com\/#website\",\"url\":\"https:\/\/velipost.com\/\",\"name\":\"VeliPost\",\"description\":\"L\u2019info en un clic\",\"publisher\":{\"@id\":\"https:\/\/velipost.com\/#organization\"},\"potentialAction\":[{\"@type\":\"SearchAction\",\"target\":{\"@type\":\"EntryPoint\",\"urlTemplate\":\"https:\/\/velipost.com\/?s={search_term_string}\"},\"query-input\":{\"@type\":\"PropertyValueSpecification\",\"valueRequired\":true,\"valueName\":\"search_term_string\"}}],\"inLanguage\":\"fr-FR\"},{\"@type\":\"Organization\",\"@id\":\"https:\/\/velipost.com\/#organization\",\"name\":\"VeliPost\",\"url\":\"https:\/\/velipost.com\/\",\"logo\":{\"@type\":\"ImageObject\",\"inLanguage\":\"fr-FR\",\"@id\":\"https:\/\/velipost.com\/#\/schema\/logo\/image\/\",\"url\":\"https:\/\/velipost.com\/wp-content\/uploads\/2024\/08\/cropped-VP-logo-piti.png\",\"contentUrl\":\"https:\/\/velipost.com\/wp-content\/uploads\/2024\/08\/cropped-VP-logo-piti.png\",\"width\":201,\"height\":69,\"caption\":\"VeliPost\"},\"image\":{\"@id\":\"https:\/\/velipost.com\/#\/schema\/logo\/image\/\"},\"sameAs\":[\"https:\/\/www.facebook.com\/veliposthaiti\",\"https:\/\/x.com\/veliposthaiti\",\"https:\/\/www.instagram.com\/veliposthaiti\"]},{\"@type\":\"Person\",\"@id\":\"https:\/\/velipost.com\/#\/schema\/person\/32ff49a53c9c1bb24302ee8ece058096\",\"name\":\"VeliPost\",\"image\":{\"@type\":\"ImageObject\",\"inLanguage\":\"fr-FR\",\"@id\":\"https:\/\/velipost.com\/#\/schema\/person\/image\/\",\"url\":\"https:\/\/secure.gravatar.com\/avatar\/57c226c264de62f794185a89596d4a37b85a5ad20aca30d9d5a478b27d8c8d9d?s=96&d=mm&r=g\",\"contentUrl\":\"https:\/\/secure.gravatar.com\/avatar\/57c226c264de62f794185a89596d4a37b85a5ad20aca30d9d5a478b27d8c8d9d?s=96&d=mm&r=g\",\"caption\":\"VeliPost\"},\"sameAs\":[\"https:\/\/velipost.com\"],\"url\":\"https:\/\/velipost.com\/?author=1\"}]}<\/script>\n<!-- \/ Yoast SEO plugin. -->","yoast_head_json":{"title":"La Ministre des Affaires \u00c9trang\u00e8res Dominique Dupuy exige la d\u00e9claration de patrimoine des chefs de missions &#8211; VeliPost","robots":{"index":"index","follow":"follow","max-snippet":"max-snippet:-1","max-image-preview":"max-image-preview:large","max-video-preview":"max-video-preview:-1"},"canonical":"https:\/\/velipost.com\/?p=2007","og_locale":"fr_FR","og_type":"article","og_title":"La Ministre des Affaires \u00c9trang\u00e8res Dominique Dupuy exige la d\u00e9claration de patrimoine des chefs de missions &#8211; VeliPost","og_description":"Dans un contexte de lutte accrue contre la corruption, la Ministre des Affaires \u00c9trang\u00e8res d&rsquo;Ha\u00efti, Dominique Dupuy, a r\u00e9cemment instruit tous les chefs de","og_url":"https:\/\/velipost.com\/?p=2007","og_site_name":"VeliPost","article_publisher":"https:\/\/www.facebook.com\/veliposthaiti","article_published_time":"2024-08-31T14:11:43+00:00","article_modified_time":"2024-08-31T14:11:44+00:00","og_image":[{"width":1170,"height":603,"url":"https:\/\/velipost.com\/wp-content\/uploads\/2024\/08\/Dominique-Dupuy-.jpg","type":"image\/jpeg"}],"author":"VeliPost","twitter_card":"summary_large_image","twitter_creator":"@veliposthaiti","twitter_site":"@veliposthaiti","twitter_misc":{"\u00c9crit par":"VeliPost","Dur\u00e9e de lecture estim\u00e9e":"3 minutes"},"schema":{"@context":"https:\/\/schema.org","@graph":[{"@type":"Article","@id":"https:\/\/velipost.com\/?p=2007#article","isPartOf":{"@id":"https:\/\/velipost.com\/?p=2007"},"author":{"name":"VeliPost","@id":"https:\/\/velipost.com\/#\/schema\/person\/32ff49a53c9c1bb24302ee8ece058096"},"headline":"La Ministre des Affaires \u00c9trang\u00e8res Dominique Dupuy exige la d\u00e9claration de patrimoine des chefs de missions","datePublished":"2024-08-31T14:11:43+00:00","dateModified":"2024-08-31T14:11:44+00:00","mainEntityOfPage":{"@id":"https:\/\/velipost.com\/?p=2007"},"wordCount":512,"commentCount":0,"publisher":{"@id":"https:\/\/velipost.com\/#organization"},"image":{"@id":"https:\/\/velipost.com\/?p=2007#primaryimage"},"thumbnailUrl":"https:\/\/velipost.com\/wp-content\/uploads\/2024\/08\/Dominique-Dupuy-.jpg","articleSection":["Diplomatie"],"inLanguage":"fr-FR","potentialAction":[{"@type":"CommentAction","name":"Comment","target":["https:\/\/velipost.com\/?p=2007#respond"]}]},{"@type":"WebPage","@id":"https:\/\/velipost.com\/?p=2007","url":"https:\/\/velipost.com\/?p=2007","name":"La Ministre des Affaires \u00c9trang\u00e8res Dominique Dupuy exige la d\u00e9claration de patrimoine des chefs de missions &#8211; VeliPost","isPartOf":{"@id":"https:\/\/velipost.com\/#website"},"primaryImageOfPage":{"@id":"https:\/\/velipost.com\/?p=2007#primaryimage"},"image":{"@id":"https:\/\/velipost.com\/?p=2007#primaryimage"},"thumbnailUrl":"https:\/\/velipost.com\/wp-content\/uploads\/2024\/08\/Dominique-Dupuy-.jpg","datePublished":"2024-08-31T14:11:43+00:00","dateModified":"2024-08-31T14:11:44+00:00","breadcrumb":{"@id":"https:\/\/velipost.com\/?p=2007#breadcrumb"},"inLanguage":"fr-FR","potentialAction":[{"@type":"ReadAction","target":["https:\/\/velipost.com\/?p=2007"]}]},{"@type":"ImageObject","inLanguage":"fr-FR","@id":"https:\/\/velipost.com\/?p=2007#primaryimage","url":"https:\/\/velipost.com\/wp-content\/uploads\/2024\/08\/Dominique-Dupuy-.jpg","contentUrl":"https:\/\/velipost.com\/wp-content\/uploads\/2024\/08\/Dominique-Dupuy-.jpg","width":1170,"height":603},{"@type":"BreadcrumbList","@id":"https:\/\/velipost.com\/?p=2007#breadcrumb","itemListElement":[{"@type":"ListItem","position":1,"name":"Accueil","item":"https:\/\/velipost.com\/"},{"@type":"ListItem","position":2,"name":"La Ministre des Affaires \u00c9trang\u00e8res Dominique Dupuy exige la d\u00e9claration de patrimoine des chefs de missions"}]},{"@type":"WebSite","@id":"https:\/\/velipost.com\/#website","url":"https:\/\/velipost.com\/","name":"VeliPost","description":"L\u2019info en un clic","publisher":{"@id":"https:\/\/velipost.com\/#organization"},"potentialAction":[{"@type":"SearchAction","target":{"@type":"EntryPoint","urlTemplate":"https:\/\/velipost.com\/?s={search_term_string}"},"query-input":{"@type":"PropertyValueSpecification","valueRequired":true,"valueName":"search_term_string"}}],"inLanguage":"fr-FR"},{"@type":"Organization","@id":"https:\/\/velipost.com\/#organization","name":"VeliPost","url":"https:\/\/velipost.com\/","logo":{"@type":"ImageObject","inLanguage":"fr-FR","@id":"https:\/\/velipost.com\/#\/schema\/logo\/image\/","url":"https:\/\/velipost.com\/wp-content\/uploads\/2024\/08\/cropped-VP-logo-piti.png","contentUrl":"https:\/\/velipost.com\/wp-content\/uploads\/2024\/08\/cropped-VP-logo-piti.png","width":201,"height":69,"caption":"VeliPost"},"image":{"@id":"https:\/\/velipost.com\/#\/schema\/logo\/image\/"},"sameAs":["https:\/\/www.facebook.com\/veliposthaiti","https:\/\/x.com\/veliposthaiti","https:\/\/www.instagram.com\/veliposthaiti"]},{"@type":"Person","@id":"https:\/\/velipost.com\/#\/schema\/person\/32ff49a53c9c1bb24302ee8ece058096","name":"VeliPost","image":{"@type":"ImageObject","inLanguage":"fr-FR","@id":"https:\/\/velipost.com\/#\/schema\/person\/image\/","url":"https:\/\/secure.gravatar.com\/avatar\/57c226c264de62f794185a89596d4a37b85a5ad20aca30d9d5a478b27d8c8d9d?s=96&d=mm&r=g","contentUrl":"https:\/\/secure.gravatar.com\/avatar\/57c226c264de62f794185a89596d4a37b85a5ad20aca30d9d5a478b27d8c8d9d?s=96&d=mm&r=g","caption":"VeliPost"},"sameAs":["https:\/\/velipost.com"],"url":"https:\/\/velipost.com\/?author=1"}]}},"views":3,"jetpack_publicize_connections":[],"uagb_featured_image_src":{"full":["https:\/\/velipost.com\/wp-content\/uploads\/2024\/08\/Dominique-Dupuy-.jpg",1170,603,false],"thumbnail":["https:\/\/velipost.com\/wp-content\/uploads\/2024\/08\/Dominique-Dupuy--150x150.jpg",150,150,true],"medium":["https:\/\/velipost.com\/wp-content\/uploads\/2024\/08\/Dominique-Dupuy--300x155.jpg",300,155,true],"medium_large":["https:\/\/velipost.com\/wp-content\/uploads\/2024\/08\/Dominique-Dupuy--768x396.jpg",715,369,true],"large":["https:\/\/velipost.com\/wp-content\/uploads\/2024\/08\/Dominique-Dupuy--1024x528.jpg",715,369,true],"1536x1536":["https:\/\/velipost.com\/wp-content\/uploads\/2024\/08\/Dominique-Dupuy-.jpg",1170,603,false],"2048x2048":["https:\/\/velipost.com\/wp-content\/uploads\/2024\/08\/Dominique-Dupuy-.jpg",1170,603,false],"colornews-big-slider":["https:\/\/velipost.com\/wp-content\/uploads\/2024\/08\/Dominique-Dupuy--1070x470.jpg",1070,470,true],"colornews-big-slider-thumb":["https:\/\/velipost.com\/wp-content\/uploads\/2024\/08\/Dominique-Dupuy--184x109.jpg",184,109,true],"colornews-featured-post-medium":["https:\/\/velipost.com\/wp-content\/uploads\/2024\/08\/Dominique-Dupuy--345x265.jpg",345,265,true],"colornews-featured-post-small":["https:\/\/velipost.com\/wp-content\/uploads\/2024\/08\/Dominique-Dupuy--115x73.jpg",115,73,true],"colornews-random-posts":["https:\/\/velipost.com\/wp-content\/uploads\/2024\/08\/Dominique-Dupuy--215x215.jpg",215,215,true],"colornews-featured-image":["https:\/\/velipost.com\/wp-content\/uploads\/2024\/08\/Dominique-Dupuy--715x400.jpg",715,400,true],"mailpoet_newsletter_max":["https:\/\/velipost.com\/wp-content\/uploads\/2024\/08\/Dominique-Dupuy-.jpg",1170,603,false]},"uagb_author_info":{"display_name":"VeliPost","author_link":"https:\/\/velipost.com\/?author=1"},"uagb_comment_info":0,"uagb_excerpt":"Dans un contexte de lutte accrue contre la corruption, la Ministre des Affaires \u00c9trang\u00e8res d&rsquo;Ha\u00efti, Dominique Dupuy, a r\u00e9cemment instruit tous les chefs de","_links":{"self":[{"href":"https:\/\/velipost.com\/index.php?rest_route=\/wp\/v2\/posts\/2007","targetHints":{"allow":["GET"]}}],"collection":[{"href":"https:\/\/velipost.com\/index.php?rest_route=\/wp\/v2\/posts"}],"about":[{"href":"https:\/\/velipost.com\/index.php?rest_route=\/wp\/v2\/types\/post"}],"author":[{"embeddable":true,"href":"https:\/\/velipost.com\/index.php?rest_route=\/wp\/v2\/users\/1"}],"replies":[{"embeddable":true,"href":"https:\/\/velipost.com\/index.php?rest_route=%2Fwp%2Fv2%2Fcomments&post=2007"}],"version-history":[{"count":1,"href":"https:\/\/velipost.com\/index.php?rest_route=\/wp\/v2\/posts\/2007\/revisions"}],"predecessor-version":[{"id":2008,"href":"https:\/\/velipost.com\/index.php?rest_route=\/wp\/v2\/posts\/2007\/revisions\/2008"}],"wp:featuredmedia":[{"embeddable":true,"href":"https:\/\/velipost.com\/index.php?rest_route=\/wp\/v2\/media\/1693"}],"wp:attachment":[{"href":"https:\/\/velipost.com\/index.php?rest_route=%2Fwp%2Fv2%2Fmedia&parent=2007"}],"wp:term":[{"taxonomy":"category","embeddable":true,"href":"https:\/\/velipost.com\/index.php?rest_route=%2Fwp%2Fv2%2Fcategories&post=2007"},{"taxonomy":"post_tag","embeddable":true,"href":"https:\/\/velipost.com\/index.php?rest_route=%2Fwp%2Fv2%2Ftags&post=2007"}],"curies":[{"name":"wp","href":"https:\/\/api.w.org\/{rel}","templated":true}]}}