{"id":1978,"date":"2024-08-30T23:06:48","date_gmt":"2024-08-30T21:06:48","guid":{"rendered":"https:\/\/velipost.com\/?p=1978"},"modified":"2024-08-30T23:06:48","modified_gmt":"2024-08-30T21:06:48","slug":"un-conflit-de-leadership-emerge-au-real-madrid","status":"publish","type":"post","link":"https:\/\/velipost.com\/?p=1978","title":{"rendered":"Un Conflit de Leadership \u00c9merge au Real Madrid"},"content":{"rendered":"\n<p>Le Real Madrid est en \u00e9bullition non seulement \u00e0 cause de ses r\u00e9cents r\u00e9sultats d\u00e9cevants, mais aussi en raison d&rsquo;une pol\u00e9mique croissante autour de deux de ses stars, Kylian Mbapp\u00e9 et Vinicius Jr. Lors du match contre Las Palmas, qui s&rsquo;est sold\u00e9 par un match nul 1-1, un incident impliquant un penalty a suscit\u00e9 des interrogations sur le leadership au sein de l&rsquo;\u00e9quipe.<\/p>\n\n\n\n<p>\u00c0 la 67e minute, apr\u00e8s qu&rsquo;Arda G\u00fcler ait obtenu un penalty pour les Merengues, c&rsquo;est Vin\u00edcius Jr qui s&rsquo;est charg\u00e9 de le tirer, et non Mbapp\u00e9, bien que ce dernier soit consid\u00e9r\u00e9 comme un sp\u00e9cialiste des penalties. Ce choix a imm\u00e9diatement attir\u00e9 l&rsquo;attention et soulev\u00e9 des questions. Pourquoi Mbapp\u00e9, pourtant habitu\u00e9 \u00e0 assumer ce type de responsabilit\u00e9, est-il rest\u00e9 en retrait?<\/p>\n\n\n\n<p><strong>Des Signes de Tensions?<\/strong><\/p>\n\n\n\n<p>Les observateurs et les m\u00e9dias espagnols n&rsquo;ont pas tard\u00e9 \u00e0 analyser la situation. Selon certaines sources, Vin\u00edcius Jr pourrait chercher \u00e0 s&rsquo;affirmer comme un leader au sein de l&rsquo;\u00e9quipe, surtout face \u00e0 l&rsquo;arriv\u00e9e de Mbapp\u00e9, une figure m\u00e9diatique majeure. Le journaliste de Cadena COPE a interpr\u00e9t\u00e9 la prise de balle de Vin\u00edcius comme un geste clair pour \u00e9tablir son autorit\u00e9 : \u00ab\u00a0C&rsquo;est un signe pour dire : &lsquo;ici, c&rsquo;est moi qui commande'\u00a0\u00bb.<\/p>\n\n\n\n<p>De plus, des voix comme celle de l&rsquo;ancien joueur du Real Madrid, Guti, se sont \u00e9lev\u00e9es pour souligner que Mbapp\u00e9 aurait d\u00fb montrer plus d&rsquo;assertivit\u00e9. Selon lui, une star comme Cristiano Ronaldo n&rsquo;aurait jamais laiss\u00e9 passer une telle occasion, m\u00eame si elle venait d&rsquo;arriver au club. Ce commentaire met en lumi\u00e8re une attente claire de la part des fans et des anciens joueurs envers Mbapp\u00e9 : qu&rsquo;il prenne rapidement une place de leader au Real Madrid.<\/p>\n\n\n\n<p><strong>Un D\u00e9fi pour Ancelotti<\/strong><\/p>\n\n\n\n<p>Pour Carlo Ancelotti, l&rsquo;entra\u00eeneur des Merengues, g\u00e9rer ces dynamiques internes sera crucial. S&rsquo;il a d\u00e9j\u00e0 mentionn\u00e9 qu&rsquo;il existe plusieurs tireurs de penalties d\u00e9sign\u00e9s au sein de l&rsquo;\u00e9quipe, il devra peut-\u00eatre clarifier les r\u00f4les pour \u00e9viter que de telles situations ne deviennent sources de tensions. La concurrence entre Mbapp\u00e9 et Vin\u00edcius pourrait \u00eatre b\u00e9n\u00e9fique si elle est bien g\u00e9r\u00e9e, mais elle pourrait \u00e9galement se transformer en un conflit qui affaiblirait l&rsquo;unit\u00e9 de l&rsquo;\u00e9quipe.<\/p>\n\n\n\n<p><strong>L&rsquo;Importance de la D\u00e9tente et de l&rsquo;Harmonie<\/strong><\/p>\n\n\n\n<p>Alors que le Real Madrid continue sa saison, il est vital pour le club que ces questions de leadership soient r\u00e9solues rapidement. Les deux joueurs poss\u00e8dent un immense talent et, ensemble, ils peuvent mener le Real Madrid vers de nouveaux sommets. Cependant, cela n\u00e9cessitera une communication claire, une reconnaissance mutuelle des comp\u00e9tences et des r\u00f4les, et surtout, un engagement \u00e0 travailler ensemble pour le bien de l&rsquo;\u00e9quipe.<\/p>\n\n\n\n<p><em>Le Real Madrid est un club qui a toujours eu des stars de grande envergure. G\u00e9rer les egos et les aspirations personnelles est une t\u00e2che complexe, mais essentielle pour maintenir la coh\u00e9sion de l&rsquo;\u00e9quipe. L&rsquo;avenir nous dira si ce potentiel conflit de leadership sera transform\u00e9 en une force unificatrice ou s&rsquo;il risque de diviser l&rsquo;\u00e9quipe madril\u00e8ne.<\/em><\/p>\n\n    <div class=\"xs_social_share_widget xs_share_url after_content \t\tmain_content  wslu-style-3 wslu-share-box-shaped wslu-fill-brand-hover-colored wslu-share-m-5 wslu-none wslu-share-horizontal wslu-theme-font-no wslu-main_content\">\n\n\t\t\n        <ul>\n\t\t\t                    <li class=\"xs-share-li twitter                        wslu-no-extra-data\">\n                        <a href=\"javascript:void(0);\"\n                           id=\"xs_feed_twitter\"\n                           onclick=\"xs_social_sharer(this);\"\n                           data-pid=\"1978\"\n                           data-uri_hash=\"98008bf54d2e03887126940014ffc58f\"\n                           data-key=\"twitter\"\n                           data-xs-href=\"https:\/\/twitter.com\/intent\/tweet?text=Un+Conflit+de+Leadership+%C3%89merge+au+Real+Madrid+https%3A%2F%2Fvelipost.com%2Findex.php%3Frest_route%3D%252Fwp%252Fv2%252Fposts%252F1978&amp;original_referer=https%3A%2F%2Fvelipost.com%2Findex.php%3Frest_route%3D%252Fwp%252Fv2%252Fposts%252F1978&amp;related=xpeedstudio\">\n\n                            <div class=\"xs-social-icon\">\n                                <span class=\"met-social met-social-twitter\"><\/span>\n                            <\/div>\n\n\t\t\t\t\t\t\t\n                            <div class=\"wslu-hover-content\">\n                                <div class=\"xs-social-followers\">\n\t\t\t\t\t\t\t\t\t10                                <\/div>\n                                <div class=\"xs-social-follower-text\">\n\t\t\t\t\t\t\t\t\tShare                                <\/div>\n                                <div class=\"xs-social-follower-label\">\n\t\t\t\t\t\t\t\t\tTwitter                                <\/div>\n                            <\/div>\n                        <\/a>\n                    <\/li>\n\t\t\t\t\t                    <li class=\"xs-share-li telegram                        wslu-no-extra-data\">\n                        <a href=\"javascript:void(0);\"\n                           id=\"xs_feed_telegram\"\n                           onclick=\"xs_social_sharer(this);\"\n                           data-pid=\"1978\"\n                           data-uri_hash=\"98008bf54d2e03887126940014ffc58f\"\n                           data-key=\"telegram\"\n                           data-xs-href=\"https:\/\/telegram.me\/share\/url?url=https%3A%2F%2Fvelipost.com%2Findex.php%3Frest_route%3D%252Fwp%252Fv2%252Fposts%252F1978&amp;text=Un+Conflit+de+Leadership+%C3%89merge+au+Real+Madrid\">\n\n                            <div class=\"xs-social-icon\">\n                                <span class=\"met-social met-social-telegram\"><\/span>\n                            <\/div>\n\n\t\t\t\t\t\t\t\n                            <div class=\"wslu-hover-content\">\n                                <div class=\"xs-social-followers\">\n\t\t\t\t\t\t\t\t\t0                                <\/div>\n                                <div class=\"xs-social-follower-text\">\n\t\t\t\t\t\t\t\t\tShare                                <\/div>\n                                <div class=\"xs-social-follower-label\">\n\t\t\t\t\t\t\t\t\tTelegram                                <\/div>\n                            <\/div>\n                        <\/a>\n                    <\/li>\n\t\t\t\t\t                    <li class=\"xs-share-li email                        wslu-no-extra-data\">\n                        <a href=\"javascript:void(0);\"\n                           id=\"xs_feed_email\"\n                           onclick=\"xs_social_sharer(this);\"\n                           data-pid=\"1978\"\n                           data-uri_hash=\"98008bf54d2e03887126940014ffc58f\"\n                           data-key=\"email\"\n                           data-xs-href=\"mailto:?body=Title%3A+Un+Conflit+de+Leadership+%C3%89merge+au+Real+Madrid+%5Cn%5Cn+URL%3A+https%3A%2F%2Fvelipost.com%2Findex.php%3Frest_route%3D%252Fwp%252Fv2%252Fposts%252F1978&amp;subject=Un+Conflit+de+Leadership+%C3%89merge+au+Real+Madrid\">\n\n                            <div class=\"xs-social-icon\">\n                                <span class=\"met-social met-social-email\"><\/span>\n                            <\/div>\n\n\t\t\t\t\t\t\t\n                            <div class=\"wslu-hover-content\">\n                                <div class=\"xs-social-followers\">\n\t\t\t\t\t\t\t\t\t0                                <\/div>\n                                <div class=\"xs-social-follower-text\">\n\t\t\t\t\t\t\t\t\tShare                                <\/div>\n                                <div class=\"xs-social-follower-label\">\n\t\t\t\t\t\t\t\t\tEmail                                <\/div>\n                            <\/div>\n                        <\/a>\n                    <\/li>\n\t\t\t\t\t        <\/ul>\n    <\/div> \n","protected":false},"excerpt":{"rendered":"<p>Le Real Madrid est en \u00e9bullition non seulement \u00e0 cause de ses r\u00e9cents r\u00e9sultats d\u00e9cevants, mais aussi en raison d&rsquo;une pol\u00e9mique croissante autour de<\/p>\n","protected":false},"author":1,"featured_media":1979,"comment_status":"open","ping_status":"open","sticky":false,"template":"","format":"standard","meta":{"_uag_custom_page_level_css":"","footnotes":"","jetpack_publicize_message":"","jetpack_publicize_feature_enabled":true,"jetpack_social_post_already_shared":false,"jetpack_social_options":{"image_generator_settings":{"template":"highway","default_image_id":0,"font":"","enabled":false},"version":2}},"categories":[6],"tags":[],"class_list":["post-1978","post","type-post","status-publish","format-standard","has-post-thumbnail","hentry","category-sport"],"yoast_head":"<!-- This site is optimized with the Yoast SEO plugin v25.3.1 - https:\/\/yoast.com\/wordpress\/plugins\/seo\/ -->\n<title>Un Conflit de Leadership \u00c9merge au Real Madrid &#8211; VeliPost<\/title>\n<meta name=\"robots\" content=\"index, follow, max-snippet:-1, max-image-preview:large, max-video-preview:-1\" \/>\n<link rel=\"canonical\" href=\"https:\/\/velipost.com\/?p=1978\" \/>\n<meta property=\"og:locale\" content=\"fr_FR\" \/>\n<meta property=\"og:type\" content=\"article\" \/>\n<meta property=\"og:title\" content=\"Un Conflit de Leadership \u00c9merge au Real Madrid &#8211; VeliPost\" \/>\n<meta property=\"og:description\" content=\"Le Real Madrid est en \u00e9bullition non seulement \u00e0 cause de ses r\u00e9cents r\u00e9sultats d\u00e9cevants, mais aussi en raison d&rsquo;une pol\u00e9mique croissante autour de\" \/>\n<meta property=\"og:url\" content=\"https:\/\/velipost.com\/?p=1978\" \/>\n<meta property=\"og:site_name\" content=\"VeliPost\" \/>\n<meta property=\"article:publisher\" content=\"https:\/\/www.facebook.com\/veliposthaiti\" \/>\n<meta property=\"article:published_time\" content=\"2024-08-30T21:06:48+00:00\" \/>\n<meta property=\"og:image\" content=\"https:\/\/velipost.com\/wp-content\/uploads\/2024\/08\/Vinivius-Et-Mbappe.jpg\" \/>\n\t<meta property=\"og:image:width\" content=\"1170\" \/>\n\t<meta property=\"og:image:height\" content=\"603\" \/>\n\t<meta property=\"og:image:type\" content=\"image\/jpeg\" \/>\n<meta name=\"author\" content=\"VeliPost\" \/>\n<meta name=\"twitter:card\" content=\"summary_large_image\" \/>\n<meta name=\"twitter:creator\" content=\"@veliposthaiti\" \/>\n<meta name=\"twitter:site\" content=\"@veliposthaiti\" \/>\n<meta name=\"twitter:label1\" content=\"\u00c9crit par\" \/>\n\t<meta name=\"twitter:data1\" content=\"VeliPost\" \/>\n\t<meta name=\"twitter:label2\" content=\"Dur\u00e9e de lecture estim\u00e9e\" \/>\n\t<meta name=\"twitter:data2\" content=\"3 minutes\" \/>\n<script type=\"application\/ld+json\" class=\"yoast-schema-graph\">{\"@context\":\"https:\/\/schema.org\",\"@graph\":[{\"@type\":\"Article\",\"@id\":\"https:\/\/velipost.com\/?p=1978#article\",\"isPartOf\":{\"@id\":\"https:\/\/velipost.com\/?p=1978\"},\"author\":{\"name\":\"VeliPost\",\"@id\":\"https:\/\/velipost.com\/#\/schema\/person\/32ff49a53c9c1bb24302ee8ece058096\"},\"headline\":\"Un Conflit de Leadership \u00c9merge au Real Madrid\",\"datePublished\":\"2024-08-30T21:06:48+00:00\",\"mainEntityOfPage\":{\"@id\":\"https:\/\/velipost.com\/?p=1978\"},\"wordCount\":553,\"commentCount\":0,\"publisher\":{\"@id\":\"https:\/\/velipost.com\/#organization\"},\"image\":{\"@id\":\"https:\/\/velipost.com\/?p=1978#primaryimage\"},\"thumbnailUrl\":\"https:\/\/velipost.com\/wp-content\/uploads\/2024\/08\/Vinivius-Et-Mbappe.jpg\",\"articleSection\":[\"Sport\"],\"inLanguage\":\"fr-FR\",\"potentialAction\":[{\"@type\":\"CommentAction\",\"name\":\"Comment\",\"target\":[\"https:\/\/velipost.com\/?p=1978#respond\"]}]},{\"@type\":\"WebPage\",\"@id\":\"https:\/\/velipost.com\/?p=1978\",\"url\":\"https:\/\/velipost.com\/?p=1978\",\"name\":\"Un Conflit de Leadership \u00c9merge au Real Madrid &#8211; VeliPost\",\"isPartOf\":{\"@id\":\"https:\/\/velipost.com\/#website\"},\"primaryImageOfPage\":{\"@id\":\"https:\/\/velipost.com\/?p=1978#primaryimage\"},\"image\":{\"@id\":\"https:\/\/velipost.com\/?p=1978#primaryimage\"},\"thumbnailUrl\":\"https:\/\/velipost.com\/wp-content\/uploads\/2024\/08\/Vinivius-Et-Mbappe.jpg\",\"datePublished\":\"2024-08-30T21:06:48+00:00\",\"breadcrumb\":{\"@id\":\"https:\/\/velipost.com\/?p=1978#breadcrumb\"},\"inLanguage\":\"fr-FR\",\"potentialAction\":[{\"@type\":\"ReadAction\",\"target\":[\"https:\/\/velipost.com\/?p=1978\"]}]},{\"@type\":\"ImageObject\",\"inLanguage\":\"fr-FR\",\"@id\":\"https:\/\/velipost.com\/?p=1978#primaryimage\",\"url\":\"https:\/\/velipost.com\/wp-content\/uploads\/2024\/08\/Vinivius-Et-Mbappe.jpg\",\"contentUrl\":\"https:\/\/velipost.com\/wp-content\/uploads\/2024\/08\/Vinivius-Et-Mbappe.jpg\",\"width\":1170,\"height\":603},{\"@type\":\"BreadcrumbList\",\"@id\":\"https:\/\/velipost.com\/?p=1978#breadcrumb\",\"itemListElement\":[{\"@type\":\"ListItem\",\"position\":1,\"name\":\"Accueil\",\"item\":\"https:\/\/velipost.com\/\"},{\"@type\":\"ListItem\",\"position\":2,\"name\":\"Un Conflit de Leadership \u00c9merge au Real Madrid\"}]},{\"@type\":\"WebSite\",\"@id\":\"https:\/\/velipost.com\/#website\",\"url\":\"https:\/\/velipost.com\/\",\"name\":\"VeliPost\",\"description\":\"L\u2019info en un clic\",\"publisher\":{\"@id\":\"https:\/\/velipost.com\/#organization\"},\"potentialAction\":[{\"@type\":\"SearchAction\",\"target\":{\"@type\":\"EntryPoint\",\"urlTemplate\":\"https:\/\/velipost.com\/?s={search_term_string}\"},\"query-input\":{\"@type\":\"PropertyValueSpecification\",\"valueRequired\":true,\"valueName\":\"search_term_string\"}}],\"inLanguage\":\"fr-FR\"},{\"@type\":\"Organization\",\"@id\":\"https:\/\/velipost.com\/#organization\",\"name\":\"VeliPost\",\"url\":\"https:\/\/velipost.com\/\",\"logo\":{\"@type\":\"ImageObject\",\"inLanguage\":\"fr-FR\",\"@id\":\"https:\/\/velipost.com\/#\/schema\/logo\/image\/\",\"url\":\"https:\/\/velipost.com\/wp-content\/uploads\/2024\/08\/cropped-VP-logo-piti.png\",\"contentUrl\":\"https:\/\/velipost.com\/wp-content\/uploads\/2024\/08\/cropped-VP-logo-piti.png\",\"width\":201,\"height\":69,\"caption\":\"VeliPost\"},\"image\":{\"@id\":\"https:\/\/velipost.com\/#\/schema\/logo\/image\/\"},\"sameAs\":[\"https:\/\/www.facebook.com\/veliposthaiti\",\"https:\/\/x.com\/veliposthaiti\",\"https:\/\/www.instagram.com\/veliposthaiti\"]},{\"@type\":\"Person\",\"@id\":\"https:\/\/velipost.com\/#\/schema\/person\/32ff49a53c9c1bb24302ee8ece058096\",\"name\":\"VeliPost\",\"image\":{\"@type\":\"ImageObject\",\"inLanguage\":\"fr-FR\",\"@id\":\"https:\/\/velipost.com\/#\/schema\/person\/image\/\",\"url\":\"https:\/\/secure.gravatar.com\/avatar\/57c226c264de62f794185a89596d4a37b85a5ad20aca30d9d5a478b27d8c8d9d?s=96&d=mm&r=g\",\"contentUrl\":\"https:\/\/secure.gravatar.com\/avatar\/57c226c264de62f794185a89596d4a37b85a5ad20aca30d9d5a478b27d8c8d9d?s=96&d=mm&r=g\",\"caption\":\"VeliPost\"},\"sameAs\":[\"https:\/\/velipost.com\"],\"url\":\"https:\/\/velipost.com\/?author=1\"}]}<\/script>\n<!-- \/ Yoast SEO plugin. -->","yoast_head_json":{"title":"Un Conflit de Leadership \u00c9merge au Real Madrid &#8211; VeliPost","robots":{"index":"index","follow":"follow","max-snippet":"max-snippet:-1","max-image-preview":"max-image-preview:large","max-video-preview":"max-video-preview:-1"},"canonical":"https:\/\/velipost.com\/?p=1978","og_locale":"fr_FR","og_type":"article","og_title":"Un Conflit de Leadership \u00c9merge au Real Madrid &#8211; VeliPost","og_description":"Le Real Madrid est en \u00e9bullition non seulement \u00e0 cause de ses r\u00e9cents r\u00e9sultats d\u00e9cevants, mais aussi en raison d&rsquo;une pol\u00e9mique croissante autour de","og_url":"https:\/\/velipost.com\/?p=1978","og_site_name":"VeliPost","article_publisher":"https:\/\/www.facebook.com\/veliposthaiti","article_published_time":"2024-08-30T21:06:48+00:00","og_image":[{"width":1170,"height":603,"url":"https:\/\/velipost.com\/wp-content\/uploads\/2024\/08\/Vinivius-Et-Mbappe.jpg","type":"image\/jpeg"}],"author":"VeliPost","twitter_card":"summary_large_image","twitter_creator":"@veliposthaiti","twitter_site":"@veliposthaiti","twitter_misc":{"\u00c9crit par":"VeliPost","Dur\u00e9e de lecture estim\u00e9e":"3 minutes"},"schema":{"@context":"https:\/\/schema.org","@graph":[{"@type":"Article","@id":"https:\/\/velipost.com\/?p=1978#article","isPartOf":{"@id":"https:\/\/velipost.com\/?p=1978"},"author":{"name":"VeliPost","@id":"https:\/\/velipost.com\/#\/schema\/person\/32ff49a53c9c1bb24302ee8ece058096"},"headline":"Un Conflit de Leadership \u00c9merge au Real Madrid","datePublished":"2024-08-30T21:06:48+00:00","mainEntityOfPage":{"@id":"https:\/\/velipost.com\/?p=1978"},"wordCount":553,"commentCount":0,"publisher":{"@id":"https:\/\/velipost.com\/#organization"},"image":{"@id":"https:\/\/velipost.com\/?p=1978#primaryimage"},"thumbnailUrl":"https:\/\/velipost.com\/wp-content\/uploads\/2024\/08\/Vinivius-Et-Mbappe.jpg","articleSection":["Sport"],"inLanguage":"fr-FR","potentialAction":[{"@type":"CommentAction","name":"Comment","target":["https:\/\/velipost.com\/?p=1978#respond"]}]},{"@type":"WebPage","@id":"https:\/\/velipost.com\/?p=1978","url":"https:\/\/velipost.com\/?p=1978","name":"Un Conflit de Leadership \u00c9merge au Real Madrid &#8211; VeliPost","isPartOf":{"@id":"https:\/\/velipost.com\/#website"},"primaryImageOfPage":{"@id":"https:\/\/velipost.com\/?p=1978#primaryimage"},"image":{"@id":"https:\/\/velipost.com\/?p=1978#primaryimage"},"thumbnailUrl":"https:\/\/velipost.com\/wp-content\/uploads\/2024\/08\/Vinivius-Et-Mbappe.jpg","datePublished":"2024-08-30T21:06:48+00:00","breadcrumb":{"@id":"https:\/\/velipost.com\/?p=1978#breadcrumb"},"inLanguage":"fr-FR","potentialAction":[{"@type":"ReadAction","target":["https:\/\/velipost.com\/?p=1978"]}]},{"@type":"ImageObject","inLanguage":"fr-FR","@id":"https:\/\/velipost.com\/?p=1978#primaryimage","url":"https:\/\/velipost.com\/wp-content\/uploads\/2024\/08\/Vinivius-Et-Mbappe.jpg","contentUrl":"https:\/\/velipost.com\/wp-content\/uploads\/2024\/08\/Vinivius-Et-Mbappe.jpg","width":1170,"height":603},{"@type":"BreadcrumbList","@id":"https:\/\/velipost.com\/?p=1978#breadcrumb","itemListElement":[{"@type":"ListItem","position":1,"name":"Accueil","item":"https:\/\/velipost.com\/"},{"@type":"ListItem","position":2,"name":"Un Conflit de Leadership \u00c9merge au Real Madrid"}]},{"@type":"WebSite","@id":"https:\/\/velipost.com\/#website","url":"https:\/\/velipost.com\/","name":"VeliPost","description":"L\u2019info en un clic","publisher":{"@id":"https:\/\/velipost.com\/#organization"},"potentialAction":[{"@type":"SearchAction","target":{"@type":"EntryPoint","urlTemplate":"https:\/\/velipost.com\/?s={search_term_string}"},"query-input":{"@type":"PropertyValueSpecification","valueRequired":true,"valueName":"search_term_string"}}],"inLanguage":"fr-FR"},{"@type":"Organization","@id":"https:\/\/velipost.com\/#organization","name":"VeliPost","url":"https:\/\/velipost.com\/","logo":{"@type":"ImageObject","inLanguage":"fr-FR","@id":"https:\/\/velipost.com\/#\/schema\/logo\/image\/","url":"https:\/\/velipost.com\/wp-content\/uploads\/2024\/08\/cropped-VP-logo-piti.png","contentUrl":"https:\/\/velipost.com\/wp-content\/uploads\/2024\/08\/cropped-VP-logo-piti.png","width":201,"height":69,"caption":"VeliPost"},"image":{"@id":"https:\/\/velipost.com\/#\/schema\/logo\/image\/"},"sameAs":["https:\/\/www.facebook.com\/veliposthaiti","https:\/\/x.com\/veliposthaiti","https:\/\/www.instagram.com\/veliposthaiti"]},{"@type":"Person","@id":"https:\/\/velipost.com\/#\/schema\/person\/32ff49a53c9c1bb24302ee8ece058096","name":"VeliPost","image":{"@type":"ImageObject","inLanguage":"fr-FR","@id":"https:\/\/velipost.com\/#\/schema\/person\/image\/","url":"https:\/\/secure.gravatar.com\/avatar\/57c226c264de62f794185a89596d4a37b85a5ad20aca30d9d5a478b27d8c8d9d?s=96&d=mm&r=g","contentUrl":"https:\/\/secure.gravatar.com\/avatar\/57c226c264de62f794185a89596d4a37b85a5ad20aca30d9d5a478b27d8c8d9d?s=96&d=mm&r=g","caption":"VeliPost"},"sameAs":["https:\/\/velipost.com"],"url":"https:\/\/velipost.com\/?author=1"}]}},"views":3,"jetpack_publicize_connections":[],"uagb_featured_image_src":{"full":["https:\/\/velipost.com\/wp-content\/uploads\/2024\/08\/Vinivius-Et-Mbappe.jpg",1170,603,false],"thumbnail":["https:\/\/velipost.com\/wp-content\/uploads\/2024\/08\/Vinivius-Et-Mbappe-150x150.jpg",150,150,true],"medium":["https:\/\/velipost.com\/wp-content\/uploads\/2024\/08\/Vinivius-Et-Mbappe-300x155.jpg",300,155,true],"medium_large":["https:\/\/velipost.com\/wp-content\/uploads\/2024\/08\/Vinivius-Et-Mbappe-768x396.jpg",715,369,true],"large":["https:\/\/velipost.com\/wp-content\/uploads\/2024\/08\/Vinivius-Et-Mbappe-1024x528.jpg",715,369,true],"1536x1536":["https:\/\/velipost.com\/wp-content\/uploads\/2024\/08\/Vinivius-Et-Mbappe.jpg",1170,603,false],"2048x2048":["https:\/\/velipost.com\/wp-content\/uploads\/2024\/08\/Vinivius-Et-Mbappe.jpg",1170,603,false],"colornews-big-slider":["https:\/\/velipost.com\/wp-content\/uploads\/2024\/08\/Vinivius-Et-Mbappe-1070x470.jpg",1070,470,true],"colornews-big-slider-thumb":["https:\/\/velipost.com\/wp-content\/uploads\/2024\/08\/Vinivius-Et-Mbappe-184x109.jpg",184,109,true],"colornews-featured-post-medium":["https:\/\/velipost.com\/wp-content\/uploads\/2024\/08\/Vinivius-Et-Mbappe-345x265.jpg",345,265,true],"colornews-featured-post-small":["https:\/\/velipost.com\/wp-content\/uploads\/2024\/08\/Vinivius-Et-Mbappe-115x73.jpg",115,73,true],"colornews-random-posts":["https:\/\/velipost.com\/wp-content\/uploads\/2024\/08\/Vinivius-Et-Mbappe-215x215.jpg",215,215,true],"colornews-featured-image":["https:\/\/velipost.com\/wp-content\/uploads\/2024\/08\/Vinivius-Et-Mbappe-715x400.jpg",715,400,true],"mailpoet_newsletter_max":["https:\/\/velipost.com\/wp-content\/uploads\/2024\/08\/Vinivius-Et-Mbappe.jpg",1170,603,false]},"uagb_author_info":{"display_name":"VeliPost","author_link":"https:\/\/velipost.com\/?author=1"},"uagb_comment_info":0,"uagb_excerpt":"Le Real Madrid est en \u00e9bullition non seulement \u00e0 cause de ses r\u00e9cents r\u00e9sultats d\u00e9cevants, mais aussi en raison d&rsquo;une pol\u00e9mique croissante autour de","_links":{"self":[{"href":"https:\/\/velipost.com\/index.php?rest_route=\/wp\/v2\/posts\/1978","targetHints":{"allow":["GET"]}}],"collection":[{"href":"https:\/\/velipost.com\/index.php?rest_route=\/wp\/v2\/posts"}],"about":[{"href":"https:\/\/velipost.com\/index.php?rest_route=\/wp\/v2\/types\/post"}],"author":[{"embeddable":true,"href":"https:\/\/velipost.com\/index.php?rest_route=\/wp\/v2\/users\/1"}],"replies":[{"embeddable":true,"href":"https:\/\/velipost.com\/index.php?rest_route=%2Fwp%2Fv2%2Fcomments&post=1978"}],"version-history":[{"count":1,"href":"https:\/\/velipost.com\/index.php?rest_route=\/wp\/v2\/posts\/1978\/revisions"}],"predecessor-version":[{"id":1980,"href":"https:\/\/velipost.com\/index.php?rest_route=\/wp\/v2\/posts\/1978\/revisions\/1980"}],"wp:featuredmedia":[{"embeddable":true,"href":"https:\/\/velipost.com\/index.php?rest_route=\/wp\/v2\/media\/1979"}],"wp:attachment":[{"href":"https:\/\/velipost.com\/index.php?rest_route=%2Fwp%2Fv2%2Fmedia&parent=1978"}],"wp:term":[{"taxonomy":"category","embeddable":true,"href":"https:\/\/velipost.com\/index.php?rest_route=%2Fwp%2Fv2%2Fcategories&post=1978"},{"taxonomy":"post_tag","embeddable":true,"href":"https:\/\/velipost.com\/index.php?rest_route=%2Fwp%2Fv2%2Ftags&post=1978"}],"curies":[{"name":"wp","href":"https:\/\/api.w.org\/{rel}","templated":true}]}}