{"id":1975,"date":"2024-08-30T15:58:21","date_gmt":"2024-08-30T13:58:21","guid":{"rendered":"https:\/\/velipost.com\/?p=1975"},"modified":"2024-08-30T15:58:22","modified_gmt":"2024-08-30T13:58:22","slug":"quand-la-lutte-contre-la-criminalite-divise-haiti-face-a-ses-contradictions","status":"publish","type":"post","link":"https:\/\/velipost.com\/?p=1975","title":{"rendered":"Quand la lutte contre la criminalit\u00e9 divise : Ha\u00efti face \u00e0 ses contradictions"},"content":{"rendered":"\n<p><strong>En Ha\u00efti, la lutte contre la criminalit\u00e9 et l&rsquo;ins\u00e9curit\u00e9 est devenue l&rsquo;un des enjeux les plus cruciaux et controvers\u00e9s de notre temps. Les r\u00e9centes d\u00e9clarations de Pierre Esp\u00e9rance, une figure de proue de la soci\u00e9t\u00e9 civile et d\u00e9fenseur des droits humains, \u00e0 l&rsquo;encontre du commissaire Muscadin, ont raviv\u00e9 les tensions et les divisions au sein de la population ha\u00eftienne. Cette situation met en lumi\u00e8re non seulement les divergences d&rsquo;opinion sur les m\u00e9thodes de maintien de l&rsquo;ordre, mais aussi un foss\u00e9 plus profond entre les aspirations de la soci\u00e9t\u00e9 civile et la r\u00e9alit\u00e9 v\u00e9cue par le peuple ha\u00eftien.<\/strong><\/p>\n\n\n\n<h3 class=\"wp-block-heading\"><strong>Une crise de confiance dans les institutions<\/strong><\/h3>\n\n\n\n<p>Pierre Esp\u00e9rance, en critiquant le commissaire Muscadin, pointe du doigt une approche qu&rsquo;il consid\u00e8re comme \u00e9tant en dehors du cadre l\u00e9gal et des normes des droits de l&rsquo;homme. Pour Esp\u00e9rance et d&rsquo;autres d\u00e9fenseurs des droits humains, les m\u00e9thodes parfois muscl\u00e9es et controvers\u00e9es de Muscadin symbolisent une d\u00e9rive autoritaire, un recours \u00e0 une forme de justice exp\u00e9ditive qui, \u00e0 leurs yeux, pourrait mener \u00e0 des abus et \u00e0 des violations des droits fondamentaux. Dans ce contexte, l&rsquo;appel \u00e0 la r\u00e9vocation de Muscadin par Esp\u00e9rance s\u2019inscrit dans une volont\u00e9 de pr\u00e9server l\u2019\u00c9tat de droit et de garantir que la lutte contre la criminalit\u00e9 ne se fasse pas au d\u00e9triment des principes de justice et de respect des droits humains.<\/p>\n\n\n\n<p>Cependant, pour une partie significative de la population, les critiques d\u2019Esp\u00e9rance sont per\u00e7ues comme une tentative de discr\u00e9diter un homme qui, \u00e0 leurs yeux, agit l\u00e0 o\u00f9 les institutions de l&rsquo;\u00c9tat ont \u00e9chou\u00e9. Muscadin, pour ses partisans, incarne une figure de l\u2019autorit\u00e9 capable de s\u2019attaquer de front \u00e0 la criminalit\u00e9, l\u00e0 o\u00f9 les citoyens se sentent souvent abandonn\u00e9s. Cette perception est renforc\u00e9e par le sentiment que les discours de la soci\u00e9t\u00e9 civile ne refl\u00e8tent pas toujours la r\u00e9alit\u00e9 sur le terrain, marqu\u00e9e par la violence quotidienne, les enl\u00e8vements, et une ins\u00e9curit\u00e9 galopante.<\/p>\n\n\n\n<h3 class=\"wp-block-heading\"><strong>Le peuple ha\u00eftien : entre besoin de s\u00e9curit\u00e9 et respect des droits<\/strong><\/h3>\n\n\n\n<p>Le message v\u00e9hicul\u00e9 par certains membres de la population, en r\u00e9ponse aux d\u00e9clarations d\u2019Esp\u00e9rance, exprime un profond d\u00e9sarroi. Il y a un appel clair \u00e0 la reconnaissance du besoin de s\u00e9curit\u00e9 avant tout. Le fait de qualifier le peuple ha\u00eftien de \u00ab civilis\u00e9 \u00bb dans ce contexte n\u2019est pas anodin : il traduit une revendication de dignit\u00e9 et de respect, un rappel que m\u00eame dans la lutte contre la criminalit\u00e9, les citoyens m\u00e9ritent d\u2019\u00eatre trait\u00e9s avec respect et justice. N\u00e9anmoins, cette aspiration \u00e0 la dignit\u00e9 ne doit pas masquer un soutien aveugle \u00e0 des m\u00e9thodes qui pourraient contourner les principes fondamentaux de la justice.<\/p>\n\n\n\n<h3 class=\"wp-block-heading\"><strong>Un appel \u00e0 l\u2019unit\u00e9 et \u00e0 la r\u00e9forme<\/strong><\/h3>\n\n\n\n<p>Le clivage entre les d\u00e9fenseurs des droits humains et ceux qui soutiennent une approche plus muscl\u00e9e de la s\u00e9curit\u00e9 publique souligne un probl\u00e8me plus profond : l&rsquo;absence de confiance dans les institutions ha\u00eftiennes. Tant que la justice et les forces de l\u2019ordre ne seront pas per\u00e7ues comme justes, efficaces et \u00e9quitables, des figures comme Muscadin continueront de polariser l\u2019opinion. Ha\u00efti a besoin d&rsquo;une r\u00e9forme syst\u00e9mique, d\u2019un renforcement des institutions judiciaires et polici\u00e8res pour garantir que la lutte contre la criminalit\u00e9 se fasse de mani\u00e8re transparente, dans le respect des droits de chaque citoyen.<\/p>\n\n\n\n<p>La solution ne r\u00e9side pas dans l\u2019opposition des approches, mais dans la capacit\u00e9 des leaders \u00e0 dialoguer, \u00e0 trouver un terrain d&rsquo;entente qui permette de r\u00e9pondre aux besoins de s\u00e9curit\u00e9 tout en respectant les principes de justice. Il est crucial de r\u00e9affirmer que l&rsquo;adh\u00e9sion aux droits humains n&rsquo;est pas un obstacle \u00e0 la s\u00e9curit\u00e9, mais plut\u00f4t un fondement sur lequel doit reposer toute politique de s\u00e9curit\u00e9 durable et respectueuse.<\/p>\n\n\n\n<h3 class=\"wp-block-heading\"><strong>B\u00e2tir un avenir commun<\/strong><\/h3>\n\n\n\n<p><em>L&rsquo;avenir d&rsquo;Ha\u00efti ne peut pas \u00eatre construit sur des discours de division. Il est imp\u00e9ratif que les leaders, tant au niveau de l&rsquo;\u00c9tat que de la soci\u00e9t\u00e9 civile, se rassemblent autour d\u2019un objectif commun : celui de b\u00e2tir une soci\u00e9t\u00e9 plus s\u00fbre, plus juste, et respectueuse des droits de chacun. Cela n\u00e9cessitera des compromis, des r\u00e9formes profondes et une volont\u00e9 de dialogue. Ce n\u2019est qu\u2019\u00e0 travers une approche unie et concert\u00e9e que le peuple ha\u00eftien pourra v\u00e9ritablement vivre dans un pays o\u00f9 s\u00e9curit\u00e9 et droits humains coexistent harmonieusement.<\/em><\/p>\n\n    <div class=\"xs_social_share_widget xs_share_url after_content \t\tmain_content  wslu-style-3 wslu-share-box-shaped wslu-fill-brand-hover-colored wslu-share-m-5 wslu-none wslu-share-horizontal wslu-theme-font-no wslu-main_content\">\n\n\t\t\n        <ul>\n\t\t\t                    <li class=\"xs-share-li twitter                        wslu-no-extra-data\">\n                        <a href=\"javascript:void(0);\"\n                           id=\"xs_feed_twitter\"\n                           onclick=\"xs_social_sharer(this);\"\n                           data-pid=\"1975\"\n                           data-uri_hash=\"2ce4ac2aca3fd44dc7bc6ff1406cc10b\"\n                           data-key=\"twitter\"\n                           data-xs-href=\"https:\/\/twitter.com\/intent\/tweet?text=Quand+la+lutte+contre+la+criminalit%C3%A9+divise+%3A+Ha%C3%AFti+face+%C3%A0+ses+contradictions+https%3A%2F%2Fvelipost.com%2Findex.php%3Frest_route%3D%252Fwp%252Fv2%252Fposts%252F1975&amp;original_referer=https%3A%2F%2Fvelipost.com%2Findex.php%3Frest_route%3D%252Fwp%252Fv2%252Fposts%252F1975&amp;related=xpeedstudio\">\n\n                            <div class=\"xs-social-icon\">\n                                <span class=\"met-social met-social-twitter\"><\/span>\n                            <\/div>\n\n\t\t\t\t\t\t\t\n                            <div class=\"wslu-hover-content\">\n                                <div class=\"xs-social-followers\">\n\t\t\t\t\t\t\t\t\t10                                <\/div>\n                                <div class=\"xs-social-follower-text\">\n\t\t\t\t\t\t\t\t\tShare                                <\/div>\n                                <div class=\"xs-social-follower-label\">\n\t\t\t\t\t\t\t\t\tTwitter                                <\/div>\n                            <\/div>\n                        <\/a>\n                    <\/li>\n\t\t\t\t\t                    <li class=\"xs-share-li telegram                        wslu-no-extra-data\">\n                        <a href=\"javascript:void(0);\"\n                           id=\"xs_feed_telegram\"\n                           onclick=\"xs_social_sharer(this);\"\n                           data-pid=\"1975\"\n                           data-uri_hash=\"2ce4ac2aca3fd44dc7bc6ff1406cc10b\"\n                           data-key=\"telegram\"\n                           data-xs-href=\"https:\/\/telegram.me\/share\/url?url=https%3A%2F%2Fvelipost.com%2Findex.php%3Frest_route%3D%252Fwp%252Fv2%252Fposts%252F1975&amp;text=Quand+la+lutte+contre+la+criminalit%C3%A9+divise+%3A+Ha%C3%AFti+face+%C3%A0+ses+contradictions\">\n\n                            <div class=\"xs-social-icon\">\n                                <span class=\"met-social met-social-telegram\"><\/span>\n                            <\/div>\n\n\t\t\t\t\t\t\t\n                            <div class=\"wslu-hover-content\">\n                                <div class=\"xs-social-followers\">\n\t\t\t\t\t\t\t\t\t0                                <\/div>\n                                <div class=\"xs-social-follower-text\">\n\t\t\t\t\t\t\t\t\tShare                                <\/div>\n                                <div class=\"xs-social-follower-label\">\n\t\t\t\t\t\t\t\t\tTelegram                                <\/div>\n                            <\/div>\n                        <\/a>\n                    <\/li>\n\t\t\t\t\t                    <li class=\"xs-share-li email                        wslu-no-extra-data\">\n                        <a href=\"javascript:void(0);\"\n                           id=\"xs_feed_email\"\n                           onclick=\"xs_social_sharer(this);\"\n                           data-pid=\"1975\"\n                           data-uri_hash=\"2ce4ac2aca3fd44dc7bc6ff1406cc10b\"\n                           data-key=\"email\"\n                           data-xs-href=\"mailto:?body=Title%3A+Quand+la+lutte+contre+la+criminalit%C3%A9+divise+%3A+Ha%C3%AFti+face+%C3%A0+ses+contradictions+%5Cn%5Cn+URL%3A+https%3A%2F%2Fvelipost.com%2Findex.php%3Frest_route%3D%252Fwp%252Fv2%252Fposts%252F1975&amp;subject=Quand+la+lutte+contre+la+criminalit%C3%A9+divise+%3A+Ha%C3%AFti+face+%C3%A0+ses+contradictions\">\n\n                            <div class=\"xs-social-icon\">\n                                <span class=\"met-social met-social-email\"><\/span>\n                            <\/div>\n\n\t\t\t\t\t\t\t\n                            <div class=\"wslu-hover-content\">\n                                <div class=\"xs-social-followers\">\n\t\t\t\t\t\t\t\t\t0                                <\/div>\n                                <div class=\"xs-social-follower-text\">\n\t\t\t\t\t\t\t\t\tShare                                <\/div>\n                                <div class=\"xs-social-follower-label\">\n\t\t\t\t\t\t\t\t\tEmail                                <\/div>\n                            <\/div>\n                        <\/a>\n                    <\/li>\n\t\t\t\t\t        <\/ul>\n    <\/div> \n","protected":false},"excerpt":{"rendered":"<p>En Ha\u00efti, la lutte contre la criminalit\u00e9 et l&rsquo;ins\u00e9curit\u00e9 est devenue l&rsquo;un des enjeux les plus cruciaux et controvers\u00e9s de notre temps. Les r\u00e9centes<\/p>\n","protected":false},"author":1,"featured_media":1976,"comment_status":"open","ping_status":"open","sticky":false,"template":"","format":"standard","meta":{"_uag_custom_page_level_css":"","footnotes":"","jetpack_publicize_message":"","jetpack_publicize_feature_enabled":true,"jetpack_social_post_already_shared":false,"jetpack_social_options":{"image_generator_settings":{"template":"highway","default_image_id":0,"font":"","enabled":false},"version":2}},"categories":[238],"tags":[],"class_list":["post-1975","post","type-post","status-publish","format-standard","has-post-thumbnail","hentry","category-opinion"],"yoast_head":"<!-- This site is optimized with the Yoast SEO plugin v25.3.1 - https:\/\/yoast.com\/wordpress\/plugins\/seo\/ -->\n<title>Quand la lutte contre la criminalit\u00e9 divise : Ha\u00efti face \u00e0 ses contradictions &#8211; VeliPost<\/title>\n<meta name=\"robots\" content=\"index, follow, max-snippet:-1, max-image-preview:large, max-video-preview:-1\" \/>\n<link rel=\"canonical\" href=\"https:\/\/velipost.com\/?p=1975\" \/>\n<meta property=\"og:locale\" content=\"fr_FR\" \/>\n<meta property=\"og:type\" content=\"article\" \/>\n<meta property=\"og:title\" content=\"Quand la lutte contre la criminalit\u00e9 divise : Ha\u00efti face \u00e0 ses contradictions &#8211; VeliPost\" \/>\n<meta property=\"og:description\" content=\"En Ha\u00efti, la lutte contre la criminalit\u00e9 et l&rsquo;ins\u00e9curit\u00e9 est devenue l&rsquo;un des enjeux les plus cruciaux et controvers\u00e9s de notre temps. Les r\u00e9centes\" \/>\n<meta property=\"og:url\" content=\"https:\/\/velipost.com\/?p=1975\" \/>\n<meta property=\"og:site_name\" content=\"VeliPost\" \/>\n<meta property=\"article:publisher\" content=\"https:\/\/www.facebook.com\/veliposthaiti\" \/>\n<meta property=\"article:published_time\" content=\"2024-08-30T13:58:21+00:00\" \/>\n<meta property=\"article:modified_time\" content=\"2024-08-30T13:58:22+00:00\" \/>\n<meta property=\"og:image\" content=\"https:\/\/velipost.com\/wp-content\/uploads\/2024\/08\/Quand-la-lutte-contre-la-criminalite-divise.jpg\" \/>\n\t<meta property=\"og:image:width\" content=\"1170\" \/>\n\t<meta property=\"og:image:height\" content=\"603\" \/>\n\t<meta property=\"og:image:type\" content=\"image\/jpeg\" \/>\n<meta name=\"author\" content=\"VeliPost\" \/>\n<meta name=\"twitter:card\" content=\"summary_large_image\" \/>\n<meta name=\"twitter:creator\" content=\"@veliposthaiti\" \/>\n<meta name=\"twitter:site\" content=\"@veliposthaiti\" \/>\n<meta name=\"twitter:label1\" content=\"\u00c9crit par\" \/>\n\t<meta name=\"twitter:data1\" content=\"VeliPost\" \/>\n\t<meta name=\"twitter:label2\" content=\"Dur\u00e9e de lecture estim\u00e9e\" \/>\n\t<meta name=\"twitter:data2\" content=\"4 minutes\" \/>\n<script type=\"application\/ld+json\" class=\"yoast-schema-graph\">{\"@context\":\"https:\/\/schema.org\",\"@graph\":[{\"@type\":\"Article\",\"@id\":\"https:\/\/velipost.com\/?p=1975#article\",\"isPartOf\":{\"@id\":\"https:\/\/velipost.com\/?p=1975\"},\"author\":{\"name\":\"VeliPost\",\"@id\":\"https:\/\/velipost.com\/#\/schema\/person\/32ff49a53c9c1bb24302ee8ece058096\"},\"headline\":\"Quand la lutte contre la criminalit\u00e9 divise : Ha\u00efti face \u00e0 ses contradictions\",\"datePublished\":\"2024-08-30T13:58:21+00:00\",\"dateModified\":\"2024-08-30T13:58:22+00:00\",\"mainEntityOfPage\":{\"@id\":\"https:\/\/velipost.com\/?p=1975\"},\"wordCount\":801,\"commentCount\":0,\"publisher\":{\"@id\":\"https:\/\/velipost.com\/#organization\"},\"image\":{\"@id\":\"https:\/\/velipost.com\/?p=1975#primaryimage\"},\"thumbnailUrl\":\"https:\/\/velipost.com\/wp-content\/uploads\/2024\/08\/Quand-la-lutte-contre-la-criminalite-divise.jpg\",\"articleSection\":[\"Opinion\"],\"inLanguage\":\"fr-FR\",\"potentialAction\":[{\"@type\":\"CommentAction\",\"name\":\"Comment\",\"target\":[\"https:\/\/velipost.com\/?p=1975#respond\"]}]},{\"@type\":\"WebPage\",\"@id\":\"https:\/\/velipost.com\/?p=1975\",\"url\":\"https:\/\/velipost.com\/?p=1975\",\"name\":\"Quand la lutte contre la criminalit\u00e9 divise : Ha\u00efti face \u00e0 ses contradictions &#8211; VeliPost\",\"isPartOf\":{\"@id\":\"https:\/\/velipost.com\/#website\"},\"primaryImageOfPage\":{\"@id\":\"https:\/\/velipost.com\/?p=1975#primaryimage\"},\"image\":{\"@id\":\"https:\/\/velipost.com\/?p=1975#primaryimage\"},\"thumbnailUrl\":\"https:\/\/velipost.com\/wp-content\/uploads\/2024\/08\/Quand-la-lutte-contre-la-criminalite-divise.jpg\",\"datePublished\":\"2024-08-30T13:58:21+00:00\",\"dateModified\":\"2024-08-30T13:58:22+00:00\",\"breadcrumb\":{\"@id\":\"https:\/\/velipost.com\/?p=1975#breadcrumb\"},\"inLanguage\":\"fr-FR\",\"potentialAction\":[{\"@type\":\"ReadAction\",\"target\":[\"https:\/\/velipost.com\/?p=1975\"]}]},{\"@type\":\"ImageObject\",\"inLanguage\":\"fr-FR\",\"@id\":\"https:\/\/velipost.com\/?p=1975#primaryimage\",\"url\":\"https:\/\/velipost.com\/wp-content\/uploads\/2024\/08\/Quand-la-lutte-contre-la-criminalite-divise.jpg\",\"contentUrl\":\"https:\/\/velipost.com\/wp-content\/uploads\/2024\/08\/Quand-la-lutte-contre-la-criminalite-divise.jpg\",\"width\":1170,\"height\":603},{\"@type\":\"BreadcrumbList\",\"@id\":\"https:\/\/velipost.com\/?p=1975#breadcrumb\",\"itemListElement\":[{\"@type\":\"ListItem\",\"position\":1,\"name\":\"Accueil\",\"item\":\"https:\/\/velipost.com\/\"},{\"@type\":\"ListItem\",\"position\":2,\"name\":\"Quand la lutte contre la criminalit\u00e9 divise : Ha\u00efti face \u00e0 ses contradictions\"}]},{\"@type\":\"WebSite\",\"@id\":\"https:\/\/velipost.com\/#website\",\"url\":\"https:\/\/velipost.com\/\",\"name\":\"VeliPost\",\"description\":\"L\u2019info en un clic\",\"publisher\":{\"@id\":\"https:\/\/velipost.com\/#organization\"},\"potentialAction\":[{\"@type\":\"SearchAction\",\"target\":{\"@type\":\"EntryPoint\",\"urlTemplate\":\"https:\/\/velipost.com\/?s={search_term_string}\"},\"query-input\":{\"@type\":\"PropertyValueSpecification\",\"valueRequired\":true,\"valueName\":\"search_term_string\"}}],\"inLanguage\":\"fr-FR\"},{\"@type\":\"Organization\",\"@id\":\"https:\/\/velipost.com\/#organization\",\"name\":\"VeliPost\",\"url\":\"https:\/\/velipost.com\/\",\"logo\":{\"@type\":\"ImageObject\",\"inLanguage\":\"fr-FR\",\"@id\":\"https:\/\/velipost.com\/#\/schema\/logo\/image\/\",\"url\":\"https:\/\/velipost.com\/wp-content\/uploads\/2024\/08\/cropped-VP-logo-piti.png\",\"contentUrl\":\"https:\/\/velipost.com\/wp-content\/uploads\/2024\/08\/cropped-VP-logo-piti.png\",\"width\":201,\"height\":69,\"caption\":\"VeliPost\"},\"image\":{\"@id\":\"https:\/\/velipost.com\/#\/schema\/logo\/image\/\"},\"sameAs\":[\"https:\/\/www.facebook.com\/veliposthaiti\",\"https:\/\/x.com\/veliposthaiti\",\"https:\/\/www.instagram.com\/veliposthaiti\"]},{\"@type\":\"Person\",\"@id\":\"https:\/\/velipost.com\/#\/schema\/person\/32ff49a53c9c1bb24302ee8ece058096\",\"name\":\"VeliPost\",\"image\":{\"@type\":\"ImageObject\",\"inLanguage\":\"fr-FR\",\"@id\":\"https:\/\/velipost.com\/#\/schema\/person\/image\/\",\"url\":\"https:\/\/secure.gravatar.com\/avatar\/57c226c264de62f794185a89596d4a37b85a5ad20aca30d9d5a478b27d8c8d9d?s=96&d=mm&r=g\",\"contentUrl\":\"https:\/\/secure.gravatar.com\/avatar\/57c226c264de62f794185a89596d4a37b85a5ad20aca30d9d5a478b27d8c8d9d?s=96&d=mm&r=g\",\"caption\":\"VeliPost\"},\"sameAs\":[\"https:\/\/velipost.com\"],\"url\":\"https:\/\/velipost.com\/?author=1\"}]}<\/script>\n<!-- \/ Yoast SEO plugin. -->","yoast_head_json":{"title":"Quand la lutte contre la criminalit\u00e9 divise : Ha\u00efti face \u00e0 ses contradictions &#8211; VeliPost","robots":{"index":"index","follow":"follow","max-snippet":"max-snippet:-1","max-image-preview":"max-image-preview:large","max-video-preview":"max-video-preview:-1"},"canonical":"https:\/\/velipost.com\/?p=1975","og_locale":"fr_FR","og_type":"article","og_title":"Quand la lutte contre la criminalit\u00e9 divise : Ha\u00efti face \u00e0 ses contradictions &#8211; VeliPost","og_description":"En Ha\u00efti, la lutte contre la criminalit\u00e9 et l&rsquo;ins\u00e9curit\u00e9 est devenue l&rsquo;un des enjeux les plus cruciaux et controvers\u00e9s de notre temps. Les r\u00e9centes","og_url":"https:\/\/velipost.com\/?p=1975","og_site_name":"VeliPost","article_publisher":"https:\/\/www.facebook.com\/veliposthaiti","article_published_time":"2024-08-30T13:58:21+00:00","article_modified_time":"2024-08-30T13:58:22+00:00","og_image":[{"width":1170,"height":603,"url":"https:\/\/velipost.com\/wp-content\/uploads\/2024\/08\/Quand-la-lutte-contre-la-criminalite-divise.jpg","type":"image\/jpeg"}],"author":"VeliPost","twitter_card":"summary_large_image","twitter_creator":"@veliposthaiti","twitter_site":"@veliposthaiti","twitter_misc":{"\u00c9crit par":"VeliPost","Dur\u00e9e de lecture estim\u00e9e":"4 minutes"},"schema":{"@context":"https:\/\/schema.org","@graph":[{"@type":"Article","@id":"https:\/\/velipost.com\/?p=1975#article","isPartOf":{"@id":"https:\/\/velipost.com\/?p=1975"},"author":{"name":"VeliPost","@id":"https:\/\/velipost.com\/#\/schema\/person\/32ff49a53c9c1bb24302ee8ece058096"},"headline":"Quand la lutte contre la criminalit\u00e9 divise : Ha\u00efti face \u00e0 ses contradictions","datePublished":"2024-08-30T13:58:21+00:00","dateModified":"2024-08-30T13:58:22+00:00","mainEntityOfPage":{"@id":"https:\/\/velipost.com\/?p=1975"},"wordCount":801,"commentCount":0,"publisher":{"@id":"https:\/\/velipost.com\/#organization"},"image":{"@id":"https:\/\/velipost.com\/?p=1975#primaryimage"},"thumbnailUrl":"https:\/\/velipost.com\/wp-content\/uploads\/2024\/08\/Quand-la-lutte-contre-la-criminalite-divise.jpg","articleSection":["Opinion"],"inLanguage":"fr-FR","potentialAction":[{"@type":"CommentAction","name":"Comment","target":["https:\/\/velipost.com\/?p=1975#respond"]}]},{"@type":"WebPage","@id":"https:\/\/velipost.com\/?p=1975","url":"https:\/\/velipost.com\/?p=1975","name":"Quand la lutte contre la criminalit\u00e9 divise : Ha\u00efti face \u00e0 ses contradictions &#8211; VeliPost","isPartOf":{"@id":"https:\/\/velipost.com\/#website"},"primaryImageOfPage":{"@id":"https:\/\/velipost.com\/?p=1975#primaryimage"},"image":{"@id":"https:\/\/velipost.com\/?p=1975#primaryimage"},"thumbnailUrl":"https:\/\/velipost.com\/wp-content\/uploads\/2024\/08\/Quand-la-lutte-contre-la-criminalite-divise.jpg","datePublished":"2024-08-30T13:58:21+00:00","dateModified":"2024-08-30T13:58:22+00:00","breadcrumb":{"@id":"https:\/\/velipost.com\/?p=1975#breadcrumb"},"inLanguage":"fr-FR","potentialAction":[{"@type":"ReadAction","target":["https:\/\/velipost.com\/?p=1975"]}]},{"@type":"ImageObject","inLanguage":"fr-FR","@id":"https:\/\/velipost.com\/?p=1975#primaryimage","url":"https:\/\/velipost.com\/wp-content\/uploads\/2024\/08\/Quand-la-lutte-contre-la-criminalite-divise.jpg","contentUrl":"https:\/\/velipost.com\/wp-content\/uploads\/2024\/08\/Quand-la-lutte-contre-la-criminalite-divise.jpg","width":1170,"height":603},{"@type":"BreadcrumbList","@id":"https:\/\/velipost.com\/?p=1975#breadcrumb","itemListElement":[{"@type":"ListItem","position":1,"name":"Accueil","item":"https:\/\/velipost.com\/"},{"@type":"ListItem","position":2,"name":"Quand la lutte contre la criminalit\u00e9 divise : Ha\u00efti face \u00e0 ses contradictions"}]},{"@type":"WebSite","@id":"https:\/\/velipost.com\/#website","url":"https:\/\/velipost.com\/","name":"VeliPost","description":"L\u2019info en un clic","publisher":{"@id":"https:\/\/velipost.com\/#organization"},"potentialAction":[{"@type":"SearchAction","target":{"@type":"EntryPoint","urlTemplate":"https:\/\/velipost.com\/?s={search_term_string}"},"query-input":{"@type":"PropertyValueSpecification","valueRequired":true,"valueName":"search_term_string"}}],"inLanguage":"fr-FR"},{"@type":"Organization","@id":"https:\/\/velipost.com\/#organization","name":"VeliPost","url":"https:\/\/velipost.com\/","logo":{"@type":"ImageObject","inLanguage":"fr-FR","@id":"https:\/\/velipost.com\/#\/schema\/logo\/image\/","url":"https:\/\/velipost.com\/wp-content\/uploads\/2024\/08\/cropped-VP-logo-piti.png","contentUrl":"https:\/\/velipost.com\/wp-content\/uploads\/2024\/08\/cropped-VP-logo-piti.png","width":201,"height":69,"caption":"VeliPost"},"image":{"@id":"https:\/\/velipost.com\/#\/schema\/logo\/image\/"},"sameAs":["https:\/\/www.facebook.com\/veliposthaiti","https:\/\/x.com\/veliposthaiti","https:\/\/www.instagram.com\/veliposthaiti"]},{"@type":"Person","@id":"https:\/\/velipost.com\/#\/schema\/person\/32ff49a53c9c1bb24302ee8ece058096","name":"VeliPost","image":{"@type":"ImageObject","inLanguage":"fr-FR","@id":"https:\/\/velipost.com\/#\/schema\/person\/image\/","url":"https:\/\/secure.gravatar.com\/avatar\/57c226c264de62f794185a89596d4a37b85a5ad20aca30d9d5a478b27d8c8d9d?s=96&d=mm&r=g","contentUrl":"https:\/\/secure.gravatar.com\/avatar\/57c226c264de62f794185a89596d4a37b85a5ad20aca30d9d5a478b27d8c8d9d?s=96&d=mm&r=g","caption":"VeliPost"},"sameAs":["https:\/\/velipost.com"],"url":"https:\/\/velipost.com\/?author=1"}]}},"views":6,"jetpack_publicize_connections":[],"uagb_featured_image_src":{"full":["https:\/\/velipost.com\/wp-content\/uploads\/2024\/08\/Quand-la-lutte-contre-la-criminalite-divise.jpg",1170,603,false],"thumbnail":["https:\/\/velipost.com\/wp-content\/uploads\/2024\/08\/Quand-la-lutte-contre-la-criminalite-divise-150x150.jpg",150,150,true],"medium":["https:\/\/velipost.com\/wp-content\/uploads\/2024\/08\/Quand-la-lutte-contre-la-criminalite-divise-300x155.jpg",300,155,true],"medium_large":["https:\/\/velipost.com\/wp-content\/uploads\/2024\/08\/Quand-la-lutte-contre-la-criminalite-divise-768x396.jpg",715,369,true],"large":["https:\/\/velipost.com\/wp-content\/uploads\/2024\/08\/Quand-la-lutte-contre-la-criminalite-divise-1024x528.jpg",715,369,true],"1536x1536":["https:\/\/velipost.com\/wp-content\/uploads\/2024\/08\/Quand-la-lutte-contre-la-criminalite-divise.jpg",1170,603,false],"2048x2048":["https:\/\/velipost.com\/wp-content\/uploads\/2024\/08\/Quand-la-lutte-contre-la-criminalite-divise.jpg",1170,603,false],"colornews-big-slider":["https:\/\/velipost.com\/wp-content\/uploads\/2024\/08\/Quand-la-lutte-contre-la-criminalite-divise-1070x470.jpg",1070,470,true],"colornews-big-slider-thumb":["https:\/\/velipost.com\/wp-content\/uploads\/2024\/08\/Quand-la-lutte-contre-la-criminalite-divise-184x109.jpg",184,109,true],"colornews-featured-post-medium":["https:\/\/velipost.com\/wp-content\/uploads\/2024\/08\/Quand-la-lutte-contre-la-criminalite-divise-345x265.jpg",345,265,true],"colornews-featured-post-small":["https:\/\/velipost.com\/wp-content\/uploads\/2024\/08\/Quand-la-lutte-contre-la-criminalite-divise-115x73.jpg",115,73,true],"colornews-random-posts":["https:\/\/velipost.com\/wp-content\/uploads\/2024\/08\/Quand-la-lutte-contre-la-criminalite-divise-215x215.jpg",215,215,true],"colornews-featured-image":["https:\/\/velipost.com\/wp-content\/uploads\/2024\/08\/Quand-la-lutte-contre-la-criminalite-divise-715x400.jpg",715,400,true],"mailpoet_newsletter_max":["https:\/\/velipost.com\/wp-content\/uploads\/2024\/08\/Quand-la-lutte-contre-la-criminalite-divise.jpg",1170,603,false]},"uagb_author_info":{"display_name":"VeliPost","author_link":"https:\/\/velipost.com\/?author=1"},"uagb_comment_info":0,"uagb_excerpt":"En Ha\u00efti, la lutte contre la criminalit\u00e9 et l&rsquo;ins\u00e9curit\u00e9 est devenue l&rsquo;un des enjeux les plus cruciaux et controvers\u00e9s de notre temps. Les r\u00e9centes","_links":{"self":[{"href":"https:\/\/velipost.com\/index.php?rest_route=\/wp\/v2\/posts\/1975","targetHints":{"allow":["GET"]}}],"collection":[{"href":"https:\/\/velipost.com\/index.php?rest_route=\/wp\/v2\/posts"}],"about":[{"href":"https:\/\/velipost.com\/index.php?rest_route=\/wp\/v2\/types\/post"}],"author":[{"embeddable":true,"href":"https:\/\/velipost.com\/index.php?rest_route=\/wp\/v2\/users\/1"}],"replies":[{"embeddable":true,"href":"https:\/\/velipost.com\/index.php?rest_route=%2Fwp%2Fv2%2Fcomments&post=1975"}],"version-history":[{"count":1,"href":"https:\/\/velipost.com\/index.php?rest_route=\/wp\/v2\/posts\/1975\/revisions"}],"predecessor-version":[{"id":1977,"href":"https:\/\/velipost.com\/index.php?rest_route=\/wp\/v2\/posts\/1975\/revisions\/1977"}],"wp:featuredmedia":[{"embeddable":true,"href":"https:\/\/velipost.com\/index.php?rest_route=\/wp\/v2\/media\/1976"}],"wp:attachment":[{"href":"https:\/\/velipost.com\/index.php?rest_route=%2Fwp%2Fv2%2Fmedia&parent=1975"}],"wp:term":[{"taxonomy":"category","embeddable":true,"href":"https:\/\/velipost.com\/index.php?rest_route=%2Fwp%2Fv2%2Fcategories&post=1975"},{"taxonomy":"post_tag","embeddable":true,"href":"https:\/\/velipost.com\/index.php?rest_route=%2Fwp%2Fv2%2Ftags&post=1975"}],"curies":[{"name":"wp","href":"https:\/\/api.w.org\/{rel}","templated":true}]}}