{"id":1953,"date":"2024-08-29T01:25:04","date_gmt":"2024-08-28T23:25:04","guid":{"rendered":"https:\/\/velipost.com\/?p=1953"},"modified":"2024-08-29T01:25:05","modified_gmt":"2024-08-28T23:25:05","slug":"interdiction-de-construction-et-de-deforestation-dans-lunite-1-du-parc-national-naturel-foret-des-pins-une-mesure-cruciale-pour-la-preservation-environnementale","status":"publish","type":"post","link":"https:\/\/velipost.com\/?p=1953","title":{"rendered":"Interdiction de Construction et de D\u00e9forestation dans l\u2019Unit\u00e9 1 du Parc National Naturel For\u00eat-des-Pins : Une Mesure Cruciale pour la Pr\u00e9servation Environnementale"},"content":{"rendered":"\n<p>En r\u00e9ponse aux pr\u00e9occupations croissantes concernant la pr\u00e9servation de l\u2019environnement et la protection des ressources naturelles, le Minist\u00e8re de l\u2019Environnement d\u2019Ha\u00efti a annonc\u00e9 des mesures strictes visant \u00e0 interdire toute construction, coupe d\u2019arbres, ou plantation de jardins dans l\u2019Unit\u00e9 1 du Parc National Naturel For\u00eat-des-Pins (PNN-FP) et ses environs.<\/p>\n\n\n\n<p><strong>Contexte L\u00e9gislatif et Environnemental<\/strong><\/p>\n\n\n\n<p>L\u2019interdiction s\u2019appuie sur une s\u00e9rie de textes l\u00e9gislatifs ha\u00eftiens, incluant le Code rural de 1962, le Code civil, et plusieurs d\u00e9crets et arr\u00eat\u00e9s relatifs \u00e0 la gestion des parcs nationaux et des sites naturels. En particulier, l\u2019Arr\u00eat\u00e9 du 29 mars 2017, qui modifie l\u2019Arr\u00eat\u00e9 du 8 janvier 2014, divise le PNN-FP en deux unit\u00e9s pour une gestion plus efficace et garantit la protection des ressources naturelles de la r\u00e9gion.<\/p>\n\n\n\n<p>Le PNN-FP, une r\u00e9serve de biosph\u00e8re reconnue par l&rsquo;UNESCO depuis 2012, abrite des for\u00eats de Pinus occidentalis et de Trifoli\u00e9s d&rsquo;une importance \u00e9cologique capitale. La n\u00e9cessit\u00e9 de pr\u00e9server ces \u00e9cosyst\u00e8mes pour l\u2019\u00e9ducation publique, la conservation de la biodiversit\u00e9, et la promotion du tourisme durable est au c\u0153ur de cette d\u00e9cision.<\/p>\n\n\n\n<p><strong>Mesures et Interdictions<\/strong><\/p>\n\n\n\n<p>\u00c0 partir de la publication de ce communiqu\u00e9, toutes les activit\u00e9s de construction, de percement de routes, de lotissement, ainsi que l\u2019exploitation du sol sont formellement interdites dans l\u2019Unit\u00e9 1 du PNN-FP. Toute transaction immobili\u00e8re dans cette zone est \u00e9galement proscrite. Les autorisations pr\u00e9c\u00e9demment accord\u00e9es pour de telles activit\u00e9s sont imm\u00e9diatement annul\u00e9es.<\/p>\n\n\n\n<p>Les autorit\u00e9s locales, y compris le Conseil municipal de Fonds-Verrettes, le Tribunal de paix, la Police nationale d\u2019Ha\u00efti, ainsi que la Brigade de Surveillance des Aires Prot\u00e9g\u00e9es (BSAP) de l\u2019Agence nationale des aires prot\u00e9g\u00e9es (ANAP), sont charg\u00e9es de faire respecter ces interdictions sans d\u00e9lai. Elles doivent \u00e9galement stopper toutes les activit\u00e9s interdites et veiller \u00e0 la conformit\u00e9 avec les d\u00e9limitations \u00e9tablies par les arr\u00eat\u00e9s concern\u00e9s.<\/p>\n\n\n\n<p><strong>Gestion des Propri\u00e9t\u00e9s Priv\u00e9es et Sanctions<\/strong><\/p>\n\n\n\n<p>Les propri\u00e9t\u00e9s priv\u00e9es situ\u00e9es dans l&rsquo;Unit\u00e9 1 du parc, pour lesquelles les droits de propri\u00e9t\u00e9 sont l\u00e9galement \u00e9tablis, resteront en la possession de leurs propri\u00e9taires. Cependant, elles seront soumises aux servitudes publiques pr\u00e9vues par la loi, ainsi qu\u2019aux plans de gestion du parc. Aucune nouvelle construction ne sera autoris\u00e9e sauf pour des installations sp\u00e9cifiques approuv\u00e9es par la Mairie de Fonds-Verrettes.<\/p>\n\n\n\n<p>Tout contrevenant aux directives \u00e9nonc\u00e9es ou tout instigateur d\u2019incendies dans le parc sera passible des sanctions pr\u00e9vues par la l\u00e9gislation en vigueur.<\/p>\n\n\n\n<p>Cette d\u00e9marche vise \u00e0 garantir la protection de l\u2019environnement, en assurant la pr\u00e9servation de la biodiversit\u00e9 et des \u00e9cosyst\u00e8mes uniques du Parc National Naturel For\u00eat-des-Pins. Le Minist\u00e8re de l\u2019Environnement appelle tous les citoyens et parties prenantes \u00e0 coop\u00e9rer activement pour respecter ces nouvelles r\u00e9gulations et \u00e0 contribuer \u00e0 la sauvegarde de ce patrimoine naturel pr\u00e9cieux.<\/p>\n\n    <div class=\"xs_social_share_widget xs_share_url after_content \t\tmain_content  wslu-style-3 wslu-share-box-shaped wslu-fill-brand-hover-colored wslu-share-m-5 wslu-none wslu-share-horizontal wslu-theme-font-no wslu-main_content\">\n\n\t\t\n        <ul>\n\t\t\t                    <li class=\"xs-share-li twitter                        wslu-no-extra-data\">\n                        <a href=\"javascript:void(0);\"\n                           id=\"xs_feed_twitter\"\n                           onclick=\"xs_social_sharer(this);\"\n                           data-pid=\"1953\"\n                           data-uri_hash=\"c8a5471f111f85ffe05278dc7bca0e04\"\n                           data-key=\"twitter\"\n                           data-xs-href=\"https:\/\/twitter.com\/intent\/tweet?text=Interdiction+de+Construction+et+de+D%C3%A9forestation+dans+l%E2%80%99Unit%C3%A9+1+du+Parc+National+Naturel+For%C3%AAt-des-Pins+%3A+Une+Mesure+Cruciale+pour+la+Pr%C3%A9servation+Environnementale+https%3A%2F%2Fvelipost.com%2Findex.php%3Frest_route%3D%252Fwp%252Fv2%252Fposts%252F1953&amp;original_referer=https%3A%2F%2Fvelipost.com%2Findex.php%3Frest_route%3D%252Fwp%252Fv2%252Fposts%252F1953&amp;related=xpeedstudio\">\n\n                            <div class=\"xs-social-icon\">\n                                <span class=\"met-social met-social-twitter\"><\/span>\n                            <\/div>\n\n\t\t\t\t\t\t\t\n                            <div class=\"wslu-hover-content\">\n                                <div class=\"xs-social-followers\">\n\t\t\t\t\t\t\t\t\t10                                <\/div>\n                                <div class=\"xs-social-follower-text\">\n\t\t\t\t\t\t\t\t\tShare                                <\/div>\n                                <div class=\"xs-social-follower-label\">\n\t\t\t\t\t\t\t\t\tTwitter                                <\/div>\n                            <\/div>\n                        <\/a>\n                    <\/li>\n\t\t\t\t\t                    <li class=\"xs-share-li telegram                        wslu-no-extra-data\">\n                        <a href=\"javascript:void(0);\"\n                           id=\"xs_feed_telegram\"\n                           onclick=\"xs_social_sharer(this);\"\n                           data-pid=\"1953\"\n                           data-uri_hash=\"c8a5471f111f85ffe05278dc7bca0e04\"\n                           data-key=\"telegram\"\n                           data-xs-href=\"https:\/\/telegram.me\/share\/url?url=https%3A%2F%2Fvelipost.com%2Findex.php%3Frest_route%3D%252Fwp%252Fv2%252Fposts%252F1953&amp;text=Interdiction+de+Construction+et+de+D%C3%A9forestation+dans+l%E2%80%99Unit%C3%A9+1+du+Parc+National+Naturel+For%C3%AAt-des-Pins+%3A+Une+Mesure+Cruciale+pour+la+Pr%C3%A9servation+Environnementale\">\n\n                            <div class=\"xs-social-icon\">\n                                <span class=\"met-social met-social-telegram\"><\/span>\n                            <\/div>\n\n\t\t\t\t\t\t\t\n                            <div class=\"wslu-hover-content\">\n                                <div class=\"xs-social-followers\">\n\t\t\t\t\t\t\t\t\t0                                <\/div>\n                                <div class=\"xs-social-follower-text\">\n\t\t\t\t\t\t\t\t\tShare                                <\/div>\n                                <div class=\"xs-social-follower-label\">\n\t\t\t\t\t\t\t\t\tTelegram                                <\/div>\n                            <\/div>\n                        <\/a>\n                    <\/li>\n\t\t\t\t\t                    <li class=\"xs-share-li email                        wslu-no-extra-data\">\n                        <a href=\"javascript:void(0);\"\n                           id=\"xs_feed_email\"\n                           onclick=\"xs_social_sharer(this);\"\n                           data-pid=\"1953\"\n                           data-uri_hash=\"c8a5471f111f85ffe05278dc7bca0e04\"\n                           data-key=\"email\"\n                           data-xs-href=\"mailto:?body=Title%3A+Interdiction+de+Construction+et+de+D%C3%A9forestation+dans+l%E2%80%99Unit%C3%A9+1+du+Parc+National+Naturel+For%C3%AAt-des-Pins+%3A+Une+Mesure+Cruciale+pour+la+Pr%C3%A9servation+Environnementale+%5Cn%5Cn+URL%3A+https%3A%2F%2Fvelipost.com%2Findex.php%3Frest_route%3D%252Fwp%252Fv2%252Fposts%252F1953&amp;subject=Interdiction+de+Construction+et+de+D%C3%A9forestation+dans+l%E2%80%99Unit%C3%A9+1+du+Parc+National+Naturel+For%C3%AAt-des-Pins+%3A+Une+Mesure+Cruciale+pour+la+Pr%C3%A9servation+Environnementale\">\n\n                            <div class=\"xs-social-icon\">\n                                <span class=\"met-social met-social-email\"><\/span>\n                            <\/div>\n\n\t\t\t\t\t\t\t\n                            <div class=\"wslu-hover-content\">\n                                <div class=\"xs-social-followers\">\n\t\t\t\t\t\t\t\t\t0                                <\/div>\n                                <div class=\"xs-social-follower-text\">\n\t\t\t\t\t\t\t\t\tShare                                <\/div>\n                                <div class=\"xs-social-follower-label\">\n\t\t\t\t\t\t\t\t\tEmail                                <\/div>\n                            <\/div>\n                        <\/a>\n                    <\/li>\n\t\t\t\t\t        <\/ul>\n    <\/div> \n","protected":false},"excerpt":{"rendered":"<p>En r\u00e9ponse aux pr\u00e9occupations croissantes concernant la pr\u00e9servation de l\u2019environnement et la protection des ressources naturelles, le Minist\u00e8re de l\u2019Environnement d\u2019Ha\u00efti a annonc\u00e9 des<\/p>\n","protected":false},"author":1,"featured_media":1954,"comment_status":"open","ping_status":"open","sticky":false,"template":"","format":"standard","meta":{"_uag_custom_page_level_css":"","footnotes":"","jetpack_publicize_message":"","jetpack_publicize_feature_enabled":true,"jetpack_social_post_already_shared":false,"jetpack_social_options":{"image_generator_settings":{"template":"highway","default_image_id":0,"font":"","enabled":false},"version":2}},"categories":[100],"tags":[],"class_list":["post-1953","post","type-post","status-publish","format-standard","has-post-thumbnail","hentry","category-environnement"],"yoast_head":"<!-- This site is optimized with the Yoast SEO plugin v25.3.1 - https:\/\/yoast.com\/wordpress\/plugins\/seo\/ -->\n<title>Interdiction de Construction et de D\u00e9forestation dans l\u2019Unit\u00e9 1 du Parc National Naturel For\u00eat-des-Pins : Une Mesure Cruciale pour la Pr\u00e9servation Environnementale &#8211; VeliPost<\/title>\n<meta name=\"robots\" content=\"index, follow, max-snippet:-1, max-image-preview:large, max-video-preview:-1\" \/>\n<link rel=\"canonical\" href=\"https:\/\/velipost.com\/?p=1953\" \/>\n<meta property=\"og:locale\" content=\"fr_FR\" \/>\n<meta property=\"og:type\" content=\"article\" \/>\n<meta property=\"og:title\" content=\"Interdiction de Construction et de D\u00e9forestation dans l\u2019Unit\u00e9 1 du Parc National Naturel For\u00eat-des-Pins : Une Mesure Cruciale pour la Pr\u00e9servation Environnementale &#8211; VeliPost\" \/>\n<meta property=\"og:description\" content=\"En r\u00e9ponse aux pr\u00e9occupations croissantes concernant la pr\u00e9servation de l\u2019environnement et la protection des ressources naturelles, le Minist\u00e8re de l\u2019Environnement d\u2019Ha\u00efti a annonc\u00e9 des\" \/>\n<meta property=\"og:url\" content=\"https:\/\/velipost.com\/?p=1953\" \/>\n<meta property=\"og:site_name\" content=\"VeliPost\" \/>\n<meta property=\"article:publisher\" content=\"https:\/\/www.facebook.com\/veliposthaiti\" \/>\n<meta property=\"article:published_time\" content=\"2024-08-28T23:25:04+00:00\" \/>\n<meta property=\"article:modified_time\" content=\"2024-08-28T23:25:05+00:00\" \/>\n<meta property=\"og:image\" content=\"https:\/\/velipost.com\/wp-content\/uploads\/2024\/08\/foret-des-pint.jpg\" \/>\n\t<meta property=\"og:image:width\" content=\"1170\" \/>\n\t<meta property=\"og:image:height\" content=\"603\" \/>\n\t<meta property=\"og:image:type\" content=\"image\/jpeg\" \/>\n<meta name=\"author\" content=\"VeliPost\" \/>\n<meta name=\"twitter:card\" content=\"summary_large_image\" \/>\n<meta name=\"twitter:creator\" content=\"@veliposthaiti\" \/>\n<meta name=\"twitter:site\" content=\"@veliposthaiti\" \/>\n<meta name=\"twitter:label1\" content=\"\u00c9crit par\" \/>\n\t<meta name=\"twitter:data1\" content=\"VeliPost\" \/>\n\t<meta name=\"twitter:label2\" content=\"Dur\u00e9e de lecture estim\u00e9e\" \/>\n\t<meta name=\"twitter:data2\" content=\"3 minutes\" \/>\n<script type=\"application\/ld+json\" class=\"yoast-schema-graph\">{\"@context\":\"https:\/\/schema.org\",\"@graph\":[{\"@type\":\"Article\",\"@id\":\"https:\/\/velipost.com\/?p=1953#article\",\"isPartOf\":{\"@id\":\"https:\/\/velipost.com\/?p=1953\"},\"author\":{\"name\":\"VeliPost\",\"@id\":\"https:\/\/velipost.com\/#\/schema\/person\/32ff49a53c9c1bb24302ee8ece058096\"},\"headline\":\"Interdiction de Construction et de D\u00e9forestation dans l\u2019Unit\u00e9 1 du Parc National Naturel For\u00eat-des-Pins : Une Mesure Cruciale pour la Pr\u00e9servation Environnementale\",\"datePublished\":\"2024-08-28T23:25:04+00:00\",\"dateModified\":\"2024-08-28T23:25:05+00:00\",\"mainEntityOfPage\":{\"@id\":\"https:\/\/velipost.com\/?p=1953\"},\"wordCount\":535,\"commentCount\":0,\"publisher\":{\"@id\":\"https:\/\/velipost.com\/#organization\"},\"image\":{\"@id\":\"https:\/\/velipost.com\/?p=1953#primaryimage\"},\"thumbnailUrl\":\"https:\/\/velipost.com\/wp-content\/uploads\/2024\/08\/foret-des-pint.jpg\",\"articleSection\":[\"Environnement\"],\"inLanguage\":\"fr-FR\",\"potentialAction\":[{\"@type\":\"CommentAction\",\"name\":\"Comment\",\"target\":[\"https:\/\/velipost.com\/?p=1953#respond\"]}]},{\"@type\":\"WebPage\",\"@id\":\"https:\/\/velipost.com\/?p=1953\",\"url\":\"https:\/\/velipost.com\/?p=1953\",\"name\":\"Interdiction de Construction et de D\u00e9forestation dans l\u2019Unit\u00e9 1 du Parc National Naturel For\u00eat-des-Pins : Une Mesure Cruciale pour la Pr\u00e9servation Environnementale &#8211; VeliPost\",\"isPartOf\":{\"@id\":\"https:\/\/velipost.com\/#website\"},\"primaryImageOfPage\":{\"@id\":\"https:\/\/velipost.com\/?p=1953#primaryimage\"},\"image\":{\"@id\":\"https:\/\/velipost.com\/?p=1953#primaryimage\"},\"thumbnailUrl\":\"https:\/\/velipost.com\/wp-content\/uploads\/2024\/08\/foret-des-pint.jpg\",\"datePublished\":\"2024-08-28T23:25:04+00:00\",\"dateModified\":\"2024-08-28T23:25:05+00:00\",\"breadcrumb\":{\"@id\":\"https:\/\/velipost.com\/?p=1953#breadcrumb\"},\"inLanguage\":\"fr-FR\",\"potentialAction\":[{\"@type\":\"ReadAction\",\"target\":[\"https:\/\/velipost.com\/?p=1953\"]}]},{\"@type\":\"ImageObject\",\"inLanguage\":\"fr-FR\",\"@id\":\"https:\/\/velipost.com\/?p=1953#primaryimage\",\"url\":\"https:\/\/velipost.com\/wp-content\/uploads\/2024\/08\/foret-des-pint.jpg\",\"contentUrl\":\"https:\/\/velipost.com\/wp-content\/uploads\/2024\/08\/foret-des-pint.jpg\",\"width\":1170,\"height\":603},{\"@type\":\"BreadcrumbList\",\"@id\":\"https:\/\/velipost.com\/?p=1953#breadcrumb\",\"itemListElement\":[{\"@type\":\"ListItem\",\"position\":1,\"name\":\"Accueil\",\"item\":\"https:\/\/velipost.com\/\"},{\"@type\":\"ListItem\",\"position\":2,\"name\":\"Interdiction de Construction et de D\u00e9forestation dans l\u2019Unit\u00e9 1 du Parc National Naturel For\u00eat-des-Pins : Une Mesure Cruciale pour la Pr\u00e9servation Environnementale\"}]},{\"@type\":\"WebSite\",\"@id\":\"https:\/\/velipost.com\/#website\",\"url\":\"https:\/\/velipost.com\/\",\"name\":\"VeliPost\",\"description\":\"L\u2019info en un clic\",\"publisher\":{\"@id\":\"https:\/\/velipost.com\/#organization\"},\"potentialAction\":[{\"@type\":\"SearchAction\",\"target\":{\"@type\":\"EntryPoint\",\"urlTemplate\":\"https:\/\/velipost.com\/?s={search_term_string}\"},\"query-input\":{\"@type\":\"PropertyValueSpecification\",\"valueRequired\":true,\"valueName\":\"search_term_string\"}}],\"inLanguage\":\"fr-FR\"},{\"@type\":\"Organization\",\"@id\":\"https:\/\/velipost.com\/#organization\",\"name\":\"VeliPost\",\"url\":\"https:\/\/velipost.com\/\",\"logo\":{\"@type\":\"ImageObject\",\"inLanguage\":\"fr-FR\",\"@id\":\"https:\/\/velipost.com\/#\/schema\/logo\/image\/\",\"url\":\"https:\/\/velipost.com\/wp-content\/uploads\/2024\/08\/cropped-VP-logo-piti.png\",\"contentUrl\":\"https:\/\/velipost.com\/wp-content\/uploads\/2024\/08\/cropped-VP-logo-piti.png\",\"width\":201,\"height\":69,\"caption\":\"VeliPost\"},\"image\":{\"@id\":\"https:\/\/velipost.com\/#\/schema\/logo\/image\/\"},\"sameAs\":[\"https:\/\/www.facebook.com\/veliposthaiti\",\"https:\/\/x.com\/veliposthaiti\",\"https:\/\/www.instagram.com\/veliposthaiti\"]},{\"@type\":\"Person\",\"@id\":\"https:\/\/velipost.com\/#\/schema\/person\/32ff49a53c9c1bb24302ee8ece058096\",\"name\":\"VeliPost\",\"image\":{\"@type\":\"ImageObject\",\"inLanguage\":\"fr-FR\",\"@id\":\"https:\/\/velipost.com\/#\/schema\/person\/image\/\",\"url\":\"https:\/\/secure.gravatar.com\/avatar\/57c226c264de62f794185a89596d4a37b85a5ad20aca30d9d5a478b27d8c8d9d?s=96&d=mm&r=g\",\"contentUrl\":\"https:\/\/secure.gravatar.com\/avatar\/57c226c264de62f794185a89596d4a37b85a5ad20aca30d9d5a478b27d8c8d9d?s=96&d=mm&r=g\",\"caption\":\"VeliPost\"},\"sameAs\":[\"https:\/\/velipost.com\"],\"url\":\"https:\/\/velipost.com\/?author=1\"}]}<\/script>\n<!-- \/ Yoast SEO plugin. -->","yoast_head_json":{"title":"Interdiction de Construction et de D\u00e9forestation dans l\u2019Unit\u00e9 1 du Parc National Naturel For\u00eat-des-Pins : Une Mesure Cruciale pour la Pr\u00e9servation Environnementale &#8211; VeliPost","robots":{"index":"index","follow":"follow","max-snippet":"max-snippet:-1","max-image-preview":"max-image-preview:large","max-video-preview":"max-video-preview:-1"},"canonical":"https:\/\/velipost.com\/?p=1953","og_locale":"fr_FR","og_type":"article","og_title":"Interdiction de Construction et de D\u00e9forestation dans l\u2019Unit\u00e9 1 du Parc National Naturel For\u00eat-des-Pins : Une Mesure Cruciale pour la Pr\u00e9servation Environnementale &#8211; VeliPost","og_description":"En r\u00e9ponse aux pr\u00e9occupations croissantes concernant la pr\u00e9servation de l\u2019environnement et la protection des ressources naturelles, le Minist\u00e8re de l\u2019Environnement d\u2019Ha\u00efti a annonc\u00e9 des","og_url":"https:\/\/velipost.com\/?p=1953","og_site_name":"VeliPost","article_publisher":"https:\/\/www.facebook.com\/veliposthaiti","article_published_time":"2024-08-28T23:25:04+00:00","article_modified_time":"2024-08-28T23:25:05+00:00","og_image":[{"width":1170,"height":603,"url":"https:\/\/velipost.com\/wp-content\/uploads\/2024\/08\/foret-des-pint.jpg","type":"image\/jpeg"}],"author":"VeliPost","twitter_card":"summary_large_image","twitter_creator":"@veliposthaiti","twitter_site":"@veliposthaiti","twitter_misc":{"\u00c9crit par":"VeliPost","Dur\u00e9e de lecture estim\u00e9e":"3 minutes"},"schema":{"@context":"https:\/\/schema.org","@graph":[{"@type":"Article","@id":"https:\/\/velipost.com\/?p=1953#article","isPartOf":{"@id":"https:\/\/velipost.com\/?p=1953"},"author":{"name":"VeliPost","@id":"https:\/\/velipost.com\/#\/schema\/person\/32ff49a53c9c1bb24302ee8ece058096"},"headline":"Interdiction de Construction et de D\u00e9forestation dans l\u2019Unit\u00e9 1 du Parc National Naturel For\u00eat-des-Pins : Une Mesure Cruciale pour la Pr\u00e9servation Environnementale","datePublished":"2024-08-28T23:25:04+00:00","dateModified":"2024-08-28T23:25:05+00:00","mainEntityOfPage":{"@id":"https:\/\/velipost.com\/?p=1953"},"wordCount":535,"commentCount":0,"publisher":{"@id":"https:\/\/velipost.com\/#organization"},"image":{"@id":"https:\/\/velipost.com\/?p=1953#primaryimage"},"thumbnailUrl":"https:\/\/velipost.com\/wp-content\/uploads\/2024\/08\/foret-des-pint.jpg","articleSection":["Environnement"],"inLanguage":"fr-FR","potentialAction":[{"@type":"CommentAction","name":"Comment","target":["https:\/\/velipost.com\/?p=1953#respond"]}]},{"@type":"WebPage","@id":"https:\/\/velipost.com\/?p=1953","url":"https:\/\/velipost.com\/?p=1953","name":"Interdiction de Construction et de D\u00e9forestation dans l\u2019Unit\u00e9 1 du Parc National Naturel For\u00eat-des-Pins : Une Mesure Cruciale pour la Pr\u00e9servation Environnementale &#8211; VeliPost","isPartOf":{"@id":"https:\/\/velipost.com\/#website"},"primaryImageOfPage":{"@id":"https:\/\/velipost.com\/?p=1953#primaryimage"},"image":{"@id":"https:\/\/velipost.com\/?p=1953#primaryimage"},"thumbnailUrl":"https:\/\/velipost.com\/wp-content\/uploads\/2024\/08\/foret-des-pint.jpg","datePublished":"2024-08-28T23:25:04+00:00","dateModified":"2024-08-28T23:25:05+00:00","breadcrumb":{"@id":"https:\/\/velipost.com\/?p=1953#breadcrumb"},"inLanguage":"fr-FR","potentialAction":[{"@type":"ReadAction","target":["https:\/\/velipost.com\/?p=1953"]}]},{"@type":"ImageObject","inLanguage":"fr-FR","@id":"https:\/\/velipost.com\/?p=1953#primaryimage","url":"https:\/\/velipost.com\/wp-content\/uploads\/2024\/08\/foret-des-pint.jpg","contentUrl":"https:\/\/velipost.com\/wp-content\/uploads\/2024\/08\/foret-des-pint.jpg","width":1170,"height":603},{"@type":"BreadcrumbList","@id":"https:\/\/velipost.com\/?p=1953#breadcrumb","itemListElement":[{"@type":"ListItem","position":1,"name":"Accueil","item":"https:\/\/velipost.com\/"},{"@type":"ListItem","position":2,"name":"Interdiction de Construction et de D\u00e9forestation dans l\u2019Unit\u00e9 1 du Parc National Naturel For\u00eat-des-Pins : Une Mesure Cruciale pour la Pr\u00e9servation Environnementale"}]},{"@type":"WebSite","@id":"https:\/\/velipost.com\/#website","url":"https:\/\/velipost.com\/","name":"VeliPost","description":"L\u2019info en un clic","publisher":{"@id":"https:\/\/velipost.com\/#organization"},"potentialAction":[{"@type":"SearchAction","target":{"@type":"EntryPoint","urlTemplate":"https:\/\/velipost.com\/?s={search_term_string}"},"query-input":{"@type":"PropertyValueSpecification","valueRequired":true,"valueName":"search_term_string"}}],"inLanguage":"fr-FR"},{"@type":"Organization","@id":"https:\/\/velipost.com\/#organization","name":"VeliPost","url":"https:\/\/velipost.com\/","logo":{"@type":"ImageObject","inLanguage":"fr-FR","@id":"https:\/\/velipost.com\/#\/schema\/logo\/image\/","url":"https:\/\/velipost.com\/wp-content\/uploads\/2024\/08\/cropped-VP-logo-piti.png","contentUrl":"https:\/\/velipost.com\/wp-content\/uploads\/2024\/08\/cropped-VP-logo-piti.png","width":201,"height":69,"caption":"VeliPost"},"image":{"@id":"https:\/\/velipost.com\/#\/schema\/logo\/image\/"},"sameAs":["https:\/\/www.facebook.com\/veliposthaiti","https:\/\/x.com\/veliposthaiti","https:\/\/www.instagram.com\/veliposthaiti"]},{"@type":"Person","@id":"https:\/\/velipost.com\/#\/schema\/person\/32ff49a53c9c1bb24302ee8ece058096","name":"VeliPost","image":{"@type":"ImageObject","inLanguage":"fr-FR","@id":"https:\/\/velipost.com\/#\/schema\/person\/image\/","url":"https:\/\/secure.gravatar.com\/avatar\/57c226c264de62f794185a89596d4a37b85a5ad20aca30d9d5a478b27d8c8d9d?s=96&d=mm&r=g","contentUrl":"https:\/\/secure.gravatar.com\/avatar\/57c226c264de62f794185a89596d4a37b85a5ad20aca30d9d5a478b27d8c8d9d?s=96&d=mm&r=g","caption":"VeliPost"},"sameAs":["https:\/\/velipost.com"],"url":"https:\/\/velipost.com\/?author=1"}]}},"views":2,"jetpack_publicize_connections":[],"uagb_featured_image_src":{"full":["https:\/\/velipost.com\/wp-content\/uploads\/2024\/08\/foret-des-pint.jpg",1170,603,false],"thumbnail":["https:\/\/velipost.com\/wp-content\/uploads\/2024\/08\/foret-des-pint-150x150.jpg",150,150,true],"medium":["https:\/\/velipost.com\/wp-content\/uploads\/2024\/08\/foret-des-pint-300x155.jpg",300,155,true],"medium_large":["https:\/\/velipost.com\/wp-content\/uploads\/2024\/08\/foret-des-pint-768x396.jpg",715,369,true],"large":["https:\/\/velipost.com\/wp-content\/uploads\/2024\/08\/foret-des-pint-1024x528.jpg",715,369,true],"1536x1536":["https:\/\/velipost.com\/wp-content\/uploads\/2024\/08\/foret-des-pint.jpg",1170,603,false],"2048x2048":["https:\/\/velipost.com\/wp-content\/uploads\/2024\/08\/foret-des-pint.jpg",1170,603,false],"colornews-big-slider":["https:\/\/velipost.com\/wp-content\/uploads\/2024\/08\/foret-des-pint-1070x470.jpg",1070,470,true],"colornews-big-slider-thumb":["https:\/\/velipost.com\/wp-content\/uploads\/2024\/08\/foret-des-pint-184x109.jpg",184,109,true],"colornews-featured-post-medium":["https:\/\/velipost.com\/wp-content\/uploads\/2024\/08\/foret-des-pint-345x265.jpg",345,265,true],"colornews-featured-post-small":["https:\/\/velipost.com\/wp-content\/uploads\/2024\/08\/foret-des-pint-115x73.jpg",115,73,true],"colornews-random-posts":["https:\/\/velipost.com\/wp-content\/uploads\/2024\/08\/foret-des-pint-215x215.jpg",215,215,true],"colornews-featured-image":["https:\/\/velipost.com\/wp-content\/uploads\/2024\/08\/foret-des-pint-715x400.jpg",715,400,true],"mailpoet_newsletter_max":["https:\/\/velipost.com\/wp-content\/uploads\/2024\/08\/foret-des-pint.jpg",1170,603,false]},"uagb_author_info":{"display_name":"VeliPost","author_link":"https:\/\/velipost.com\/?author=1"},"uagb_comment_info":0,"uagb_excerpt":"En r\u00e9ponse aux pr\u00e9occupations croissantes concernant la pr\u00e9servation de l\u2019environnement et la protection des ressources naturelles, le Minist\u00e8re de l\u2019Environnement d\u2019Ha\u00efti a annonc\u00e9 des","_links":{"self":[{"href":"https:\/\/velipost.com\/index.php?rest_route=\/wp\/v2\/posts\/1953","targetHints":{"allow":["GET"]}}],"collection":[{"href":"https:\/\/velipost.com\/index.php?rest_route=\/wp\/v2\/posts"}],"about":[{"href":"https:\/\/velipost.com\/index.php?rest_route=\/wp\/v2\/types\/post"}],"author":[{"embeddable":true,"href":"https:\/\/velipost.com\/index.php?rest_route=\/wp\/v2\/users\/1"}],"replies":[{"embeddable":true,"href":"https:\/\/velipost.com\/index.php?rest_route=%2Fwp%2Fv2%2Fcomments&post=1953"}],"version-history":[{"count":1,"href":"https:\/\/velipost.com\/index.php?rest_route=\/wp\/v2\/posts\/1953\/revisions"}],"predecessor-version":[{"id":1955,"href":"https:\/\/velipost.com\/index.php?rest_route=\/wp\/v2\/posts\/1953\/revisions\/1955"}],"wp:featuredmedia":[{"embeddable":true,"href":"https:\/\/velipost.com\/index.php?rest_route=\/wp\/v2\/media\/1954"}],"wp:attachment":[{"href":"https:\/\/velipost.com\/index.php?rest_route=%2Fwp%2Fv2%2Fmedia&parent=1953"}],"wp:term":[{"taxonomy":"category","embeddable":true,"href":"https:\/\/velipost.com\/index.php?rest_route=%2Fwp%2Fv2%2Fcategories&post=1953"},{"taxonomy":"post_tag","embeddable":true,"href":"https:\/\/velipost.com\/index.php?rest_route=%2Fwp%2Fv2%2Ftags&post=1953"}],"curies":[{"name":"wp","href":"https:\/\/api.w.org\/{rel}","templated":true}]}}