{"id":1908,"date":"2024-08-27T02:42:52","date_gmt":"2024-08-27T00:42:52","guid":{"rendered":"https:\/\/velipost.com\/?p=1908"},"modified":"2024-08-27T02:42:53","modified_gmt":"2024-08-27T00:42:53","slug":"ray-raymond-repond-aux-rumeurs-sur-sa-participation-au-festi-kanal","status":"publish","type":"post","link":"https:\/\/velipost.com\/?p=1908","title":{"rendered":"Ray Raymond R\u00e9pond aux Rumeurs sur sa Participation au Festi Kanal"},"content":{"rendered":"\n<p>L\u2019artiste Ray Raymond, connu sous son nom de sc\u00e8ne Henri Robert Junior Raymond, a r\u00e9cemment pris la parole pour clarifier des rumeurs circulant sur les r\u00e9seaux sociaux \u00e0 propos de sa participation au Festi Kanal, un festival musical qui doit avoir lieu \u00e0 Ouanaminthe. Dimanche 25 ao\u00fbt 2024, dans une vid\u00e9o publi\u00e9e sur son compte TikTok, Ray Raymond a tenu \u00e0 r\u00e9tablir la v\u00e9rit\u00e9 face aux all\u00e9gations affirmant qu\u2019il aurait refus\u00e9 de participer au festival en raison de sa pr\u00e9tendue nationalit\u00e9 dominicaine et de son manque d\u2019int\u00e9r\u00eat pour les \u00e9v\u00e9nements ha\u00eftiens.<\/p>\n\n\n\n<p>Ces rumeurs ont provoqu\u00e9 une forte agitation en ligne, suscitant de nombreux commentaires et sp\u00e9culations. Ray Raymond a ni\u00e9 avec v\u00e9h\u00e9mence avoir tenu de tels propos, expliquant qu&rsquo;aucun organisateur ne l\u2019avait sollicit\u00e9 pour participer au Festi Kanal. Il a \u00e9galement accus\u00e9 ceux qui diffusent ces fausses informations de vouloir simplement cr\u00e9er du scandale et de manipuler l\u2019opinion publique.<\/p>\n\n\n\n<p>En abordant la question de sa nationalit\u00e9, Ray Raymond a clarifi\u00e9 qu\u2019il a effectivement adopt\u00e9 la nationalit\u00e9 dominicaine pour des raisons professionnelles, visant \u00e0 \u00e9largir son public et \u00e0 s\u2019ouvrir \u00e0 de nouvelles opportunit\u00e9s dans l&rsquo;industrie musicale. Toutefois, il a r\u00e9it\u00e9r\u00e9 son amour et son attachement profond pour Ha\u00efti, affirmant : \u00ab\u00a0Je suis et resterai toujours fier d\u2019\u00eatre Ha\u00eftien. Mes racines sont ici, et c&rsquo;est ce pays qui a fa\u00e7onn\u00e9 mon identit\u00e9 artistique.\u00a0\u00bb Il a soulign\u00e9 que ses succ\u00e8s musicaux sont le r\u00e9sultat direct de son h\u00e9ritage ha\u00eftien et de l\u2019amour de ses fans ha\u00eftiens.<\/p>\n\n\n\n<p>L\u2019artiste a insist\u00e9 sur le fait que sa carri\u00e8re internationale et ses choix personnels ne devraient pas \u00eatre interpr\u00e9t\u00e9s comme un d\u00e9saveu de sa culture ou de son pays d\u2019origine. \u00ab\u00a0M\u00eame si je vis \u00e0 l\u2019\u00e9tranger, mon c\u0153ur et mon esprit restent li\u00e9s \u00e0 Ha\u00efti\u00a0\u00bb, a-t-il ajout\u00e9, mettant en avant l\u2019importance de la diaspora ha\u00eftienne dans sa carri\u00e8re et son \u00e9volution en tant qu\u2019artiste.<\/p>\n\n\n\n<p>Ray Raymond a conclu en appelant ses supporters et les internautes \u00e0 faire preuve de discernement et \u00e0 ne pas se laisser emporter par des rumeurs sans fondement. Il a encourag\u00e9 les gens \u00e0 v\u00e9rifier les informations avant de les partager, afin d&rsquo;\u00e9viter la propagation de fausses nouvelles qui peuvent nuire \u00e0 sa r\u00e9putation et \u00e0 celle de la communaut\u00e9 artistique ha\u00eftienne dans son ensemble.<\/p>\n\n    <div class=\"xs_social_share_widget xs_share_url after_content \t\tmain_content  wslu-style-3 wslu-share-box-shaped wslu-fill-brand-hover-colored wslu-share-m-5 wslu-none wslu-share-horizontal wslu-theme-font-no wslu-main_content\">\n\n\t\t\n        <ul>\n\t\t\t                    <li class=\"xs-share-li twitter                        wslu-no-extra-data\">\n                        <a href=\"javascript:void(0);\"\n                           id=\"xs_feed_twitter\"\n                           onclick=\"xs_social_sharer(this);\"\n                           data-pid=\"1908\"\n                           data-uri_hash=\"573017e2f70fa36b0955081f5fab04c1\"\n                           data-key=\"twitter\"\n                           data-xs-href=\"https:\/\/twitter.com\/intent\/tweet?text=Ray+Raymond+R%C3%A9pond+aux+Rumeurs+sur+sa+Participation+au+Festi+Kanal+https%3A%2F%2Fvelipost.com%2Findex.php%3Frest_route%3D%252Fwp%252Fv2%252Fposts%252F1908&amp;original_referer=https%3A%2F%2Fvelipost.com%2Findex.php%3Frest_route%3D%252Fwp%252Fv2%252Fposts%252F1908&amp;related=xpeedstudio\">\n\n                            <div class=\"xs-social-icon\">\n                                <span class=\"met-social met-social-twitter\"><\/span>\n                            <\/div>\n\n\t\t\t\t\t\t\t\n                            <div class=\"wslu-hover-content\">\n                                <div class=\"xs-social-followers\">\n\t\t\t\t\t\t\t\t\t10                                <\/div>\n                                <div class=\"xs-social-follower-text\">\n\t\t\t\t\t\t\t\t\tShare                                <\/div>\n                                <div class=\"xs-social-follower-label\">\n\t\t\t\t\t\t\t\t\tTwitter                                <\/div>\n                            <\/div>\n                        <\/a>\n                    <\/li>\n\t\t\t\t\t                    <li class=\"xs-share-li telegram                        wslu-no-extra-data\">\n                        <a href=\"javascript:void(0);\"\n                           id=\"xs_feed_telegram\"\n                           onclick=\"xs_social_sharer(this);\"\n                           data-pid=\"1908\"\n                           data-uri_hash=\"573017e2f70fa36b0955081f5fab04c1\"\n                           data-key=\"telegram\"\n                           data-xs-href=\"https:\/\/telegram.me\/share\/url?url=https%3A%2F%2Fvelipost.com%2Findex.php%3Frest_route%3D%252Fwp%252Fv2%252Fposts%252F1908&amp;text=Ray+Raymond+R%C3%A9pond+aux+Rumeurs+sur+sa+Participation+au+Festi+Kanal\">\n\n                            <div class=\"xs-social-icon\">\n                                <span class=\"met-social met-social-telegram\"><\/span>\n                            <\/div>\n\n\t\t\t\t\t\t\t\n                            <div class=\"wslu-hover-content\">\n                                <div class=\"xs-social-followers\">\n\t\t\t\t\t\t\t\t\t0                                <\/div>\n                                <div class=\"xs-social-follower-text\">\n\t\t\t\t\t\t\t\t\tShare                                <\/div>\n                                <div class=\"xs-social-follower-label\">\n\t\t\t\t\t\t\t\t\tTelegram                                <\/div>\n                            <\/div>\n                        <\/a>\n                    <\/li>\n\t\t\t\t\t                    <li class=\"xs-share-li email                        wslu-no-extra-data\">\n                        <a href=\"javascript:void(0);\"\n                           id=\"xs_feed_email\"\n                           onclick=\"xs_social_sharer(this);\"\n                           data-pid=\"1908\"\n                           data-uri_hash=\"573017e2f70fa36b0955081f5fab04c1\"\n                           data-key=\"email\"\n                           data-xs-href=\"mailto:?body=Title%3A+Ray+Raymond+R%C3%A9pond+aux+Rumeurs+sur+sa+Participation+au+Festi+Kanal+%5Cn%5Cn+URL%3A+https%3A%2F%2Fvelipost.com%2Findex.php%3Frest_route%3D%252Fwp%252Fv2%252Fposts%252F1908&amp;subject=Ray+Raymond+R%C3%A9pond+aux+Rumeurs+sur+sa+Participation+au+Festi+Kanal\">\n\n                            <div class=\"xs-social-icon\">\n                                <span class=\"met-social met-social-email\"><\/span>\n                            <\/div>\n\n\t\t\t\t\t\t\t\n                            <div class=\"wslu-hover-content\">\n                                <div class=\"xs-social-followers\">\n\t\t\t\t\t\t\t\t\t0                                <\/div>\n                                <div class=\"xs-social-follower-text\">\n\t\t\t\t\t\t\t\t\tShare                                <\/div>\n                                <div class=\"xs-social-follower-label\">\n\t\t\t\t\t\t\t\t\tEmail                                <\/div>\n                            <\/div>\n                        <\/a>\n                    <\/li>\n\t\t\t\t\t        <\/ul>\n    <\/div> \n","protected":false},"excerpt":{"rendered":"<p>L\u2019artiste Ray Raymond, connu sous son nom de sc\u00e8ne Henri Robert Junior Raymond, a r\u00e9cemment pris la parole pour clarifier des rumeurs circulant sur<\/p>\n","protected":false},"author":1,"featured_media":1909,"comment_status":"open","ping_status":"open","sticky":false,"template":"","format":"standard","meta":{"_uag_custom_page_level_css":"","footnotes":"","jetpack_publicize_message":"","jetpack_publicize_feature_enabled":true,"jetpack_social_post_already_shared":false,"jetpack_social_options":{"image_generator_settings":{"template":"highway","default_image_id":0,"font":"","enabled":false},"version":2}},"categories":[189],"tags":[],"class_list":["post-1908","post","type-post","status-publish","format-standard","has-post-thumbnail","hentry","category-musique"],"yoast_head":"<!-- This site is optimized with the Yoast SEO plugin v25.3.1 - https:\/\/yoast.com\/wordpress\/plugins\/seo\/ -->\n<title>Ray Raymond R\u00e9pond aux Rumeurs sur sa Participation au Festi Kanal &#8211; VeliPost<\/title>\n<meta name=\"robots\" content=\"index, follow, max-snippet:-1, max-image-preview:large, max-video-preview:-1\" \/>\n<link rel=\"canonical\" href=\"https:\/\/velipost.com\/?p=1908\" \/>\n<meta property=\"og:locale\" content=\"fr_FR\" \/>\n<meta property=\"og:type\" content=\"article\" \/>\n<meta property=\"og:title\" content=\"Ray Raymond R\u00e9pond aux Rumeurs sur sa Participation au Festi Kanal &#8211; VeliPost\" \/>\n<meta property=\"og:description\" content=\"L\u2019artiste Ray Raymond, connu sous son nom de sc\u00e8ne Henri Robert Junior Raymond, a r\u00e9cemment pris la parole pour clarifier des rumeurs circulant sur\" \/>\n<meta property=\"og:url\" content=\"https:\/\/velipost.com\/?p=1908\" \/>\n<meta property=\"og:site_name\" content=\"VeliPost\" \/>\n<meta property=\"article:publisher\" content=\"https:\/\/www.facebook.com\/veliposthaiti\" \/>\n<meta property=\"article:published_time\" content=\"2024-08-27T00:42:52+00:00\" \/>\n<meta property=\"article:modified_time\" content=\"2024-08-27T00:42:53+00:00\" \/>\n<meta property=\"og:image\" content=\"https:\/\/velipost.com\/wp-content\/uploads\/2024\/08\/Cover-VP.jpg\" \/>\n\t<meta property=\"og:image:width\" content=\"1170\" \/>\n\t<meta property=\"og:image:height\" content=\"603\" \/>\n\t<meta property=\"og:image:type\" content=\"image\/jpeg\" \/>\n<meta name=\"author\" content=\"VeliPost\" \/>\n<meta name=\"twitter:card\" content=\"summary_large_image\" \/>\n<meta name=\"twitter:creator\" content=\"@veliposthaiti\" \/>\n<meta name=\"twitter:site\" content=\"@veliposthaiti\" \/>\n<meta name=\"twitter:label1\" content=\"\u00c9crit par\" \/>\n\t<meta name=\"twitter:data1\" content=\"VeliPost\" \/>\n\t<meta name=\"twitter:label2\" content=\"Dur\u00e9e de lecture estim\u00e9e\" \/>\n\t<meta name=\"twitter:data2\" content=\"3 minutes\" \/>\n<script type=\"application\/ld+json\" class=\"yoast-schema-graph\">{\"@context\":\"https:\/\/schema.org\",\"@graph\":[{\"@type\":\"Article\",\"@id\":\"https:\/\/velipost.com\/?p=1908#article\",\"isPartOf\":{\"@id\":\"https:\/\/velipost.com\/?p=1908\"},\"author\":{\"name\":\"VeliPost\",\"@id\":\"https:\/\/velipost.com\/#\/schema\/person\/32ff49a53c9c1bb24302ee8ece058096\"},\"headline\":\"Ray Raymond R\u00e9pond aux Rumeurs sur sa Participation au Festi Kanal\",\"datePublished\":\"2024-08-27T00:42:52+00:00\",\"dateModified\":\"2024-08-27T00:42:53+00:00\",\"mainEntityOfPage\":{\"@id\":\"https:\/\/velipost.com\/?p=1908\"},\"wordCount\":429,\"commentCount\":0,\"publisher\":{\"@id\":\"https:\/\/velipost.com\/#organization\"},\"image\":{\"@id\":\"https:\/\/velipost.com\/?p=1908#primaryimage\"},\"thumbnailUrl\":\"https:\/\/velipost.com\/wp-content\/uploads\/2024\/08\/Cover-VP.jpg\",\"articleSection\":[\"Musique\"],\"inLanguage\":\"fr-FR\",\"potentialAction\":[{\"@type\":\"CommentAction\",\"name\":\"Comment\",\"target\":[\"https:\/\/velipost.com\/?p=1908#respond\"]}]},{\"@type\":\"WebPage\",\"@id\":\"https:\/\/velipost.com\/?p=1908\",\"url\":\"https:\/\/velipost.com\/?p=1908\",\"name\":\"Ray Raymond R\u00e9pond aux Rumeurs sur sa Participation au Festi Kanal &#8211; VeliPost\",\"isPartOf\":{\"@id\":\"https:\/\/velipost.com\/#website\"},\"primaryImageOfPage\":{\"@id\":\"https:\/\/velipost.com\/?p=1908#primaryimage\"},\"image\":{\"@id\":\"https:\/\/velipost.com\/?p=1908#primaryimage\"},\"thumbnailUrl\":\"https:\/\/velipost.com\/wp-content\/uploads\/2024\/08\/Cover-VP.jpg\",\"datePublished\":\"2024-08-27T00:42:52+00:00\",\"dateModified\":\"2024-08-27T00:42:53+00:00\",\"breadcrumb\":{\"@id\":\"https:\/\/velipost.com\/?p=1908#breadcrumb\"},\"inLanguage\":\"fr-FR\",\"potentialAction\":[{\"@type\":\"ReadAction\",\"target\":[\"https:\/\/velipost.com\/?p=1908\"]}]},{\"@type\":\"ImageObject\",\"inLanguage\":\"fr-FR\",\"@id\":\"https:\/\/velipost.com\/?p=1908#primaryimage\",\"url\":\"https:\/\/velipost.com\/wp-content\/uploads\/2024\/08\/Cover-VP.jpg\",\"contentUrl\":\"https:\/\/velipost.com\/wp-content\/uploads\/2024\/08\/Cover-VP.jpg\",\"width\":1170,\"height\":603},{\"@type\":\"BreadcrumbList\",\"@id\":\"https:\/\/velipost.com\/?p=1908#breadcrumb\",\"itemListElement\":[{\"@type\":\"ListItem\",\"position\":1,\"name\":\"Accueil\",\"item\":\"https:\/\/velipost.com\/\"},{\"@type\":\"ListItem\",\"position\":2,\"name\":\"Ray Raymond R\u00e9pond aux Rumeurs sur sa Participation au Festi Kanal\"}]},{\"@type\":\"WebSite\",\"@id\":\"https:\/\/velipost.com\/#website\",\"url\":\"https:\/\/velipost.com\/\",\"name\":\"VeliPost\",\"description\":\"L\u2019info en un clic\",\"publisher\":{\"@id\":\"https:\/\/velipost.com\/#organization\"},\"potentialAction\":[{\"@type\":\"SearchAction\",\"target\":{\"@type\":\"EntryPoint\",\"urlTemplate\":\"https:\/\/velipost.com\/?s={search_term_string}\"},\"query-input\":{\"@type\":\"PropertyValueSpecification\",\"valueRequired\":true,\"valueName\":\"search_term_string\"}}],\"inLanguage\":\"fr-FR\"},{\"@type\":\"Organization\",\"@id\":\"https:\/\/velipost.com\/#organization\",\"name\":\"VeliPost\",\"url\":\"https:\/\/velipost.com\/\",\"logo\":{\"@type\":\"ImageObject\",\"inLanguage\":\"fr-FR\",\"@id\":\"https:\/\/velipost.com\/#\/schema\/logo\/image\/\",\"url\":\"https:\/\/velipost.com\/wp-content\/uploads\/2024\/08\/cropped-VP-logo-piti.png\",\"contentUrl\":\"https:\/\/velipost.com\/wp-content\/uploads\/2024\/08\/cropped-VP-logo-piti.png\",\"width\":201,\"height\":69,\"caption\":\"VeliPost\"},\"image\":{\"@id\":\"https:\/\/velipost.com\/#\/schema\/logo\/image\/\"},\"sameAs\":[\"https:\/\/www.facebook.com\/veliposthaiti\",\"https:\/\/x.com\/veliposthaiti\",\"https:\/\/www.instagram.com\/veliposthaiti\"]},{\"@type\":\"Person\",\"@id\":\"https:\/\/velipost.com\/#\/schema\/person\/32ff49a53c9c1bb24302ee8ece058096\",\"name\":\"VeliPost\",\"image\":{\"@type\":\"ImageObject\",\"inLanguage\":\"fr-FR\",\"@id\":\"https:\/\/velipost.com\/#\/schema\/person\/image\/\",\"url\":\"https:\/\/secure.gravatar.com\/avatar\/57c226c264de62f794185a89596d4a37b85a5ad20aca30d9d5a478b27d8c8d9d?s=96&d=mm&r=g\",\"contentUrl\":\"https:\/\/secure.gravatar.com\/avatar\/57c226c264de62f794185a89596d4a37b85a5ad20aca30d9d5a478b27d8c8d9d?s=96&d=mm&r=g\",\"caption\":\"VeliPost\"},\"sameAs\":[\"https:\/\/velipost.com\"],\"url\":\"https:\/\/velipost.com\/?author=1\"}]}<\/script>\n<!-- \/ Yoast SEO plugin. -->","yoast_head_json":{"title":"Ray Raymond R\u00e9pond aux Rumeurs sur sa Participation au Festi Kanal &#8211; VeliPost","robots":{"index":"index","follow":"follow","max-snippet":"max-snippet:-1","max-image-preview":"max-image-preview:large","max-video-preview":"max-video-preview:-1"},"canonical":"https:\/\/velipost.com\/?p=1908","og_locale":"fr_FR","og_type":"article","og_title":"Ray Raymond R\u00e9pond aux Rumeurs sur sa Participation au Festi Kanal &#8211; VeliPost","og_description":"L\u2019artiste Ray Raymond, connu sous son nom de sc\u00e8ne Henri Robert Junior Raymond, a r\u00e9cemment pris la parole pour clarifier des rumeurs circulant sur","og_url":"https:\/\/velipost.com\/?p=1908","og_site_name":"VeliPost","article_publisher":"https:\/\/www.facebook.com\/veliposthaiti","article_published_time":"2024-08-27T00:42:52+00:00","article_modified_time":"2024-08-27T00:42:53+00:00","og_image":[{"width":1170,"height":603,"url":"https:\/\/velipost.com\/wp-content\/uploads\/2024\/08\/Cover-VP.jpg","type":"image\/jpeg"}],"author":"VeliPost","twitter_card":"summary_large_image","twitter_creator":"@veliposthaiti","twitter_site":"@veliposthaiti","twitter_misc":{"\u00c9crit par":"VeliPost","Dur\u00e9e de lecture estim\u00e9e":"3 minutes"},"schema":{"@context":"https:\/\/schema.org","@graph":[{"@type":"Article","@id":"https:\/\/velipost.com\/?p=1908#article","isPartOf":{"@id":"https:\/\/velipost.com\/?p=1908"},"author":{"name":"VeliPost","@id":"https:\/\/velipost.com\/#\/schema\/person\/32ff49a53c9c1bb24302ee8ece058096"},"headline":"Ray Raymond R\u00e9pond aux Rumeurs sur sa Participation au Festi Kanal","datePublished":"2024-08-27T00:42:52+00:00","dateModified":"2024-08-27T00:42:53+00:00","mainEntityOfPage":{"@id":"https:\/\/velipost.com\/?p=1908"},"wordCount":429,"commentCount":0,"publisher":{"@id":"https:\/\/velipost.com\/#organization"},"image":{"@id":"https:\/\/velipost.com\/?p=1908#primaryimage"},"thumbnailUrl":"https:\/\/velipost.com\/wp-content\/uploads\/2024\/08\/Cover-VP.jpg","articleSection":["Musique"],"inLanguage":"fr-FR","potentialAction":[{"@type":"CommentAction","name":"Comment","target":["https:\/\/velipost.com\/?p=1908#respond"]}]},{"@type":"WebPage","@id":"https:\/\/velipost.com\/?p=1908","url":"https:\/\/velipost.com\/?p=1908","name":"Ray Raymond R\u00e9pond aux Rumeurs sur sa Participation au Festi Kanal &#8211; VeliPost","isPartOf":{"@id":"https:\/\/velipost.com\/#website"},"primaryImageOfPage":{"@id":"https:\/\/velipost.com\/?p=1908#primaryimage"},"image":{"@id":"https:\/\/velipost.com\/?p=1908#primaryimage"},"thumbnailUrl":"https:\/\/velipost.com\/wp-content\/uploads\/2024\/08\/Cover-VP.jpg","datePublished":"2024-08-27T00:42:52+00:00","dateModified":"2024-08-27T00:42:53+00:00","breadcrumb":{"@id":"https:\/\/velipost.com\/?p=1908#breadcrumb"},"inLanguage":"fr-FR","potentialAction":[{"@type":"ReadAction","target":["https:\/\/velipost.com\/?p=1908"]}]},{"@type":"ImageObject","inLanguage":"fr-FR","@id":"https:\/\/velipost.com\/?p=1908#primaryimage","url":"https:\/\/velipost.com\/wp-content\/uploads\/2024\/08\/Cover-VP.jpg","contentUrl":"https:\/\/velipost.com\/wp-content\/uploads\/2024\/08\/Cover-VP.jpg","width":1170,"height":603},{"@type":"BreadcrumbList","@id":"https:\/\/velipost.com\/?p=1908#breadcrumb","itemListElement":[{"@type":"ListItem","position":1,"name":"Accueil","item":"https:\/\/velipost.com\/"},{"@type":"ListItem","position":2,"name":"Ray Raymond R\u00e9pond aux Rumeurs sur sa Participation au Festi Kanal"}]},{"@type":"WebSite","@id":"https:\/\/velipost.com\/#website","url":"https:\/\/velipost.com\/","name":"VeliPost","description":"L\u2019info en un clic","publisher":{"@id":"https:\/\/velipost.com\/#organization"},"potentialAction":[{"@type":"SearchAction","target":{"@type":"EntryPoint","urlTemplate":"https:\/\/velipost.com\/?s={search_term_string}"},"query-input":{"@type":"PropertyValueSpecification","valueRequired":true,"valueName":"search_term_string"}}],"inLanguage":"fr-FR"},{"@type":"Organization","@id":"https:\/\/velipost.com\/#organization","name":"VeliPost","url":"https:\/\/velipost.com\/","logo":{"@type":"ImageObject","inLanguage":"fr-FR","@id":"https:\/\/velipost.com\/#\/schema\/logo\/image\/","url":"https:\/\/velipost.com\/wp-content\/uploads\/2024\/08\/cropped-VP-logo-piti.png","contentUrl":"https:\/\/velipost.com\/wp-content\/uploads\/2024\/08\/cropped-VP-logo-piti.png","width":201,"height":69,"caption":"VeliPost"},"image":{"@id":"https:\/\/velipost.com\/#\/schema\/logo\/image\/"},"sameAs":["https:\/\/www.facebook.com\/veliposthaiti","https:\/\/x.com\/veliposthaiti","https:\/\/www.instagram.com\/veliposthaiti"]},{"@type":"Person","@id":"https:\/\/velipost.com\/#\/schema\/person\/32ff49a53c9c1bb24302ee8ece058096","name":"VeliPost","image":{"@type":"ImageObject","inLanguage":"fr-FR","@id":"https:\/\/velipost.com\/#\/schema\/person\/image\/","url":"https:\/\/secure.gravatar.com\/avatar\/57c226c264de62f794185a89596d4a37b85a5ad20aca30d9d5a478b27d8c8d9d?s=96&d=mm&r=g","contentUrl":"https:\/\/secure.gravatar.com\/avatar\/57c226c264de62f794185a89596d4a37b85a5ad20aca30d9d5a478b27d8c8d9d?s=96&d=mm&r=g","caption":"VeliPost"},"sameAs":["https:\/\/velipost.com"],"url":"https:\/\/velipost.com\/?author=1"}]}},"views":1,"jetpack_publicize_connections":[],"uagb_featured_image_src":{"full":["https:\/\/velipost.com\/wp-content\/uploads\/2024\/08\/Cover-VP.jpg",1170,603,false],"thumbnail":["https:\/\/velipost.com\/wp-content\/uploads\/2024\/08\/Cover-VP-150x150.jpg",150,150,true],"medium":["https:\/\/velipost.com\/wp-content\/uploads\/2024\/08\/Cover-VP-300x155.jpg",300,155,true],"medium_large":["https:\/\/velipost.com\/wp-content\/uploads\/2024\/08\/Cover-VP-768x396.jpg",715,369,true],"large":["https:\/\/velipost.com\/wp-content\/uploads\/2024\/08\/Cover-VP-1024x528.jpg",715,369,true],"1536x1536":["https:\/\/velipost.com\/wp-content\/uploads\/2024\/08\/Cover-VP.jpg",1170,603,false],"2048x2048":["https:\/\/velipost.com\/wp-content\/uploads\/2024\/08\/Cover-VP.jpg",1170,603,false],"colornews-big-slider":["https:\/\/velipost.com\/wp-content\/uploads\/2024\/08\/Cover-VP-1070x470.jpg",1070,470,true],"colornews-big-slider-thumb":["https:\/\/velipost.com\/wp-content\/uploads\/2024\/08\/Cover-VP-184x109.jpg",184,109,true],"colornews-featured-post-medium":["https:\/\/velipost.com\/wp-content\/uploads\/2024\/08\/Cover-VP-345x265.jpg",345,265,true],"colornews-featured-post-small":["https:\/\/velipost.com\/wp-content\/uploads\/2024\/08\/Cover-VP-115x73.jpg",115,73,true],"colornews-random-posts":["https:\/\/velipost.com\/wp-content\/uploads\/2024\/08\/Cover-VP-215x215.jpg",215,215,true],"colornews-featured-image":["https:\/\/velipost.com\/wp-content\/uploads\/2024\/08\/Cover-VP-715x400.jpg",715,400,true],"mailpoet_newsletter_max":["https:\/\/velipost.com\/wp-content\/uploads\/2024\/08\/Cover-VP.jpg",1170,603,false]},"uagb_author_info":{"display_name":"VeliPost","author_link":"https:\/\/velipost.com\/?author=1"},"uagb_comment_info":0,"uagb_excerpt":"L\u2019artiste Ray Raymond, connu sous son nom de sc\u00e8ne Henri Robert Junior Raymond, a r\u00e9cemment pris la parole pour clarifier des rumeurs circulant sur","_links":{"self":[{"href":"https:\/\/velipost.com\/index.php?rest_route=\/wp\/v2\/posts\/1908","targetHints":{"allow":["GET"]}}],"collection":[{"href":"https:\/\/velipost.com\/index.php?rest_route=\/wp\/v2\/posts"}],"about":[{"href":"https:\/\/velipost.com\/index.php?rest_route=\/wp\/v2\/types\/post"}],"author":[{"embeddable":true,"href":"https:\/\/velipost.com\/index.php?rest_route=\/wp\/v2\/users\/1"}],"replies":[{"embeddable":true,"href":"https:\/\/velipost.com\/index.php?rest_route=%2Fwp%2Fv2%2Fcomments&post=1908"}],"version-history":[{"count":1,"href":"https:\/\/velipost.com\/index.php?rest_route=\/wp\/v2\/posts\/1908\/revisions"}],"predecessor-version":[{"id":1910,"href":"https:\/\/velipost.com\/index.php?rest_route=\/wp\/v2\/posts\/1908\/revisions\/1910"}],"wp:featuredmedia":[{"embeddable":true,"href":"https:\/\/velipost.com\/index.php?rest_route=\/wp\/v2\/media\/1909"}],"wp:attachment":[{"href":"https:\/\/velipost.com\/index.php?rest_route=%2Fwp%2Fv2%2Fmedia&parent=1908"}],"wp:term":[{"taxonomy":"category","embeddable":true,"href":"https:\/\/velipost.com\/index.php?rest_route=%2Fwp%2Fv2%2Fcategories&post=1908"},{"taxonomy":"post_tag","embeddable":true,"href":"https:\/\/velipost.com\/index.php?rest_route=%2Fwp%2Fv2%2Ftags&post=1908"}],"curies":[{"name":"wp","href":"https:\/\/api.w.org\/{rel}","templated":true}]}}