{"id":1899,"date":"2024-08-25T21:45:08","date_gmt":"2024-08-25T19:45:08","guid":{"rendered":"https:\/\/velipost.com\/?p=1899"},"modified":"2024-08-25T21:45:08","modified_gmt":"2024-08-25T19:45:08","slug":"real-madrid-endrick-volo-vedet-la-nan-men-mbappe","status":"publish","type":"post","link":"https:\/\/velipost.com\/?p=1899","title":{"rendered":"Real Madrid : Endrick v\u00f2l\u00f2 ved\u00e8t la nan men Mbapp\u00e9 !"},"content":{"rendered":"\n<p>Apre yon k\u00f2mansman difisil ak Real Madrid, Kylian Mbapp\u00e9 te gen anpil atant pou premye match li nan Santiago-Bernabeu kont Valladolid dimanch sa a. Malerezman, pandan yon p\u00e8f\u00f2mans ki te manke enspirasyon, kapt\u00e8n ekip franse a te w\u00e8 ramplasan li, Endrick, f\u00e8 diferans lan nan k\u00e8k minit s\u00e8lman\u2026<\/p>\n\n\n\n<p>Depi li te rive nan Real Madrid, tout je yo brake sou li. Sa a se yon reyalite nou ka aplike pou Kylian Mbapp\u00e9 ak Endrick tou. Apre anpil ane av\u00e8k yon istwa ki te souvan f\u00e8 tit nan lapr\u00e8s ent\u00e8nasyonal la, atakan franse a 25 lane te rive nan kapital espany\u00f2l la tou klere sezon sa a. Depi l\u00e8 sa a, chak mouvman li yo ap suiv ak anpil atansyon pa tout moun ki renmen foutb\u00f2l la. Sou teren an, relasyon an te k\u00f2manse de pi bon fason. Nan final Sip\u00e8koup Ewopeyen an kont Atalanta Bergame, jw\u00e8 frans\u00e8 a te f\u00e8 premye g\u00f2l li sou yon pas Jude Bellingham. Men, malgre optimis la, k\u00f2mansman li nan Liga te pi kontras. Timid pou premye li sou t\u00e8 Majorque, KM9 te espere anpil pou dimanch sa a kont Valladolid.<\/p>\n\n\n\n<p>Pou premye li nan Santiago-Bernabeu, Mbapp\u00e9 pa t reponn a atant yo. L\u00e8 l ap jwe nan atak ansanm ak Vinicius Junior ak Rodrygo, frans\u00e8 a pa t ka f\u00e8 gwo diferans ofansivman. Li te souvan kite aks lan pou ale b\u00f2 g\u00f2ch oswa dwa. Nan fas g\u00f2l la, ansyen Parizyen an poko nan bon nivo. Apre k\u00e8k es\u00e8, tankou yon rekiperasyon g\u00f2l ki te enteresan ak yon \u00ab\u00a0Madjer\u00a0\u00bb nan premye pery\u00f2d la, Mbapp\u00e9 te vin menm pi plis disr\u00e8 apre ent\u00e8val la. Finalman, s\u00e8l okazyon li te genyen nan dezy\u00e8m pery\u00f2d la te yon tir ekst\u00e8n ki totalman rate (86e). Depi kounye a, se de match youn apre l\u00f2t kote Kylian Mbapp\u00e9 pa t desizif, yon premye fwa nan kary\u00e8 li.<\/p>\n\n\n\n<p>Antre Endrick la te totalman eklipse p\u00e8f\u00f2mans Mbapp\u00e9. Vr\u00e8man, pandan Brahim Diaz te make rapidman apre chwa taktik f\u00f2 Carlo Ancelotti, remplase Mbapp\u00e9 a, Endrick, te f\u00e8 bri sa a. Br\u00e8zilyen an te montre sa frans\u00e8 a pa t ka f\u00e8: pran pwofond\u00e8 pou mete presyon sou Valladolid. Li te f\u00e8 gwo enpresyon ak premye tir li a ak yon anch\u00e8nman klas. Nan 10 minit li te jwe, Endrick te v\u00f2l\u00f2 ved\u00e8t la ak yon b\u00e8l p\u00e8f\u00f2mans nan Santiago-Bernabeu. Malgre yo te f\u00e8 lwanj Endrick, medya Espay\u00f2l yo ap konpare li ak Mbapp\u00e9.<\/p>\n\n\n\n<p>Fede Valverde ak Carlo Ancelotti te f\u00e8 gwo lwanj pou j\u00e8n jw\u00e8 a. Valverde te di \u00ab\u00a0<em>Endrick merite tout\u00a0\u00bb men li bezwen \u00ab\u00a0kontinye travay di,<\/em>\u00a0\u00bb pandan Ancelotti te f\u00e8 konnen \u00ab\u00a0<em>Li gen yon gwo potansy\u00e8l, li te montre kapasite li nan sitiyasyon g\u00f2l la. Li vit nan kontw\u00f2l li, pwisan nan fini. Li se yon avanse, li tr\u00e8, tr\u00e8 danjere nan espas etwat.<\/em>\u00a0\u00bb Brahim Diaz, ki te make tou apre s\u00f2ti Mbapp\u00e9, te di li kontan jwe ak j\u00e8n ko\u00e8kipi\u00e8 li a. Li pa bliye Mbapp\u00e9: \u00ab\u00a0Endrick dwe m yon dine, li di m. Li frape balon an ak tou de pye. Nou kontan anpil pou genyen li.<\/p>\n\n    <div class=\"xs_social_share_widget xs_share_url after_content \t\tmain_content  wslu-style-3 wslu-share-box-shaped wslu-fill-brand-hover-colored wslu-share-m-5 wslu-none wslu-share-horizontal wslu-theme-font-no wslu-main_content\">\n\n\t\t\n        <ul>\n\t\t\t                    <li class=\"xs-share-li twitter                        wslu-no-extra-data\">\n                        <a href=\"javascript:void(0);\"\n                           id=\"xs_feed_twitter\"\n                           onclick=\"xs_social_sharer(this);\"\n                           data-pid=\"1899\"\n                           data-uri_hash=\"b4b03189ef29420715b2c52327b6920f\"\n                           data-key=\"twitter\"\n                           data-xs-href=\"https:\/\/twitter.com\/intent\/tweet?text=Real+Madrid+%3A+Endrick+v%C3%B2l%C3%B2+ved%C3%A8t+la+nan+men+Mbapp%C3%A9+%21+https%3A%2F%2Fvelipost.com%2Findex.php%3Frest_route%3D%252Fwp%252Fv2%252Fposts%252F1899&amp;original_referer=https%3A%2F%2Fvelipost.com%2Findex.php%3Frest_route%3D%252Fwp%252Fv2%252Fposts%252F1899&amp;related=xpeedstudio\">\n\n                            <div class=\"xs-social-icon\">\n                                <span class=\"met-social met-social-twitter\"><\/span>\n                            <\/div>\n\n\t\t\t\t\t\t\t\n                            <div class=\"wslu-hover-content\">\n                                <div class=\"xs-social-followers\">\n\t\t\t\t\t\t\t\t\t10                                <\/div>\n                                <div class=\"xs-social-follower-text\">\n\t\t\t\t\t\t\t\t\tShare                                <\/div>\n                                <div class=\"xs-social-follower-label\">\n\t\t\t\t\t\t\t\t\tTwitter                                <\/div>\n                            <\/div>\n                        <\/a>\n                    <\/li>\n\t\t\t\t\t                    <li class=\"xs-share-li telegram                        wslu-no-extra-data\">\n                        <a href=\"javascript:void(0);\"\n                           id=\"xs_feed_telegram\"\n                           onclick=\"xs_social_sharer(this);\"\n                           data-pid=\"1899\"\n                           data-uri_hash=\"b4b03189ef29420715b2c52327b6920f\"\n                           data-key=\"telegram\"\n                           data-xs-href=\"https:\/\/telegram.me\/share\/url?url=https%3A%2F%2Fvelipost.com%2Findex.php%3Frest_route%3D%252Fwp%252Fv2%252Fposts%252F1899&amp;text=Real+Madrid+%3A+Endrick+v%C3%B2l%C3%B2+ved%C3%A8t+la+nan+men+Mbapp%C3%A9+%21\">\n\n                            <div class=\"xs-social-icon\">\n                                <span class=\"met-social met-social-telegram\"><\/span>\n                            <\/div>\n\n\t\t\t\t\t\t\t\n                            <div class=\"wslu-hover-content\">\n                                <div class=\"xs-social-followers\">\n\t\t\t\t\t\t\t\t\t0                                <\/div>\n                                <div class=\"xs-social-follower-text\">\n\t\t\t\t\t\t\t\t\tShare                                <\/div>\n                                <div class=\"xs-social-follower-label\">\n\t\t\t\t\t\t\t\t\tTelegram                                <\/div>\n                            <\/div>\n                        <\/a>\n                    <\/li>\n\t\t\t\t\t                    <li class=\"xs-share-li email                        wslu-no-extra-data\">\n                        <a href=\"javascript:void(0);\"\n                           id=\"xs_feed_email\"\n                           onclick=\"xs_social_sharer(this);\"\n                           data-pid=\"1899\"\n                           data-uri_hash=\"b4b03189ef29420715b2c52327b6920f\"\n                           data-key=\"email\"\n                           data-xs-href=\"mailto:?body=Title%3A+Real+Madrid+%3A+Endrick+v%C3%B2l%C3%B2+ved%C3%A8t+la+nan+men+Mbapp%C3%A9+%21+%5Cn%5Cn+URL%3A+https%3A%2F%2Fvelipost.com%2Findex.php%3Frest_route%3D%252Fwp%252Fv2%252Fposts%252F1899&amp;subject=Real+Madrid+%3A+Endrick+v%C3%B2l%C3%B2+ved%C3%A8t+la+nan+men+Mbapp%C3%A9+%21\">\n\n                            <div class=\"xs-social-icon\">\n                                <span class=\"met-social met-social-email\"><\/span>\n                            <\/div>\n\n\t\t\t\t\t\t\t\n                            <div class=\"wslu-hover-content\">\n                                <div class=\"xs-social-followers\">\n\t\t\t\t\t\t\t\t\t0                                <\/div>\n                                <div class=\"xs-social-follower-text\">\n\t\t\t\t\t\t\t\t\tShare                                <\/div>\n                                <div class=\"xs-social-follower-label\">\n\t\t\t\t\t\t\t\t\tEmail                                <\/div>\n                            <\/div>\n                        <\/a>\n                    <\/li>\n\t\t\t\t\t        <\/ul>\n    <\/div> \n","protected":false},"excerpt":{"rendered":"<p>Apre yon k\u00f2mansman difisil ak Real Madrid, Kylian Mbapp\u00e9 te gen anpil atant pou premye match li nan Santiago-Bernabeu kont Valladolid dimanch sa a.<\/p>\n","protected":false},"author":1,"featured_media":1900,"comment_status":"open","ping_status":"open","sticky":false,"template":"","format":"standard","meta":{"_uag_custom_page_level_css":"","footnotes":"","jetpack_publicize_message":"","jetpack_publicize_feature_enabled":true,"jetpack_social_post_already_shared":false,"jetpack_social_options":{"image_generator_settings":{"template":"highway","default_image_id":0,"font":"","enabled":false},"version":2}},"categories":[6],"tags":[],"class_list":["post-1899","post","type-post","status-publish","format-standard","has-post-thumbnail","hentry","category-sport"],"yoast_head":"<!-- This site is optimized with the Yoast SEO plugin v25.3.1 - https:\/\/yoast.com\/wordpress\/plugins\/seo\/ -->\n<title>Real Madrid : Endrick v\u00f2l\u00f2 ved\u00e8t la nan men Mbapp\u00e9 ! &#8211; VeliPost<\/title>\n<meta name=\"robots\" content=\"index, follow, max-snippet:-1, max-image-preview:large, max-video-preview:-1\" \/>\n<link rel=\"canonical\" href=\"https:\/\/velipost.com\/?p=1899\" \/>\n<meta property=\"og:locale\" content=\"fr_FR\" \/>\n<meta property=\"og:type\" content=\"article\" \/>\n<meta property=\"og:title\" content=\"Real Madrid : Endrick v\u00f2l\u00f2 ved\u00e8t la nan men Mbapp\u00e9 ! &#8211; VeliPost\" \/>\n<meta property=\"og:description\" content=\"Apre yon k\u00f2mansman difisil ak Real Madrid, Kylian Mbapp\u00e9 te gen anpil atant pou premye match li nan Santiago-Bernabeu kont Valladolid dimanch sa a.\" \/>\n<meta property=\"og:url\" content=\"https:\/\/velipost.com\/?p=1899\" \/>\n<meta property=\"og:site_name\" content=\"VeliPost\" \/>\n<meta property=\"article:publisher\" content=\"https:\/\/www.facebook.com\/veliposthaiti\" \/>\n<meta property=\"article:published_time\" content=\"2024-08-25T19:45:08+00:00\" \/>\n<meta property=\"og:image\" content=\"https:\/\/velipost.com\/wp-content\/uploads\/2024\/08\/ENDRICK-\ud83c\udde7\ud83c\uddf7X-MBAPPE.jpg\" \/>\n\t<meta property=\"og:image:width\" content=\"1170\" \/>\n\t<meta property=\"og:image:height\" content=\"603\" \/>\n\t<meta property=\"og:image:type\" content=\"image\/jpeg\" \/>\n<meta name=\"author\" content=\"VeliPost\" \/>\n<meta name=\"twitter:card\" content=\"summary_large_image\" \/>\n<meta name=\"twitter:creator\" content=\"@veliposthaiti\" \/>\n<meta name=\"twitter:site\" content=\"@veliposthaiti\" \/>\n<meta name=\"twitter:label1\" content=\"\u00c9crit par\" \/>\n\t<meta name=\"twitter:data1\" content=\"VeliPost\" \/>\n\t<meta name=\"twitter:label2\" content=\"Dur\u00e9e de lecture estim\u00e9e\" \/>\n\t<meta name=\"twitter:data2\" content=\"3 minutes\" \/>\n<script type=\"application\/ld+json\" class=\"yoast-schema-graph\">{\"@context\":\"https:\/\/schema.org\",\"@graph\":[{\"@type\":\"Article\",\"@id\":\"https:\/\/velipost.com\/?p=1899#article\",\"isPartOf\":{\"@id\":\"https:\/\/velipost.com\/?p=1899\"},\"author\":{\"name\":\"VeliPost\",\"@id\":\"https:\/\/velipost.com\/#\/schema\/person\/32ff49a53c9c1bb24302ee8ece058096\"},\"headline\":\"Real Madrid : Endrick v\u00f2l\u00f2 ved\u00e8t la nan men Mbapp\u00e9 !\",\"datePublished\":\"2024-08-25T19:45:08+00:00\",\"mainEntityOfPage\":{\"@id\":\"https:\/\/velipost.com\/?p=1899\"},\"wordCount\":562,\"commentCount\":0,\"publisher\":{\"@id\":\"https:\/\/velipost.com\/#organization\"},\"image\":{\"@id\":\"https:\/\/velipost.com\/?p=1899#primaryimage\"},\"thumbnailUrl\":\"https:\/\/velipost.com\/wp-content\/uploads\/2024\/08\/ENDRICK-\ud83c\udde7\ud83c\uddf7X-MBAPPE.jpg\",\"articleSection\":[\"Sport\"],\"inLanguage\":\"fr-FR\",\"potentialAction\":[{\"@type\":\"CommentAction\",\"name\":\"Comment\",\"target\":[\"https:\/\/velipost.com\/?p=1899#respond\"]}]},{\"@type\":\"WebPage\",\"@id\":\"https:\/\/velipost.com\/?p=1899\",\"url\":\"https:\/\/velipost.com\/?p=1899\",\"name\":\"Real Madrid : Endrick v\u00f2l\u00f2 ved\u00e8t la nan men Mbapp\u00e9 ! &#8211; VeliPost\",\"isPartOf\":{\"@id\":\"https:\/\/velipost.com\/#website\"},\"primaryImageOfPage\":{\"@id\":\"https:\/\/velipost.com\/?p=1899#primaryimage\"},\"image\":{\"@id\":\"https:\/\/velipost.com\/?p=1899#primaryimage\"},\"thumbnailUrl\":\"https:\/\/velipost.com\/wp-content\/uploads\/2024\/08\/ENDRICK-\ud83c\udde7\ud83c\uddf7X-MBAPPE.jpg\",\"datePublished\":\"2024-08-25T19:45:08+00:00\",\"breadcrumb\":{\"@id\":\"https:\/\/velipost.com\/?p=1899#breadcrumb\"},\"inLanguage\":\"fr-FR\",\"potentialAction\":[{\"@type\":\"ReadAction\",\"target\":[\"https:\/\/velipost.com\/?p=1899\"]}]},{\"@type\":\"ImageObject\",\"inLanguage\":\"fr-FR\",\"@id\":\"https:\/\/velipost.com\/?p=1899#primaryimage\",\"url\":\"https:\/\/velipost.com\/wp-content\/uploads\/2024\/08\/ENDRICK-\ud83c\udde7\ud83c\uddf7X-MBAPPE.jpg\",\"contentUrl\":\"https:\/\/velipost.com\/wp-content\/uploads\/2024\/08\/ENDRICK-\ud83c\udde7\ud83c\uddf7X-MBAPPE.jpg\",\"width\":1170,\"height\":603},{\"@type\":\"BreadcrumbList\",\"@id\":\"https:\/\/velipost.com\/?p=1899#breadcrumb\",\"itemListElement\":[{\"@type\":\"ListItem\",\"position\":1,\"name\":\"Accueil\",\"item\":\"https:\/\/velipost.com\/\"},{\"@type\":\"ListItem\",\"position\":2,\"name\":\"Real Madrid : Endrick v\u00f2l\u00f2 ved\u00e8t la nan men Mbapp\u00e9 !\"}]},{\"@type\":\"WebSite\",\"@id\":\"https:\/\/velipost.com\/#website\",\"url\":\"https:\/\/velipost.com\/\",\"name\":\"VeliPost\",\"description\":\"L\u2019info en un clic\",\"publisher\":{\"@id\":\"https:\/\/velipost.com\/#organization\"},\"potentialAction\":[{\"@type\":\"SearchAction\",\"target\":{\"@type\":\"EntryPoint\",\"urlTemplate\":\"https:\/\/velipost.com\/?s={search_term_string}\"},\"query-input\":{\"@type\":\"PropertyValueSpecification\",\"valueRequired\":true,\"valueName\":\"search_term_string\"}}],\"inLanguage\":\"fr-FR\"},{\"@type\":\"Organization\",\"@id\":\"https:\/\/velipost.com\/#organization\",\"name\":\"VeliPost\",\"url\":\"https:\/\/velipost.com\/\",\"logo\":{\"@type\":\"ImageObject\",\"inLanguage\":\"fr-FR\",\"@id\":\"https:\/\/velipost.com\/#\/schema\/logo\/image\/\",\"url\":\"https:\/\/velipost.com\/wp-content\/uploads\/2024\/08\/cropped-VP-logo-piti.png\",\"contentUrl\":\"https:\/\/velipost.com\/wp-content\/uploads\/2024\/08\/cropped-VP-logo-piti.png\",\"width\":201,\"height\":69,\"caption\":\"VeliPost\"},\"image\":{\"@id\":\"https:\/\/velipost.com\/#\/schema\/logo\/image\/\"},\"sameAs\":[\"https:\/\/www.facebook.com\/veliposthaiti\",\"https:\/\/x.com\/veliposthaiti\",\"https:\/\/www.instagram.com\/veliposthaiti\"]},{\"@type\":\"Person\",\"@id\":\"https:\/\/velipost.com\/#\/schema\/person\/32ff49a53c9c1bb24302ee8ece058096\",\"name\":\"VeliPost\",\"image\":{\"@type\":\"ImageObject\",\"inLanguage\":\"fr-FR\",\"@id\":\"https:\/\/velipost.com\/#\/schema\/person\/image\/\",\"url\":\"https:\/\/secure.gravatar.com\/avatar\/57c226c264de62f794185a89596d4a37b85a5ad20aca30d9d5a478b27d8c8d9d?s=96&d=mm&r=g\",\"contentUrl\":\"https:\/\/secure.gravatar.com\/avatar\/57c226c264de62f794185a89596d4a37b85a5ad20aca30d9d5a478b27d8c8d9d?s=96&d=mm&r=g\",\"caption\":\"VeliPost\"},\"sameAs\":[\"https:\/\/velipost.com\"],\"url\":\"https:\/\/velipost.com\/?author=1\"}]}<\/script>\n<!-- \/ Yoast SEO plugin. -->","yoast_head_json":{"title":"Real Madrid : Endrick v\u00f2l\u00f2 ved\u00e8t la nan men Mbapp\u00e9 ! &#8211; VeliPost","robots":{"index":"index","follow":"follow","max-snippet":"max-snippet:-1","max-image-preview":"max-image-preview:large","max-video-preview":"max-video-preview:-1"},"canonical":"https:\/\/velipost.com\/?p=1899","og_locale":"fr_FR","og_type":"article","og_title":"Real Madrid : Endrick v\u00f2l\u00f2 ved\u00e8t la nan men Mbapp\u00e9 ! &#8211; VeliPost","og_description":"Apre yon k\u00f2mansman difisil ak Real Madrid, Kylian Mbapp\u00e9 te gen anpil atant pou premye match li nan Santiago-Bernabeu kont Valladolid dimanch sa a.","og_url":"https:\/\/velipost.com\/?p=1899","og_site_name":"VeliPost","article_publisher":"https:\/\/www.facebook.com\/veliposthaiti","article_published_time":"2024-08-25T19:45:08+00:00","og_image":[{"width":1170,"height":603,"url":"https:\/\/velipost.com\/wp-content\/uploads\/2024\/08\/ENDRICK-\ud83c\udde7\ud83c\uddf7X-MBAPPE.jpg","type":"image\/jpeg"}],"author":"VeliPost","twitter_card":"summary_large_image","twitter_creator":"@veliposthaiti","twitter_site":"@veliposthaiti","twitter_misc":{"\u00c9crit par":"VeliPost","Dur\u00e9e de lecture estim\u00e9e":"3 minutes"},"schema":{"@context":"https:\/\/schema.org","@graph":[{"@type":"Article","@id":"https:\/\/velipost.com\/?p=1899#article","isPartOf":{"@id":"https:\/\/velipost.com\/?p=1899"},"author":{"name":"VeliPost","@id":"https:\/\/velipost.com\/#\/schema\/person\/32ff49a53c9c1bb24302ee8ece058096"},"headline":"Real Madrid : Endrick v\u00f2l\u00f2 ved\u00e8t la nan men Mbapp\u00e9 !","datePublished":"2024-08-25T19:45:08+00:00","mainEntityOfPage":{"@id":"https:\/\/velipost.com\/?p=1899"},"wordCount":562,"commentCount":0,"publisher":{"@id":"https:\/\/velipost.com\/#organization"},"image":{"@id":"https:\/\/velipost.com\/?p=1899#primaryimage"},"thumbnailUrl":"https:\/\/velipost.com\/wp-content\/uploads\/2024\/08\/ENDRICK-\ud83c\udde7\ud83c\uddf7X-MBAPPE.jpg","articleSection":["Sport"],"inLanguage":"fr-FR","potentialAction":[{"@type":"CommentAction","name":"Comment","target":["https:\/\/velipost.com\/?p=1899#respond"]}]},{"@type":"WebPage","@id":"https:\/\/velipost.com\/?p=1899","url":"https:\/\/velipost.com\/?p=1899","name":"Real Madrid : Endrick v\u00f2l\u00f2 ved\u00e8t la nan men Mbapp\u00e9 ! &#8211; VeliPost","isPartOf":{"@id":"https:\/\/velipost.com\/#website"},"primaryImageOfPage":{"@id":"https:\/\/velipost.com\/?p=1899#primaryimage"},"image":{"@id":"https:\/\/velipost.com\/?p=1899#primaryimage"},"thumbnailUrl":"https:\/\/velipost.com\/wp-content\/uploads\/2024\/08\/ENDRICK-\ud83c\udde7\ud83c\uddf7X-MBAPPE.jpg","datePublished":"2024-08-25T19:45:08+00:00","breadcrumb":{"@id":"https:\/\/velipost.com\/?p=1899#breadcrumb"},"inLanguage":"fr-FR","potentialAction":[{"@type":"ReadAction","target":["https:\/\/velipost.com\/?p=1899"]}]},{"@type":"ImageObject","inLanguage":"fr-FR","@id":"https:\/\/velipost.com\/?p=1899#primaryimage","url":"https:\/\/velipost.com\/wp-content\/uploads\/2024\/08\/ENDRICK-\ud83c\udde7\ud83c\uddf7X-MBAPPE.jpg","contentUrl":"https:\/\/velipost.com\/wp-content\/uploads\/2024\/08\/ENDRICK-\ud83c\udde7\ud83c\uddf7X-MBAPPE.jpg","width":1170,"height":603},{"@type":"BreadcrumbList","@id":"https:\/\/velipost.com\/?p=1899#breadcrumb","itemListElement":[{"@type":"ListItem","position":1,"name":"Accueil","item":"https:\/\/velipost.com\/"},{"@type":"ListItem","position":2,"name":"Real Madrid : Endrick v\u00f2l\u00f2 ved\u00e8t la nan men Mbapp\u00e9 !"}]},{"@type":"WebSite","@id":"https:\/\/velipost.com\/#website","url":"https:\/\/velipost.com\/","name":"VeliPost","description":"L\u2019info en un clic","publisher":{"@id":"https:\/\/velipost.com\/#organization"},"potentialAction":[{"@type":"SearchAction","target":{"@type":"EntryPoint","urlTemplate":"https:\/\/velipost.com\/?s={search_term_string}"},"query-input":{"@type":"PropertyValueSpecification","valueRequired":true,"valueName":"search_term_string"}}],"inLanguage":"fr-FR"},{"@type":"Organization","@id":"https:\/\/velipost.com\/#organization","name":"VeliPost","url":"https:\/\/velipost.com\/","logo":{"@type":"ImageObject","inLanguage":"fr-FR","@id":"https:\/\/velipost.com\/#\/schema\/logo\/image\/","url":"https:\/\/velipost.com\/wp-content\/uploads\/2024\/08\/cropped-VP-logo-piti.png","contentUrl":"https:\/\/velipost.com\/wp-content\/uploads\/2024\/08\/cropped-VP-logo-piti.png","width":201,"height":69,"caption":"VeliPost"},"image":{"@id":"https:\/\/velipost.com\/#\/schema\/logo\/image\/"},"sameAs":["https:\/\/www.facebook.com\/veliposthaiti","https:\/\/x.com\/veliposthaiti","https:\/\/www.instagram.com\/veliposthaiti"]},{"@type":"Person","@id":"https:\/\/velipost.com\/#\/schema\/person\/32ff49a53c9c1bb24302ee8ece058096","name":"VeliPost","image":{"@type":"ImageObject","inLanguage":"fr-FR","@id":"https:\/\/velipost.com\/#\/schema\/person\/image\/","url":"https:\/\/secure.gravatar.com\/avatar\/57c226c264de62f794185a89596d4a37b85a5ad20aca30d9d5a478b27d8c8d9d?s=96&d=mm&r=g","contentUrl":"https:\/\/secure.gravatar.com\/avatar\/57c226c264de62f794185a89596d4a37b85a5ad20aca30d9d5a478b27d8c8d9d?s=96&d=mm&r=g","caption":"VeliPost"},"sameAs":["https:\/\/velipost.com"],"url":"https:\/\/velipost.com\/?author=1"}]}},"views":1,"jetpack_publicize_connections":[],"uagb_featured_image_src":{"full":["https:\/\/velipost.com\/wp-content\/uploads\/2024\/08\/ENDRICK-\ud83c\udde7\ud83c\uddf7X-MBAPPE.jpg",1170,603,false],"thumbnail":["https:\/\/velipost.com\/wp-content\/uploads\/2024\/08\/ENDRICK-\ud83c\udde7\ud83c\uddf7X-MBAPPE-150x150.jpg",150,150,true],"medium":["https:\/\/velipost.com\/wp-content\/uploads\/2024\/08\/ENDRICK-\ud83c\udde7\ud83c\uddf7X-MBAPPE-300x155.jpg",300,155,true],"medium_large":["https:\/\/velipost.com\/wp-content\/uploads\/2024\/08\/ENDRICK-\ud83c\udde7\ud83c\uddf7X-MBAPPE-768x396.jpg",715,369,true],"large":["https:\/\/velipost.com\/wp-content\/uploads\/2024\/08\/ENDRICK-\ud83c\udde7\ud83c\uddf7X-MBAPPE-1024x528.jpg",715,369,true],"1536x1536":["https:\/\/velipost.com\/wp-content\/uploads\/2024\/08\/ENDRICK-\ud83c\udde7\ud83c\uddf7X-MBAPPE.jpg",1170,603,false],"2048x2048":["https:\/\/velipost.com\/wp-content\/uploads\/2024\/08\/ENDRICK-\ud83c\udde7\ud83c\uddf7X-MBAPPE.jpg",1170,603,false],"colornews-big-slider":["https:\/\/velipost.com\/wp-content\/uploads\/2024\/08\/ENDRICK-\ud83c\udde7\ud83c\uddf7X-MBAPPE-1070x470.jpg",1070,470,true],"colornews-big-slider-thumb":["https:\/\/velipost.com\/wp-content\/uploads\/2024\/08\/ENDRICK-\ud83c\udde7\ud83c\uddf7X-MBAPPE-184x109.jpg",184,109,true],"colornews-featured-post-medium":["https:\/\/velipost.com\/wp-content\/uploads\/2024\/08\/ENDRICK-\ud83c\udde7\ud83c\uddf7X-MBAPPE-345x265.jpg",345,265,true],"colornews-featured-post-small":["https:\/\/velipost.com\/wp-content\/uploads\/2024\/08\/ENDRICK-\ud83c\udde7\ud83c\uddf7X-MBAPPE-115x73.jpg",115,73,true],"colornews-random-posts":["https:\/\/velipost.com\/wp-content\/uploads\/2024\/08\/ENDRICK-\ud83c\udde7\ud83c\uddf7X-MBAPPE-215x215.jpg",215,215,true],"colornews-featured-image":["https:\/\/velipost.com\/wp-content\/uploads\/2024\/08\/ENDRICK-\ud83c\udde7\ud83c\uddf7X-MBAPPE-715x400.jpg",715,400,true],"mailpoet_newsletter_max":["https:\/\/velipost.com\/wp-content\/uploads\/2024\/08\/ENDRICK-\ud83c\udde7\ud83c\uddf7X-MBAPPE.jpg",1170,603,false]},"uagb_author_info":{"display_name":"VeliPost","author_link":"https:\/\/velipost.com\/?author=1"},"uagb_comment_info":0,"uagb_excerpt":"Apre yon k\u00f2mansman difisil ak Real Madrid, Kylian Mbapp\u00e9 te gen anpil atant pou premye match li nan Santiago-Bernabeu kont Valladolid dimanch sa a.","_links":{"self":[{"href":"https:\/\/velipost.com\/index.php?rest_route=\/wp\/v2\/posts\/1899","targetHints":{"allow":["GET"]}}],"collection":[{"href":"https:\/\/velipost.com\/index.php?rest_route=\/wp\/v2\/posts"}],"about":[{"href":"https:\/\/velipost.com\/index.php?rest_route=\/wp\/v2\/types\/post"}],"author":[{"embeddable":true,"href":"https:\/\/velipost.com\/index.php?rest_route=\/wp\/v2\/users\/1"}],"replies":[{"embeddable":true,"href":"https:\/\/velipost.com\/index.php?rest_route=%2Fwp%2Fv2%2Fcomments&post=1899"}],"version-history":[{"count":1,"href":"https:\/\/velipost.com\/index.php?rest_route=\/wp\/v2\/posts\/1899\/revisions"}],"predecessor-version":[{"id":1901,"href":"https:\/\/velipost.com\/index.php?rest_route=\/wp\/v2\/posts\/1899\/revisions\/1901"}],"wp:featuredmedia":[{"embeddable":true,"href":"https:\/\/velipost.com\/index.php?rest_route=\/wp\/v2\/media\/1900"}],"wp:attachment":[{"href":"https:\/\/velipost.com\/index.php?rest_route=%2Fwp%2Fv2%2Fmedia&parent=1899"}],"wp:term":[{"taxonomy":"category","embeddable":true,"href":"https:\/\/velipost.com\/index.php?rest_route=%2Fwp%2Fv2%2Fcategories&post=1899"},{"taxonomy":"post_tag","embeddable":true,"href":"https:\/\/velipost.com\/index.php?rest_route=%2Fwp%2Fv2%2Ftags&post=1899"}],"curies":[{"name":"wp","href":"https:\/\/api.w.org\/{rel}","templated":true}]}}