{"id":1793,"date":"2024-08-21T04:32:41","date_gmt":"2024-08-21T02:32:41","guid":{"rendered":"https:\/\/velipost.com\/?p=1793"},"modified":"2024-08-21T04:55:52","modified_gmt":"2024-08-21T02:55:52","slug":"accusations-graves-contre-plusieurs-journalistes-pour-liens-avec-des-gangs-yvener-sylla-phanor-revele-des-noms-a-la-dcpj","status":"publish","type":"post","link":"https:\/\/velipost.com\/?p=1793","title":{"rendered":"Accusations Graves Contre Plusieurs Journalistes pour Liens avec des Gangs : Yvener Sylla Phanor R\u00e9v\u00e8le des Noms \u00e0 la DCPJ"},"content":{"rendered":"\n<p>Le journaliste Yvener Sylla Phanor, ancien employ\u00e9 de Radio T\u00e9l\u00e9 Pacifik, a \u00e9t\u00e9 arr\u00eat\u00e9 le 12 mars 2024 par la Police Nationale d&rsquo;Ha\u00efti. Depuis son arrestation, Phanor a r\u00e9v\u00e9l\u00e9 \u00e0 la Direction Centrale de la Police Judiciaire (DCPJ) les noms de plusieurs journalistes qui auraient particip\u00e9 \u00e0 des rencontres avec des gangs arm\u00e9s, notamment ceux affili\u00e9s \u00e0 la coalition \u00ab\u00a0Viv Ansanm\u00a0\u00bb. Parmi les journalistes mentionn\u00e9s, on retrouve Matiado Vilm\u00e9 de VOA Krey\u00f2l, Yvenson Jouinvil de Radio Zenit, Mackendy Victor de Radio \u00c9mancipation FM, Stanley Jaccis de Bon Zen TV, ainsi que Manno et Machann Zen Ayiti.<\/p>\n\n\n\n<p>Selon l&rsquo;enqu\u00eate de la DCPJ, Yvener Sylla Phanor aurait entretenu des connexions \u00e9troites avec les gangs de \u00ab\u00a0Viv Ansanm\u00a0\u00bb. Les autorit\u00e9s ont d\u00e9couvert des num\u00e9ros de t\u00e9l\u00e9phone appartenant \u00e0 des membres de gangs enregistr\u00e9s sur deux t\u00e9l\u00e9phones saisis lors de l\u2019arrestation du journaliste. De plus, des captures d&rsquo;\u00e9cran ont \u00e9t\u00e9 retrouv\u00e9es, montrant des appels en conf\u00e9rence avec ces m\u00eames individus.<\/p>\n\n\n\n<p>Le rapport de la DCPJ souligne \u00e9galement l&rsquo;existence de messages vocaux \u00e9chang\u00e9s entre Phanor et plusieurs chefs de gangs, incluant des discussions sur un complot visant \u00e0 envahir le Palais National. Le rapport indique que Phanor se trouvait \u00e0 divers endroits pr\u00e9cis lorsqu\u2019il \u00e9tait en contact avec les criminels, ce qui renforce les soup\u00e7ons \u00e0 son encontre et \u00e0 l\u2019encontre des autres journalistes cit\u00e9s.<\/p>\n\n\n\n<p>Ces r\u00e9v\u00e9lations ont provoqu\u00e9 une onde de choc dans le milieu journalistique ha\u00eftien, remettant en question la cr\u00e9dibilit\u00e9 et l\u2019int\u00e9grit\u00e9 de ceux impliqu\u00e9s dans ces affaires. Si les accusations sont av\u00e9r\u00e9es, elles pourraient entra\u00eener des cons\u00e9quences juridiques graves pour les journalistes concern\u00e9s, tout en posant de s\u00e9rieux d\u00e9fis pour la libert\u00e9 de la presse en Ha\u00efti.<\/p>\n\n    <div class=\"xs_social_share_widget xs_share_url after_content \t\tmain_content  wslu-style-3 wslu-share-box-shaped wslu-fill-brand-hover-colored wslu-share-m-5 wslu-none wslu-share-horizontal wslu-theme-font-no wslu-main_content\">\n\n\t\t\n        <ul>\n\t\t\t                    <li class=\"xs-share-li twitter                        wslu-no-extra-data\">\n                        <a href=\"javascript:void(0);\"\n                           id=\"xs_feed_twitter\"\n                           onclick=\"xs_social_sharer(this);\"\n                           data-pid=\"1793\"\n                           data-uri_hash=\"8dd2eb8e9b3360f0c3c204208d8804d8\"\n                           data-key=\"twitter\"\n                           data-xs-href=\"https:\/\/twitter.com\/intent\/tweet?text=Accusations+Graves+Contre+Plusieurs+Journalistes+pour+Liens+avec+des+Gangs+%3A+Yvener+Sylla+Phanor+R%C3%A9v%C3%A8le+des+Noms+%C3%A0+la+DCPJ+https%3A%2F%2Fvelipost.com%2Findex.php%3Frest_route%3D%252Fwp%252Fv2%252Fposts%252F1793&amp;original_referer=https%3A%2F%2Fvelipost.com%2Findex.php%3Frest_route%3D%252Fwp%252Fv2%252Fposts%252F1793&amp;related=xpeedstudio\">\n\n                            <div class=\"xs-social-icon\">\n                                <span class=\"met-social met-social-twitter\"><\/span>\n                            <\/div>\n\n\t\t\t\t\t\t\t\n                            <div class=\"wslu-hover-content\">\n                                <div class=\"xs-social-followers\">\n\t\t\t\t\t\t\t\t\t10                                <\/div>\n                                <div class=\"xs-social-follower-text\">\n\t\t\t\t\t\t\t\t\tShare                                <\/div>\n                                <div class=\"xs-social-follower-label\">\n\t\t\t\t\t\t\t\t\tTwitter                                <\/div>\n                            <\/div>\n                        <\/a>\n                    <\/li>\n\t\t\t\t\t                    <li class=\"xs-share-li telegram                        wslu-no-extra-data\">\n                        <a href=\"javascript:void(0);\"\n                           id=\"xs_feed_telegram\"\n                           onclick=\"xs_social_sharer(this);\"\n                           data-pid=\"1793\"\n                           data-uri_hash=\"8dd2eb8e9b3360f0c3c204208d8804d8\"\n                           data-key=\"telegram\"\n                           data-xs-href=\"https:\/\/telegram.me\/share\/url?url=https%3A%2F%2Fvelipost.com%2Findex.php%3Frest_route%3D%252Fwp%252Fv2%252Fposts%252F1793&amp;text=Accusations+Graves+Contre+Plusieurs+Journalistes+pour+Liens+avec+des+Gangs+%3A+Yvener+Sylla+Phanor+R%C3%A9v%C3%A8le+des+Noms+%C3%A0+la+DCPJ\">\n\n                            <div class=\"xs-social-icon\">\n                                <span class=\"met-social met-social-telegram\"><\/span>\n                            <\/div>\n\n\t\t\t\t\t\t\t\n                            <div class=\"wslu-hover-content\">\n                                <div class=\"xs-social-followers\">\n\t\t\t\t\t\t\t\t\t0                                <\/div>\n                                <div class=\"xs-social-follower-text\">\n\t\t\t\t\t\t\t\t\tShare                                <\/div>\n                                <div class=\"xs-social-follower-label\">\n\t\t\t\t\t\t\t\t\tTelegram                                <\/div>\n                            <\/div>\n                        <\/a>\n                    <\/li>\n\t\t\t\t\t                    <li class=\"xs-share-li email                        wslu-no-extra-data\">\n                        <a href=\"javascript:void(0);\"\n                           id=\"xs_feed_email\"\n                           onclick=\"xs_social_sharer(this);\"\n                           data-pid=\"1793\"\n                           data-uri_hash=\"8dd2eb8e9b3360f0c3c204208d8804d8\"\n                           data-key=\"email\"\n                           data-xs-href=\"mailto:?body=Title%3A+Accusations+Graves+Contre+Plusieurs+Journalistes+pour+Liens+avec+des+Gangs+%3A+Yvener+Sylla+Phanor+R%C3%A9v%C3%A8le+des+Noms+%C3%A0+la+DCPJ+%5Cn%5Cn+URL%3A+https%3A%2F%2Fvelipost.com%2Findex.php%3Frest_route%3D%252Fwp%252Fv2%252Fposts%252F1793&amp;subject=Accusations+Graves+Contre+Plusieurs+Journalistes+pour+Liens+avec+des+Gangs+%3A+Yvener+Sylla+Phanor+R%C3%A9v%C3%A8le+des+Noms+%C3%A0+la+DCPJ\">\n\n                            <div class=\"xs-social-icon\">\n                                <span class=\"met-social met-social-email\"><\/span>\n                            <\/div>\n\n\t\t\t\t\t\t\t\n                            <div class=\"wslu-hover-content\">\n                                <div class=\"xs-social-followers\">\n\t\t\t\t\t\t\t\t\t0                                <\/div>\n                                <div class=\"xs-social-follower-text\">\n\t\t\t\t\t\t\t\t\tShare                                <\/div>\n                                <div class=\"xs-social-follower-label\">\n\t\t\t\t\t\t\t\t\tEmail                                <\/div>\n                            <\/div>\n                        <\/a>\n                    <\/li>\n\t\t\t\t\t        <\/ul>\n    <\/div> \n","protected":false},"excerpt":{"rendered":"<p>Le journaliste Yvener Sylla Phanor, ancien employ\u00e9 de Radio T\u00e9l\u00e9 Pacifik, a \u00e9t\u00e9 arr\u00eat\u00e9 le 12 mars 2024 par la Police Nationale d&rsquo;Ha\u00efti. Depuis<\/p>\n","protected":false},"author":1,"featured_media":1798,"comment_status":"open","ping_status":"open","sticky":false,"template":"","format":"standard","meta":{"_uag_custom_page_level_css":"","footnotes":"","jetpack_publicize_message":"","jetpack_publicize_feature_enabled":true,"jetpack_social_post_already_shared":false,"jetpack_social_options":{"image_generator_settings":{"template":"highway","default_image_id":0,"font":"","enabled":false},"version":2}},"categories":[255],"tags":[],"class_list":["post-1793","post","type-post","status-publish","format-standard","has-post-thumbnail","hentry","category-securite"],"yoast_head":"<!-- This site is optimized with the Yoast SEO plugin v25.3.1 - https:\/\/yoast.com\/wordpress\/plugins\/seo\/ -->\n<title>Accusations Graves Contre Plusieurs Journalistes pour Liens avec des Gangs : Yvener Sylla Phanor R\u00e9v\u00e8le des Noms \u00e0 la DCPJ &#8211; VeliPost<\/title>\n<meta name=\"robots\" content=\"index, follow, max-snippet:-1, max-image-preview:large, max-video-preview:-1\" \/>\n<link rel=\"canonical\" href=\"https:\/\/velipost.com\/?p=1793\" \/>\n<meta property=\"og:locale\" content=\"fr_FR\" \/>\n<meta property=\"og:type\" content=\"article\" \/>\n<meta property=\"og:title\" content=\"Accusations Graves Contre Plusieurs Journalistes pour Liens avec des Gangs : Yvener Sylla Phanor R\u00e9v\u00e8le des Noms \u00e0 la DCPJ &#8211; VeliPost\" \/>\n<meta property=\"og:description\" content=\"Le journaliste Yvener Sylla Phanor, ancien employ\u00e9 de Radio T\u00e9l\u00e9 Pacifik, a \u00e9t\u00e9 arr\u00eat\u00e9 le 12 mars 2024 par la Police Nationale d&rsquo;Ha\u00efti. Depuis\" \/>\n<meta property=\"og:url\" content=\"https:\/\/velipost.com\/?p=1793\" \/>\n<meta property=\"og:site_name\" content=\"VeliPost\" \/>\n<meta property=\"article:publisher\" content=\"https:\/\/www.facebook.com\/veliposthaiti\" \/>\n<meta property=\"article:published_time\" content=\"2024-08-21T02:32:41+00:00\" \/>\n<meta property=\"article:modified_time\" content=\"2024-08-21T02:55:52+00:00\" \/>\n<meta property=\"og:image\" content=\"https:\/\/velipost.com\/wp-content\/uploads\/2024\/08\/Phanord.jpg\" \/>\n\t<meta property=\"og:image:width\" content=\"1200\" \/>\n\t<meta property=\"og:image:height\" content=\"630\" \/>\n\t<meta property=\"og:image:type\" content=\"image\/jpeg\" \/>\n<meta name=\"author\" content=\"VeliPost\" \/>\n<meta name=\"twitter:card\" content=\"summary_large_image\" \/>\n<meta name=\"twitter:creator\" content=\"@veliposthaiti\" \/>\n<meta name=\"twitter:site\" content=\"@veliposthaiti\" \/>\n<meta name=\"twitter:label1\" content=\"\u00c9crit par\" \/>\n\t<meta name=\"twitter:data1\" content=\"VeliPost\" \/>\n\t<meta name=\"twitter:label2\" content=\"Dur\u00e9e de lecture estim\u00e9e\" \/>\n\t<meta name=\"twitter:data2\" content=\"2 minutes\" \/>\n<script type=\"application\/ld+json\" class=\"yoast-schema-graph\">{\"@context\":\"https:\/\/schema.org\",\"@graph\":[{\"@type\":\"Article\",\"@id\":\"https:\/\/velipost.com\/?p=1793#article\",\"isPartOf\":{\"@id\":\"https:\/\/velipost.com\/?p=1793\"},\"author\":{\"name\":\"VeliPost\",\"@id\":\"https:\/\/velipost.com\/#\/schema\/person\/32ff49a53c9c1bb24302ee8ece058096\"},\"headline\":\"Accusations Graves Contre Plusieurs Journalistes pour Liens avec des Gangs : Yvener Sylla Phanor R\u00e9v\u00e8le des Noms \u00e0 la DCPJ\",\"datePublished\":\"2024-08-21T02:32:41+00:00\",\"dateModified\":\"2024-08-21T02:55:52+00:00\",\"mainEntityOfPage\":{\"@id\":\"https:\/\/velipost.com\/?p=1793\"},\"wordCount\":333,\"commentCount\":0,\"publisher\":{\"@id\":\"https:\/\/velipost.com\/#organization\"},\"image\":{\"@id\":\"https:\/\/velipost.com\/?p=1793#primaryimage\"},\"thumbnailUrl\":\"https:\/\/velipost.com\/wp-content\/uploads\/2024\/08\/Phanord.jpg\",\"articleSection\":[\"S\u00e9curit\u00e9\"],\"inLanguage\":\"fr-FR\",\"potentialAction\":[{\"@type\":\"CommentAction\",\"name\":\"Comment\",\"target\":[\"https:\/\/velipost.com\/?p=1793#respond\"]}]},{\"@type\":\"WebPage\",\"@id\":\"https:\/\/velipost.com\/?p=1793\",\"url\":\"https:\/\/velipost.com\/?p=1793\",\"name\":\"Accusations Graves Contre Plusieurs Journalistes pour Liens avec des Gangs : Yvener Sylla Phanor R\u00e9v\u00e8le des Noms \u00e0 la DCPJ &#8211; VeliPost\",\"isPartOf\":{\"@id\":\"https:\/\/velipost.com\/#website\"},\"primaryImageOfPage\":{\"@id\":\"https:\/\/velipost.com\/?p=1793#primaryimage\"},\"image\":{\"@id\":\"https:\/\/velipost.com\/?p=1793#primaryimage\"},\"thumbnailUrl\":\"https:\/\/velipost.com\/wp-content\/uploads\/2024\/08\/Phanord.jpg\",\"datePublished\":\"2024-08-21T02:32:41+00:00\",\"dateModified\":\"2024-08-21T02:55:52+00:00\",\"breadcrumb\":{\"@id\":\"https:\/\/velipost.com\/?p=1793#breadcrumb\"},\"inLanguage\":\"fr-FR\",\"potentialAction\":[{\"@type\":\"ReadAction\",\"target\":[\"https:\/\/velipost.com\/?p=1793\"]}]},{\"@type\":\"ImageObject\",\"inLanguage\":\"fr-FR\",\"@id\":\"https:\/\/velipost.com\/?p=1793#primaryimage\",\"url\":\"https:\/\/velipost.com\/wp-content\/uploads\/2024\/08\/Phanord.jpg\",\"contentUrl\":\"https:\/\/velipost.com\/wp-content\/uploads\/2024\/08\/Phanord.jpg\",\"width\":1200,\"height\":630},{\"@type\":\"BreadcrumbList\",\"@id\":\"https:\/\/velipost.com\/?p=1793#breadcrumb\",\"itemListElement\":[{\"@type\":\"ListItem\",\"position\":1,\"name\":\"Accueil\",\"item\":\"https:\/\/velipost.com\/\"},{\"@type\":\"ListItem\",\"position\":2,\"name\":\"Accusations Graves Contre Plusieurs Journalistes pour Liens avec des Gangs : Yvener Sylla Phanor R\u00e9v\u00e8le des Noms \u00e0 la DCPJ\"}]},{\"@type\":\"WebSite\",\"@id\":\"https:\/\/velipost.com\/#website\",\"url\":\"https:\/\/velipost.com\/\",\"name\":\"VeliPost\",\"description\":\"L\u2019info en un clic\",\"publisher\":{\"@id\":\"https:\/\/velipost.com\/#organization\"},\"potentialAction\":[{\"@type\":\"SearchAction\",\"target\":{\"@type\":\"EntryPoint\",\"urlTemplate\":\"https:\/\/velipost.com\/?s={search_term_string}\"},\"query-input\":{\"@type\":\"PropertyValueSpecification\",\"valueRequired\":true,\"valueName\":\"search_term_string\"}}],\"inLanguage\":\"fr-FR\"},{\"@type\":\"Organization\",\"@id\":\"https:\/\/velipost.com\/#organization\",\"name\":\"VeliPost\",\"url\":\"https:\/\/velipost.com\/\",\"logo\":{\"@type\":\"ImageObject\",\"inLanguage\":\"fr-FR\",\"@id\":\"https:\/\/velipost.com\/#\/schema\/logo\/image\/\",\"url\":\"https:\/\/velipost.com\/wp-content\/uploads\/2024\/08\/cropped-VP-logo-piti.png\",\"contentUrl\":\"https:\/\/velipost.com\/wp-content\/uploads\/2024\/08\/cropped-VP-logo-piti.png\",\"width\":201,\"height\":69,\"caption\":\"VeliPost\"},\"image\":{\"@id\":\"https:\/\/velipost.com\/#\/schema\/logo\/image\/\"},\"sameAs\":[\"https:\/\/www.facebook.com\/veliposthaiti\",\"https:\/\/x.com\/veliposthaiti\",\"https:\/\/www.instagram.com\/veliposthaiti\"]},{\"@type\":\"Person\",\"@id\":\"https:\/\/velipost.com\/#\/schema\/person\/32ff49a53c9c1bb24302ee8ece058096\",\"name\":\"VeliPost\",\"image\":{\"@type\":\"ImageObject\",\"inLanguage\":\"fr-FR\",\"@id\":\"https:\/\/velipost.com\/#\/schema\/person\/image\/\",\"url\":\"https:\/\/secure.gravatar.com\/avatar\/57c226c264de62f794185a89596d4a37b85a5ad20aca30d9d5a478b27d8c8d9d?s=96&d=mm&r=g\",\"contentUrl\":\"https:\/\/secure.gravatar.com\/avatar\/57c226c264de62f794185a89596d4a37b85a5ad20aca30d9d5a478b27d8c8d9d?s=96&d=mm&r=g\",\"caption\":\"VeliPost\"},\"sameAs\":[\"https:\/\/velipost.com\"],\"url\":\"https:\/\/velipost.com\/?author=1\"}]}<\/script>\n<!-- \/ Yoast SEO plugin. -->","yoast_head_json":{"title":"Accusations Graves Contre Plusieurs Journalistes pour Liens avec des Gangs : Yvener Sylla Phanor R\u00e9v\u00e8le des Noms \u00e0 la DCPJ &#8211; VeliPost","robots":{"index":"index","follow":"follow","max-snippet":"max-snippet:-1","max-image-preview":"max-image-preview:large","max-video-preview":"max-video-preview:-1"},"canonical":"https:\/\/velipost.com\/?p=1793","og_locale":"fr_FR","og_type":"article","og_title":"Accusations Graves Contre Plusieurs Journalistes pour Liens avec des Gangs : Yvener Sylla Phanor R\u00e9v\u00e8le des Noms \u00e0 la DCPJ &#8211; VeliPost","og_description":"Le journaliste Yvener Sylla Phanor, ancien employ\u00e9 de Radio T\u00e9l\u00e9 Pacifik, a \u00e9t\u00e9 arr\u00eat\u00e9 le 12 mars 2024 par la Police Nationale d&rsquo;Ha\u00efti. Depuis","og_url":"https:\/\/velipost.com\/?p=1793","og_site_name":"VeliPost","article_publisher":"https:\/\/www.facebook.com\/veliposthaiti","article_published_time":"2024-08-21T02:32:41+00:00","article_modified_time":"2024-08-21T02:55:52+00:00","og_image":[{"width":1200,"height":630,"url":"https:\/\/velipost.com\/wp-content\/uploads\/2024\/08\/Phanord.jpg","type":"image\/jpeg"}],"author":"VeliPost","twitter_card":"summary_large_image","twitter_creator":"@veliposthaiti","twitter_site":"@veliposthaiti","twitter_misc":{"\u00c9crit par":"VeliPost","Dur\u00e9e de lecture estim\u00e9e":"2 minutes"},"schema":{"@context":"https:\/\/schema.org","@graph":[{"@type":"Article","@id":"https:\/\/velipost.com\/?p=1793#article","isPartOf":{"@id":"https:\/\/velipost.com\/?p=1793"},"author":{"name":"VeliPost","@id":"https:\/\/velipost.com\/#\/schema\/person\/32ff49a53c9c1bb24302ee8ece058096"},"headline":"Accusations Graves Contre Plusieurs Journalistes pour Liens avec des Gangs : Yvener Sylla Phanor R\u00e9v\u00e8le des Noms \u00e0 la DCPJ","datePublished":"2024-08-21T02:32:41+00:00","dateModified":"2024-08-21T02:55:52+00:00","mainEntityOfPage":{"@id":"https:\/\/velipost.com\/?p=1793"},"wordCount":333,"commentCount":0,"publisher":{"@id":"https:\/\/velipost.com\/#organization"},"image":{"@id":"https:\/\/velipost.com\/?p=1793#primaryimage"},"thumbnailUrl":"https:\/\/velipost.com\/wp-content\/uploads\/2024\/08\/Phanord.jpg","articleSection":["S\u00e9curit\u00e9"],"inLanguage":"fr-FR","potentialAction":[{"@type":"CommentAction","name":"Comment","target":["https:\/\/velipost.com\/?p=1793#respond"]}]},{"@type":"WebPage","@id":"https:\/\/velipost.com\/?p=1793","url":"https:\/\/velipost.com\/?p=1793","name":"Accusations Graves Contre Plusieurs Journalistes pour Liens avec des Gangs : Yvener Sylla Phanor R\u00e9v\u00e8le des Noms \u00e0 la DCPJ &#8211; VeliPost","isPartOf":{"@id":"https:\/\/velipost.com\/#website"},"primaryImageOfPage":{"@id":"https:\/\/velipost.com\/?p=1793#primaryimage"},"image":{"@id":"https:\/\/velipost.com\/?p=1793#primaryimage"},"thumbnailUrl":"https:\/\/velipost.com\/wp-content\/uploads\/2024\/08\/Phanord.jpg","datePublished":"2024-08-21T02:32:41+00:00","dateModified":"2024-08-21T02:55:52+00:00","breadcrumb":{"@id":"https:\/\/velipost.com\/?p=1793#breadcrumb"},"inLanguage":"fr-FR","potentialAction":[{"@type":"ReadAction","target":["https:\/\/velipost.com\/?p=1793"]}]},{"@type":"ImageObject","inLanguage":"fr-FR","@id":"https:\/\/velipost.com\/?p=1793#primaryimage","url":"https:\/\/velipost.com\/wp-content\/uploads\/2024\/08\/Phanord.jpg","contentUrl":"https:\/\/velipost.com\/wp-content\/uploads\/2024\/08\/Phanord.jpg","width":1200,"height":630},{"@type":"BreadcrumbList","@id":"https:\/\/velipost.com\/?p=1793#breadcrumb","itemListElement":[{"@type":"ListItem","position":1,"name":"Accueil","item":"https:\/\/velipost.com\/"},{"@type":"ListItem","position":2,"name":"Accusations Graves Contre Plusieurs Journalistes pour Liens avec des Gangs : Yvener Sylla Phanor R\u00e9v\u00e8le des Noms \u00e0 la DCPJ"}]},{"@type":"WebSite","@id":"https:\/\/velipost.com\/#website","url":"https:\/\/velipost.com\/","name":"VeliPost","description":"L\u2019info en un clic","publisher":{"@id":"https:\/\/velipost.com\/#organization"},"potentialAction":[{"@type":"SearchAction","target":{"@type":"EntryPoint","urlTemplate":"https:\/\/velipost.com\/?s={search_term_string}"},"query-input":{"@type":"PropertyValueSpecification","valueRequired":true,"valueName":"search_term_string"}}],"inLanguage":"fr-FR"},{"@type":"Organization","@id":"https:\/\/velipost.com\/#organization","name":"VeliPost","url":"https:\/\/velipost.com\/","logo":{"@type":"ImageObject","inLanguage":"fr-FR","@id":"https:\/\/velipost.com\/#\/schema\/logo\/image\/","url":"https:\/\/velipost.com\/wp-content\/uploads\/2024\/08\/cropped-VP-logo-piti.png","contentUrl":"https:\/\/velipost.com\/wp-content\/uploads\/2024\/08\/cropped-VP-logo-piti.png","width":201,"height":69,"caption":"VeliPost"},"image":{"@id":"https:\/\/velipost.com\/#\/schema\/logo\/image\/"},"sameAs":["https:\/\/www.facebook.com\/veliposthaiti","https:\/\/x.com\/veliposthaiti","https:\/\/www.instagram.com\/veliposthaiti"]},{"@type":"Person","@id":"https:\/\/velipost.com\/#\/schema\/person\/32ff49a53c9c1bb24302ee8ece058096","name":"VeliPost","image":{"@type":"ImageObject","inLanguage":"fr-FR","@id":"https:\/\/velipost.com\/#\/schema\/person\/image\/","url":"https:\/\/secure.gravatar.com\/avatar\/57c226c264de62f794185a89596d4a37b85a5ad20aca30d9d5a478b27d8c8d9d?s=96&d=mm&r=g","contentUrl":"https:\/\/secure.gravatar.com\/avatar\/57c226c264de62f794185a89596d4a37b85a5ad20aca30d9d5a478b27d8c8d9d?s=96&d=mm&r=g","caption":"VeliPost"},"sameAs":["https:\/\/velipost.com"],"url":"https:\/\/velipost.com\/?author=1"}]}},"views":1,"jetpack_publicize_connections":[],"uagb_featured_image_src":{"full":["https:\/\/velipost.com\/wp-content\/uploads\/2024\/08\/Phanord.jpg",1200,630,false],"thumbnail":["https:\/\/velipost.com\/wp-content\/uploads\/2024\/08\/Phanord-150x150.jpg",150,150,true],"medium":["https:\/\/velipost.com\/wp-content\/uploads\/2024\/08\/Phanord-300x158.jpg",300,158,true],"medium_large":["https:\/\/velipost.com\/wp-content\/uploads\/2024\/08\/Phanord-768x403.jpg",715,375,true],"large":["https:\/\/velipost.com\/wp-content\/uploads\/2024\/08\/Phanord-1024x538.jpg",715,376,true],"1536x1536":["https:\/\/velipost.com\/wp-content\/uploads\/2024\/08\/Phanord.jpg",1200,630,false],"2048x2048":["https:\/\/velipost.com\/wp-content\/uploads\/2024\/08\/Phanord.jpg",1200,630,false],"colornews-big-slider":["https:\/\/velipost.com\/wp-content\/uploads\/2024\/08\/Phanord-1070x470.jpg",1070,470,true],"colornews-big-slider-thumb":["https:\/\/velipost.com\/wp-content\/uploads\/2024\/08\/Phanord-184x109.jpg",184,109,true],"colornews-featured-post-medium":["https:\/\/velipost.com\/wp-content\/uploads\/2024\/08\/Phanord-345x265.jpg",345,265,true],"colornews-featured-post-small":["https:\/\/velipost.com\/wp-content\/uploads\/2024\/08\/Phanord-115x73.jpg",115,73,true],"colornews-random-posts":["https:\/\/velipost.com\/wp-content\/uploads\/2024\/08\/Phanord-215x215.jpg",215,215,true],"colornews-featured-image":["https:\/\/velipost.com\/wp-content\/uploads\/2024\/08\/Phanord-715x400.jpg",715,400,true],"mailpoet_newsletter_max":["https:\/\/velipost.com\/wp-content\/uploads\/2024\/08\/Phanord.jpg",1200,630,false]},"uagb_author_info":{"display_name":"VeliPost","author_link":"https:\/\/velipost.com\/?author=1"},"uagb_comment_info":0,"uagb_excerpt":"Le journaliste Yvener Sylla Phanor, ancien employ\u00e9 de Radio T\u00e9l\u00e9 Pacifik, a \u00e9t\u00e9 arr\u00eat\u00e9 le 12 mars 2024 par la Police Nationale d&rsquo;Ha\u00efti. Depuis","_links":{"self":[{"href":"https:\/\/velipost.com\/index.php?rest_route=\/wp\/v2\/posts\/1793","targetHints":{"allow":["GET"]}}],"collection":[{"href":"https:\/\/velipost.com\/index.php?rest_route=\/wp\/v2\/posts"}],"about":[{"href":"https:\/\/velipost.com\/index.php?rest_route=\/wp\/v2\/types\/post"}],"author":[{"embeddable":true,"href":"https:\/\/velipost.com\/index.php?rest_route=\/wp\/v2\/users\/1"}],"replies":[{"embeddable":true,"href":"https:\/\/velipost.com\/index.php?rest_route=%2Fwp%2Fv2%2Fcomments&post=1793"}],"version-history":[{"count":1,"href":"https:\/\/velipost.com\/index.php?rest_route=\/wp\/v2\/posts\/1793\/revisions"}],"predecessor-version":[{"id":1795,"href":"https:\/\/velipost.com\/index.php?rest_route=\/wp\/v2\/posts\/1793\/revisions\/1795"}],"wp:featuredmedia":[{"embeddable":true,"href":"https:\/\/velipost.com\/index.php?rest_route=\/wp\/v2\/media\/1798"}],"wp:attachment":[{"href":"https:\/\/velipost.com\/index.php?rest_route=%2Fwp%2Fv2%2Fmedia&parent=1793"}],"wp:term":[{"taxonomy":"category","embeddable":true,"href":"https:\/\/velipost.com\/index.php?rest_route=%2Fwp%2Fv2%2Fcategories&post=1793"},{"taxonomy":"post_tag","embeddable":true,"href":"https:\/\/velipost.com\/index.php?rest_route=%2Fwp%2Fv2%2Ftags&post=1793"}],"curies":[{"name":"wp","href":"https:\/\/api.w.org\/{rel}","templated":true}]}}