{"id":1756,"date":"2024-08-19T21:35:29","date_gmt":"2024-08-19T19:35:29","guid":{"rendered":"https:\/\/velipost.com\/?p=1756"},"modified":"2024-08-19T21:35:31","modified_gmt":"2024-08-19T19:35:31","slug":"la-presse-espagnole-critique-les-debuts-de-kylian-mbappe-en-liga","status":"publish","type":"post","link":"https:\/\/velipost.com\/?p=1756","title":{"rendered":"La Presse Espagnole Critique les D\u00e9buts de Kylian Mbapp\u00e9 en Liga"},"content":{"rendered":"\n<p>Le d\u00e9but de Kylian Mbapp\u00e9 avec le Real Madrid n\u2019a pas \u00e9t\u00e9 aussi flamboyant que pr\u00e9vu. Apr\u00e8s un match nul 1-1 contre Majorque lors de la premi\u00e8re journ\u00e9e de championnat espagnol, l&rsquo;attaquant fran\u00e7ais a \u00e9t\u00e9 s\u00e9v\u00e8rement critiqu\u00e9 par les m\u00e9dias espagnols.<\/p>\n\n\n\n<p>Le dimanche soir, le Real Madrid a \u00e9t\u00e9 tenu en \u00e9chec par Majorque, et Mbapp\u00e9 n\u2019a pas r\u00e9ussi \u00e0 se montrer d\u00e9cisif. Ce lundi matin, la presse espagnole a fait savoir son m\u00e9contentement. Alors que le jeudi pr\u00e9c\u00e9dent, apr\u00e8s la victoire du Real Madrid en Supercoupe d\u2019Europe contre l\u2019Atalanta (2-0), Mbapp\u00e9 avait \u00e9t\u00e9 encens\u00e9, le retour sur terre a \u00e9t\u00e9 brutal pour le joueur.<\/p>\n\n\n\n<p><em>Marca<\/em>, qui avait pr\u00e9c\u00e9demment accueilli Mbapp\u00e9 avec enthousiasme, a maintenant \u00e9voqu\u00e9 un \u00ab retour sur terre \u00bb en commentant que \u00ab Mbapp\u00e9 n\u2019a pas brill\u00e9 pour ses d\u00e9buts en championnat \u00bb. <\/p>\n\n\n\n<figure class=\"wp-block-embed is-type-rich is-provider-twitter wp-block-embed-twitter\"><div class=\"wp-block-embed__wrapper\">\n<blockquote class=\"twitter-tweet\" data-width=\"550\" data-dnt=\"true\"><p lang=\"es\" dir=\"ltr\"><a href=\"https:\/\/twitter.com\/hashtag\/LaPortada?src=hash&amp;ref_src=twsrc%5Etfw\">#LaPortada<\/a> \ud83d\uddde\ufe0f Bajonazo <a href=\"https:\/\/t.co\/7kcNkwJmc8\">pic.twitter.com\/7kcNkwJmc8<\/a><\/p>&mdash; MARCA (@marca) <a href=\"https:\/\/twitter.com\/marca\/status\/1825297571301974510?ref_src=twsrc%5Etfw\">August 18, 2024<\/a><\/blockquote><script async src=\"https:\/\/platform.twitter.com\/widgets.js\" charset=\"utf-8\"><\/script>\n<\/div><\/figure>\n\n\n\n<p>Le quotidien <em>As<\/em> n\u2019a pas \u00e9t\u00e9 plus cl\u00e9ment, parlant de \u00ab crevaison \u00bb et jugeant que \u00ab l\u2019\u00e8re Mbapp\u00e9 en Liga commence de travers \u00bb. Selon eux, l&rsquo;attaquant pourrait avoir \u00e9t\u00e9 impliqu\u00e9 dans le but \u00e9galisateur de Majorque.<\/p>\n\n\n\n<p>De son c\u00f4t\u00e9, <em>Mundo Deportivo<\/em>, un m\u00e9dia bas\u00e9 \u00e0 Barcelone, a qualifi\u00e9 la prestation de Mbapp\u00e9 de \u00ab d\u00e9ception blanche \u00bb, qualifiant sa premi\u00e8re apparition de \u00ab sans int\u00e9r\u00eat \u00bb.<\/p>\n\n\n\n<p>Face \u00e0 ces critiques, Kylian Mbapp\u00e9 devra prouver sa valeur lors du prochain match contre Valladolid, pr\u00e9vu pour dimanche prochain au Santiago Bernab\u00e9u. Le capitaine de l\u2019\u00e9quipe de France, apr\u00e8s un Euro 2024 d\u00e9cevant, est sous haute surveillance. Les Merengues, qui l\u2019attendaient depuis des ann\u00e9es, esp\u00e8rent que Mbapp\u00e9 saura r\u00e9pondre aux attentes et se montrer \u00e0 la hauteur de l\u2019investissement consenti.<\/p>\n\n    <div class=\"xs_social_share_widget xs_share_url after_content \t\tmain_content  wslu-style-3 wslu-share-box-shaped wslu-fill-brand-hover-colored wslu-share-m-5 wslu-none wslu-share-horizontal wslu-theme-font-no wslu-main_content\">\n\n\t\t\n        <ul>\n\t\t\t                    <li class=\"xs-share-li twitter                        wslu-no-extra-data\">\n                        <a href=\"javascript:void(0);\"\n                           id=\"xs_feed_twitter\"\n                           onclick=\"xs_social_sharer(this);\"\n                           data-pid=\"1756\"\n                           data-uri_hash=\"2f82e8ad97ad6344c27790736b4e0c21\"\n                           data-key=\"twitter\"\n                           data-xs-href=\"https:\/\/twitter.com\/intent\/tweet?text=La+Presse+Espagnole+Critique+les+D%C3%A9buts+de+Kylian+Mbapp%C3%A9+en+Liga+https%3A%2F%2Fvelipost.com%2Findex.php%3Frest_route%3D%252Fwp%252Fv2%252Fposts%252F1756&amp;original_referer=https%3A%2F%2Fvelipost.com%2Findex.php%3Frest_route%3D%252Fwp%252Fv2%252Fposts%252F1756&amp;related=xpeedstudio\">\n\n                            <div class=\"xs-social-icon\">\n                                <span class=\"met-social met-social-twitter\"><\/span>\n                            <\/div>\n\n\t\t\t\t\t\t\t\n                            <div class=\"wslu-hover-content\">\n                                <div class=\"xs-social-followers\">\n\t\t\t\t\t\t\t\t\t10                                <\/div>\n                                <div class=\"xs-social-follower-text\">\n\t\t\t\t\t\t\t\t\tShare                                <\/div>\n                                <div class=\"xs-social-follower-label\">\n\t\t\t\t\t\t\t\t\tTwitter                                <\/div>\n                            <\/div>\n                        <\/a>\n                    <\/li>\n\t\t\t\t\t                    <li class=\"xs-share-li telegram                        wslu-no-extra-data\">\n                        <a href=\"javascript:void(0);\"\n                           id=\"xs_feed_telegram\"\n                           onclick=\"xs_social_sharer(this);\"\n                           data-pid=\"1756\"\n                           data-uri_hash=\"2f82e8ad97ad6344c27790736b4e0c21\"\n                           data-key=\"telegram\"\n                           data-xs-href=\"https:\/\/telegram.me\/share\/url?url=https%3A%2F%2Fvelipost.com%2Findex.php%3Frest_route%3D%252Fwp%252Fv2%252Fposts%252F1756&amp;text=La+Presse+Espagnole+Critique+les+D%C3%A9buts+de+Kylian+Mbapp%C3%A9+en+Liga\">\n\n                            <div class=\"xs-social-icon\">\n                                <span class=\"met-social met-social-telegram\"><\/span>\n                            <\/div>\n\n\t\t\t\t\t\t\t\n                            <div class=\"wslu-hover-content\">\n                                <div class=\"xs-social-followers\">\n\t\t\t\t\t\t\t\t\t0                                <\/div>\n                                <div class=\"xs-social-follower-text\">\n\t\t\t\t\t\t\t\t\tShare                                <\/div>\n                                <div class=\"xs-social-follower-label\">\n\t\t\t\t\t\t\t\t\tTelegram                                <\/div>\n                            <\/div>\n                        <\/a>\n                    <\/li>\n\t\t\t\t\t                    <li class=\"xs-share-li email                        wslu-no-extra-data\">\n                        <a href=\"javascript:void(0);\"\n                           id=\"xs_feed_email\"\n                           onclick=\"xs_social_sharer(this);\"\n                           data-pid=\"1756\"\n                           data-uri_hash=\"2f82e8ad97ad6344c27790736b4e0c21\"\n                           data-key=\"email\"\n                           data-xs-href=\"mailto:?body=Title%3A+La+Presse+Espagnole+Critique+les+D%C3%A9buts+de+Kylian+Mbapp%C3%A9+en+Liga+%5Cn%5Cn+URL%3A+https%3A%2F%2Fvelipost.com%2Findex.php%3Frest_route%3D%252Fwp%252Fv2%252Fposts%252F1756&amp;subject=La+Presse+Espagnole+Critique+les+D%C3%A9buts+de+Kylian+Mbapp%C3%A9+en+Liga\">\n\n                            <div class=\"xs-social-icon\">\n                                <span class=\"met-social met-social-email\"><\/span>\n                            <\/div>\n\n\t\t\t\t\t\t\t\n                            <div class=\"wslu-hover-content\">\n                                <div class=\"xs-social-followers\">\n\t\t\t\t\t\t\t\t\t0                                <\/div>\n                                <div class=\"xs-social-follower-text\">\n\t\t\t\t\t\t\t\t\tShare                                <\/div>\n                                <div class=\"xs-social-follower-label\">\n\t\t\t\t\t\t\t\t\tEmail                                <\/div>\n                            <\/div>\n                        <\/a>\n                    <\/li>\n\t\t\t\t\t        <\/ul>\n    <\/div> \n","protected":false},"excerpt":{"rendered":"<p>Le d\u00e9but de Kylian Mbapp\u00e9 avec le Real Madrid n\u2019a pas \u00e9t\u00e9 aussi flamboyant que pr\u00e9vu. Apr\u00e8s un match nul 1-1 contre Majorque lors<\/p>\n","protected":false},"author":1,"featured_media":1757,"comment_status":"open","ping_status":"open","sticky":false,"template":"","format":"standard","meta":{"_uag_custom_page_level_css":"","footnotes":"","jetpack_publicize_message":"","jetpack_publicize_feature_enabled":true,"jetpack_social_post_already_shared":false,"jetpack_social_options":{"image_generator_settings":{"template":"highway","default_image_id":0,"font":"","enabled":false},"version":2}},"categories":[6],"tags":[],"class_list":["post-1756","post","type-post","status-publish","format-standard","has-post-thumbnail","hentry","category-sport"],"yoast_head":"<!-- This site is optimized with the Yoast SEO plugin v25.3.1 - https:\/\/yoast.com\/wordpress\/plugins\/seo\/ -->\n<title>La Presse Espagnole Critique les D\u00e9buts de Kylian Mbapp\u00e9 en Liga &#8211; VeliPost<\/title>\n<meta name=\"robots\" content=\"index, follow, max-snippet:-1, max-image-preview:large, max-video-preview:-1\" \/>\n<link rel=\"canonical\" href=\"https:\/\/velipost.com\/?p=1756\" \/>\n<meta property=\"og:locale\" content=\"fr_FR\" \/>\n<meta property=\"og:type\" content=\"article\" \/>\n<meta property=\"og:title\" content=\"La Presse Espagnole Critique les D\u00e9buts de Kylian Mbapp\u00e9 en Liga &#8211; VeliPost\" \/>\n<meta property=\"og:description\" content=\"Le d\u00e9but de Kylian Mbapp\u00e9 avec le Real Madrid n\u2019a pas \u00e9t\u00e9 aussi flamboyant que pr\u00e9vu. Apr\u00e8s un match nul 1-1 contre Majorque lors\" \/>\n<meta property=\"og:url\" content=\"https:\/\/velipost.com\/?p=1756\" \/>\n<meta property=\"og:site_name\" content=\"VeliPost\" \/>\n<meta property=\"article:publisher\" content=\"https:\/\/www.facebook.com\/veliposthaiti\" \/>\n<meta property=\"article:published_time\" content=\"2024-08-19T19:35:29+00:00\" \/>\n<meta property=\"article:modified_time\" content=\"2024-08-19T19:35:31+00:00\" \/>\n<meta property=\"og:image\" content=\"https:\/\/velipost.com\/wp-content\/uploads\/2024\/08\/Kylian.jpg\" \/>\n\t<meta property=\"og:image:width\" content=\"1170\" \/>\n\t<meta property=\"og:image:height\" content=\"603\" \/>\n\t<meta property=\"og:image:type\" content=\"image\/jpeg\" \/>\n<meta name=\"author\" content=\"VeliPost\" \/>\n<meta name=\"twitter:card\" content=\"summary_large_image\" \/>\n<meta name=\"twitter:creator\" content=\"@veliposthaiti\" \/>\n<meta name=\"twitter:site\" content=\"@veliposthaiti\" \/>\n<meta name=\"twitter:label1\" content=\"\u00c9crit par\" \/>\n\t<meta name=\"twitter:data1\" content=\"VeliPost\" \/>\n\t<meta name=\"twitter:label2\" content=\"Dur\u00e9e de lecture estim\u00e9e\" \/>\n\t<meta name=\"twitter:data2\" content=\"1 minute\" \/>\n<script type=\"application\/ld+json\" class=\"yoast-schema-graph\">{\"@context\":\"https:\/\/schema.org\",\"@graph\":[{\"@type\":\"Article\",\"@id\":\"https:\/\/velipost.com\/?p=1756#article\",\"isPartOf\":{\"@id\":\"https:\/\/velipost.com\/?p=1756\"},\"author\":{\"name\":\"VeliPost\",\"@id\":\"https:\/\/velipost.com\/#\/schema\/person\/32ff49a53c9c1bb24302ee8ece058096\"},\"headline\":\"La Presse Espagnole Critique les D\u00e9buts de Kylian Mbapp\u00e9 en Liga\",\"datePublished\":\"2024-08-19T19:35:29+00:00\",\"dateModified\":\"2024-08-19T19:35:31+00:00\",\"mainEntityOfPage\":{\"@id\":\"https:\/\/velipost.com\/?p=1756\"},\"wordCount\":309,\"commentCount\":0,\"publisher\":{\"@id\":\"https:\/\/velipost.com\/#organization\"},\"image\":{\"@id\":\"https:\/\/velipost.com\/?p=1756#primaryimage\"},\"thumbnailUrl\":\"https:\/\/velipost.com\/wp-content\/uploads\/2024\/08\/Kylian.jpg\",\"articleSection\":[\"Sport\"],\"inLanguage\":\"fr-FR\",\"potentialAction\":[{\"@type\":\"CommentAction\",\"name\":\"Comment\",\"target\":[\"https:\/\/velipost.com\/?p=1756#respond\"]}]},{\"@type\":\"WebPage\",\"@id\":\"https:\/\/velipost.com\/?p=1756\",\"url\":\"https:\/\/velipost.com\/?p=1756\",\"name\":\"La Presse Espagnole Critique les D\u00e9buts de Kylian Mbapp\u00e9 en Liga &#8211; VeliPost\",\"isPartOf\":{\"@id\":\"https:\/\/velipost.com\/#website\"},\"primaryImageOfPage\":{\"@id\":\"https:\/\/velipost.com\/?p=1756#primaryimage\"},\"image\":{\"@id\":\"https:\/\/velipost.com\/?p=1756#primaryimage\"},\"thumbnailUrl\":\"https:\/\/velipost.com\/wp-content\/uploads\/2024\/08\/Kylian.jpg\",\"datePublished\":\"2024-08-19T19:35:29+00:00\",\"dateModified\":\"2024-08-19T19:35:31+00:00\",\"breadcrumb\":{\"@id\":\"https:\/\/velipost.com\/?p=1756#breadcrumb\"},\"inLanguage\":\"fr-FR\",\"potentialAction\":[{\"@type\":\"ReadAction\",\"target\":[\"https:\/\/velipost.com\/?p=1756\"]}]},{\"@type\":\"ImageObject\",\"inLanguage\":\"fr-FR\",\"@id\":\"https:\/\/velipost.com\/?p=1756#primaryimage\",\"url\":\"https:\/\/velipost.com\/wp-content\/uploads\/2024\/08\/Kylian.jpg\",\"contentUrl\":\"https:\/\/velipost.com\/wp-content\/uploads\/2024\/08\/Kylian.jpg\",\"width\":1170,\"height\":603},{\"@type\":\"BreadcrumbList\",\"@id\":\"https:\/\/velipost.com\/?p=1756#breadcrumb\",\"itemListElement\":[{\"@type\":\"ListItem\",\"position\":1,\"name\":\"Accueil\",\"item\":\"https:\/\/velipost.com\/\"},{\"@type\":\"ListItem\",\"position\":2,\"name\":\"La Presse Espagnole Critique les D\u00e9buts de Kylian Mbapp\u00e9 en Liga\"}]},{\"@type\":\"WebSite\",\"@id\":\"https:\/\/velipost.com\/#website\",\"url\":\"https:\/\/velipost.com\/\",\"name\":\"VeliPost\",\"description\":\"L\u2019info en un clic\",\"publisher\":{\"@id\":\"https:\/\/velipost.com\/#organization\"},\"potentialAction\":[{\"@type\":\"SearchAction\",\"target\":{\"@type\":\"EntryPoint\",\"urlTemplate\":\"https:\/\/velipost.com\/?s={search_term_string}\"},\"query-input\":{\"@type\":\"PropertyValueSpecification\",\"valueRequired\":true,\"valueName\":\"search_term_string\"}}],\"inLanguage\":\"fr-FR\"},{\"@type\":\"Organization\",\"@id\":\"https:\/\/velipost.com\/#organization\",\"name\":\"VeliPost\",\"url\":\"https:\/\/velipost.com\/\",\"logo\":{\"@type\":\"ImageObject\",\"inLanguage\":\"fr-FR\",\"@id\":\"https:\/\/velipost.com\/#\/schema\/logo\/image\/\",\"url\":\"https:\/\/velipost.com\/wp-content\/uploads\/2024\/08\/cropped-VP-logo-piti.png\",\"contentUrl\":\"https:\/\/velipost.com\/wp-content\/uploads\/2024\/08\/cropped-VP-logo-piti.png\",\"width\":201,\"height\":69,\"caption\":\"VeliPost\"},\"image\":{\"@id\":\"https:\/\/velipost.com\/#\/schema\/logo\/image\/\"},\"sameAs\":[\"https:\/\/www.facebook.com\/veliposthaiti\",\"https:\/\/x.com\/veliposthaiti\",\"https:\/\/www.instagram.com\/veliposthaiti\"]},{\"@type\":\"Person\",\"@id\":\"https:\/\/velipost.com\/#\/schema\/person\/32ff49a53c9c1bb24302ee8ece058096\",\"name\":\"VeliPost\",\"image\":{\"@type\":\"ImageObject\",\"inLanguage\":\"fr-FR\",\"@id\":\"https:\/\/velipost.com\/#\/schema\/person\/image\/\",\"url\":\"https:\/\/secure.gravatar.com\/avatar\/57c226c264de62f794185a89596d4a37b85a5ad20aca30d9d5a478b27d8c8d9d?s=96&d=mm&r=g\",\"contentUrl\":\"https:\/\/secure.gravatar.com\/avatar\/57c226c264de62f794185a89596d4a37b85a5ad20aca30d9d5a478b27d8c8d9d?s=96&d=mm&r=g\",\"caption\":\"VeliPost\"},\"sameAs\":[\"https:\/\/velipost.com\"],\"url\":\"https:\/\/velipost.com\/?author=1\"}]}<\/script>\n<!-- \/ Yoast SEO plugin. -->","yoast_head_json":{"title":"La Presse Espagnole Critique les D\u00e9buts de Kylian Mbapp\u00e9 en Liga &#8211; VeliPost","robots":{"index":"index","follow":"follow","max-snippet":"max-snippet:-1","max-image-preview":"max-image-preview:large","max-video-preview":"max-video-preview:-1"},"canonical":"https:\/\/velipost.com\/?p=1756","og_locale":"fr_FR","og_type":"article","og_title":"La Presse Espagnole Critique les D\u00e9buts de Kylian Mbapp\u00e9 en Liga &#8211; VeliPost","og_description":"Le d\u00e9but de Kylian Mbapp\u00e9 avec le Real Madrid n\u2019a pas \u00e9t\u00e9 aussi flamboyant que pr\u00e9vu. Apr\u00e8s un match nul 1-1 contre Majorque lors","og_url":"https:\/\/velipost.com\/?p=1756","og_site_name":"VeliPost","article_publisher":"https:\/\/www.facebook.com\/veliposthaiti","article_published_time":"2024-08-19T19:35:29+00:00","article_modified_time":"2024-08-19T19:35:31+00:00","og_image":[{"width":1170,"height":603,"url":"https:\/\/velipost.com\/wp-content\/uploads\/2024\/08\/Kylian.jpg","type":"image\/jpeg"}],"author":"VeliPost","twitter_card":"summary_large_image","twitter_creator":"@veliposthaiti","twitter_site":"@veliposthaiti","twitter_misc":{"\u00c9crit par":"VeliPost","Dur\u00e9e de lecture estim\u00e9e":"1 minute"},"schema":{"@context":"https:\/\/schema.org","@graph":[{"@type":"Article","@id":"https:\/\/velipost.com\/?p=1756#article","isPartOf":{"@id":"https:\/\/velipost.com\/?p=1756"},"author":{"name":"VeliPost","@id":"https:\/\/velipost.com\/#\/schema\/person\/32ff49a53c9c1bb24302ee8ece058096"},"headline":"La Presse Espagnole Critique les D\u00e9buts de Kylian Mbapp\u00e9 en Liga","datePublished":"2024-08-19T19:35:29+00:00","dateModified":"2024-08-19T19:35:31+00:00","mainEntityOfPage":{"@id":"https:\/\/velipost.com\/?p=1756"},"wordCount":309,"commentCount":0,"publisher":{"@id":"https:\/\/velipost.com\/#organization"},"image":{"@id":"https:\/\/velipost.com\/?p=1756#primaryimage"},"thumbnailUrl":"https:\/\/velipost.com\/wp-content\/uploads\/2024\/08\/Kylian.jpg","articleSection":["Sport"],"inLanguage":"fr-FR","potentialAction":[{"@type":"CommentAction","name":"Comment","target":["https:\/\/velipost.com\/?p=1756#respond"]}]},{"@type":"WebPage","@id":"https:\/\/velipost.com\/?p=1756","url":"https:\/\/velipost.com\/?p=1756","name":"La Presse Espagnole Critique les D\u00e9buts de Kylian Mbapp\u00e9 en Liga &#8211; VeliPost","isPartOf":{"@id":"https:\/\/velipost.com\/#website"},"primaryImageOfPage":{"@id":"https:\/\/velipost.com\/?p=1756#primaryimage"},"image":{"@id":"https:\/\/velipost.com\/?p=1756#primaryimage"},"thumbnailUrl":"https:\/\/velipost.com\/wp-content\/uploads\/2024\/08\/Kylian.jpg","datePublished":"2024-08-19T19:35:29+00:00","dateModified":"2024-08-19T19:35:31+00:00","breadcrumb":{"@id":"https:\/\/velipost.com\/?p=1756#breadcrumb"},"inLanguage":"fr-FR","potentialAction":[{"@type":"ReadAction","target":["https:\/\/velipost.com\/?p=1756"]}]},{"@type":"ImageObject","inLanguage":"fr-FR","@id":"https:\/\/velipost.com\/?p=1756#primaryimage","url":"https:\/\/velipost.com\/wp-content\/uploads\/2024\/08\/Kylian.jpg","contentUrl":"https:\/\/velipost.com\/wp-content\/uploads\/2024\/08\/Kylian.jpg","width":1170,"height":603},{"@type":"BreadcrumbList","@id":"https:\/\/velipost.com\/?p=1756#breadcrumb","itemListElement":[{"@type":"ListItem","position":1,"name":"Accueil","item":"https:\/\/velipost.com\/"},{"@type":"ListItem","position":2,"name":"La Presse Espagnole Critique les D\u00e9buts de Kylian Mbapp\u00e9 en Liga"}]},{"@type":"WebSite","@id":"https:\/\/velipost.com\/#website","url":"https:\/\/velipost.com\/","name":"VeliPost","description":"L\u2019info en un clic","publisher":{"@id":"https:\/\/velipost.com\/#organization"},"potentialAction":[{"@type":"SearchAction","target":{"@type":"EntryPoint","urlTemplate":"https:\/\/velipost.com\/?s={search_term_string}"},"query-input":{"@type":"PropertyValueSpecification","valueRequired":true,"valueName":"search_term_string"}}],"inLanguage":"fr-FR"},{"@type":"Organization","@id":"https:\/\/velipost.com\/#organization","name":"VeliPost","url":"https:\/\/velipost.com\/","logo":{"@type":"ImageObject","inLanguage":"fr-FR","@id":"https:\/\/velipost.com\/#\/schema\/logo\/image\/","url":"https:\/\/velipost.com\/wp-content\/uploads\/2024\/08\/cropped-VP-logo-piti.png","contentUrl":"https:\/\/velipost.com\/wp-content\/uploads\/2024\/08\/cropped-VP-logo-piti.png","width":201,"height":69,"caption":"VeliPost"},"image":{"@id":"https:\/\/velipost.com\/#\/schema\/logo\/image\/"},"sameAs":["https:\/\/www.facebook.com\/veliposthaiti","https:\/\/x.com\/veliposthaiti","https:\/\/www.instagram.com\/veliposthaiti"]},{"@type":"Person","@id":"https:\/\/velipost.com\/#\/schema\/person\/32ff49a53c9c1bb24302ee8ece058096","name":"VeliPost","image":{"@type":"ImageObject","inLanguage":"fr-FR","@id":"https:\/\/velipost.com\/#\/schema\/person\/image\/","url":"https:\/\/secure.gravatar.com\/avatar\/57c226c264de62f794185a89596d4a37b85a5ad20aca30d9d5a478b27d8c8d9d?s=96&d=mm&r=g","contentUrl":"https:\/\/secure.gravatar.com\/avatar\/57c226c264de62f794185a89596d4a37b85a5ad20aca30d9d5a478b27d8c8d9d?s=96&d=mm&r=g","caption":"VeliPost"},"sameAs":["https:\/\/velipost.com"],"url":"https:\/\/velipost.com\/?author=1"}]}},"views":0,"jetpack_publicize_connections":[],"uagb_featured_image_src":{"full":["https:\/\/velipost.com\/wp-content\/uploads\/2024\/08\/Kylian.jpg",1170,603,false],"thumbnail":["https:\/\/velipost.com\/wp-content\/uploads\/2024\/08\/Kylian-150x150.jpg",150,150,true],"medium":["https:\/\/velipost.com\/wp-content\/uploads\/2024\/08\/Kylian-300x155.jpg",300,155,true],"medium_large":["https:\/\/velipost.com\/wp-content\/uploads\/2024\/08\/Kylian-768x396.jpg",715,369,true],"large":["https:\/\/velipost.com\/wp-content\/uploads\/2024\/08\/Kylian-1024x528.jpg",715,369,true],"1536x1536":["https:\/\/velipost.com\/wp-content\/uploads\/2024\/08\/Kylian.jpg",1170,603,false],"2048x2048":["https:\/\/velipost.com\/wp-content\/uploads\/2024\/08\/Kylian.jpg",1170,603,false],"colornews-big-slider":["https:\/\/velipost.com\/wp-content\/uploads\/2024\/08\/Kylian-1070x470.jpg",1070,470,true],"colornews-big-slider-thumb":["https:\/\/velipost.com\/wp-content\/uploads\/2024\/08\/Kylian-184x109.jpg",184,109,true],"colornews-featured-post-medium":["https:\/\/velipost.com\/wp-content\/uploads\/2024\/08\/Kylian-345x265.jpg",345,265,true],"colornews-featured-post-small":["https:\/\/velipost.com\/wp-content\/uploads\/2024\/08\/Kylian-115x73.jpg",115,73,true],"colornews-random-posts":["https:\/\/velipost.com\/wp-content\/uploads\/2024\/08\/Kylian-215x215.jpg",215,215,true],"colornews-featured-image":["https:\/\/velipost.com\/wp-content\/uploads\/2024\/08\/Kylian-715x400.jpg",715,400,true],"mailpoet_newsletter_max":["https:\/\/velipost.com\/wp-content\/uploads\/2024\/08\/Kylian.jpg",1170,603,false]},"uagb_author_info":{"display_name":"VeliPost","author_link":"https:\/\/velipost.com\/?author=1"},"uagb_comment_info":0,"uagb_excerpt":"Le d\u00e9but de Kylian Mbapp\u00e9 avec le Real Madrid n\u2019a pas \u00e9t\u00e9 aussi flamboyant que pr\u00e9vu. Apr\u00e8s un match nul 1-1 contre Majorque lors","_links":{"self":[{"href":"https:\/\/velipost.com\/index.php?rest_route=\/wp\/v2\/posts\/1756","targetHints":{"allow":["GET"]}}],"collection":[{"href":"https:\/\/velipost.com\/index.php?rest_route=\/wp\/v2\/posts"}],"about":[{"href":"https:\/\/velipost.com\/index.php?rest_route=\/wp\/v2\/types\/post"}],"author":[{"embeddable":true,"href":"https:\/\/velipost.com\/index.php?rest_route=\/wp\/v2\/users\/1"}],"replies":[{"embeddable":true,"href":"https:\/\/velipost.com\/index.php?rest_route=%2Fwp%2Fv2%2Fcomments&post=1756"}],"version-history":[{"count":1,"href":"https:\/\/velipost.com\/index.php?rest_route=\/wp\/v2\/posts\/1756\/revisions"}],"predecessor-version":[{"id":1758,"href":"https:\/\/velipost.com\/index.php?rest_route=\/wp\/v2\/posts\/1756\/revisions\/1758"}],"wp:featuredmedia":[{"embeddable":true,"href":"https:\/\/velipost.com\/index.php?rest_route=\/wp\/v2\/media\/1757"}],"wp:attachment":[{"href":"https:\/\/velipost.com\/index.php?rest_route=%2Fwp%2Fv2%2Fmedia&parent=1756"}],"wp:term":[{"taxonomy":"category","embeddable":true,"href":"https:\/\/velipost.com\/index.php?rest_route=%2Fwp%2Fv2%2Fcategories&post=1756"},{"taxonomy":"post_tag","embeddable":true,"href":"https:\/\/velipost.com\/index.php?rest_route=%2Fwp%2Fv2%2Ftags&post=1756"}],"curies":[{"name":"wp","href":"https:\/\/api.w.org\/{rel}","templated":true}]}}