{"id":1717,"date":"2024-08-17T15:47:20","date_gmt":"2024-08-17T13:47:20","guid":{"rendered":"https:\/\/velipost.com\/?p=1717"},"modified":"2024-08-17T15:47:22","modified_gmt":"2024-08-17T13:47:22","slug":"journee-de-sensibilisation-a-la-protection-des-mangroves-a-corail-un-engagement-collectif-pour-lenvironnement","status":"publish","type":"post","link":"https:\/\/velipost.com\/?p=1717","title":{"rendered":"Journ\u00e9e de Sensibilisation \u00e0 la Protection des Mangroves \u00e0 Corail : Un Engagement Collectif pour l\u2019Environnement"},"content":{"rendered":"\n<p>Le 10 ao\u00fbt, la Direction d\u00e9partementale de la Grand\u2019Anse du Minist\u00e8re de l\u2019Environnement a organis\u00e9 une journ\u00e9e de sensibilisation \u00e0 Corail. Ax\u00e9e sur la protection des mangroves et la lutte contre la pollution marine, cette initiative s\u2019aligne avec les priorit\u00e9s du Ministre Moise Fils Jean Pierre.<\/p>\n\n\n\n<p>L\u2019\u00e9v\u00e9nement a r\u00e9uni des acteurs locaux tels que la Mairie de Corail, la Croix-Rouge ha\u00eftienne, la Croix-Rouge n\u00e9erlandaise, et des organisations communautaires. Une conf\u00e9rence sur l&rsquo;importance des mangroves a \u00e9t\u00e9 suivie de la plantation de plus de 2 000 plantules dans la commune c\u00f4ti\u00e8re.<\/p>\n\n\n\n<p>Cette journ\u00e9e co\u00efncide avec la fin du projet Green Pearl\/JELEM, pr\u00e9vue le 22 ao\u00fbt 2024, qui vise \u00e0 prot\u00e9ger les \u00e9cosyst\u00e8mes c\u00f4tiers. Kelly Marcia, directeur d\u00e9partemental de la Grand\u2019Anse, a salu\u00e9 la collaboration entre les diff\u00e9rentes parties prenantes.<\/p>\n\n\n\n<p>Les participants se sont engag\u00e9s \u00e0 poursuivre leurs efforts pour une meilleure gestion des zones c\u00f4ti\u00e8res, en ligne avec les orientations du Minist\u00e8re.<\/p>\n\n    <div class=\"xs_social_share_widget xs_share_url after_content \t\tmain_content  wslu-style-3 wslu-share-box-shaped wslu-fill-brand-hover-colored wslu-share-m-5 wslu-none wslu-share-horizontal wslu-theme-font-no wslu-main_content\">\n\n\t\t\n        <ul>\n\t\t\t                    <li class=\"xs-share-li twitter                        wslu-no-extra-data\">\n                        <a href=\"javascript:void(0);\"\n                           id=\"xs_feed_twitter\"\n                           onclick=\"xs_social_sharer(this);\"\n                           data-pid=\"1717\"\n                           data-uri_hash=\"b3c3c293e86323ccee07c06ebdc6d3c0\"\n                           data-key=\"twitter\"\n                           data-xs-href=\"https:\/\/twitter.com\/intent\/tweet?text=Journ%C3%A9e+de+Sensibilisation+%C3%A0+la+Protection+des+Mangroves+%C3%A0+Corail+%3A+Un+Engagement+Collectif+pour+l%E2%80%99Environnement+https%3A%2F%2Fvelipost.com%2Findex.php%3Frest_route%3D%252Fwp%252Fv2%252Fposts%252F1717&amp;original_referer=https%3A%2F%2Fvelipost.com%2Findex.php%3Frest_route%3D%252Fwp%252Fv2%252Fposts%252F1717&amp;related=xpeedstudio\">\n\n                            <div class=\"xs-social-icon\">\n                                <span class=\"met-social met-social-twitter\"><\/span>\n                            <\/div>\n\n\t\t\t\t\t\t\t\n                            <div class=\"wslu-hover-content\">\n                                <div class=\"xs-social-followers\">\n\t\t\t\t\t\t\t\t\t10                                <\/div>\n                                <div class=\"xs-social-follower-text\">\n\t\t\t\t\t\t\t\t\tShare                                <\/div>\n                                <div class=\"xs-social-follower-label\">\n\t\t\t\t\t\t\t\t\tTwitter                                <\/div>\n                            <\/div>\n                        <\/a>\n                    <\/li>\n\t\t\t\t\t                    <li class=\"xs-share-li telegram                        wslu-no-extra-data\">\n                        <a href=\"javascript:void(0);\"\n                           id=\"xs_feed_telegram\"\n                           onclick=\"xs_social_sharer(this);\"\n                           data-pid=\"1717\"\n                           data-uri_hash=\"b3c3c293e86323ccee07c06ebdc6d3c0\"\n                           data-key=\"telegram\"\n                           data-xs-href=\"https:\/\/telegram.me\/share\/url?url=https%3A%2F%2Fvelipost.com%2Findex.php%3Frest_route%3D%252Fwp%252Fv2%252Fposts%252F1717&amp;text=Journ%C3%A9e+de+Sensibilisation+%C3%A0+la+Protection+des+Mangroves+%C3%A0+Corail+%3A+Un+Engagement+Collectif+pour+l%E2%80%99Environnement\">\n\n                            <div class=\"xs-social-icon\">\n                                <span class=\"met-social met-social-telegram\"><\/span>\n                            <\/div>\n\n\t\t\t\t\t\t\t\n                            <div class=\"wslu-hover-content\">\n                                <div class=\"xs-social-followers\">\n\t\t\t\t\t\t\t\t\t0                                <\/div>\n                                <div class=\"xs-social-follower-text\">\n\t\t\t\t\t\t\t\t\tShare                                <\/div>\n                                <div class=\"xs-social-follower-label\">\n\t\t\t\t\t\t\t\t\tTelegram                                <\/div>\n                            <\/div>\n                        <\/a>\n                    <\/li>\n\t\t\t\t\t                    <li class=\"xs-share-li email                        wslu-no-extra-data\">\n                        <a href=\"javascript:void(0);\"\n                           id=\"xs_feed_email\"\n                           onclick=\"xs_social_sharer(this);\"\n                           data-pid=\"1717\"\n                           data-uri_hash=\"b3c3c293e86323ccee07c06ebdc6d3c0\"\n                           data-key=\"email\"\n                           data-xs-href=\"mailto:?body=Title%3A+Journ%C3%A9e+de+Sensibilisation+%C3%A0+la+Protection+des+Mangroves+%C3%A0+Corail+%3A+Un+Engagement+Collectif+pour+l%E2%80%99Environnement+%5Cn%5Cn+URL%3A+https%3A%2F%2Fvelipost.com%2Findex.php%3Frest_route%3D%252Fwp%252Fv2%252Fposts%252F1717&amp;subject=Journ%C3%A9e+de+Sensibilisation+%C3%A0+la+Protection+des+Mangroves+%C3%A0+Corail+%3A+Un+Engagement+Collectif+pour+l%E2%80%99Environnement\">\n\n                            <div class=\"xs-social-icon\">\n                                <span class=\"met-social met-social-email\"><\/span>\n                            <\/div>\n\n\t\t\t\t\t\t\t\n                            <div class=\"wslu-hover-content\">\n                                <div class=\"xs-social-followers\">\n\t\t\t\t\t\t\t\t\t0                                <\/div>\n                                <div class=\"xs-social-follower-text\">\n\t\t\t\t\t\t\t\t\tShare                                <\/div>\n                                <div class=\"xs-social-follower-label\">\n\t\t\t\t\t\t\t\t\tEmail                                <\/div>\n                            <\/div>\n                        <\/a>\n                    <\/li>\n\t\t\t\t\t        <\/ul>\n    <\/div> \n","protected":false},"excerpt":{"rendered":"<p>Le 10 ao\u00fbt, la Direction d\u00e9partementale de la Grand\u2019Anse du Minist\u00e8re de l\u2019Environnement a organis\u00e9 une journ\u00e9e de sensibilisation \u00e0 Corail. Ax\u00e9e sur la<\/p>\n","protected":false},"author":1,"featured_media":1718,"comment_status":"open","ping_status":"open","sticky":false,"template":"","format":"standard","meta":{"_uag_custom_page_level_css":"","footnotes":"","jetpack_publicize_message":"","jetpack_publicize_feature_enabled":true,"jetpack_social_post_already_shared":false,"jetpack_social_options":{"image_generator_settings":{"template":"highway","default_image_id":0,"font":"","enabled":false},"version":2}},"categories":[100],"tags":[],"class_list":["post-1717","post","type-post","status-publish","format-standard","has-post-thumbnail","hentry","category-environnement"],"yoast_head":"<!-- This site is optimized with the Yoast SEO plugin v25.3.1 - https:\/\/yoast.com\/wordpress\/plugins\/seo\/ -->\n<title>Journ\u00e9e de Sensibilisation \u00e0 la Protection des Mangroves \u00e0 Corail : Un Engagement Collectif pour l\u2019Environnement &#8211; VeliPost<\/title>\n<meta name=\"robots\" content=\"index, follow, max-snippet:-1, max-image-preview:large, max-video-preview:-1\" \/>\n<link rel=\"canonical\" href=\"https:\/\/velipost.com\/?p=1717\" \/>\n<meta property=\"og:locale\" content=\"fr_FR\" \/>\n<meta property=\"og:type\" content=\"article\" \/>\n<meta property=\"og:title\" content=\"Journ\u00e9e de Sensibilisation \u00e0 la Protection des Mangroves \u00e0 Corail : Un Engagement Collectif pour l\u2019Environnement &#8211; VeliPost\" \/>\n<meta property=\"og:description\" content=\"Le 10 ao\u00fbt, la Direction d\u00e9partementale de la Grand\u2019Anse du Minist\u00e8re de l\u2019Environnement a organis\u00e9 une journ\u00e9e de sensibilisation \u00e0 Corail. Ax\u00e9e sur la\" \/>\n<meta property=\"og:url\" content=\"https:\/\/velipost.com\/?p=1717\" \/>\n<meta property=\"og:site_name\" content=\"VeliPost\" \/>\n<meta property=\"article:publisher\" content=\"https:\/\/www.facebook.com\/veliposthaiti\" \/>\n<meta property=\"article:published_time\" content=\"2024-08-17T13:47:20+00:00\" \/>\n<meta property=\"article:modified_time\" content=\"2024-08-17T13:47:22+00:00\" \/>\n<meta property=\"og:image\" content=\"https:\/\/velipost.com\/wp-content\/uploads\/2024\/08\/Journee-de-Sensibilisation-a-la-Protection-des-Mangroves-a-Corail-Un-Engagement-Collectif-pour-lEnvironnement.jpg\" \/>\n\t<meta property=\"og:image:width\" content=\"1170\" \/>\n\t<meta property=\"og:image:height\" content=\"603\" \/>\n\t<meta property=\"og:image:type\" content=\"image\/jpeg\" \/>\n<meta name=\"author\" content=\"VeliPost\" \/>\n<meta name=\"twitter:card\" content=\"summary_large_image\" \/>\n<meta name=\"twitter:creator\" content=\"@veliposthaiti\" \/>\n<meta name=\"twitter:site\" content=\"@veliposthaiti\" \/>\n<meta name=\"twitter:label1\" content=\"\u00c9crit par\" \/>\n\t<meta name=\"twitter:data1\" content=\"VeliPost\" \/>\n\t<meta name=\"twitter:label2\" content=\"Dur\u00e9e de lecture estim\u00e9e\" \/>\n\t<meta name=\"twitter:data2\" content=\"1 minute\" \/>\n<script type=\"application\/ld+json\" class=\"yoast-schema-graph\">{\"@context\":\"https:\/\/schema.org\",\"@graph\":[{\"@type\":\"Article\",\"@id\":\"https:\/\/velipost.com\/?p=1717#article\",\"isPartOf\":{\"@id\":\"https:\/\/velipost.com\/?p=1717\"},\"author\":{\"name\":\"VeliPost\",\"@id\":\"https:\/\/velipost.com\/#\/schema\/person\/32ff49a53c9c1bb24302ee8ece058096\"},\"headline\":\"Journ\u00e9e de Sensibilisation \u00e0 la Protection des Mangroves \u00e0 Corail : Un Engagement Collectif pour l\u2019Environnement\",\"datePublished\":\"2024-08-17T13:47:20+00:00\",\"dateModified\":\"2024-08-17T13:47:22+00:00\",\"mainEntityOfPage\":{\"@id\":\"https:\/\/velipost.com\/?p=1717\"},\"wordCount\":191,\"commentCount\":1,\"publisher\":{\"@id\":\"https:\/\/velipost.com\/#organization\"},\"image\":{\"@id\":\"https:\/\/velipost.com\/?p=1717#primaryimage\"},\"thumbnailUrl\":\"https:\/\/velipost.com\/wp-content\/uploads\/2024\/08\/Journee-de-Sensibilisation-a-la-Protection-des-Mangroves-a-Corail-Un-Engagement-Collectif-pour-lEnvironnement.jpg\",\"articleSection\":[\"Environnement\"],\"inLanguage\":\"fr-FR\",\"potentialAction\":[{\"@type\":\"CommentAction\",\"name\":\"Comment\",\"target\":[\"https:\/\/velipost.com\/?p=1717#respond\"]}]},{\"@type\":\"WebPage\",\"@id\":\"https:\/\/velipost.com\/?p=1717\",\"url\":\"https:\/\/velipost.com\/?p=1717\",\"name\":\"Journ\u00e9e de Sensibilisation \u00e0 la Protection des Mangroves \u00e0 Corail : Un Engagement Collectif pour l\u2019Environnement &#8211; VeliPost\",\"isPartOf\":{\"@id\":\"https:\/\/velipost.com\/#website\"},\"primaryImageOfPage\":{\"@id\":\"https:\/\/velipost.com\/?p=1717#primaryimage\"},\"image\":{\"@id\":\"https:\/\/velipost.com\/?p=1717#primaryimage\"},\"thumbnailUrl\":\"https:\/\/velipost.com\/wp-content\/uploads\/2024\/08\/Journee-de-Sensibilisation-a-la-Protection-des-Mangroves-a-Corail-Un-Engagement-Collectif-pour-lEnvironnement.jpg\",\"datePublished\":\"2024-08-17T13:47:20+00:00\",\"dateModified\":\"2024-08-17T13:47:22+00:00\",\"breadcrumb\":{\"@id\":\"https:\/\/velipost.com\/?p=1717#breadcrumb\"},\"inLanguage\":\"fr-FR\",\"potentialAction\":[{\"@type\":\"ReadAction\",\"target\":[\"https:\/\/velipost.com\/?p=1717\"]}]},{\"@type\":\"ImageObject\",\"inLanguage\":\"fr-FR\",\"@id\":\"https:\/\/velipost.com\/?p=1717#primaryimage\",\"url\":\"https:\/\/velipost.com\/wp-content\/uploads\/2024\/08\/Journee-de-Sensibilisation-a-la-Protection-des-Mangroves-a-Corail-Un-Engagement-Collectif-pour-lEnvironnement.jpg\",\"contentUrl\":\"https:\/\/velipost.com\/wp-content\/uploads\/2024\/08\/Journee-de-Sensibilisation-a-la-Protection-des-Mangroves-a-Corail-Un-Engagement-Collectif-pour-lEnvironnement.jpg\",\"width\":1170,\"height\":603},{\"@type\":\"BreadcrumbList\",\"@id\":\"https:\/\/velipost.com\/?p=1717#breadcrumb\",\"itemListElement\":[{\"@type\":\"ListItem\",\"position\":1,\"name\":\"Accueil\",\"item\":\"https:\/\/velipost.com\/\"},{\"@type\":\"ListItem\",\"position\":2,\"name\":\"Journ\u00e9e de Sensibilisation \u00e0 la Protection des Mangroves \u00e0 Corail : Un Engagement Collectif pour l\u2019Environnement\"}]},{\"@type\":\"WebSite\",\"@id\":\"https:\/\/velipost.com\/#website\",\"url\":\"https:\/\/velipost.com\/\",\"name\":\"VeliPost\",\"description\":\"L\u2019info en un clic\",\"publisher\":{\"@id\":\"https:\/\/velipost.com\/#organization\"},\"potentialAction\":[{\"@type\":\"SearchAction\",\"target\":{\"@type\":\"EntryPoint\",\"urlTemplate\":\"https:\/\/velipost.com\/?s={search_term_string}\"},\"query-input\":{\"@type\":\"PropertyValueSpecification\",\"valueRequired\":true,\"valueName\":\"search_term_string\"}}],\"inLanguage\":\"fr-FR\"},{\"@type\":\"Organization\",\"@id\":\"https:\/\/velipost.com\/#organization\",\"name\":\"VeliPost\",\"url\":\"https:\/\/velipost.com\/\",\"logo\":{\"@type\":\"ImageObject\",\"inLanguage\":\"fr-FR\",\"@id\":\"https:\/\/velipost.com\/#\/schema\/logo\/image\/\",\"url\":\"https:\/\/velipost.com\/wp-content\/uploads\/2024\/08\/cropped-VP-logo-piti.png\",\"contentUrl\":\"https:\/\/velipost.com\/wp-content\/uploads\/2024\/08\/cropped-VP-logo-piti.png\",\"width\":201,\"height\":69,\"caption\":\"VeliPost\"},\"image\":{\"@id\":\"https:\/\/velipost.com\/#\/schema\/logo\/image\/\"},\"sameAs\":[\"https:\/\/www.facebook.com\/veliposthaiti\",\"https:\/\/x.com\/veliposthaiti\",\"https:\/\/www.instagram.com\/veliposthaiti\"]},{\"@type\":\"Person\",\"@id\":\"https:\/\/velipost.com\/#\/schema\/person\/32ff49a53c9c1bb24302ee8ece058096\",\"name\":\"VeliPost\",\"image\":{\"@type\":\"ImageObject\",\"inLanguage\":\"fr-FR\",\"@id\":\"https:\/\/velipost.com\/#\/schema\/person\/image\/\",\"url\":\"https:\/\/secure.gravatar.com\/avatar\/57c226c264de62f794185a89596d4a37b85a5ad20aca30d9d5a478b27d8c8d9d?s=96&d=mm&r=g\",\"contentUrl\":\"https:\/\/secure.gravatar.com\/avatar\/57c226c264de62f794185a89596d4a37b85a5ad20aca30d9d5a478b27d8c8d9d?s=96&d=mm&r=g\",\"caption\":\"VeliPost\"},\"sameAs\":[\"https:\/\/velipost.com\"],\"url\":\"https:\/\/velipost.com\/?author=1\"}]}<\/script>\n<!-- \/ Yoast SEO plugin. -->","yoast_head_json":{"title":"Journ\u00e9e de Sensibilisation \u00e0 la Protection des Mangroves \u00e0 Corail : Un Engagement Collectif pour l\u2019Environnement &#8211; VeliPost","robots":{"index":"index","follow":"follow","max-snippet":"max-snippet:-1","max-image-preview":"max-image-preview:large","max-video-preview":"max-video-preview:-1"},"canonical":"https:\/\/velipost.com\/?p=1717","og_locale":"fr_FR","og_type":"article","og_title":"Journ\u00e9e de Sensibilisation \u00e0 la Protection des Mangroves \u00e0 Corail : Un Engagement Collectif pour l\u2019Environnement &#8211; VeliPost","og_description":"Le 10 ao\u00fbt, la Direction d\u00e9partementale de la Grand\u2019Anse du Minist\u00e8re de l\u2019Environnement a organis\u00e9 une journ\u00e9e de sensibilisation \u00e0 Corail. Ax\u00e9e sur la","og_url":"https:\/\/velipost.com\/?p=1717","og_site_name":"VeliPost","article_publisher":"https:\/\/www.facebook.com\/veliposthaiti","article_published_time":"2024-08-17T13:47:20+00:00","article_modified_time":"2024-08-17T13:47:22+00:00","og_image":[{"width":1170,"height":603,"url":"https:\/\/velipost.com\/wp-content\/uploads\/2024\/08\/Journee-de-Sensibilisation-a-la-Protection-des-Mangroves-a-Corail-Un-Engagement-Collectif-pour-lEnvironnement.jpg","type":"image\/jpeg"}],"author":"VeliPost","twitter_card":"summary_large_image","twitter_creator":"@veliposthaiti","twitter_site":"@veliposthaiti","twitter_misc":{"\u00c9crit par":"VeliPost","Dur\u00e9e de lecture estim\u00e9e":"1 minute"},"schema":{"@context":"https:\/\/schema.org","@graph":[{"@type":"Article","@id":"https:\/\/velipost.com\/?p=1717#article","isPartOf":{"@id":"https:\/\/velipost.com\/?p=1717"},"author":{"name":"VeliPost","@id":"https:\/\/velipost.com\/#\/schema\/person\/32ff49a53c9c1bb24302ee8ece058096"},"headline":"Journ\u00e9e de Sensibilisation \u00e0 la Protection des Mangroves \u00e0 Corail : Un Engagement Collectif pour l\u2019Environnement","datePublished":"2024-08-17T13:47:20+00:00","dateModified":"2024-08-17T13:47:22+00:00","mainEntityOfPage":{"@id":"https:\/\/velipost.com\/?p=1717"},"wordCount":191,"commentCount":1,"publisher":{"@id":"https:\/\/velipost.com\/#organization"},"image":{"@id":"https:\/\/velipost.com\/?p=1717#primaryimage"},"thumbnailUrl":"https:\/\/velipost.com\/wp-content\/uploads\/2024\/08\/Journee-de-Sensibilisation-a-la-Protection-des-Mangroves-a-Corail-Un-Engagement-Collectif-pour-lEnvironnement.jpg","articleSection":["Environnement"],"inLanguage":"fr-FR","potentialAction":[{"@type":"CommentAction","name":"Comment","target":["https:\/\/velipost.com\/?p=1717#respond"]}]},{"@type":"WebPage","@id":"https:\/\/velipost.com\/?p=1717","url":"https:\/\/velipost.com\/?p=1717","name":"Journ\u00e9e de Sensibilisation \u00e0 la Protection des Mangroves \u00e0 Corail : Un Engagement Collectif pour l\u2019Environnement &#8211; VeliPost","isPartOf":{"@id":"https:\/\/velipost.com\/#website"},"primaryImageOfPage":{"@id":"https:\/\/velipost.com\/?p=1717#primaryimage"},"image":{"@id":"https:\/\/velipost.com\/?p=1717#primaryimage"},"thumbnailUrl":"https:\/\/velipost.com\/wp-content\/uploads\/2024\/08\/Journee-de-Sensibilisation-a-la-Protection-des-Mangroves-a-Corail-Un-Engagement-Collectif-pour-lEnvironnement.jpg","datePublished":"2024-08-17T13:47:20+00:00","dateModified":"2024-08-17T13:47:22+00:00","breadcrumb":{"@id":"https:\/\/velipost.com\/?p=1717#breadcrumb"},"inLanguage":"fr-FR","potentialAction":[{"@type":"ReadAction","target":["https:\/\/velipost.com\/?p=1717"]}]},{"@type":"ImageObject","inLanguage":"fr-FR","@id":"https:\/\/velipost.com\/?p=1717#primaryimage","url":"https:\/\/velipost.com\/wp-content\/uploads\/2024\/08\/Journee-de-Sensibilisation-a-la-Protection-des-Mangroves-a-Corail-Un-Engagement-Collectif-pour-lEnvironnement.jpg","contentUrl":"https:\/\/velipost.com\/wp-content\/uploads\/2024\/08\/Journee-de-Sensibilisation-a-la-Protection-des-Mangroves-a-Corail-Un-Engagement-Collectif-pour-lEnvironnement.jpg","width":1170,"height":603},{"@type":"BreadcrumbList","@id":"https:\/\/velipost.com\/?p=1717#breadcrumb","itemListElement":[{"@type":"ListItem","position":1,"name":"Accueil","item":"https:\/\/velipost.com\/"},{"@type":"ListItem","position":2,"name":"Journ\u00e9e de Sensibilisation \u00e0 la Protection des Mangroves \u00e0 Corail : Un Engagement Collectif pour l\u2019Environnement"}]},{"@type":"WebSite","@id":"https:\/\/velipost.com\/#website","url":"https:\/\/velipost.com\/","name":"VeliPost","description":"L\u2019info en un clic","publisher":{"@id":"https:\/\/velipost.com\/#organization"},"potentialAction":[{"@type":"SearchAction","target":{"@type":"EntryPoint","urlTemplate":"https:\/\/velipost.com\/?s={search_term_string}"},"query-input":{"@type":"PropertyValueSpecification","valueRequired":true,"valueName":"search_term_string"}}],"inLanguage":"fr-FR"},{"@type":"Organization","@id":"https:\/\/velipost.com\/#organization","name":"VeliPost","url":"https:\/\/velipost.com\/","logo":{"@type":"ImageObject","inLanguage":"fr-FR","@id":"https:\/\/velipost.com\/#\/schema\/logo\/image\/","url":"https:\/\/velipost.com\/wp-content\/uploads\/2024\/08\/cropped-VP-logo-piti.png","contentUrl":"https:\/\/velipost.com\/wp-content\/uploads\/2024\/08\/cropped-VP-logo-piti.png","width":201,"height":69,"caption":"VeliPost"},"image":{"@id":"https:\/\/velipost.com\/#\/schema\/logo\/image\/"},"sameAs":["https:\/\/www.facebook.com\/veliposthaiti","https:\/\/x.com\/veliposthaiti","https:\/\/www.instagram.com\/veliposthaiti"]},{"@type":"Person","@id":"https:\/\/velipost.com\/#\/schema\/person\/32ff49a53c9c1bb24302ee8ece058096","name":"VeliPost","image":{"@type":"ImageObject","inLanguage":"fr-FR","@id":"https:\/\/velipost.com\/#\/schema\/person\/image\/","url":"https:\/\/secure.gravatar.com\/avatar\/57c226c264de62f794185a89596d4a37b85a5ad20aca30d9d5a478b27d8c8d9d?s=96&d=mm&r=g","contentUrl":"https:\/\/secure.gravatar.com\/avatar\/57c226c264de62f794185a89596d4a37b85a5ad20aca30d9d5a478b27d8c8d9d?s=96&d=mm&r=g","caption":"VeliPost"},"sameAs":["https:\/\/velipost.com"],"url":"https:\/\/velipost.com\/?author=1"}]}},"views":1,"jetpack_publicize_connections":[],"uagb_featured_image_src":{"full":["https:\/\/velipost.com\/wp-content\/uploads\/2024\/08\/Journee-de-Sensibilisation-a-la-Protection-des-Mangroves-a-Corail-Un-Engagement-Collectif-pour-lEnvironnement.jpg",1170,603,false],"thumbnail":["https:\/\/velipost.com\/wp-content\/uploads\/2024\/08\/Journee-de-Sensibilisation-a-la-Protection-des-Mangroves-a-Corail-Un-Engagement-Collectif-pour-lEnvironnement-150x150.jpg",150,150,true],"medium":["https:\/\/velipost.com\/wp-content\/uploads\/2024\/08\/Journee-de-Sensibilisation-a-la-Protection-des-Mangroves-a-Corail-Un-Engagement-Collectif-pour-lEnvironnement-300x155.jpg",300,155,true],"medium_large":["https:\/\/velipost.com\/wp-content\/uploads\/2024\/08\/Journee-de-Sensibilisation-a-la-Protection-des-Mangroves-a-Corail-Un-Engagement-Collectif-pour-lEnvironnement-768x396.jpg",715,369,true],"large":["https:\/\/velipost.com\/wp-content\/uploads\/2024\/08\/Journee-de-Sensibilisation-a-la-Protection-des-Mangroves-a-Corail-Un-Engagement-Collectif-pour-lEnvironnement-1024x528.jpg",715,369,true],"1536x1536":["https:\/\/velipost.com\/wp-content\/uploads\/2024\/08\/Journee-de-Sensibilisation-a-la-Protection-des-Mangroves-a-Corail-Un-Engagement-Collectif-pour-lEnvironnement.jpg",1170,603,false],"2048x2048":["https:\/\/velipost.com\/wp-content\/uploads\/2024\/08\/Journee-de-Sensibilisation-a-la-Protection-des-Mangroves-a-Corail-Un-Engagement-Collectif-pour-lEnvironnement.jpg",1170,603,false],"colornews-big-slider":["https:\/\/velipost.com\/wp-content\/uploads\/2024\/08\/Journee-de-Sensibilisation-a-la-Protection-des-Mangroves-a-Corail-Un-Engagement-Collectif-pour-lEnvironnement-1070x470.jpg",1070,470,true],"colornews-big-slider-thumb":["https:\/\/velipost.com\/wp-content\/uploads\/2024\/08\/Journee-de-Sensibilisation-a-la-Protection-des-Mangroves-a-Corail-Un-Engagement-Collectif-pour-lEnvironnement-184x109.jpg",184,109,true],"colornews-featured-post-medium":["https:\/\/velipost.com\/wp-content\/uploads\/2024\/08\/Journee-de-Sensibilisation-a-la-Protection-des-Mangroves-a-Corail-Un-Engagement-Collectif-pour-lEnvironnement-345x265.jpg",345,265,true],"colornews-featured-post-small":["https:\/\/velipost.com\/wp-content\/uploads\/2024\/08\/Journee-de-Sensibilisation-a-la-Protection-des-Mangroves-a-Corail-Un-Engagement-Collectif-pour-lEnvironnement-115x73.jpg",115,73,true],"colornews-random-posts":["https:\/\/velipost.com\/wp-content\/uploads\/2024\/08\/Journee-de-Sensibilisation-a-la-Protection-des-Mangroves-a-Corail-Un-Engagement-Collectif-pour-lEnvironnement-215x215.jpg",215,215,true],"colornews-featured-image":["https:\/\/velipost.com\/wp-content\/uploads\/2024\/08\/Journee-de-Sensibilisation-a-la-Protection-des-Mangroves-a-Corail-Un-Engagement-Collectif-pour-lEnvironnement-715x400.jpg",715,400,true],"mailpoet_newsletter_max":["https:\/\/velipost.com\/wp-content\/uploads\/2024\/08\/Journee-de-Sensibilisation-a-la-Protection-des-Mangroves-a-Corail-Un-Engagement-Collectif-pour-lEnvironnement.jpg",1170,603,false]},"uagb_author_info":{"display_name":"VeliPost","author_link":"https:\/\/velipost.com\/?author=1"},"uagb_comment_info":1,"uagb_excerpt":"Le 10 ao\u00fbt, la Direction d\u00e9partementale de la Grand\u2019Anse du Minist\u00e8re de l\u2019Environnement a organis\u00e9 une journ\u00e9e de sensibilisation \u00e0 Corail. Ax\u00e9e sur la","_links":{"self":[{"href":"https:\/\/velipost.com\/index.php?rest_route=\/wp\/v2\/posts\/1717","targetHints":{"allow":["GET"]}}],"collection":[{"href":"https:\/\/velipost.com\/index.php?rest_route=\/wp\/v2\/posts"}],"about":[{"href":"https:\/\/velipost.com\/index.php?rest_route=\/wp\/v2\/types\/post"}],"author":[{"embeddable":true,"href":"https:\/\/velipost.com\/index.php?rest_route=\/wp\/v2\/users\/1"}],"replies":[{"embeddable":true,"href":"https:\/\/velipost.com\/index.php?rest_route=%2Fwp%2Fv2%2Fcomments&post=1717"}],"version-history":[{"count":1,"href":"https:\/\/velipost.com\/index.php?rest_route=\/wp\/v2\/posts\/1717\/revisions"}],"predecessor-version":[{"id":1719,"href":"https:\/\/velipost.com\/index.php?rest_route=\/wp\/v2\/posts\/1717\/revisions\/1719"}],"wp:featuredmedia":[{"embeddable":true,"href":"https:\/\/velipost.com\/index.php?rest_route=\/wp\/v2\/media\/1718"}],"wp:attachment":[{"href":"https:\/\/velipost.com\/index.php?rest_route=%2Fwp%2Fv2%2Fmedia&parent=1717"}],"wp:term":[{"taxonomy":"category","embeddable":true,"href":"https:\/\/velipost.com\/index.php?rest_route=%2Fwp%2Fv2%2Fcategories&post=1717"},{"taxonomy":"post_tag","embeddable":true,"href":"https:\/\/velipost.com\/index.php?rest_route=%2Fwp%2Fv2%2Ftags&post=1717"}],"curies":[{"name":"wp","href":"https:\/\/api.w.org\/{rel}","templated":true}]}}