{"id":1692,"date":"2024-08-14T05:49:07","date_gmt":"2024-08-14T03:49:07","guid":{"rendered":"https:\/\/velipost.com\/?p=1692"},"modified":"2024-08-14T05:49:09","modified_gmt":"2024-08-14T03:49:09","slug":"tensions-diplomatiques-la-ministre-dominique-dupuy-demande-la-reouverture-totale-de-lespace-aerien-sans-conditions","status":"publish","type":"post","link":"https:\/\/velipost.com\/?p=1692","title":{"rendered":"Tensions Diplomatiques : La Ministre Dominique Dupuy Demande la R\u00e9ouverture Totale de l\u2019Espace A\u00e9rien sans Conditions"},"content":{"rendered":"\n<hr class=\"wp-block-separator has-alpha-channel-opacity\"\/>\n\n\n\n<p>Le ministre des Affaires \u00e9trang\u00e8res de la R\u00e9publique Dominicaine, Roberto Alvarez, a annonc\u00e9 sur son compte X que toute demande de vols \u00e9manant des autorit\u00e9s ha\u00eftiennes, y compris pour les dignitaires invit\u00e9s, serait imm\u00e9diatement approuv\u00e9e. Cette d\u00e9claration vise \u00e0 apaiser les tensions li\u00e9es \u00e0 la fermeture de l\u2019espace a\u00e9rien entre les deux pays.<\/p>\n\n\n\n<p>En r\u00e9ponse, la ministre des Affaires \u00e9trang\u00e8res d&rsquo;Ha\u00efti, Dominique Dupuy, a exprim\u00e9 son m\u00e9contentement concernant cette situation. Elle a soulign\u00e9 que la r\u00e9ouverture de la fronti\u00e8re entre Ha\u00efti et la R\u00e9publique Dominicaine ne devrait pas \u00eatre conditionn\u00e9e \u00e0 des n\u00e9gociations. Selon Mme Dupuy, la fermeture de l\u2019espace a\u00e9rien a \u00e9t\u00e9 d\u00e9cid\u00e9e de mani\u00e8re unilat\u00e9rale par la R\u00e9publique Dominicaine, et par cons\u00e9quent, sa r\u00e9ouverture ne devrait pas \u00eatre subordonn\u00e9e \u00e0 des discussions bilat\u00e9rales.<\/p>\n\n\n\n<p>La ministre ha\u00eftienne a pr\u00e9cis\u00e9 que toute demande de r\u00e9ouverture doit concerner l&rsquo;ensemble des citoyens, sans exception. Elle a affirm\u00e9 que les autorit\u00e9s ha\u00eftiennes ne peuvent b\u00e9n\u00e9ficier d&rsquo;un privil\u00e8ge auquel le peuple ha\u00eftien n\u2019a pas acc\u00e8s. En outre, Mme Dupuy a insist\u00e9 sur le fait que la r\u00e9ouverture de l\u2019espace a\u00e9rien doit \u00eatre compl\u00e8te, englobant les vols commerciaux et officiels, afin d&rsquo;\u00e9viter toute forme de discrimination.<\/p>\n\n\n\n<p>La R\u00e9publique Dominicaine continue de justifier la fermeture des vols commerciaux par des pr\u00e9occupations de s\u00e9curit\u00e9, en raison de la situation instable en Ha\u00efti. Cependant, cette position n&rsquo;a pas convaincu la diplomatie ha\u00eftienne, qui reste ferme sur la n\u00e9cessit\u00e9 d&rsquo;une r\u00e9ouverture totale de l\u2019espace a\u00e9rien pour tous.<\/p>\n\n\n\n<p>La situation souligne les tensions persistantes entre les deux nations, alors que les discussions sur la r\u00e9ouverture de l\u2019espace a\u00e9rien se poursuivent. La diplomatie ha\u00eftienne attend des mesures concr\u00e8tes et imm\u00e9diates pour r\u00e9soudre cette impasse.<\/p>\n\n\n\n<hr class=\"wp-block-separator has-alpha-channel-opacity\"\/>\n\n\n\n<p>Si vous avez besoin de modifications ou d&rsquo;ajustements suppl\u00e9mentaires, faites-le moi savoir !<\/p>\n\n    <div class=\"xs_social_share_widget xs_share_url after_content \t\tmain_content  wslu-style-3 wslu-share-box-shaped wslu-fill-brand-hover-colored wslu-share-m-5 wslu-none wslu-share-horizontal wslu-theme-font-no wslu-main_content\">\n\n\t\t\n        <ul>\n\t\t\t                    <li class=\"xs-share-li twitter                        wslu-no-extra-data\">\n                        <a href=\"javascript:void(0);\"\n                           id=\"xs_feed_twitter\"\n                           onclick=\"xs_social_sharer(this);\"\n                           data-pid=\"1692\"\n                           data-uri_hash=\"b650514331a565d5fbf45628cbaa5f14\"\n                           data-key=\"twitter\"\n                           data-xs-href=\"https:\/\/twitter.com\/intent\/tweet?text=Tensions+Diplomatiques+%3A+La+Ministre+Dominique+Dupuy+Demande+la+R%C3%A9ouverture+Totale+de+l%E2%80%99Espace+A%C3%A9rien+sans+Conditions+https%3A%2F%2Fvelipost.com%2Findex.php%3Frest_route%3D%252Fwp%252Fv2%252Fposts%252F1692&amp;original_referer=https%3A%2F%2Fvelipost.com%2Findex.php%3Frest_route%3D%252Fwp%252Fv2%252Fposts%252F1692&amp;related=xpeedstudio\">\n\n                            <div class=\"xs-social-icon\">\n                                <span class=\"met-social met-social-twitter\"><\/span>\n                            <\/div>\n\n\t\t\t\t\t\t\t\n                            <div class=\"wslu-hover-content\">\n                                <div class=\"xs-social-followers\">\n\t\t\t\t\t\t\t\t\t10                                <\/div>\n                                <div class=\"xs-social-follower-text\">\n\t\t\t\t\t\t\t\t\tShare                                <\/div>\n                                <div class=\"xs-social-follower-label\">\n\t\t\t\t\t\t\t\t\tTwitter                                <\/div>\n                            <\/div>\n                        <\/a>\n                    <\/li>\n\t\t\t\t\t                    <li class=\"xs-share-li telegram                        wslu-no-extra-data\">\n                        <a href=\"javascript:void(0);\"\n                           id=\"xs_feed_telegram\"\n                           onclick=\"xs_social_sharer(this);\"\n                           data-pid=\"1692\"\n                           data-uri_hash=\"b650514331a565d5fbf45628cbaa5f14\"\n                           data-key=\"telegram\"\n                           data-xs-href=\"https:\/\/telegram.me\/share\/url?url=https%3A%2F%2Fvelipost.com%2Findex.php%3Frest_route%3D%252Fwp%252Fv2%252Fposts%252F1692&amp;text=Tensions+Diplomatiques+%3A+La+Ministre+Dominique+Dupuy+Demande+la+R%C3%A9ouverture+Totale+de+l%E2%80%99Espace+A%C3%A9rien+sans+Conditions\">\n\n                            <div class=\"xs-social-icon\">\n                                <span class=\"met-social met-social-telegram\"><\/span>\n                            <\/div>\n\n\t\t\t\t\t\t\t\n                            <div class=\"wslu-hover-content\">\n                                <div class=\"xs-social-followers\">\n\t\t\t\t\t\t\t\t\t0                                <\/div>\n                                <div class=\"xs-social-follower-text\">\n\t\t\t\t\t\t\t\t\tShare                                <\/div>\n                                <div class=\"xs-social-follower-label\">\n\t\t\t\t\t\t\t\t\tTelegram                                <\/div>\n                            <\/div>\n                        <\/a>\n                    <\/li>\n\t\t\t\t\t                    <li class=\"xs-share-li email                        wslu-no-extra-data\">\n                        <a href=\"javascript:void(0);\"\n                           id=\"xs_feed_email\"\n                           onclick=\"xs_social_sharer(this);\"\n                           data-pid=\"1692\"\n                           data-uri_hash=\"b650514331a565d5fbf45628cbaa5f14\"\n                           data-key=\"email\"\n                           data-xs-href=\"mailto:?body=Title%3A+Tensions+Diplomatiques+%3A+La+Ministre+Dominique+Dupuy+Demande+la+R%C3%A9ouverture+Totale+de+l%E2%80%99Espace+A%C3%A9rien+sans+Conditions+%5Cn%5Cn+URL%3A+https%3A%2F%2Fvelipost.com%2Findex.php%3Frest_route%3D%252Fwp%252Fv2%252Fposts%252F1692&amp;subject=Tensions+Diplomatiques+%3A+La+Ministre+Dominique+Dupuy+Demande+la+R%C3%A9ouverture+Totale+de+l%E2%80%99Espace+A%C3%A9rien+sans+Conditions\">\n\n                            <div class=\"xs-social-icon\">\n                                <span class=\"met-social met-social-email\"><\/span>\n                            <\/div>\n\n\t\t\t\t\t\t\t\n                            <div class=\"wslu-hover-content\">\n                                <div class=\"xs-social-followers\">\n\t\t\t\t\t\t\t\t\t0                                <\/div>\n                                <div class=\"xs-social-follower-text\">\n\t\t\t\t\t\t\t\t\tShare                                <\/div>\n                                <div class=\"xs-social-follower-label\">\n\t\t\t\t\t\t\t\t\tEmail                                <\/div>\n                            <\/div>\n                        <\/a>\n                    <\/li>\n\t\t\t\t\t        <\/ul>\n    <\/div> \n","protected":false},"excerpt":{"rendered":"<p>Le ministre des Affaires \u00e9trang\u00e8res de la R\u00e9publique Dominicaine, Roberto Alvarez, a annonc\u00e9 sur son compte X que toute demande de vols \u00e9manant des<\/p>\n","protected":false},"author":1,"featured_media":1693,"comment_status":"open","ping_status":"open","sticky":false,"template":"","format":"standard","meta":{"_uag_custom_page_level_css":"","footnotes":"","jetpack_publicize_message":"","jetpack_publicize_feature_enabled":true,"jetpack_social_post_already_shared":false,"jetpack_social_options":{"image_generator_settings":{"template":"highway","default_image_id":0,"font":"","enabled":false},"version":2}},"categories":[115],"tags":[],"class_list":["post-1692","post","type-post","status-publish","format-standard","has-post-thumbnail","hentry","category-politique"],"yoast_head":"<!-- This site is optimized with the Yoast SEO plugin v25.3.1 - https:\/\/yoast.com\/wordpress\/plugins\/seo\/ -->\n<title>Tensions Diplomatiques : La Ministre Dominique Dupuy Demande la R\u00e9ouverture Totale de l\u2019Espace A\u00e9rien sans Conditions &#8211; VeliPost<\/title>\n<meta name=\"robots\" content=\"index, follow, max-snippet:-1, max-image-preview:large, max-video-preview:-1\" \/>\n<link rel=\"canonical\" href=\"https:\/\/velipost.com\/?p=1692\" \/>\n<meta property=\"og:locale\" content=\"fr_FR\" \/>\n<meta property=\"og:type\" content=\"article\" \/>\n<meta property=\"og:title\" content=\"Tensions Diplomatiques : La Ministre Dominique Dupuy Demande la R\u00e9ouverture Totale de l\u2019Espace A\u00e9rien sans Conditions &#8211; VeliPost\" \/>\n<meta property=\"og:description\" content=\"Le ministre des Affaires \u00e9trang\u00e8res de la R\u00e9publique Dominicaine, Roberto Alvarez, a annonc\u00e9 sur son compte X que toute demande de vols \u00e9manant des\" \/>\n<meta property=\"og:url\" content=\"https:\/\/velipost.com\/?p=1692\" \/>\n<meta property=\"og:site_name\" content=\"VeliPost\" \/>\n<meta property=\"article:publisher\" content=\"https:\/\/www.facebook.com\/veliposthaiti\" \/>\n<meta property=\"article:published_time\" content=\"2024-08-14T03:49:07+00:00\" \/>\n<meta property=\"article:modified_time\" content=\"2024-08-14T03:49:09+00:00\" \/>\n<meta property=\"og:image\" content=\"https:\/\/velipost.com\/wp-content\/uploads\/2024\/08\/Dominique-Dupuy-.jpg\" \/>\n\t<meta property=\"og:image:width\" content=\"1170\" \/>\n\t<meta property=\"og:image:height\" content=\"603\" \/>\n\t<meta property=\"og:image:type\" content=\"image\/jpeg\" \/>\n<meta name=\"author\" content=\"VeliPost\" \/>\n<meta name=\"twitter:card\" content=\"summary_large_image\" \/>\n<meta name=\"twitter:creator\" content=\"@veliposthaiti\" \/>\n<meta name=\"twitter:site\" content=\"@veliposthaiti\" \/>\n<meta name=\"twitter:label1\" content=\"\u00c9crit par\" \/>\n\t<meta name=\"twitter:data1\" content=\"VeliPost\" \/>\n\t<meta name=\"twitter:label2\" content=\"Dur\u00e9e de lecture estim\u00e9e\" \/>\n\t<meta name=\"twitter:data2\" content=\"2 minutes\" \/>\n<script type=\"application\/ld+json\" class=\"yoast-schema-graph\">{\"@context\":\"https:\/\/schema.org\",\"@graph\":[{\"@type\":\"Article\",\"@id\":\"https:\/\/velipost.com\/?p=1692#article\",\"isPartOf\":{\"@id\":\"https:\/\/velipost.com\/?p=1692\"},\"author\":{\"name\":\"VeliPost\",\"@id\":\"https:\/\/velipost.com\/#\/schema\/person\/32ff49a53c9c1bb24302ee8ece058096\"},\"headline\":\"Tensions Diplomatiques : La Ministre Dominique Dupuy Demande la R\u00e9ouverture Totale de l\u2019Espace A\u00e9rien sans Conditions\",\"datePublished\":\"2024-08-14T03:49:07+00:00\",\"dateModified\":\"2024-08-14T03:49:09+00:00\",\"mainEntityOfPage\":{\"@id\":\"https:\/\/velipost.com\/?p=1692\"},\"wordCount\":370,\"commentCount\":0,\"publisher\":{\"@id\":\"https:\/\/velipost.com\/#organization\"},\"image\":{\"@id\":\"https:\/\/velipost.com\/?p=1692#primaryimage\"},\"thumbnailUrl\":\"https:\/\/velipost.com\/wp-content\/uploads\/2024\/08\/Dominique-Dupuy-.jpg\",\"articleSection\":[\"Politique\"],\"inLanguage\":\"fr-FR\",\"potentialAction\":[{\"@type\":\"CommentAction\",\"name\":\"Comment\",\"target\":[\"https:\/\/velipost.com\/?p=1692#respond\"]}]},{\"@type\":\"WebPage\",\"@id\":\"https:\/\/velipost.com\/?p=1692\",\"url\":\"https:\/\/velipost.com\/?p=1692\",\"name\":\"Tensions Diplomatiques : La Ministre Dominique Dupuy Demande la R\u00e9ouverture Totale de l\u2019Espace A\u00e9rien sans Conditions &#8211; VeliPost\",\"isPartOf\":{\"@id\":\"https:\/\/velipost.com\/#website\"},\"primaryImageOfPage\":{\"@id\":\"https:\/\/velipost.com\/?p=1692#primaryimage\"},\"image\":{\"@id\":\"https:\/\/velipost.com\/?p=1692#primaryimage\"},\"thumbnailUrl\":\"https:\/\/velipost.com\/wp-content\/uploads\/2024\/08\/Dominique-Dupuy-.jpg\",\"datePublished\":\"2024-08-14T03:49:07+00:00\",\"dateModified\":\"2024-08-14T03:49:09+00:00\",\"breadcrumb\":{\"@id\":\"https:\/\/velipost.com\/?p=1692#breadcrumb\"},\"inLanguage\":\"fr-FR\",\"potentialAction\":[{\"@type\":\"ReadAction\",\"target\":[\"https:\/\/velipost.com\/?p=1692\"]}]},{\"@type\":\"ImageObject\",\"inLanguage\":\"fr-FR\",\"@id\":\"https:\/\/velipost.com\/?p=1692#primaryimage\",\"url\":\"https:\/\/velipost.com\/wp-content\/uploads\/2024\/08\/Dominique-Dupuy-.jpg\",\"contentUrl\":\"https:\/\/velipost.com\/wp-content\/uploads\/2024\/08\/Dominique-Dupuy-.jpg\",\"width\":1170,\"height\":603},{\"@type\":\"BreadcrumbList\",\"@id\":\"https:\/\/velipost.com\/?p=1692#breadcrumb\",\"itemListElement\":[{\"@type\":\"ListItem\",\"position\":1,\"name\":\"Accueil\",\"item\":\"https:\/\/velipost.com\/\"},{\"@type\":\"ListItem\",\"position\":2,\"name\":\"Tensions Diplomatiques : La Ministre Dominique Dupuy Demande la R\u00e9ouverture Totale de l\u2019Espace A\u00e9rien sans Conditions\"}]},{\"@type\":\"WebSite\",\"@id\":\"https:\/\/velipost.com\/#website\",\"url\":\"https:\/\/velipost.com\/\",\"name\":\"VeliPost\",\"description\":\"L\u2019info en un clic\",\"publisher\":{\"@id\":\"https:\/\/velipost.com\/#organization\"},\"potentialAction\":[{\"@type\":\"SearchAction\",\"target\":{\"@type\":\"EntryPoint\",\"urlTemplate\":\"https:\/\/velipost.com\/?s={search_term_string}\"},\"query-input\":{\"@type\":\"PropertyValueSpecification\",\"valueRequired\":true,\"valueName\":\"search_term_string\"}}],\"inLanguage\":\"fr-FR\"},{\"@type\":\"Organization\",\"@id\":\"https:\/\/velipost.com\/#organization\",\"name\":\"VeliPost\",\"url\":\"https:\/\/velipost.com\/\",\"logo\":{\"@type\":\"ImageObject\",\"inLanguage\":\"fr-FR\",\"@id\":\"https:\/\/velipost.com\/#\/schema\/logo\/image\/\",\"url\":\"https:\/\/velipost.com\/wp-content\/uploads\/2024\/08\/cropped-VP-logo-piti.png\",\"contentUrl\":\"https:\/\/velipost.com\/wp-content\/uploads\/2024\/08\/cropped-VP-logo-piti.png\",\"width\":201,\"height\":69,\"caption\":\"VeliPost\"},\"image\":{\"@id\":\"https:\/\/velipost.com\/#\/schema\/logo\/image\/\"},\"sameAs\":[\"https:\/\/www.facebook.com\/veliposthaiti\",\"https:\/\/x.com\/veliposthaiti\",\"https:\/\/www.instagram.com\/veliposthaiti\"]},{\"@type\":\"Person\",\"@id\":\"https:\/\/velipost.com\/#\/schema\/person\/32ff49a53c9c1bb24302ee8ece058096\",\"name\":\"VeliPost\",\"image\":{\"@type\":\"ImageObject\",\"inLanguage\":\"fr-FR\",\"@id\":\"https:\/\/velipost.com\/#\/schema\/person\/image\/\",\"url\":\"https:\/\/secure.gravatar.com\/avatar\/57c226c264de62f794185a89596d4a37b85a5ad20aca30d9d5a478b27d8c8d9d?s=96&d=mm&r=g\",\"contentUrl\":\"https:\/\/secure.gravatar.com\/avatar\/57c226c264de62f794185a89596d4a37b85a5ad20aca30d9d5a478b27d8c8d9d?s=96&d=mm&r=g\",\"caption\":\"VeliPost\"},\"sameAs\":[\"https:\/\/velipost.com\"],\"url\":\"https:\/\/velipost.com\/?author=1\"}]}<\/script>\n<!-- \/ Yoast SEO plugin. -->","yoast_head_json":{"title":"Tensions Diplomatiques : La Ministre Dominique Dupuy Demande la R\u00e9ouverture Totale de l\u2019Espace A\u00e9rien sans Conditions &#8211; VeliPost","robots":{"index":"index","follow":"follow","max-snippet":"max-snippet:-1","max-image-preview":"max-image-preview:large","max-video-preview":"max-video-preview:-1"},"canonical":"https:\/\/velipost.com\/?p=1692","og_locale":"fr_FR","og_type":"article","og_title":"Tensions Diplomatiques : La Ministre Dominique Dupuy Demande la R\u00e9ouverture Totale de l\u2019Espace A\u00e9rien sans Conditions &#8211; VeliPost","og_description":"Le ministre des Affaires \u00e9trang\u00e8res de la R\u00e9publique Dominicaine, Roberto Alvarez, a annonc\u00e9 sur son compte X que toute demande de vols \u00e9manant des","og_url":"https:\/\/velipost.com\/?p=1692","og_site_name":"VeliPost","article_publisher":"https:\/\/www.facebook.com\/veliposthaiti","article_published_time":"2024-08-14T03:49:07+00:00","article_modified_time":"2024-08-14T03:49:09+00:00","og_image":[{"width":1170,"height":603,"url":"https:\/\/velipost.com\/wp-content\/uploads\/2024\/08\/Dominique-Dupuy-.jpg","type":"image\/jpeg"}],"author":"VeliPost","twitter_card":"summary_large_image","twitter_creator":"@veliposthaiti","twitter_site":"@veliposthaiti","twitter_misc":{"\u00c9crit par":"VeliPost","Dur\u00e9e de lecture estim\u00e9e":"2 minutes"},"schema":{"@context":"https:\/\/schema.org","@graph":[{"@type":"Article","@id":"https:\/\/velipost.com\/?p=1692#article","isPartOf":{"@id":"https:\/\/velipost.com\/?p=1692"},"author":{"name":"VeliPost","@id":"https:\/\/velipost.com\/#\/schema\/person\/32ff49a53c9c1bb24302ee8ece058096"},"headline":"Tensions Diplomatiques : La Ministre Dominique Dupuy Demande la R\u00e9ouverture Totale de l\u2019Espace A\u00e9rien sans Conditions","datePublished":"2024-08-14T03:49:07+00:00","dateModified":"2024-08-14T03:49:09+00:00","mainEntityOfPage":{"@id":"https:\/\/velipost.com\/?p=1692"},"wordCount":370,"commentCount":0,"publisher":{"@id":"https:\/\/velipost.com\/#organization"},"image":{"@id":"https:\/\/velipost.com\/?p=1692#primaryimage"},"thumbnailUrl":"https:\/\/velipost.com\/wp-content\/uploads\/2024\/08\/Dominique-Dupuy-.jpg","articleSection":["Politique"],"inLanguage":"fr-FR","potentialAction":[{"@type":"CommentAction","name":"Comment","target":["https:\/\/velipost.com\/?p=1692#respond"]}]},{"@type":"WebPage","@id":"https:\/\/velipost.com\/?p=1692","url":"https:\/\/velipost.com\/?p=1692","name":"Tensions Diplomatiques : La Ministre Dominique Dupuy Demande la R\u00e9ouverture Totale de l\u2019Espace A\u00e9rien sans Conditions &#8211; VeliPost","isPartOf":{"@id":"https:\/\/velipost.com\/#website"},"primaryImageOfPage":{"@id":"https:\/\/velipost.com\/?p=1692#primaryimage"},"image":{"@id":"https:\/\/velipost.com\/?p=1692#primaryimage"},"thumbnailUrl":"https:\/\/velipost.com\/wp-content\/uploads\/2024\/08\/Dominique-Dupuy-.jpg","datePublished":"2024-08-14T03:49:07+00:00","dateModified":"2024-08-14T03:49:09+00:00","breadcrumb":{"@id":"https:\/\/velipost.com\/?p=1692#breadcrumb"},"inLanguage":"fr-FR","potentialAction":[{"@type":"ReadAction","target":["https:\/\/velipost.com\/?p=1692"]}]},{"@type":"ImageObject","inLanguage":"fr-FR","@id":"https:\/\/velipost.com\/?p=1692#primaryimage","url":"https:\/\/velipost.com\/wp-content\/uploads\/2024\/08\/Dominique-Dupuy-.jpg","contentUrl":"https:\/\/velipost.com\/wp-content\/uploads\/2024\/08\/Dominique-Dupuy-.jpg","width":1170,"height":603},{"@type":"BreadcrumbList","@id":"https:\/\/velipost.com\/?p=1692#breadcrumb","itemListElement":[{"@type":"ListItem","position":1,"name":"Accueil","item":"https:\/\/velipost.com\/"},{"@type":"ListItem","position":2,"name":"Tensions Diplomatiques : La Ministre Dominique Dupuy Demande la R\u00e9ouverture Totale de l\u2019Espace A\u00e9rien sans Conditions"}]},{"@type":"WebSite","@id":"https:\/\/velipost.com\/#website","url":"https:\/\/velipost.com\/","name":"VeliPost","description":"L\u2019info en un clic","publisher":{"@id":"https:\/\/velipost.com\/#organization"},"potentialAction":[{"@type":"SearchAction","target":{"@type":"EntryPoint","urlTemplate":"https:\/\/velipost.com\/?s={search_term_string}"},"query-input":{"@type":"PropertyValueSpecification","valueRequired":true,"valueName":"search_term_string"}}],"inLanguage":"fr-FR"},{"@type":"Organization","@id":"https:\/\/velipost.com\/#organization","name":"VeliPost","url":"https:\/\/velipost.com\/","logo":{"@type":"ImageObject","inLanguage":"fr-FR","@id":"https:\/\/velipost.com\/#\/schema\/logo\/image\/","url":"https:\/\/velipost.com\/wp-content\/uploads\/2024\/08\/cropped-VP-logo-piti.png","contentUrl":"https:\/\/velipost.com\/wp-content\/uploads\/2024\/08\/cropped-VP-logo-piti.png","width":201,"height":69,"caption":"VeliPost"},"image":{"@id":"https:\/\/velipost.com\/#\/schema\/logo\/image\/"},"sameAs":["https:\/\/www.facebook.com\/veliposthaiti","https:\/\/x.com\/veliposthaiti","https:\/\/www.instagram.com\/veliposthaiti"]},{"@type":"Person","@id":"https:\/\/velipost.com\/#\/schema\/person\/32ff49a53c9c1bb24302ee8ece058096","name":"VeliPost","image":{"@type":"ImageObject","inLanguage":"fr-FR","@id":"https:\/\/velipost.com\/#\/schema\/person\/image\/","url":"https:\/\/secure.gravatar.com\/avatar\/57c226c264de62f794185a89596d4a37b85a5ad20aca30d9d5a478b27d8c8d9d?s=96&d=mm&r=g","contentUrl":"https:\/\/secure.gravatar.com\/avatar\/57c226c264de62f794185a89596d4a37b85a5ad20aca30d9d5a478b27d8c8d9d?s=96&d=mm&r=g","caption":"VeliPost"},"sameAs":["https:\/\/velipost.com"],"url":"https:\/\/velipost.com\/?author=1"}]}},"views":1,"jetpack_publicize_connections":[],"uagb_featured_image_src":{"full":["https:\/\/velipost.com\/wp-content\/uploads\/2024\/08\/Dominique-Dupuy-.jpg",1170,603,false],"thumbnail":["https:\/\/velipost.com\/wp-content\/uploads\/2024\/08\/Dominique-Dupuy--150x150.jpg",150,150,true],"medium":["https:\/\/velipost.com\/wp-content\/uploads\/2024\/08\/Dominique-Dupuy--300x155.jpg",300,155,true],"medium_large":["https:\/\/velipost.com\/wp-content\/uploads\/2024\/08\/Dominique-Dupuy--768x396.jpg",715,369,true],"large":["https:\/\/velipost.com\/wp-content\/uploads\/2024\/08\/Dominique-Dupuy--1024x528.jpg",715,369,true],"1536x1536":["https:\/\/velipost.com\/wp-content\/uploads\/2024\/08\/Dominique-Dupuy-.jpg",1170,603,false],"2048x2048":["https:\/\/velipost.com\/wp-content\/uploads\/2024\/08\/Dominique-Dupuy-.jpg",1170,603,false],"colornews-big-slider":["https:\/\/velipost.com\/wp-content\/uploads\/2024\/08\/Dominique-Dupuy--1070x470.jpg",1070,470,true],"colornews-big-slider-thumb":["https:\/\/velipost.com\/wp-content\/uploads\/2024\/08\/Dominique-Dupuy--184x109.jpg",184,109,true],"colornews-featured-post-medium":["https:\/\/velipost.com\/wp-content\/uploads\/2024\/08\/Dominique-Dupuy--345x265.jpg",345,265,true],"colornews-featured-post-small":["https:\/\/velipost.com\/wp-content\/uploads\/2024\/08\/Dominique-Dupuy--115x73.jpg",115,73,true],"colornews-random-posts":["https:\/\/velipost.com\/wp-content\/uploads\/2024\/08\/Dominique-Dupuy--215x215.jpg",215,215,true],"colornews-featured-image":["https:\/\/velipost.com\/wp-content\/uploads\/2024\/08\/Dominique-Dupuy--715x400.jpg",715,400,true],"mailpoet_newsletter_max":["https:\/\/velipost.com\/wp-content\/uploads\/2024\/08\/Dominique-Dupuy-.jpg",1170,603,false]},"uagb_author_info":{"display_name":"VeliPost","author_link":"https:\/\/velipost.com\/?author=1"},"uagb_comment_info":0,"uagb_excerpt":"Le ministre des Affaires \u00e9trang\u00e8res de la R\u00e9publique Dominicaine, Roberto Alvarez, a annonc\u00e9 sur son compte X que toute demande de vols \u00e9manant des","_links":{"self":[{"href":"https:\/\/velipost.com\/index.php?rest_route=\/wp\/v2\/posts\/1692","targetHints":{"allow":["GET"]}}],"collection":[{"href":"https:\/\/velipost.com\/index.php?rest_route=\/wp\/v2\/posts"}],"about":[{"href":"https:\/\/velipost.com\/index.php?rest_route=\/wp\/v2\/types\/post"}],"author":[{"embeddable":true,"href":"https:\/\/velipost.com\/index.php?rest_route=\/wp\/v2\/users\/1"}],"replies":[{"embeddable":true,"href":"https:\/\/velipost.com\/index.php?rest_route=%2Fwp%2Fv2%2Fcomments&post=1692"}],"version-history":[{"count":1,"href":"https:\/\/velipost.com\/index.php?rest_route=\/wp\/v2\/posts\/1692\/revisions"}],"predecessor-version":[{"id":1694,"href":"https:\/\/velipost.com\/index.php?rest_route=\/wp\/v2\/posts\/1692\/revisions\/1694"}],"wp:featuredmedia":[{"embeddable":true,"href":"https:\/\/velipost.com\/index.php?rest_route=\/wp\/v2\/media\/1693"}],"wp:attachment":[{"href":"https:\/\/velipost.com\/index.php?rest_route=%2Fwp%2Fv2%2Fmedia&parent=1692"}],"wp:term":[{"taxonomy":"category","embeddable":true,"href":"https:\/\/velipost.com\/index.php?rest_route=%2Fwp%2Fv2%2Fcategories&post=1692"},{"taxonomy":"post_tag","embeddable":true,"href":"https:\/\/velipost.com\/index.php?rest_route=%2Fwp%2Fv2%2Ftags&post=1692"}],"curies":[{"name":"wp","href":"https:\/\/api.w.org\/{rel}","templated":true}]}}