{"id":1681,"date":"2024-08-14T01:58:47","date_gmt":"2024-08-13T23:58:47","guid":{"rendered":"https:\/\/velipost.com\/?p=1681"},"modified":"2024-08-14T02:03:14","modified_gmt":"2024-08-14T00:03:14","slug":"gratitude-et-reconnaissance-un-message-rempli-de-chaleur-et-de-sincerite","status":"publish","type":"post","link":"https:\/\/velipost.com\/?p=1681","title":{"rendered":"Gratitude et Reconnaissance : Un Message Rempli de Chaleur et de Sinc\u00e9rit\u00e9"},"content":{"rendered":"\n<hr class=\"wp-block-separator has-alpha-channel-opacity\"\/>\n\n\n\n<p>En ces temps o\u00f9 la solidarit\u00e9 et le soutien sont plus pr\u00e9cieux que jamais, la chanteuse ha\u00eftienne Emeline Michel a partag\u00e9\u00a0 un message particuli\u00e8rement touchant a \u00e9merg\u00e9 pour exprimer une profonde gratitude envers ceux qui ont apport\u00e9 leur aide et leur r\u00e9confort. Ce message, partag\u00e9 dans une vid\u00e9o \u00e9motive, t\u00e9moigne d\u2019une reconnaissance sinc\u00e8re et d\u2019une appr\u00e9ciation immense pour les gestes de soutien re\u00e7us.<\/p>\n\n\n\n<p>Dans un message vibr\u00e9 de sinc\u00e9rit\u00e9, <strong>Emeline<\/strong> exprime un merci du fond du c\u0153ur, sa sinc\u00e8re gratitude \u00e0 ses fans et \u00e0 tous ceux qui l\u2019ont soutenue avec amour et respect. Ce message, rempli de reconnaissance, marque un moment de r\u00e9flexion et de remerciement profond :<\/p>\n\n\n\n<blockquote class=\"wp-block-quote is-layout-flow wp-block-quote-is-layout-flow\">\n<p>\u00ab M\u00e8si anpil! Ti bout vid\u00e9o sa a se pou m rem\u00e8sye w ak tout k\u00e8 m. Pou sip\u00f2, lanmou ak resp\u00e8 mwen resevwa nan men nou tout nan moman sa a, pa gen lajan ki ka achte kado ou ban mwen an. Fason ou te kanpe av\u00e8 m, pran sa koz, f\u00e8l tounen pa w. \u00bb<\/p>\n<\/blockquote>\n\n\n\n<p>Ce message va au-del\u00e0 des simples mots pour capturer l&rsquo;essence des actions altruistes et des gestes de solidarit\u00e9. Il souligne combien chaque soutien, chaque pens\u00e9e, et chaque prise de contact ont eu un impact significatif :<\/p>\n\n\n\n<blockquote class=\"wp-block-quote is-layout-flow wp-block-quote-is-layout-flow\">\n<p>\u00ab Mwen santi sa ta dwe ekri e voye fle pou nou chak ak nou tout, pou m di nou kijan j\u00e8s nou touche m. Sa ki pi pozitif ki soti nan tout sa, s\u00e8ke mwen pa pou kont mwen. Mwen priye chak jou pou mwen ka onore konfyans ou. \u00bb<\/p>\n<\/blockquote>\n\n\n\n<p>Elle reconna\u00eet avec une grande humilit\u00e9 et une sinc\u00e9rit\u00e9 d\u00e9concertante combien ces actes ont \u00e9t\u00e9 essentiels dans son parcours. La reconnaissance est adress\u00e9e non seulement \u00e0 ceux qui ont aid\u00e9, mais \u00e9galement \u00e0 ceux qui ont pris le temps de communiquer, de partager leurs pens\u00e9es et de rester engag\u00e9s :<\/p>\n\n\n\n<blockquote class=\"wp-block-quote is-layout-flow wp-block-quote-is-layout-flow\">\n<p>\u00ab M\u00e8si paske ou te rele m, ekri m, pataje panse w. Rete asire m, anyen paka deraje m nan misyon Bondye te mete m pou m f\u00e8 sou t\u00e8 sa. M renmen w anpil! \u00bb<\/p>\n<\/blockquote>\n\n\n\n<p>Enfin, meline Michel mentionn\u00e9 un rendez-vous pour le 31 ao\u00fbt 2024, rappelant \u00e0 tous la continuit\u00e9 de la relation et l&rsquo;importance de maintenir les liens cr\u00e9\u00e9s. Le message se termine par une note de gratitude renouvel\u00e9e :<\/p>\n\n\n\n<blockquote class=\"wp-block-quote is-layout-flow wp-block-quote-is-layout-flow\">\n<p>\u00ab Sonje randevou nou an \u2026 31 out 2024 tcheke adr\u00e8s la. Kenbe f\u00e8m. M\u00e8si anpilili!!!!!!! \u00bb<\/p>\n<\/blockquote>\n\n\n\n<p>Ce message, empreint de chaleur et d\u2019authenticit\u00e9, illustre comment les petites attentions peuvent laisser une empreinte profonde et durable sur l\u2019artiste, et confirme la connexion sp\u00e9ciale qu\u2019elle entretient avec ses admirateurs.<\/p>\n\n\n\n<hr class=\"wp-block-separator has-alpha-channel-opacity\"\/>\n\n\n\n<p><\/p>\n\n    <div class=\"xs_social_share_widget xs_share_url after_content \t\tmain_content  wslu-style-3 wslu-share-box-shaped wslu-fill-brand-hover-colored wslu-share-m-5 wslu-none wslu-share-horizontal wslu-theme-font-no wslu-main_content\">\n\n\t\t\n        <ul>\n\t\t\t                    <li class=\"xs-share-li twitter                        wslu-no-extra-data\">\n                        <a href=\"javascript:void(0);\"\n                           id=\"xs_feed_twitter\"\n                           onclick=\"xs_social_sharer(this);\"\n                           data-pid=\"1681\"\n                           data-uri_hash=\"1de85159768b7a5048d9315e9ad21953\"\n                           data-key=\"twitter\"\n                           data-xs-href=\"https:\/\/twitter.com\/intent\/tweet?text=Gratitude+et+Reconnaissance+%3A+Un+Message+Rempli+de+Chaleur+et+de+Sinc%C3%A9rit%C3%A9+https%3A%2F%2Fvelipost.com%2Findex.php%3Frest_route%3D%252Fwp%252Fv2%252Fposts%252F1681&amp;original_referer=https%3A%2F%2Fvelipost.com%2Findex.php%3Frest_route%3D%252Fwp%252Fv2%252Fposts%252F1681&amp;related=xpeedstudio\">\n\n                            <div class=\"xs-social-icon\">\n                                <span class=\"met-social met-social-twitter\"><\/span>\n                            <\/div>\n\n\t\t\t\t\t\t\t\n                            <div class=\"wslu-hover-content\">\n                                <div class=\"xs-social-followers\">\n\t\t\t\t\t\t\t\t\t10                                <\/div>\n                                <div class=\"xs-social-follower-text\">\n\t\t\t\t\t\t\t\t\tShare                                <\/div>\n                                <div class=\"xs-social-follower-label\">\n\t\t\t\t\t\t\t\t\tTwitter                                <\/div>\n                            <\/div>\n                        <\/a>\n                    <\/li>\n\t\t\t\t\t                    <li class=\"xs-share-li telegram                        wslu-no-extra-data\">\n                        <a href=\"javascript:void(0);\"\n                           id=\"xs_feed_telegram\"\n                           onclick=\"xs_social_sharer(this);\"\n                           data-pid=\"1681\"\n                           data-uri_hash=\"1de85159768b7a5048d9315e9ad21953\"\n                           data-key=\"telegram\"\n                           data-xs-href=\"https:\/\/telegram.me\/share\/url?url=https%3A%2F%2Fvelipost.com%2Findex.php%3Frest_route%3D%252Fwp%252Fv2%252Fposts%252F1681&amp;text=Gratitude+et+Reconnaissance+%3A+Un+Message+Rempli+de+Chaleur+et+de+Sinc%C3%A9rit%C3%A9\">\n\n                            <div class=\"xs-social-icon\">\n                                <span class=\"met-social met-social-telegram\"><\/span>\n                            <\/div>\n\n\t\t\t\t\t\t\t\n                            <div class=\"wslu-hover-content\">\n                                <div class=\"xs-social-followers\">\n\t\t\t\t\t\t\t\t\t0                                <\/div>\n                                <div class=\"xs-social-follower-text\">\n\t\t\t\t\t\t\t\t\tShare                                <\/div>\n                                <div class=\"xs-social-follower-label\">\n\t\t\t\t\t\t\t\t\tTelegram                                <\/div>\n                            <\/div>\n                        <\/a>\n                    <\/li>\n\t\t\t\t\t                    <li class=\"xs-share-li email                        wslu-no-extra-data\">\n                        <a href=\"javascript:void(0);\"\n                           id=\"xs_feed_email\"\n                           onclick=\"xs_social_sharer(this);\"\n                           data-pid=\"1681\"\n                           data-uri_hash=\"1de85159768b7a5048d9315e9ad21953\"\n                           data-key=\"email\"\n                           data-xs-href=\"mailto:?body=Title%3A+Gratitude+et+Reconnaissance+%3A+Un+Message+Rempli+de+Chaleur+et+de+Sinc%C3%A9rit%C3%A9+%5Cn%5Cn+URL%3A+https%3A%2F%2Fvelipost.com%2Findex.php%3Frest_route%3D%252Fwp%252Fv2%252Fposts%252F1681&amp;subject=Gratitude+et+Reconnaissance+%3A+Un+Message+Rempli+de+Chaleur+et+de+Sinc%C3%A9rit%C3%A9\">\n\n                            <div class=\"xs-social-icon\">\n                                <span class=\"met-social met-social-email\"><\/span>\n                            <\/div>\n\n\t\t\t\t\t\t\t\n                            <div class=\"wslu-hover-content\">\n                                <div class=\"xs-social-followers\">\n\t\t\t\t\t\t\t\t\t0                                <\/div>\n                                <div class=\"xs-social-follower-text\">\n\t\t\t\t\t\t\t\t\tShare                                <\/div>\n                                <div class=\"xs-social-follower-label\">\n\t\t\t\t\t\t\t\t\tEmail                                <\/div>\n                            <\/div>\n                        <\/a>\n                    <\/li>\n\t\t\t\t\t        <\/ul>\n    <\/div> \n","protected":false},"excerpt":{"rendered":"<p>En ces temps o\u00f9 la solidarit\u00e9 et le soutien sont plus pr\u00e9cieux que jamais, la chanteuse ha\u00eftienne Emeline Michel a partag\u00e9\u00a0 un message particuli\u00e8rement<\/p>\n","protected":false},"author":1,"featured_media":1682,"comment_status":"open","ping_status":"open","sticky":false,"template":"","format":"standard","meta":{"_uag_custom_page_level_css":"","footnotes":"","jetpack_publicize_message":"","jetpack_publicize_feature_enabled":true,"jetpack_social_post_already_shared":false,"jetpack_social_options":{"image_generator_settings":{"template":"highway","default_image_id":0,"font":"","enabled":false},"version":2}},"categories":[3],"tags":[],"class_list":["post-1681","post","type-post","status-publish","format-standard","has-post-thumbnail","hentry","category-societe"],"yoast_head":"<!-- This site is optimized with the Yoast SEO plugin v25.3.1 - https:\/\/yoast.com\/wordpress\/plugins\/seo\/ -->\n<title>Gratitude et Reconnaissance : Un Message Rempli de Chaleur et de Sinc\u00e9rit\u00e9 &#8211; VeliPost<\/title>\n<meta name=\"robots\" content=\"index, follow, max-snippet:-1, max-image-preview:large, max-video-preview:-1\" \/>\n<link rel=\"canonical\" href=\"https:\/\/velipost.com\/?p=1681\" \/>\n<meta property=\"og:locale\" content=\"fr_FR\" \/>\n<meta property=\"og:type\" content=\"article\" \/>\n<meta property=\"og:title\" content=\"Gratitude et Reconnaissance : Un Message Rempli de Chaleur et de Sinc\u00e9rit\u00e9 &#8211; VeliPost\" \/>\n<meta property=\"og:description\" content=\"En ces temps o\u00f9 la solidarit\u00e9 et le soutien sont plus pr\u00e9cieux que jamais, la chanteuse ha\u00eftienne Emeline Michel a partag\u00e9\u00a0 un message particuli\u00e8rement\" \/>\n<meta property=\"og:url\" content=\"https:\/\/velipost.com\/?p=1681\" \/>\n<meta property=\"og:site_name\" content=\"VeliPost\" \/>\n<meta property=\"article:publisher\" content=\"https:\/\/www.facebook.com\/veliposthaiti\" \/>\n<meta property=\"article:published_time\" content=\"2024-08-13T23:58:47+00:00\" \/>\n<meta property=\"article:modified_time\" content=\"2024-08-14T00:03:14+00:00\" \/>\n<meta property=\"og:image\" content=\"https:\/\/velipost.com\/wp-content\/uploads\/2024\/08\/emeline-remerciement.jpg\" \/>\n\t<meta property=\"og:image:width\" content=\"1170\" \/>\n\t<meta property=\"og:image:height\" content=\"603\" \/>\n\t<meta property=\"og:image:type\" content=\"image\/jpeg\" \/>\n<meta name=\"author\" content=\"VeliPost\" \/>\n<meta name=\"twitter:card\" content=\"summary_large_image\" \/>\n<meta name=\"twitter:creator\" content=\"@veliposthaiti\" \/>\n<meta name=\"twitter:site\" content=\"@veliposthaiti\" \/>\n<meta name=\"twitter:label1\" content=\"\u00c9crit par\" \/>\n\t<meta name=\"twitter:data1\" content=\"VeliPost\" \/>\n\t<meta name=\"twitter:label2\" content=\"Dur\u00e9e de lecture estim\u00e9e\" \/>\n\t<meta name=\"twitter:data2\" content=\"2 minutes\" \/>\n<script type=\"application\/ld+json\" class=\"yoast-schema-graph\">{\"@context\":\"https:\/\/schema.org\",\"@graph\":[{\"@type\":\"Article\",\"@id\":\"https:\/\/velipost.com\/?p=1681#article\",\"isPartOf\":{\"@id\":\"https:\/\/velipost.com\/?p=1681\"},\"author\":{\"name\":\"VeliPost\",\"@id\":\"https:\/\/velipost.com\/#\/schema\/person\/32ff49a53c9c1bb24302ee8ece058096\"},\"headline\":\"Gratitude et Reconnaissance : Un Message Rempli de Chaleur et de Sinc\u00e9rit\u00e9\",\"datePublished\":\"2024-08-13T23:58:47+00:00\",\"dateModified\":\"2024-08-14T00:03:14+00:00\",\"mainEntityOfPage\":{\"@id\":\"https:\/\/velipost.com\/?p=1681\"},\"wordCount\":456,\"commentCount\":0,\"publisher\":{\"@id\":\"https:\/\/velipost.com\/#organization\"},\"image\":{\"@id\":\"https:\/\/velipost.com\/?p=1681#primaryimage\"},\"thumbnailUrl\":\"https:\/\/velipost.com\/wp-content\/uploads\/2024\/08\/emeline-remerciement.jpg\",\"articleSection\":[\"Soci\u00e9t\u00e9\"],\"inLanguage\":\"fr-FR\",\"potentialAction\":[{\"@type\":\"CommentAction\",\"name\":\"Comment\",\"target\":[\"https:\/\/velipost.com\/?p=1681#respond\"]}]},{\"@type\":\"WebPage\",\"@id\":\"https:\/\/velipost.com\/?p=1681\",\"url\":\"https:\/\/velipost.com\/?p=1681\",\"name\":\"Gratitude et Reconnaissance : Un Message Rempli de Chaleur et de Sinc\u00e9rit\u00e9 &#8211; VeliPost\",\"isPartOf\":{\"@id\":\"https:\/\/velipost.com\/#website\"},\"primaryImageOfPage\":{\"@id\":\"https:\/\/velipost.com\/?p=1681#primaryimage\"},\"image\":{\"@id\":\"https:\/\/velipost.com\/?p=1681#primaryimage\"},\"thumbnailUrl\":\"https:\/\/velipost.com\/wp-content\/uploads\/2024\/08\/emeline-remerciement.jpg\",\"datePublished\":\"2024-08-13T23:58:47+00:00\",\"dateModified\":\"2024-08-14T00:03:14+00:00\",\"breadcrumb\":{\"@id\":\"https:\/\/velipost.com\/?p=1681#breadcrumb\"},\"inLanguage\":\"fr-FR\",\"potentialAction\":[{\"@type\":\"ReadAction\",\"target\":[\"https:\/\/velipost.com\/?p=1681\"]}]},{\"@type\":\"ImageObject\",\"inLanguage\":\"fr-FR\",\"@id\":\"https:\/\/velipost.com\/?p=1681#primaryimage\",\"url\":\"https:\/\/velipost.com\/wp-content\/uploads\/2024\/08\/emeline-remerciement.jpg\",\"contentUrl\":\"https:\/\/velipost.com\/wp-content\/uploads\/2024\/08\/emeline-remerciement.jpg\",\"width\":1170,\"height\":603},{\"@type\":\"BreadcrumbList\",\"@id\":\"https:\/\/velipost.com\/?p=1681#breadcrumb\",\"itemListElement\":[{\"@type\":\"ListItem\",\"position\":1,\"name\":\"Accueil\",\"item\":\"https:\/\/velipost.com\/\"},{\"@type\":\"ListItem\",\"position\":2,\"name\":\"Gratitude et Reconnaissance : Un Message Rempli de Chaleur et de Sinc\u00e9rit\u00e9\"}]},{\"@type\":\"WebSite\",\"@id\":\"https:\/\/velipost.com\/#website\",\"url\":\"https:\/\/velipost.com\/\",\"name\":\"VeliPost\",\"description\":\"L\u2019info en un clic\",\"publisher\":{\"@id\":\"https:\/\/velipost.com\/#organization\"},\"potentialAction\":[{\"@type\":\"SearchAction\",\"target\":{\"@type\":\"EntryPoint\",\"urlTemplate\":\"https:\/\/velipost.com\/?s={search_term_string}\"},\"query-input\":{\"@type\":\"PropertyValueSpecification\",\"valueRequired\":true,\"valueName\":\"search_term_string\"}}],\"inLanguage\":\"fr-FR\"},{\"@type\":\"Organization\",\"@id\":\"https:\/\/velipost.com\/#organization\",\"name\":\"VeliPost\",\"url\":\"https:\/\/velipost.com\/\",\"logo\":{\"@type\":\"ImageObject\",\"inLanguage\":\"fr-FR\",\"@id\":\"https:\/\/velipost.com\/#\/schema\/logo\/image\/\",\"url\":\"https:\/\/velipost.com\/wp-content\/uploads\/2024\/08\/cropped-VP-logo-piti.png\",\"contentUrl\":\"https:\/\/velipost.com\/wp-content\/uploads\/2024\/08\/cropped-VP-logo-piti.png\",\"width\":201,\"height\":69,\"caption\":\"VeliPost\"},\"image\":{\"@id\":\"https:\/\/velipost.com\/#\/schema\/logo\/image\/\"},\"sameAs\":[\"https:\/\/www.facebook.com\/veliposthaiti\",\"https:\/\/x.com\/veliposthaiti\",\"https:\/\/www.instagram.com\/veliposthaiti\"]},{\"@type\":\"Person\",\"@id\":\"https:\/\/velipost.com\/#\/schema\/person\/32ff49a53c9c1bb24302ee8ece058096\",\"name\":\"VeliPost\",\"image\":{\"@type\":\"ImageObject\",\"inLanguage\":\"fr-FR\",\"@id\":\"https:\/\/velipost.com\/#\/schema\/person\/image\/\",\"url\":\"https:\/\/secure.gravatar.com\/avatar\/57c226c264de62f794185a89596d4a37b85a5ad20aca30d9d5a478b27d8c8d9d?s=96&d=mm&r=g\",\"contentUrl\":\"https:\/\/secure.gravatar.com\/avatar\/57c226c264de62f794185a89596d4a37b85a5ad20aca30d9d5a478b27d8c8d9d?s=96&d=mm&r=g\",\"caption\":\"VeliPost\"},\"sameAs\":[\"https:\/\/velipost.com\"],\"url\":\"https:\/\/velipost.com\/?author=1\"}]}<\/script>\n<!-- \/ Yoast SEO plugin. -->","yoast_head_json":{"title":"Gratitude et Reconnaissance : Un Message Rempli de Chaleur et de Sinc\u00e9rit\u00e9 &#8211; VeliPost","robots":{"index":"index","follow":"follow","max-snippet":"max-snippet:-1","max-image-preview":"max-image-preview:large","max-video-preview":"max-video-preview:-1"},"canonical":"https:\/\/velipost.com\/?p=1681","og_locale":"fr_FR","og_type":"article","og_title":"Gratitude et Reconnaissance : Un Message Rempli de Chaleur et de Sinc\u00e9rit\u00e9 &#8211; VeliPost","og_description":"En ces temps o\u00f9 la solidarit\u00e9 et le soutien sont plus pr\u00e9cieux que jamais, la chanteuse ha\u00eftienne Emeline Michel a partag\u00e9\u00a0 un message particuli\u00e8rement","og_url":"https:\/\/velipost.com\/?p=1681","og_site_name":"VeliPost","article_publisher":"https:\/\/www.facebook.com\/veliposthaiti","article_published_time":"2024-08-13T23:58:47+00:00","article_modified_time":"2024-08-14T00:03:14+00:00","og_image":[{"width":1170,"height":603,"url":"https:\/\/velipost.com\/wp-content\/uploads\/2024\/08\/emeline-remerciement.jpg","type":"image\/jpeg"}],"author":"VeliPost","twitter_card":"summary_large_image","twitter_creator":"@veliposthaiti","twitter_site":"@veliposthaiti","twitter_misc":{"\u00c9crit par":"VeliPost","Dur\u00e9e de lecture estim\u00e9e":"2 minutes"},"schema":{"@context":"https:\/\/schema.org","@graph":[{"@type":"Article","@id":"https:\/\/velipost.com\/?p=1681#article","isPartOf":{"@id":"https:\/\/velipost.com\/?p=1681"},"author":{"name":"VeliPost","@id":"https:\/\/velipost.com\/#\/schema\/person\/32ff49a53c9c1bb24302ee8ece058096"},"headline":"Gratitude et Reconnaissance : Un Message Rempli de Chaleur et de Sinc\u00e9rit\u00e9","datePublished":"2024-08-13T23:58:47+00:00","dateModified":"2024-08-14T00:03:14+00:00","mainEntityOfPage":{"@id":"https:\/\/velipost.com\/?p=1681"},"wordCount":456,"commentCount":0,"publisher":{"@id":"https:\/\/velipost.com\/#organization"},"image":{"@id":"https:\/\/velipost.com\/?p=1681#primaryimage"},"thumbnailUrl":"https:\/\/velipost.com\/wp-content\/uploads\/2024\/08\/emeline-remerciement.jpg","articleSection":["Soci\u00e9t\u00e9"],"inLanguage":"fr-FR","potentialAction":[{"@type":"CommentAction","name":"Comment","target":["https:\/\/velipost.com\/?p=1681#respond"]}]},{"@type":"WebPage","@id":"https:\/\/velipost.com\/?p=1681","url":"https:\/\/velipost.com\/?p=1681","name":"Gratitude et Reconnaissance : Un Message Rempli de Chaleur et de Sinc\u00e9rit\u00e9 &#8211; VeliPost","isPartOf":{"@id":"https:\/\/velipost.com\/#website"},"primaryImageOfPage":{"@id":"https:\/\/velipost.com\/?p=1681#primaryimage"},"image":{"@id":"https:\/\/velipost.com\/?p=1681#primaryimage"},"thumbnailUrl":"https:\/\/velipost.com\/wp-content\/uploads\/2024\/08\/emeline-remerciement.jpg","datePublished":"2024-08-13T23:58:47+00:00","dateModified":"2024-08-14T00:03:14+00:00","breadcrumb":{"@id":"https:\/\/velipost.com\/?p=1681#breadcrumb"},"inLanguage":"fr-FR","potentialAction":[{"@type":"ReadAction","target":["https:\/\/velipost.com\/?p=1681"]}]},{"@type":"ImageObject","inLanguage":"fr-FR","@id":"https:\/\/velipost.com\/?p=1681#primaryimage","url":"https:\/\/velipost.com\/wp-content\/uploads\/2024\/08\/emeline-remerciement.jpg","contentUrl":"https:\/\/velipost.com\/wp-content\/uploads\/2024\/08\/emeline-remerciement.jpg","width":1170,"height":603},{"@type":"BreadcrumbList","@id":"https:\/\/velipost.com\/?p=1681#breadcrumb","itemListElement":[{"@type":"ListItem","position":1,"name":"Accueil","item":"https:\/\/velipost.com\/"},{"@type":"ListItem","position":2,"name":"Gratitude et Reconnaissance : Un Message Rempli de Chaleur et de Sinc\u00e9rit\u00e9"}]},{"@type":"WebSite","@id":"https:\/\/velipost.com\/#website","url":"https:\/\/velipost.com\/","name":"VeliPost","description":"L\u2019info en un clic","publisher":{"@id":"https:\/\/velipost.com\/#organization"},"potentialAction":[{"@type":"SearchAction","target":{"@type":"EntryPoint","urlTemplate":"https:\/\/velipost.com\/?s={search_term_string}"},"query-input":{"@type":"PropertyValueSpecification","valueRequired":true,"valueName":"search_term_string"}}],"inLanguage":"fr-FR"},{"@type":"Organization","@id":"https:\/\/velipost.com\/#organization","name":"VeliPost","url":"https:\/\/velipost.com\/","logo":{"@type":"ImageObject","inLanguage":"fr-FR","@id":"https:\/\/velipost.com\/#\/schema\/logo\/image\/","url":"https:\/\/velipost.com\/wp-content\/uploads\/2024\/08\/cropped-VP-logo-piti.png","contentUrl":"https:\/\/velipost.com\/wp-content\/uploads\/2024\/08\/cropped-VP-logo-piti.png","width":201,"height":69,"caption":"VeliPost"},"image":{"@id":"https:\/\/velipost.com\/#\/schema\/logo\/image\/"},"sameAs":["https:\/\/www.facebook.com\/veliposthaiti","https:\/\/x.com\/veliposthaiti","https:\/\/www.instagram.com\/veliposthaiti"]},{"@type":"Person","@id":"https:\/\/velipost.com\/#\/schema\/person\/32ff49a53c9c1bb24302ee8ece058096","name":"VeliPost","image":{"@type":"ImageObject","inLanguage":"fr-FR","@id":"https:\/\/velipost.com\/#\/schema\/person\/image\/","url":"https:\/\/secure.gravatar.com\/avatar\/57c226c264de62f794185a89596d4a37b85a5ad20aca30d9d5a478b27d8c8d9d?s=96&d=mm&r=g","contentUrl":"https:\/\/secure.gravatar.com\/avatar\/57c226c264de62f794185a89596d4a37b85a5ad20aca30d9d5a478b27d8c8d9d?s=96&d=mm&r=g","caption":"VeliPost"},"sameAs":["https:\/\/velipost.com"],"url":"https:\/\/velipost.com\/?author=1"}]}},"views":2,"jetpack_publicize_connections":[],"uagb_featured_image_src":{"full":["https:\/\/velipost.com\/wp-content\/uploads\/2024\/08\/emeline-remerciement.jpg",1170,603,false],"thumbnail":["https:\/\/velipost.com\/wp-content\/uploads\/2024\/08\/emeline-remerciement-150x150.jpg",150,150,true],"medium":["https:\/\/velipost.com\/wp-content\/uploads\/2024\/08\/emeline-remerciement-300x155.jpg",300,155,true],"medium_large":["https:\/\/velipost.com\/wp-content\/uploads\/2024\/08\/emeline-remerciement-768x396.jpg",715,369,true],"large":["https:\/\/velipost.com\/wp-content\/uploads\/2024\/08\/emeline-remerciement-1024x528.jpg",715,369,true],"1536x1536":["https:\/\/velipost.com\/wp-content\/uploads\/2024\/08\/emeline-remerciement.jpg",1170,603,false],"2048x2048":["https:\/\/velipost.com\/wp-content\/uploads\/2024\/08\/emeline-remerciement.jpg",1170,603,false],"colornews-big-slider":["https:\/\/velipost.com\/wp-content\/uploads\/2024\/08\/emeline-remerciement-1070x470.jpg",1070,470,true],"colornews-big-slider-thumb":["https:\/\/velipost.com\/wp-content\/uploads\/2024\/08\/emeline-remerciement-184x109.jpg",184,109,true],"colornews-featured-post-medium":["https:\/\/velipost.com\/wp-content\/uploads\/2024\/08\/emeline-remerciement-345x265.jpg",345,265,true],"colornews-featured-post-small":["https:\/\/velipost.com\/wp-content\/uploads\/2024\/08\/emeline-remerciement-115x73.jpg",115,73,true],"colornews-random-posts":["https:\/\/velipost.com\/wp-content\/uploads\/2024\/08\/emeline-remerciement-215x215.jpg",215,215,true],"colornews-featured-image":["https:\/\/velipost.com\/wp-content\/uploads\/2024\/08\/emeline-remerciement-715x400.jpg",715,400,true],"mailpoet_newsletter_max":["https:\/\/velipost.com\/wp-content\/uploads\/2024\/08\/emeline-remerciement.jpg",1170,603,false]},"uagb_author_info":{"display_name":"VeliPost","author_link":"https:\/\/velipost.com\/?author=1"},"uagb_comment_info":0,"uagb_excerpt":"En ces temps o\u00f9 la solidarit\u00e9 et le soutien sont plus pr\u00e9cieux que jamais, la chanteuse ha\u00eftienne Emeline Michel a partag\u00e9\u00a0 un message particuli\u00e8rement","_links":{"self":[{"href":"https:\/\/velipost.com\/index.php?rest_route=\/wp\/v2\/posts\/1681","targetHints":{"allow":["GET"]}}],"collection":[{"href":"https:\/\/velipost.com\/index.php?rest_route=\/wp\/v2\/posts"}],"about":[{"href":"https:\/\/velipost.com\/index.php?rest_route=\/wp\/v2\/types\/post"}],"author":[{"embeddable":true,"href":"https:\/\/velipost.com\/index.php?rest_route=\/wp\/v2\/users\/1"}],"replies":[{"embeddable":true,"href":"https:\/\/velipost.com\/index.php?rest_route=%2Fwp%2Fv2%2Fcomments&post=1681"}],"version-history":[{"count":3,"href":"https:\/\/velipost.com\/index.php?rest_route=\/wp\/v2\/posts\/1681\/revisions"}],"predecessor-version":[{"id":1687,"href":"https:\/\/velipost.com\/index.php?rest_route=\/wp\/v2\/posts\/1681\/revisions\/1687"}],"wp:featuredmedia":[{"embeddable":true,"href":"https:\/\/velipost.com\/index.php?rest_route=\/wp\/v2\/media\/1682"}],"wp:attachment":[{"href":"https:\/\/velipost.com\/index.php?rest_route=%2Fwp%2Fv2%2Fmedia&parent=1681"}],"wp:term":[{"taxonomy":"category","embeddable":true,"href":"https:\/\/velipost.com\/index.php?rest_route=%2Fwp%2Fv2%2Fcategories&post=1681"},{"taxonomy":"post_tag","embeddable":true,"href":"https:\/\/velipost.com\/index.php?rest_route=%2Fwp%2Fv2%2Ftags&post=1681"}],"curies":[{"name":"wp","href":"https:\/\/api.w.org\/{rel}","templated":true}]}}