{"id":1654,"date":"2024-08-12T22:12:53","date_gmt":"2024-08-12T20:12:53","guid":{"rendered":"https:\/\/velipost.com\/?p=1654"},"modified":"2024-08-12T22:12:54","modified_gmt":"2024-08-12T20:12:54","slug":"celebration-de-la-journee-mondiale-de-la-jeunesse-un-hommage-au-potentiel-des-jeunes","status":"publish","type":"post","link":"https:\/\/velipost.com\/?p=1654","title":{"rendered":"C\u00e9l\u00e9bration de la Journ\u00e9e Mondiale de la Jeunesse : Un Hommage au Potentiel des Jeunes"},"content":{"rendered":"\n<p><strong><em>Aujourd&rsquo;hui, le monde c\u00e9l\u00e8bre la Journ\u00e9e Mondiale de la Jeunesse, un \u00e9v\u00e9nement annuel organis\u00e9 par les Nations Unies pour mettre en lumi\u00e8re les contributions exceptionnelles des jeunes et promouvoir leur engagement dans les affaires mondiales. Cette journ\u00e9e, observ\u00e9e le 12 ao\u00fbt, vise \u00e0 reconna\u00eetre le r\u00f4le crucial des jeunes dans la soci\u00e9t\u00e9 et \u00e0 encourager leur participation active dans la construction d&rsquo;un avenir durable et inclusif.<\/em><\/strong><\/p>\n\n\n\n<h3 class=\"wp-block-heading\">Un \u00c9v\u00e9nement Global<\/h3>\n\n\n\n<p>\u00c0 travers le globe, des activit\u00e9s vari\u00e9es sont organis\u00e9es pour marquer cette journ\u00e9e sp\u00e9ciale. Les \u00e9v\u00e9nements incluent des conf\u00e9rences, des forums de discussion, des ateliers interactifs et des initiatives communautaires qui offrent aux jeunes une plateforme pour exprimer leurs id\u00e9es et leurs aspirations. Ces manifestations visent \u00e0 cr\u00e9er un dialogue entre les g\u00e9n\u00e9rations, \u00e0 partager des perspectives innovantes et \u00e0 promouvoir l&rsquo;inclusion des jeunes dans les processus d\u00e9cisionnels.<\/p>\n\n\n\n<h3 class=\"wp-block-heading\">C\u00e9l\u00e9brer les R\u00e9ussites et Encourager l&rsquo;Engagement<\/h3>\n\n\n\n<p>La Journ\u00e9e Mondiale de la Jeunesse est \u00e9galement l&rsquo;occasion de c\u00e9l\u00e9brer les r\u00e9ussites remarquables des jeunes dans divers domaines, qu&rsquo;il s&rsquo;agisse de l&rsquo;\u00e9ducation, de la science, de l&rsquo;art, du sport ou de l&rsquo;activisme social. Les histoires inspirantes de jeunes qui ont fait preuve de leadership, d&rsquo;innovation et de d\u00e9termination sont mises en avant pour encourager d&rsquo;autres \u00e0 suivre leur exemple.<\/p>\n\n\n\n<p>Les activit\u00e9s de cette journ\u00e9e visent aussi \u00e0 sensibiliser aux d\u00e9fis que rencontrent les jeunes, notamment les in\u00e9galit\u00e9s d&rsquo;acc\u00e8s aux ressources, le ch\u00f4mage, les questions de sant\u00e9 mentale et les impacts des crises globales. Des discussions et des initiatives sont lanc\u00e9es pour trouver des solutions et promouvoir des politiques qui soutiennent le d\u00e9veloppement et le bien-\u00eatre des jeunes.<\/p>\n\n\n\n<h3 class=\"wp-block-heading\">Vers un Avenir Inclusif<\/h3>\n\n\n\n<p>La Journ\u00e9e Mondiale de la Jeunesse rappelle l&rsquo;importance de donner aux jeunes les moyens de jouer un r\u00f4le actif dans la soci\u00e9t\u00e9. En investissant dans leur \u00e9ducation, en les soutenant dans leurs ambitions et en leur offrant des opportunit\u00e9s de participer aux d\u00e9cisions qui fa\u00e7onnent leur avenir, nous pouvons construire une soci\u00e9t\u00e9 plus \u00e9quitable et dynamique.<\/p>\n\n\n\n<p>Les c\u00e9l\u00e9brations d&rsquo;aujourd&rsquo;hui soulignent non seulement les contributions des jeunes mais aussi la n\u00e9cessit\u00e9 de continuer \u00e0 investir dans leur avenir. Les leaders mondiaux, les organisations de jeunesse et les communaut\u00e9s locales sont invit\u00e9s \u00e0 renforcer leurs efforts pour garantir que les jeunes puissent r\u00e9aliser leur potentiel et participer pleinement \u00e0 la soci\u00e9t\u00e9.<\/p>\n\n\n\n<p><em>En ce 12 ao\u00fbt, rendons hommage aux jeunes du monde entier et engageons-nous \u00e0 soutenir leur d\u00e9veloppement et leur inclusion dans la construction d&rsquo;un avenir meilleur pour tous.<\/em><\/p>\n\n    <div class=\"xs_social_share_widget xs_share_url after_content \t\tmain_content  wslu-style-3 wslu-share-box-shaped wslu-fill-brand-hover-colored wslu-share-m-5 wslu-none wslu-share-horizontal wslu-theme-font-no wslu-main_content\">\n\n\t\t\n        <ul>\n\t\t\t                    <li class=\"xs-share-li twitter                        wslu-no-extra-data\">\n                        <a href=\"javascript:void(0);\"\n                           id=\"xs_feed_twitter\"\n                           onclick=\"xs_social_sharer(this);\"\n                           data-pid=\"1654\"\n                           data-uri_hash=\"76205e450431f6a5fb525b6dc707d6a7\"\n                           data-key=\"twitter\"\n                           data-xs-href=\"https:\/\/twitter.com\/intent\/tweet?text=C%C3%A9l%C3%A9bration+de+la+Journ%C3%A9e+Mondiale+de+la+Jeunesse+%3A+Un+Hommage+au+Potentiel+des+Jeunes+https%3A%2F%2Fvelipost.com%2Findex.php%3Frest_route%3D%252Fwp%252Fv2%252Fposts%252F1654&amp;original_referer=https%3A%2F%2Fvelipost.com%2Findex.php%3Frest_route%3D%252Fwp%252Fv2%252Fposts%252F1654&amp;related=xpeedstudio\">\n\n                            <div class=\"xs-social-icon\">\n                                <span class=\"met-social met-social-twitter\"><\/span>\n                            <\/div>\n\n\t\t\t\t\t\t\t\n                            <div class=\"wslu-hover-content\">\n                                <div class=\"xs-social-followers\">\n\t\t\t\t\t\t\t\t\t10                                <\/div>\n                                <div class=\"xs-social-follower-text\">\n\t\t\t\t\t\t\t\t\tShare                                <\/div>\n                                <div class=\"xs-social-follower-label\">\n\t\t\t\t\t\t\t\t\tTwitter                                <\/div>\n                            <\/div>\n                        <\/a>\n                    <\/li>\n\t\t\t\t\t                    <li class=\"xs-share-li telegram                        wslu-no-extra-data\">\n                        <a href=\"javascript:void(0);\"\n                           id=\"xs_feed_telegram\"\n                           onclick=\"xs_social_sharer(this);\"\n                           data-pid=\"1654\"\n                           data-uri_hash=\"76205e450431f6a5fb525b6dc707d6a7\"\n                           data-key=\"telegram\"\n                           data-xs-href=\"https:\/\/telegram.me\/share\/url?url=https%3A%2F%2Fvelipost.com%2Findex.php%3Frest_route%3D%252Fwp%252Fv2%252Fposts%252F1654&amp;text=C%C3%A9l%C3%A9bration+de+la+Journ%C3%A9e+Mondiale+de+la+Jeunesse+%3A+Un+Hommage+au+Potentiel+des+Jeunes\">\n\n                            <div class=\"xs-social-icon\">\n                                <span class=\"met-social met-social-telegram\"><\/span>\n                            <\/div>\n\n\t\t\t\t\t\t\t\n                            <div class=\"wslu-hover-content\">\n                                <div class=\"xs-social-followers\">\n\t\t\t\t\t\t\t\t\t0                                <\/div>\n                                <div class=\"xs-social-follower-text\">\n\t\t\t\t\t\t\t\t\tShare                                <\/div>\n                                <div class=\"xs-social-follower-label\">\n\t\t\t\t\t\t\t\t\tTelegram                                <\/div>\n                            <\/div>\n                        <\/a>\n                    <\/li>\n\t\t\t\t\t                    <li class=\"xs-share-li email                        wslu-no-extra-data\">\n                        <a href=\"javascript:void(0);\"\n                           id=\"xs_feed_email\"\n                           onclick=\"xs_social_sharer(this);\"\n                           data-pid=\"1654\"\n                           data-uri_hash=\"76205e450431f6a5fb525b6dc707d6a7\"\n                           data-key=\"email\"\n                           data-xs-href=\"mailto:?body=Title%3A+C%C3%A9l%C3%A9bration+de+la+Journ%C3%A9e+Mondiale+de+la+Jeunesse+%3A+Un+Hommage+au+Potentiel+des+Jeunes+%5Cn%5Cn+URL%3A+https%3A%2F%2Fvelipost.com%2Findex.php%3Frest_route%3D%252Fwp%252Fv2%252Fposts%252F1654&amp;subject=C%C3%A9l%C3%A9bration+de+la+Journ%C3%A9e+Mondiale+de+la+Jeunesse+%3A+Un+Hommage+au+Potentiel+des+Jeunes\">\n\n                            <div class=\"xs-social-icon\">\n                                <span class=\"met-social met-social-email\"><\/span>\n                            <\/div>\n\n\t\t\t\t\t\t\t\n                            <div class=\"wslu-hover-content\">\n                                <div class=\"xs-social-followers\">\n\t\t\t\t\t\t\t\t\t0                                <\/div>\n                                <div class=\"xs-social-follower-text\">\n\t\t\t\t\t\t\t\t\tShare                                <\/div>\n                                <div class=\"xs-social-follower-label\">\n\t\t\t\t\t\t\t\t\tEmail                                <\/div>\n                            <\/div>\n                        <\/a>\n                    <\/li>\n\t\t\t\t\t        <\/ul>\n    <\/div> \n","protected":false},"excerpt":{"rendered":"<p>Aujourd&rsquo;hui, le monde c\u00e9l\u00e8bre la Journ\u00e9e Mondiale de la Jeunesse, un \u00e9v\u00e9nement annuel organis\u00e9 par les Nations Unies pour mettre en lumi\u00e8re les contributions<\/p>\n","protected":false},"author":1,"featured_media":1655,"comment_status":"open","ping_status":"open","sticky":false,"template":"","format":"standard","meta":{"_uag_custom_page_level_css":"","footnotes":"","jetpack_publicize_message":"","jetpack_publicize_feature_enabled":true,"jetpack_social_post_already_shared":false,"jetpack_social_options":{"image_generator_settings":{"template":"highway","default_image_id":0,"font":"","enabled":false},"version":2}},"categories":[3],"tags":[],"class_list":["post-1654","post","type-post","status-publish","format-standard","has-post-thumbnail","hentry","category-societe"],"yoast_head":"<!-- This site is optimized with the Yoast SEO plugin v25.3.1 - https:\/\/yoast.com\/wordpress\/plugins\/seo\/ -->\n<title>C\u00e9l\u00e9bration de la Journ\u00e9e Mondiale de la Jeunesse : Un Hommage au Potentiel des Jeunes &#8211; VeliPost<\/title>\n<meta name=\"robots\" content=\"index, follow, max-snippet:-1, max-image-preview:large, max-video-preview:-1\" \/>\n<link rel=\"canonical\" href=\"https:\/\/velipost.com\/?p=1654\" \/>\n<meta property=\"og:locale\" content=\"fr_FR\" \/>\n<meta property=\"og:type\" content=\"article\" \/>\n<meta property=\"og:title\" content=\"C\u00e9l\u00e9bration de la Journ\u00e9e Mondiale de la Jeunesse : Un Hommage au Potentiel des Jeunes &#8211; VeliPost\" \/>\n<meta property=\"og:description\" content=\"Aujourd&rsquo;hui, le monde c\u00e9l\u00e8bre la Journ\u00e9e Mondiale de la Jeunesse, un \u00e9v\u00e9nement annuel organis\u00e9 par les Nations Unies pour mettre en lumi\u00e8re les contributions\" \/>\n<meta property=\"og:url\" content=\"https:\/\/velipost.com\/?p=1654\" \/>\n<meta property=\"og:site_name\" content=\"VeliPost\" \/>\n<meta property=\"article:publisher\" content=\"https:\/\/www.facebook.com\/veliposthaiti\" \/>\n<meta property=\"article:published_time\" content=\"2024-08-12T20:12:53+00:00\" \/>\n<meta property=\"article:modified_time\" content=\"2024-08-12T20:12:54+00:00\" \/>\n<meta property=\"og:image\" content=\"https:\/\/velipost.com\/wp-content\/uploads\/2024\/08\/12-aout-2024.jpg\" \/>\n\t<meta property=\"og:image:width\" content=\"1170\" \/>\n\t<meta property=\"og:image:height\" content=\"603\" \/>\n\t<meta property=\"og:image:type\" content=\"image\/jpeg\" \/>\n<meta name=\"author\" content=\"VeliPost\" \/>\n<meta name=\"twitter:card\" content=\"summary_large_image\" \/>\n<meta name=\"twitter:creator\" content=\"@veliposthaiti\" \/>\n<meta name=\"twitter:site\" content=\"@veliposthaiti\" \/>\n<meta name=\"twitter:label1\" content=\"\u00c9crit par\" \/>\n\t<meta name=\"twitter:data1\" content=\"VeliPost\" \/>\n\t<meta name=\"twitter:label2\" content=\"Dur\u00e9e de lecture estim\u00e9e\" \/>\n\t<meta name=\"twitter:data2\" content=\"2 minutes\" \/>\n<script type=\"application\/ld+json\" class=\"yoast-schema-graph\">{\"@context\":\"https:\/\/schema.org\",\"@graph\":[{\"@type\":\"Article\",\"@id\":\"https:\/\/velipost.com\/?p=1654#article\",\"isPartOf\":{\"@id\":\"https:\/\/velipost.com\/?p=1654\"},\"author\":{\"name\":\"VeliPost\",\"@id\":\"https:\/\/velipost.com\/#\/schema\/person\/32ff49a53c9c1bb24302ee8ece058096\"},\"headline\":\"C\u00e9l\u00e9bration de la Journ\u00e9e Mondiale de la Jeunesse : Un Hommage au Potentiel des Jeunes\",\"datePublished\":\"2024-08-12T20:12:53+00:00\",\"dateModified\":\"2024-08-12T20:12:54+00:00\",\"mainEntityOfPage\":{\"@id\":\"https:\/\/velipost.com\/?p=1654\"},\"wordCount\":480,\"commentCount\":0,\"publisher\":{\"@id\":\"https:\/\/velipost.com\/#organization\"},\"image\":{\"@id\":\"https:\/\/velipost.com\/?p=1654#primaryimage\"},\"thumbnailUrl\":\"https:\/\/velipost.com\/wp-content\/uploads\/2024\/08\/12-aout-2024.jpg\",\"articleSection\":[\"Soci\u00e9t\u00e9\"],\"inLanguage\":\"fr-FR\",\"potentialAction\":[{\"@type\":\"CommentAction\",\"name\":\"Comment\",\"target\":[\"https:\/\/velipost.com\/?p=1654#respond\"]}]},{\"@type\":\"WebPage\",\"@id\":\"https:\/\/velipost.com\/?p=1654\",\"url\":\"https:\/\/velipost.com\/?p=1654\",\"name\":\"C\u00e9l\u00e9bration de la Journ\u00e9e Mondiale de la Jeunesse : Un Hommage au Potentiel des Jeunes &#8211; VeliPost\",\"isPartOf\":{\"@id\":\"https:\/\/velipost.com\/#website\"},\"primaryImageOfPage\":{\"@id\":\"https:\/\/velipost.com\/?p=1654#primaryimage\"},\"image\":{\"@id\":\"https:\/\/velipost.com\/?p=1654#primaryimage\"},\"thumbnailUrl\":\"https:\/\/velipost.com\/wp-content\/uploads\/2024\/08\/12-aout-2024.jpg\",\"datePublished\":\"2024-08-12T20:12:53+00:00\",\"dateModified\":\"2024-08-12T20:12:54+00:00\",\"breadcrumb\":{\"@id\":\"https:\/\/velipost.com\/?p=1654#breadcrumb\"},\"inLanguage\":\"fr-FR\",\"potentialAction\":[{\"@type\":\"ReadAction\",\"target\":[\"https:\/\/velipost.com\/?p=1654\"]}]},{\"@type\":\"ImageObject\",\"inLanguage\":\"fr-FR\",\"@id\":\"https:\/\/velipost.com\/?p=1654#primaryimage\",\"url\":\"https:\/\/velipost.com\/wp-content\/uploads\/2024\/08\/12-aout-2024.jpg\",\"contentUrl\":\"https:\/\/velipost.com\/wp-content\/uploads\/2024\/08\/12-aout-2024.jpg\",\"width\":1170,\"height\":603},{\"@type\":\"BreadcrumbList\",\"@id\":\"https:\/\/velipost.com\/?p=1654#breadcrumb\",\"itemListElement\":[{\"@type\":\"ListItem\",\"position\":1,\"name\":\"Accueil\",\"item\":\"https:\/\/velipost.com\/\"},{\"@type\":\"ListItem\",\"position\":2,\"name\":\"C\u00e9l\u00e9bration de la Journ\u00e9e Mondiale de la Jeunesse : Un Hommage au Potentiel des Jeunes\"}]},{\"@type\":\"WebSite\",\"@id\":\"https:\/\/velipost.com\/#website\",\"url\":\"https:\/\/velipost.com\/\",\"name\":\"VeliPost\",\"description\":\"L\u2019info en un clic\",\"publisher\":{\"@id\":\"https:\/\/velipost.com\/#organization\"},\"potentialAction\":[{\"@type\":\"SearchAction\",\"target\":{\"@type\":\"EntryPoint\",\"urlTemplate\":\"https:\/\/velipost.com\/?s={search_term_string}\"},\"query-input\":{\"@type\":\"PropertyValueSpecification\",\"valueRequired\":true,\"valueName\":\"search_term_string\"}}],\"inLanguage\":\"fr-FR\"},{\"@type\":\"Organization\",\"@id\":\"https:\/\/velipost.com\/#organization\",\"name\":\"VeliPost\",\"url\":\"https:\/\/velipost.com\/\",\"logo\":{\"@type\":\"ImageObject\",\"inLanguage\":\"fr-FR\",\"@id\":\"https:\/\/velipost.com\/#\/schema\/logo\/image\/\",\"url\":\"https:\/\/velipost.com\/wp-content\/uploads\/2024\/08\/cropped-VP-logo-piti.png\",\"contentUrl\":\"https:\/\/velipost.com\/wp-content\/uploads\/2024\/08\/cropped-VP-logo-piti.png\",\"width\":201,\"height\":69,\"caption\":\"VeliPost\"},\"image\":{\"@id\":\"https:\/\/velipost.com\/#\/schema\/logo\/image\/\"},\"sameAs\":[\"https:\/\/www.facebook.com\/veliposthaiti\",\"https:\/\/x.com\/veliposthaiti\",\"https:\/\/www.instagram.com\/veliposthaiti\"]},{\"@type\":\"Person\",\"@id\":\"https:\/\/velipost.com\/#\/schema\/person\/32ff49a53c9c1bb24302ee8ece058096\",\"name\":\"VeliPost\",\"image\":{\"@type\":\"ImageObject\",\"inLanguage\":\"fr-FR\",\"@id\":\"https:\/\/velipost.com\/#\/schema\/person\/image\/\",\"url\":\"https:\/\/secure.gravatar.com\/avatar\/57c226c264de62f794185a89596d4a37b85a5ad20aca30d9d5a478b27d8c8d9d?s=96&d=mm&r=g\",\"contentUrl\":\"https:\/\/secure.gravatar.com\/avatar\/57c226c264de62f794185a89596d4a37b85a5ad20aca30d9d5a478b27d8c8d9d?s=96&d=mm&r=g\",\"caption\":\"VeliPost\"},\"sameAs\":[\"https:\/\/velipost.com\"],\"url\":\"https:\/\/velipost.com\/?author=1\"}]}<\/script>\n<!-- \/ Yoast SEO plugin. -->","yoast_head_json":{"title":"C\u00e9l\u00e9bration de la Journ\u00e9e Mondiale de la Jeunesse : Un Hommage au Potentiel des Jeunes &#8211; VeliPost","robots":{"index":"index","follow":"follow","max-snippet":"max-snippet:-1","max-image-preview":"max-image-preview:large","max-video-preview":"max-video-preview:-1"},"canonical":"https:\/\/velipost.com\/?p=1654","og_locale":"fr_FR","og_type":"article","og_title":"C\u00e9l\u00e9bration de la Journ\u00e9e Mondiale de la Jeunesse : Un Hommage au Potentiel des Jeunes &#8211; VeliPost","og_description":"Aujourd&rsquo;hui, le monde c\u00e9l\u00e8bre la Journ\u00e9e Mondiale de la Jeunesse, un \u00e9v\u00e9nement annuel organis\u00e9 par les Nations Unies pour mettre en lumi\u00e8re les contributions","og_url":"https:\/\/velipost.com\/?p=1654","og_site_name":"VeliPost","article_publisher":"https:\/\/www.facebook.com\/veliposthaiti","article_published_time":"2024-08-12T20:12:53+00:00","article_modified_time":"2024-08-12T20:12:54+00:00","og_image":[{"width":1170,"height":603,"url":"https:\/\/velipost.com\/wp-content\/uploads\/2024\/08\/12-aout-2024.jpg","type":"image\/jpeg"}],"author":"VeliPost","twitter_card":"summary_large_image","twitter_creator":"@veliposthaiti","twitter_site":"@veliposthaiti","twitter_misc":{"\u00c9crit par":"VeliPost","Dur\u00e9e de lecture estim\u00e9e":"2 minutes"},"schema":{"@context":"https:\/\/schema.org","@graph":[{"@type":"Article","@id":"https:\/\/velipost.com\/?p=1654#article","isPartOf":{"@id":"https:\/\/velipost.com\/?p=1654"},"author":{"name":"VeliPost","@id":"https:\/\/velipost.com\/#\/schema\/person\/32ff49a53c9c1bb24302ee8ece058096"},"headline":"C\u00e9l\u00e9bration de la Journ\u00e9e Mondiale de la Jeunesse : Un Hommage au Potentiel des Jeunes","datePublished":"2024-08-12T20:12:53+00:00","dateModified":"2024-08-12T20:12:54+00:00","mainEntityOfPage":{"@id":"https:\/\/velipost.com\/?p=1654"},"wordCount":480,"commentCount":0,"publisher":{"@id":"https:\/\/velipost.com\/#organization"},"image":{"@id":"https:\/\/velipost.com\/?p=1654#primaryimage"},"thumbnailUrl":"https:\/\/velipost.com\/wp-content\/uploads\/2024\/08\/12-aout-2024.jpg","articleSection":["Soci\u00e9t\u00e9"],"inLanguage":"fr-FR","potentialAction":[{"@type":"CommentAction","name":"Comment","target":["https:\/\/velipost.com\/?p=1654#respond"]}]},{"@type":"WebPage","@id":"https:\/\/velipost.com\/?p=1654","url":"https:\/\/velipost.com\/?p=1654","name":"C\u00e9l\u00e9bration de la Journ\u00e9e Mondiale de la Jeunesse : Un Hommage au Potentiel des Jeunes &#8211; VeliPost","isPartOf":{"@id":"https:\/\/velipost.com\/#website"},"primaryImageOfPage":{"@id":"https:\/\/velipost.com\/?p=1654#primaryimage"},"image":{"@id":"https:\/\/velipost.com\/?p=1654#primaryimage"},"thumbnailUrl":"https:\/\/velipost.com\/wp-content\/uploads\/2024\/08\/12-aout-2024.jpg","datePublished":"2024-08-12T20:12:53+00:00","dateModified":"2024-08-12T20:12:54+00:00","breadcrumb":{"@id":"https:\/\/velipost.com\/?p=1654#breadcrumb"},"inLanguage":"fr-FR","potentialAction":[{"@type":"ReadAction","target":["https:\/\/velipost.com\/?p=1654"]}]},{"@type":"ImageObject","inLanguage":"fr-FR","@id":"https:\/\/velipost.com\/?p=1654#primaryimage","url":"https:\/\/velipost.com\/wp-content\/uploads\/2024\/08\/12-aout-2024.jpg","contentUrl":"https:\/\/velipost.com\/wp-content\/uploads\/2024\/08\/12-aout-2024.jpg","width":1170,"height":603},{"@type":"BreadcrumbList","@id":"https:\/\/velipost.com\/?p=1654#breadcrumb","itemListElement":[{"@type":"ListItem","position":1,"name":"Accueil","item":"https:\/\/velipost.com\/"},{"@type":"ListItem","position":2,"name":"C\u00e9l\u00e9bration de la Journ\u00e9e Mondiale de la Jeunesse : Un Hommage au Potentiel des Jeunes"}]},{"@type":"WebSite","@id":"https:\/\/velipost.com\/#website","url":"https:\/\/velipost.com\/","name":"VeliPost","description":"L\u2019info en un clic","publisher":{"@id":"https:\/\/velipost.com\/#organization"},"potentialAction":[{"@type":"SearchAction","target":{"@type":"EntryPoint","urlTemplate":"https:\/\/velipost.com\/?s={search_term_string}"},"query-input":{"@type":"PropertyValueSpecification","valueRequired":true,"valueName":"search_term_string"}}],"inLanguage":"fr-FR"},{"@type":"Organization","@id":"https:\/\/velipost.com\/#organization","name":"VeliPost","url":"https:\/\/velipost.com\/","logo":{"@type":"ImageObject","inLanguage":"fr-FR","@id":"https:\/\/velipost.com\/#\/schema\/logo\/image\/","url":"https:\/\/velipost.com\/wp-content\/uploads\/2024\/08\/cropped-VP-logo-piti.png","contentUrl":"https:\/\/velipost.com\/wp-content\/uploads\/2024\/08\/cropped-VP-logo-piti.png","width":201,"height":69,"caption":"VeliPost"},"image":{"@id":"https:\/\/velipost.com\/#\/schema\/logo\/image\/"},"sameAs":["https:\/\/www.facebook.com\/veliposthaiti","https:\/\/x.com\/veliposthaiti","https:\/\/www.instagram.com\/veliposthaiti"]},{"@type":"Person","@id":"https:\/\/velipost.com\/#\/schema\/person\/32ff49a53c9c1bb24302ee8ece058096","name":"VeliPost","image":{"@type":"ImageObject","inLanguage":"fr-FR","@id":"https:\/\/velipost.com\/#\/schema\/person\/image\/","url":"https:\/\/secure.gravatar.com\/avatar\/57c226c264de62f794185a89596d4a37b85a5ad20aca30d9d5a478b27d8c8d9d?s=96&d=mm&r=g","contentUrl":"https:\/\/secure.gravatar.com\/avatar\/57c226c264de62f794185a89596d4a37b85a5ad20aca30d9d5a478b27d8c8d9d?s=96&d=mm&r=g","caption":"VeliPost"},"sameAs":["https:\/\/velipost.com"],"url":"https:\/\/velipost.com\/?author=1"}]}},"views":2,"jetpack_publicize_connections":[],"uagb_featured_image_src":{"full":["https:\/\/velipost.com\/wp-content\/uploads\/2024\/08\/12-aout-2024.jpg",1170,603,false],"thumbnail":["https:\/\/velipost.com\/wp-content\/uploads\/2024\/08\/12-aout-2024-150x150.jpg",150,150,true],"medium":["https:\/\/velipost.com\/wp-content\/uploads\/2024\/08\/12-aout-2024-300x155.jpg",300,155,true],"medium_large":["https:\/\/velipost.com\/wp-content\/uploads\/2024\/08\/12-aout-2024-768x396.jpg",715,369,true],"large":["https:\/\/velipost.com\/wp-content\/uploads\/2024\/08\/12-aout-2024-1024x528.jpg",715,369,true],"1536x1536":["https:\/\/velipost.com\/wp-content\/uploads\/2024\/08\/12-aout-2024.jpg",1170,603,false],"2048x2048":["https:\/\/velipost.com\/wp-content\/uploads\/2024\/08\/12-aout-2024.jpg",1170,603,false],"colornews-big-slider":["https:\/\/velipost.com\/wp-content\/uploads\/2024\/08\/12-aout-2024-1070x470.jpg",1070,470,true],"colornews-big-slider-thumb":["https:\/\/velipost.com\/wp-content\/uploads\/2024\/08\/12-aout-2024-184x109.jpg",184,109,true],"colornews-featured-post-medium":["https:\/\/velipost.com\/wp-content\/uploads\/2024\/08\/12-aout-2024-345x265.jpg",345,265,true],"colornews-featured-post-small":["https:\/\/velipost.com\/wp-content\/uploads\/2024\/08\/12-aout-2024-115x73.jpg",115,73,true],"colornews-random-posts":["https:\/\/velipost.com\/wp-content\/uploads\/2024\/08\/12-aout-2024-215x215.jpg",215,215,true],"colornews-featured-image":["https:\/\/velipost.com\/wp-content\/uploads\/2024\/08\/12-aout-2024-715x400.jpg",715,400,true],"mailpoet_newsletter_max":["https:\/\/velipost.com\/wp-content\/uploads\/2024\/08\/12-aout-2024.jpg",1170,603,false]},"uagb_author_info":{"display_name":"VeliPost","author_link":"https:\/\/velipost.com\/?author=1"},"uagb_comment_info":0,"uagb_excerpt":"Aujourd&rsquo;hui, le monde c\u00e9l\u00e8bre la Journ\u00e9e Mondiale de la Jeunesse, un \u00e9v\u00e9nement annuel organis\u00e9 par les Nations Unies pour mettre en lumi\u00e8re les contributions","_links":{"self":[{"href":"https:\/\/velipost.com\/index.php?rest_route=\/wp\/v2\/posts\/1654","targetHints":{"allow":["GET"]}}],"collection":[{"href":"https:\/\/velipost.com\/index.php?rest_route=\/wp\/v2\/posts"}],"about":[{"href":"https:\/\/velipost.com\/index.php?rest_route=\/wp\/v2\/types\/post"}],"author":[{"embeddable":true,"href":"https:\/\/velipost.com\/index.php?rest_route=\/wp\/v2\/users\/1"}],"replies":[{"embeddable":true,"href":"https:\/\/velipost.com\/index.php?rest_route=%2Fwp%2Fv2%2Fcomments&post=1654"}],"version-history":[{"count":1,"href":"https:\/\/velipost.com\/index.php?rest_route=\/wp\/v2\/posts\/1654\/revisions"}],"predecessor-version":[{"id":1656,"href":"https:\/\/velipost.com\/index.php?rest_route=\/wp\/v2\/posts\/1654\/revisions\/1656"}],"wp:featuredmedia":[{"embeddable":true,"href":"https:\/\/velipost.com\/index.php?rest_route=\/wp\/v2\/media\/1655"}],"wp:attachment":[{"href":"https:\/\/velipost.com\/index.php?rest_route=%2Fwp%2Fv2%2Fmedia&parent=1654"}],"wp:term":[{"taxonomy":"category","embeddable":true,"href":"https:\/\/velipost.com\/index.php?rest_route=%2Fwp%2Fv2%2Fcategories&post=1654"},{"taxonomy":"post_tag","embeddable":true,"href":"https:\/\/velipost.com\/index.php?rest_route=%2Fwp%2Fv2%2Ftags&post=1654"}],"curies":[{"name":"wp","href":"https:\/\/api.w.org\/{rel}","templated":true}]}}