{"id":1606,"date":"2024-08-10T07:48:02","date_gmt":"2024-08-10T05:48:02","guid":{"rendered":"https:\/\/velipost.com\/?p=1606"},"modified":"2024-08-10T07:48:04","modified_gmt":"2024-08-10T05:48:04","slug":"fc-barcelona-signe-dani-olmo-retour-a-la-maison-pour-le-produit-de-la-masia","status":"publish","type":"post","link":"https:\/\/velipost.com\/?p=1606","title":{"rendered":"FC Barcelona signe Dani Olmo : Retour \u00e0 la maison pour le produit de La Masia"},"content":{"rendered":"\n<hr class=\"wp-block-separator has-alpha-channel-opacity\"\/>\n\n\n\n<p>Le FC Barcelona a conclu un accord avec RB Leipzig pour le transfert de Dani Olmo. Le joueur, form\u00e9 \u00e0 La Masia, signera un contrat de six saisons avec le club, jusqu&rsquo;au 30 juin 2030, avec une clause de lib\u00e9ration fix\u00e9e \u00e0 500 millions d&rsquo;euros.<\/p>\n\n\n\n<p><strong>\u00ab\u00a0Je suis heureux de rentrer chez moi\u00a0\u00bb<\/strong><\/p>\n\n\n\n<p>Dani Olmo a exprim\u00e9 sa joie de revenir \u00e0 Barcelone. Lors d&rsquo;une interview avec les m\u00e9dias du club, le joueur form\u00e9 \u00e0 La Masia a soulign\u00e9 son attitude gagnante et la qualit\u00e9 de l&rsquo;\u00e9quipe du FC Barcelona.<\/p>\n\n\n\n<p>Apr\u00e8s une d\u00e9cennie d&rsquo;absence, Dani Olmo retourne \u00e0 Barcelone. Il avait rejoint La Masia en 2007 en provenance de l&rsquo;Espanyol voisin et, apr\u00e8s sept ans dans le syst\u00e8me de formation blaugrana, il avait choisi de poursuivre sa carri\u00e8re en Croatie avec le Dinamo Zagreb.<\/p>\n\n\n\n<p>En Croatie, Olmo a continu\u00e9 \u00e0 se d\u00e9velopper en tant que joueur et a accumul\u00e9 un palmar\u00e8s impressionnant avec cinq titres de champion, trois Coupes de Croatie et une Supercoupe de Croatie. Il a \u00e9galement \u00e9t\u00e9 nomm\u00e9 joueur de l&rsquo;ann\u00e9e \u00e0 deux reprises et a fait ses d\u00e9buts en Ligue des champions.<\/p>\n\n\n\n<p>En 2020, son talent a attir\u00e9 l&rsquo;int\u00e9r\u00eat de nombreux clubs europ\u00e9ens, et il a finalement rejoint le club allemand RB Leipzig. Ses quatre saisons en Bundesliga ont \u00e9t\u00e9 marqu\u00e9es par deux victoires en Coupe d&rsquo;Allemagne et une Supercoupe d&rsquo;Allemagne, avec un tripl\u00e9 m\u00e9morable lors d&rsquo;une victoire 3-0 contre le Bayern Munich.<\/p>\n\n\n\n<p><strong>Succ\u00e8s \u00e0 l&rsquo;Euro 2024<\/strong><\/p>\n\n\n\n<p>Apr\u00e8s avoir repr\u00e9sent\u00e9 l&rsquo;Espagne \u00e0 diff\u00e9rents niveaux de jeunesse, Dani Olmo a fait ses d\u00e9buts avec l&rsquo;\u00e9quipe nationale senior lors des qualifications pour l&rsquo;Euro 2020, marquant d\u00e8s sa premi\u00e8re apparition. Depuis, il a repr\u00e9sent\u00e9 son pays aux Jeux Olympiques de Tokyo, remportant une m\u00e9daille d&rsquo;argent, \u00e0 la Coupe du Monde au Qatar en 2022, et lors de l&rsquo;Euro 2024 o\u00f9 il a \u00e9t\u00e9 le meilleur buteur avec trois buts pour l&rsquo;\u00e9quipe espagnole victorieuse.<\/p>\n\n\n\n<p>Le Catalan, capable de jouer \u00e0 plusieurs postes sur le terrain, apportera de nombreuses options au FC Barcelona. Il peut \u00e9voluer sur les ailes, en avant-centre, juste derri\u00e8re l&rsquo;attaquant, ou m\u00eame au milieu de terrain. Olmo se distingue par son approche audacieuse, son talent individuel et sa capacit\u00e9 \u00e0 s&rsquo;associer avec ses co\u00e9quipiers. Il a un vrai sens du but, comme il l&rsquo;a d\u00e9montr\u00e9 lors de l&rsquo;Euro 2024, et peut marquer de l&rsquo;int\u00e9rieur et de l&rsquo;ext\u00e9rieur de la surface.<\/p>\n\n\n\n<hr class=\"wp-block-separator has-alpha-channel-opacity\"\/>\n\n    <div class=\"xs_social_share_widget xs_share_url after_content \t\tmain_content  wslu-style-3 wslu-share-box-shaped wslu-fill-brand-hover-colored wslu-share-m-5 wslu-none wslu-share-horizontal wslu-theme-font-no wslu-main_content\">\n\n\t\t\n        <ul>\n\t\t\t                    <li class=\"xs-share-li twitter                        wslu-no-extra-data\">\n                        <a href=\"javascript:void(0);\"\n                           id=\"xs_feed_twitter\"\n                           onclick=\"xs_social_sharer(this);\"\n                           data-pid=\"1606\"\n                           data-uri_hash=\"96ba9fd91436fca84238cd5430ed107a\"\n                           data-key=\"twitter\"\n                           data-xs-href=\"https:\/\/twitter.com\/intent\/tweet?text=FC+Barcelona+signe+Dani+Olmo+%3A+Retour+%C3%A0+la+maison+pour+le+produit+de+La+Masia+https%3A%2F%2Fvelipost.com%2Findex.php%3Frest_route%3D%252Fwp%252Fv2%252Fposts%252F1606&amp;original_referer=https%3A%2F%2Fvelipost.com%2Findex.php%3Frest_route%3D%252Fwp%252Fv2%252Fposts%252F1606&amp;related=xpeedstudio\">\n\n                            <div class=\"xs-social-icon\">\n                                <span class=\"met-social met-social-twitter\"><\/span>\n                            <\/div>\n\n\t\t\t\t\t\t\t\n                            <div class=\"wslu-hover-content\">\n                                <div class=\"xs-social-followers\">\n\t\t\t\t\t\t\t\t\t10                                <\/div>\n                                <div class=\"xs-social-follower-text\">\n\t\t\t\t\t\t\t\t\tShare                                <\/div>\n                                <div class=\"xs-social-follower-label\">\n\t\t\t\t\t\t\t\t\tTwitter                                <\/div>\n                            <\/div>\n                        <\/a>\n                    <\/li>\n\t\t\t\t\t                    <li class=\"xs-share-li telegram                        wslu-no-extra-data\">\n                        <a href=\"javascript:void(0);\"\n                           id=\"xs_feed_telegram\"\n                           onclick=\"xs_social_sharer(this);\"\n                           data-pid=\"1606\"\n                           data-uri_hash=\"96ba9fd91436fca84238cd5430ed107a\"\n                           data-key=\"telegram\"\n                           data-xs-href=\"https:\/\/telegram.me\/share\/url?url=https%3A%2F%2Fvelipost.com%2Findex.php%3Frest_route%3D%252Fwp%252Fv2%252Fposts%252F1606&amp;text=FC+Barcelona+signe+Dani+Olmo+%3A+Retour+%C3%A0+la+maison+pour+le+produit+de+La+Masia\">\n\n                            <div class=\"xs-social-icon\">\n                                <span class=\"met-social met-social-telegram\"><\/span>\n                            <\/div>\n\n\t\t\t\t\t\t\t\n                            <div class=\"wslu-hover-content\">\n                                <div class=\"xs-social-followers\">\n\t\t\t\t\t\t\t\t\t0                                <\/div>\n                                <div class=\"xs-social-follower-text\">\n\t\t\t\t\t\t\t\t\tShare                                <\/div>\n                                <div class=\"xs-social-follower-label\">\n\t\t\t\t\t\t\t\t\tTelegram                                <\/div>\n                            <\/div>\n                        <\/a>\n                    <\/li>\n\t\t\t\t\t                    <li class=\"xs-share-li email                        wslu-no-extra-data\">\n                        <a href=\"javascript:void(0);\"\n                           id=\"xs_feed_email\"\n                           onclick=\"xs_social_sharer(this);\"\n                           data-pid=\"1606\"\n                           data-uri_hash=\"96ba9fd91436fca84238cd5430ed107a\"\n                           data-key=\"email\"\n                           data-xs-href=\"mailto:?body=Title%3A+FC+Barcelona+signe+Dani+Olmo+%3A+Retour+%C3%A0+la+maison+pour+le+produit+de+La+Masia+%5Cn%5Cn+URL%3A+https%3A%2F%2Fvelipost.com%2Findex.php%3Frest_route%3D%252Fwp%252Fv2%252Fposts%252F1606&amp;subject=FC+Barcelona+signe+Dani+Olmo+%3A+Retour+%C3%A0+la+maison+pour+le+produit+de+La+Masia\">\n\n                            <div class=\"xs-social-icon\">\n                                <span class=\"met-social met-social-email\"><\/span>\n                            <\/div>\n\n\t\t\t\t\t\t\t\n                            <div class=\"wslu-hover-content\">\n                                <div class=\"xs-social-followers\">\n\t\t\t\t\t\t\t\t\t0                                <\/div>\n                                <div class=\"xs-social-follower-text\">\n\t\t\t\t\t\t\t\t\tShare                                <\/div>\n                                <div class=\"xs-social-follower-label\">\n\t\t\t\t\t\t\t\t\tEmail                                <\/div>\n                            <\/div>\n                        <\/a>\n                    <\/li>\n\t\t\t\t\t        <\/ul>\n    <\/div> \n","protected":false},"excerpt":{"rendered":"<p>Le FC Barcelona a conclu un accord avec RB Leipzig pour le transfert de Dani Olmo. Le joueur, form\u00e9 \u00e0 La Masia, signera un<\/p>\n","protected":false},"author":1,"featured_media":1607,"comment_status":"open","ping_status":"open","sticky":false,"template":"","format":"standard","meta":{"_uag_custom_page_level_css":"","footnotes":"","jetpack_publicize_message":"","jetpack_publicize_feature_enabled":true,"jetpack_social_post_already_shared":false,"jetpack_social_options":{"image_generator_settings":{"template":"highway","default_image_id":0,"font":"","enabled":false},"version":2}},"categories":[102,6],"tags":[],"class_list":["post-1606","post","type-post","status-publish","format-standard","has-post-thumbnail","hentry","category-football","category-sport"],"yoast_head":"<!-- This site is optimized with the Yoast SEO plugin v25.3.1 - https:\/\/yoast.com\/wordpress\/plugins\/seo\/ -->\n<title>FC Barcelona signe Dani Olmo : Retour \u00e0 la maison pour le produit de La Masia &#8211; VeliPost<\/title>\n<meta name=\"robots\" content=\"index, follow, max-snippet:-1, max-image-preview:large, max-video-preview:-1\" \/>\n<link rel=\"canonical\" href=\"https:\/\/velipost.com\/?p=1606\" \/>\n<meta property=\"og:locale\" content=\"fr_FR\" \/>\n<meta property=\"og:type\" content=\"article\" \/>\n<meta property=\"og:title\" content=\"FC Barcelona signe Dani Olmo : Retour \u00e0 la maison pour le produit de La Masia &#8211; VeliPost\" \/>\n<meta property=\"og:description\" content=\"Le FC Barcelona a conclu un accord avec RB Leipzig pour le transfert de Dani Olmo. Le joueur, form\u00e9 \u00e0 La Masia, signera un\" \/>\n<meta property=\"og:url\" content=\"https:\/\/velipost.com\/?p=1606\" \/>\n<meta property=\"og:site_name\" content=\"VeliPost\" \/>\n<meta property=\"article:publisher\" content=\"https:\/\/www.facebook.com\/veliposthaiti\" \/>\n<meta property=\"article:published_time\" content=\"2024-08-10T05:48:02+00:00\" \/>\n<meta property=\"article:modified_time\" content=\"2024-08-10T05:48:04+00:00\" \/>\n<meta property=\"og:image\" content=\"https:\/\/velipost.com\/wp-content\/uploads\/2024\/08\/olmo.jpg\" \/>\n\t<meta property=\"og:image:width\" content=\"1170\" \/>\n\t<meta property=\"og:image:height\" content=\"603\" \/>\n\t<meta property=\"og:image:type\" content=\"image\/jpeg\" \/>\n<meta name=\"author\" content=\"VeliPost\" \/>\n<meta name=\"twitter:card\" content=\"summary_large_image\" \/>\n<meta name=\"twitter:creator\" content=\"@veliposthaiti\" \/>\n<meta name=\"twitter:site\" content=\"@veliposthaiti\" \/>\n<meta name=\"twitter:label1\" content=\"\u00c9crit par\" \/>\n\t<meta name=\"twitter:data1\" content=\"VeliPost\" \/>\n\t<meta name=\"twitter:label2\" content=\"Dur\u00e9e de lecture estim\u00e9e\" \/>\n\t<meta name=\"twitter:data2\" content=\"2 minutes\" \/>\n<script type=\"application\/ld+json\" class=\"yoast-schema-graph\">{\"@context\":\"https:\/\/schema.org\",\"@graph\":[{\"@type\":\"Article\",\"@id\":\"https:\/\/velipost.com\/?p=1606#article\",\"isPartOf\":{\"@id\":\"https:\/\/velipost.com\/?p=1606\"},\"author\":{\"name\":\"VeliPost\",\"@id\":\"https:\/\/velipost.com\/#\/schema\/person\/32ff49a53c9c1bb24302ee8ece058096\"},\"headline\":\"FC Barcelona signe Dani Olmo : Retour \u00e0 la maison pour le produit de La Masia\",\"datePublished\":\"2024-08-10T05:48:02+00:00\",\"dateModified\":\"2024-08-10T05:48:04+00:00\",\"mainEntityOfPage\":{\"@id\":\"https:\/\/velipost.com\/?p=1606\"},\"wordCount\":440,\"commentCount\":0,\"publisher\":{\"@id\":\"https:\/\/velipost.com\/#organization\"},\"image\":{\"@id\":\"https:\/\/velipost.com\/?p=1606#primaryimage\"},\"thumbnailUrl\":\"https:\/\/velipost.com\/wp-content\/uploads\/2024\/08\/olmo.jpg\",\"articleSection\":[\"Football\",\"Sport\"],\"inLanguage\":\"fr-FR\",\"potentialAction\":[{\"@type\":\"CommentAction\",\"name\":\"Comment\",\"target\":[\"https:\/\/velipost.com\/?p=1606#respond\"]}]},{\"@type\":\"WebPage\",\"@id\":\"https:\/\/velipost.com\/?p=1606\",\"url\":\"https:\/\/velipost.com\/?p=1606\",\"name\":\"FC Barcelona signe Dani Olmo : Retour \u00e0 la maison pour le produit de La Masia &#8211; VeliPost\",\"isPartOf\":{\"@id\":\"https:\/\/velipost.com\/#website\"},\"primaryImageOfPage\":{\"@id\":\"https:\/\/velipost.com\/?p=1606#primaryimage\"},\"image\":{\"@id\":\"https:\/\/velipost.com\/?p=1606#primaryimage\"},\"thumbnailUrl\":\"https:\/\/velipost.com\/wp-content\/uploads\/2024\/08\/olmo.jpg\",\"datePublished\":\"2024-08-10T05:48:02+00:00\",\"dateModified\":\"2024-08-10T05:48:04+00:00\",\"breadcrumb\":{\"@id\":\"https:\/\/velipost.com\/?p=1606#breadcrumb\"},\"inLanguage\":\"fr-FR\",\"potentialAction\":[{\"@type\":\"ReadAction\",\"target\":[\"https:\/\/velipost.com\/?p=1606\"]}]},{\"@type\":\"ImageObject\",\"inLanguage\":\"fr-FR\",\"@id\":\"https:\/\/velipost.com\/?p=1606#primaryimage\",\"url\":\"https:\/\/velipost.com\/wp-content\/uploads\/2024\/08\/olmo.jpg\",\"contentUrl\":\"https:\/\/velipost.com\/wp-content\/uploads\/2024\/08\/olmo.jpg\",\"width\":1170,\"height\":603},{\"@type\":\"BreadcrumbList\",\"@id\":\"https:\/\/velipost.com\/?p=1606#breadcrumb\",\"itemListElement\":[{\"@type\":\"ListItem\",\"position\":1,\"name\":\"Accueil\",\"item\":\"https:\/\/velipost.com\/\"},{\"@type\":\"ListItem\",\"position\":2,\"name\":\"FC Barcelona signe Dani Olmo : Retour \u00e0 la maison pour le produit de La Masia\"}]},{\"@type\":\"WebSite\",\"@id\":\"https:\/\/velipost.com\/#website\",\"url\":\"https:\/\/velipost.com\/\",\"name\":\"VeliPost\",\"description\":\"L\u2019info en un clic\",\"publisher\":{\"@id\":\"https:\/\/velipost.com\/#organization\"},\"potentialAction\":[{\"@type\":\"SearchAction\",\"target\":{\"@type\":\"EntryPoint\",\"urlTemplate\":\"https:\/\/velipost.com\/?s={search_term_string}\"},\"query-input\":{\"@type\":\"PropertyValueSpecification\",\"valueRequired\":true,\"valueName\":\"search_term_string\"}}],\"inLanguage\":\"fr-FR\"},{\"@type\":\"Organization\",\"@id\":\"https:\/\/velipost.com\/#organization\",\"name\":\"VeliPost\",\"url\":\"https:\/\/velipost.com\/\",\"logo\":{\"@type\":\"ImageObject\",\"inLanguage\":\"fr-FR\",\"@id\":\"https:\/\/velipost.com\/#\/schema\/logo\/image\/\",\"url\":\"https:\/\/velipost.com\/wp-content\/uploads\/2024\/08\/cropped-VP-logo-piti.png\",\"contentUrl\":\"https:\/\/velipost.com\/wp-content\/uploads\/2024\/08\/cropped-VP-logo-piti.png\",\"width\":201,\"height\":69,\"caption\":\"VeliPost\"},\"image\":{\"@id\":\"https:\/\/velipost.com\/#\/schema\/logo\/image\/\"},\"sameAs\":[\"https:\/\/www.facebook.com\/veliposthaiti\",\"https:\/\/x.com\/veliposthaiti\",\"https:\/\/www.instagram.com\/veliposthaiti\"]},{\"@type\":\"Person\",\"@id\":\"https:\/\/velipost.com\/#\/schema\/person\/32ff49a53c9c1bb24302ee8ece058096\",\"name\":\"VeliPost\",\"image\":{\"@type\":\"ImageObject\",\"inLanguage\":\"fr-FR\",\"@id\":\"https:\/\/velipost.com\/#\/schema\/person\/image\/\",\"url\":\"https:\/\/secure.gravatar.com\/avatar\/57c226c264de62f794185a89596d4a37b85a5ad20aca30d9d5a478b27d8c8d9d?s=96&d=mm&r=g\",\"contentUrl\":\"https:\/\/secure.gravatar.com\/avatar\/57c226c264de62f794185a89596d4a37b85a5ad20aca30d9d5a478b27d8c8d9d?s=96&d=mm&r=g\",\"caption\":\"VeliPost\"},\"sameAs\":[\"https:\/\/velipost.com\"],\"url\":\"https:\/\/velipost.com\/?author=1\"}]}<\/script>\n<!-- \/ Yoast SEO plugin. -->","yoast_head_json":{"title":"FC Barcelona signe Dani Olmo : Retour \u00e0 la maison pour le produit de La Masia &#8211; VeliPost","robots":{"index":"index","follow":"follow","max-snippet":"max-snippet:-1","max-image-preview":"max-image-preview:large","max-video-preview":"max-video-preview:-1"},"canonical":"https:\/\/velipost.com\/?p=1606","og_locale":"fr_FR","og_type":"article","og_title":"FC Barcelona signe Dani Olmo : Retour \u00e0 la maison pour le produit de La Masia &#8211; VeliPost","og_description":"Le FC Barcelona a conclu un accord avec RB Leipzig pour le transfert de Dani Olmo. Le joueur, form\u00e9 \u00e0 La Masia, signera un","og_url":"https:\/\/velipost.com\/?p=1606","og_site_name":"VeliPost","article_publisher":"https:\/\/www.facebook.com\/veliposthaiti","article_published_time":"2024-08-10T05:48:02+00:00","article_modified_time":"2024-08-10T05:48:04+00:00","og_image":[{"width":1170,"height":603,"url":"https:\/\/velipost.com\/wp-content\/uploads\/2024\/08\/olmo.jpg","type":"image\/jpeg"}],"author":"VeliPost","twitter_card":"summary_large_image","twitter_creator":"@veliposthaiti","twitter_site":"@veliposthaiti","twitter_misc":{"\u00c9crit par":"VeliPost","Dur\u00e9e de lecture estim\u00e9e":"2 minutes"},"schema":{"@context":"https:\/\/schema.org","@graph":[{"@type":"Article","@id":"https:\/\/velipost.com\/?p=1606#article","isPartOf":{"@id":"https:\/\/velipost.com\/?p=1606"},"author":{"name":"VeliPost","@id":"https:\/\/velipost.com\/#\/schema\/person\/32ff49a53c9c1bb24302ee8ece058096"},"headline":"FC Barcelona signe Dani Olmo : Retour \u00e0 la maison pour le produit de La Masia","datePublished":"2024-08-10T05:48:02+00:00","dateModified":"2024-08-10T05:48:04+00:00","mainEntityOfPage":{"@id":"https:\/\/velipost.com\/?p=1606"},"wordCount":440,"commentCount":0,"publisher":{"@id":"https:\/\/velipost.com\/#organization"},"image":{"@id":"https:\/\/velipost.com\/?p=1606#primaryimage"},"thumbnailUrl":"https:\/\/velipost.com\/wp-content\/uploads\/2024\/08\/olmo.jpg","articleSection":["Football","Sport"],"inLanguage":"fr-FR","potentialAction":[{"@type":"CommentAction","name":"Comment","target":["https:\/\/velipost.com\/?p=1606#respond"]}]},{"@type":"WebPage","@id":"https:\/\/velipost.com\/?p=1606","url":"https:\/\/velipost.com\/?p=1606","name":"FC Barcelona signe Dani Olmo : Retour \u00e0 la maison pour le produit de La Masia &#8211; VeliPost","isPartOf":{"@id":"https:\/\/velipost.com\/#website"},"primaryImageOfPage":{"@id":"https:\/\/velipost.com\/?p=1606#primaryimage"},"image":{"@id":"https:\/\/velipost.com\/?p=1606#primaryimage"},"thumbnailUrl":"https:\/\/velipost.com\/wp-content\/uploads\/2024\/08\/olmo.jpg","datePublished":"2024-08-10T05:48:02+00:00","dateModified":"2024-08-10T05:48:04+00:00","breadcrumb":{"@id":"https:\/\/velipost.com\/?p=1606#breadcrumb"},"inLanguage":"fr-FR","potentialAction":[{"@type":"ReadAction","target":["https:\/\/velipost.com\/?p=1606"]}]},{"@type":"ImageObject","inLanguage":"fr-FR","@id":"https:\/\/velipost.com\/?p=1606#primaryimage","url":"https:\/\/velipost.com\/wp-content\/uploads\/2024\/08\/olmo.jpg","contentUrl":"https:\/\/velipost.com\/wp-content\/uploads\/2024\/08\/olmo.jpg","width":1170,"height":603},{"@type":"BreadcrumbList","@id":"https:\/\/velipost.com\/?p=1606#breadcrumb","itemListElement":[{"@type":"ListItem","position":1,"name":"Accueil","item":"https:\/\/velipost.com\/"},{"@type":"ListItem","position":2,"name":"FC Barcelona signe Dani Olmo : Retour \u00e0 la maison pour le produit de La Masia"}]},{"@type":"WebSite","@id":"https:\/\/velipost.com\/#website","url":"https:\/\/velipost.com\/","name":"VeliPost","description":"L\u2019info en un clic","publisher":{"@id":"https:\/\/velipost.com\/#organization"},"potentialAction":[{"@type":"SearchAction","target":{"@type":"EntryPoint","urlTemplate":"https:\/\/velipost.com\/?s={search_term_string}"},"query-input":{"@type":"PropertyValueSpecification","valueRequired":true,"valueName":"search_term_string"}}],"inLanguage":"fr-FR"},{"@type":"Organization","@id":"https:\/\/velipost.com\/#organization","name":"VeliPost","url":"https:\/\/velipost.com\/","logo":{"@type":"ImageObject","inLanguage":"fr-FR","@id":"https:\/\/velipost.com\/#\/schema\/logo\/image\/","url":"https:\/\/velipost.com\/wp-content\/uploads\/2024\/08\/cropped-VP-logo-piti.png","contentUrl":"https:\/\/velipost.com\/wp-content\/uploads\/2024\/08\/cropped-VP-logo-piti.png","width":201,"height":69,"caption":"VeliPost"},"image":{"@id":"https:\/\/velipost.com\/#\/schema\/logo\/image\/"},"sameAs":["https:\/\/www.facebook.com\/veliposthaiti","https:\/\/x.com\/veliposthaiti","https:\/\/www.instagram.com\/veliposthaiti"]},{"@type":"Person","@id":"https:\/\/velipost.com\/#\/schema\/person\/32ff49a53c9c1bb24302ee8ece058096","name":"VeliPost","image":{"@type":"ImageObject","inLanguage":"fr-FR","@id":"https:\/\/velipost.com\/#\/schema\/person\/image\/","url":"https:\/\/secure.gravatar.com\/avatar\/57c226c264de62f794185a89596d4a37b85a5ad20aca30d9d5a478b27d8c8d9d?s=96&d=mm&r=g","contentUrl":"https:\/\/secure.gravatar.com\/avatar\/57c226c264de62f794185a89596d4a37b85a5ad20aca30d9d5a478b27d8c8d9d?s=96&d=mm&r=g","caption":"VeliPost"},"sameAs":["https:\/\/velipost.com"],"url":"https:\/\/velipost.com\/?author=1"}]}},"views":1,"jetpack_publicize_connections":[],"uagb_featured_image_src":{"full":["https:\/\/velipost.com\/wp-content\/uploads\/2024\/08\/olmo.jpg",1170,603,false],"thumbnail":["https:\/\/velipost.com\/wp-content\/uploads\/2024\/08\/olmo-150x150.jpg",150,150,true],"medium":["https:\/\/velipost.com\/wp-content\/uploads\/2024\/08\/olmo-300x155.jpg",300,155,true],"medium_large":["https:\/\/velipost.com\/wp-content\/uploads\/2024\/08\/olmo-768x396.jpg",715,369,true],"large":["https:\/\/velipost.com\/wp-content\/uploads\/2024\/08\/olmo-1024x528.jpg",715,369,true],"1536x1536":["https:\/\/velipost.com\/wp-content\/uploads\/2024\/08\/olmo.jpg",1170,603,false],"2048x2048":["https:\/\/velipost.com\/wp-content\/uploads\/2024\/08\/olmo.jpg",1170,603,false],"colornews-big-slider":["https:\/\/velipost.com\/wp-content\/uploads\/2024\/08\/olmo-1070x470.jpg",1070,470,true],"colornews-big-slider-thumb":["https:\/\/velipost.com\/wp-content\/uploads\/2024\/08\/olmo-184x109.jpg",184,109,true],"colornews-featured-post-medium":["https:\/\/velipost.com\/wp-content\/uploads\/2024\/08\/olmo-345x265.jpg",345,265,true],"colornews-featured-post-small":["https:\/\/velipost.com\/wp-content\/uploads\/2024\/08\/olmo-115x73.jpg",115,73,true],"colornews-random-posts":["https:\/\/velipost.com\/wp-content\/uploads\/2024\/08\/olmo-215x215.jpg",215,215,true],"colornews-featured-image":["https:\/\/velipost.com\/wp-content\/uploads\/2024\/08\/olmo-715x400.jpg",715,400,true],"mailpoet_newsletter_max":["https:\/\/velipost.com\/wp-content\/uploads\/2024\/08\/olmo.jpg",1170,603,false]},"uagb_author_info":{"display_name":"VeliPost","author_link":"https:\/\/velipost.com\/?author=1"},"uagb_comment_info":0,"uagb_excerpt":"Le FC Barcelona a conclu un accord avec RB Leipzig pour le transfert de Dani Olmo. Le joueur, form\u00e9 \u00e0 La Masia, signera un","_links":{"self":[{"href":"https:\/\/velipost.com\/index.php?rest_route=\/wp\/v2\/posts\/1606","targetHints":{"allow":["GET"]}}],"collection":[{"href":"https:\/\/velipost.com\/index.php?rest_route=\/wp\/v2\/posts"}],"about":[{"href":"https:\/\/velipost.com\/index.php?rest_route=\/wp\/v2\/types\/post"}],"author":[{"embeddable":true,"href":"https:\/\/velipost.com\/index.php?rest_route=\/wp\/v2\/users\/1"}],"replies":[{"embeddable":true,"href":"https:\/\/velipost.com\/index.php?rest_route=%2Fwp%2Fv2%2Fcomments&post=1606"}],"version-history":[{"count":1,"href":"https:\/\/velipost.com\/index.php?rest_route=\/wp\/v2\/posts\/1606\/revisions"}],"predecessor-version":[{"id":1608,"href":"https:\/\/velipost.com\/index.php?rest_route=\/wp\/v2\/posts\/1606\/revisions\/1608"}],"wp:featuredmedia":[{"embeddable":true,"href":"https:\/\/velipost.com\/index.php?rest_route=\/wp\/v2\/media\/1607"}],"wp:attachment":[{"href":"https:\/\/velipost.com\/index.php?rest_route=%2Fwp%2Fv2%2Fmedia&parent=1606"}],"wp:term":[{"taxonomy":"category","embeddable":true,"href":"https:\/\/velipost.com\/index.php?rest_route=%2Fwp%2Fv2%2Fcategories&post=1606"},{"taxonomy":"post_tag","embeddable":true,"href":"https:\/\/velipost.com\/index.php?rest_route=%2Fwp%2Fv2%2Ftags&post=1606"}],"curies":[{"name":"wp","href":"https:\/\/api.w.org\/{rel}","templated":true}]}}