{"id":1563,"date":"2024-08-06T17:08:53","date_gmt":"2024-08-06T15:08:53","guid":{"rendered":"https:\/\/velipost.com\/?p=1563"},"modified":"2024-08-06T17:08:55","modified_gmt":"2024-08-06T15:08:55","slug":"garry-conille-revele-la-composition-de-son-cabinet-pour-promouvoir-la-transparence","status":"publish","type":"post","link":"https:\/\/velipost.com\/?p=1563","title":{"rendered":"Garry Conille R\u00e9v\u00e8le la Composition de Son Cabinet pour Promouvoir la Transparence"},"content":{"rendered":"\n<p>Le 5 ao\u00fbt 2024, le Premier ministre ha\u00eftien Garry Conille a fait un pas audacieux vers la transparence en d\u00e9voilant la liste des membres de son cabinet particulier. Ce geste marque une tentative de renforcer la confiance publique en son gouvernement de transition en mettant en avant une gestion ouverte et collaborative.<\/p>\n\n\n\n<h4 class=\"wp-block-heading\"><strong>Une \u00c9quipe Diversifi\u00e9e pour Une Mission Cruciale<\/strong><\/h4>\n\n\n\n<p>Le Premier ministre a annonc\u00e9 que son cabinet sera dirig\u00e9 par Nesmy Manigat, nomm\u00e9 Directeur de Cabinet. Aux c\u00f4t\u00e9s de Manigat, le cabinet sera compos\u00e9 de onze autres membres : Stanley Emmanuel Augustin, St\u00e9phanie Dorsainvil, Anouk Ewald, Enomy Germain, Romero Guy Latry, Sharina Lochard, Bernard H Gousse, Dr Nikita S\u00e9jour, Mary Elizabeth Bianca Sinsleis, Marie-Christine Stephenson et Hans Tippenhauer.<\/p>\n\n\n\n<p>Cette annonce intervient dans un contexte de besoin accru de transparence et de responsabilit\u00e9 au sein de l&rsquo;administration ha\u00eftienne. En partageant publiquement les noms des membres de son cabinet, Garry Conille esp\u00e8re \u00e9tablir une base solide pour la gouvernance et la collaboration au sein de son \u00e9quipe.<\/p>\n\n\n\n<h4 class=\"wp-block-heading\"><strong>Marie-Christine Stephenson : Une D\u00e9claration de Principe<\/strong><\/h4>\n\n\n\n<p>Cependant, un aspect notable de cette annonce concerne Marie-Christine Stephenson. Elle avait pr\u00e9c\u00e9demment refus\u00e9 une nomination au Comit\u00e9 de Pilotage de la Conf\u00e9rence Nationale dans une lettre adress\u00e9e le 25 juillet \u00e0 Edgard Leblanc Fils, Pr\u00e9sident du Conseil Pr\u00e9sidentiel de Transition. Stephenson a exprim\u00e9 des pr\u00e9occupations concernant le non-respect de l&rsquo;accord du 3 avril 2024, qui exigeait une consultation pr\u00e9alable avec le Premier ministre et les parties prenantes. Elle a remerci\u00e9 les responsables et a souhait\u00e9 plein succ\u00e8s au Conseil Pr\u00e9sidentiel.<\/p>\n\n\n\n<h4 class=\"wp-block-heading\"><strong>Une D\u00e9claration de Transparence<\/strong><\/h4>\n\n\n\n<p>Pour accompagner cette annonce, Garry Conille a utilis\u00e9 les r\u00e9seaux sociaux pour exprimer son enthousiasme quant \u00e0 la composition de son cabinet. Il a soulign\u00e9 dans un tweet : \u00ab\u00a0Je suis ravi de vous pr\u00e9senter les membres de mon \u00e9quipe qui jouent un r\u00f4le cl\u00e9 dans la formulation et la mise en \u0153uvre du programme gouvernemental. Ils travaillent sur des dossiers essentiels tels que la s\u00e9curit\u00e9, les crises humanitaires, la justice, les \u00e9lections et les conf\u00e9rences nationales. Les ministres annonceront \u00e9galement les membres de leurs propres cabinets.\u00a0\u00bb<\/p>\n\n\n\n<h4 class=\"wp-block-heading\"><strong>Un D\u00e9fi de Gestion et d\u2019Attente<\/strong><\/h4>\n\n\n\n<p>Nomm\u00e9 Premier ministre le 28 mai 2024 par le coordonnateur du Conseil pr\u00e9sidentiel de transition, Edgard Leblanc Fils, Garry Conille a officiellement pris ses fonctions le 12 juin 2024. Depuis lors, son gouvernement a \u00e9t\u00e9 engag\u00e9 dans des efforts pour am\u00e9liorer la s\u00e9curit\u00e9, g\u00e9rer les crises humanitaires, promouvoir la justice et pr\u00e9parer les prochaines \u00e9lections. Cependant, jusqu&rsquo;\u00e0 pr\u00e9sent, les effets concrets de ces initiatives tardent \u00e0 se manifester aux yeux de la population ha\u00eftienne, qui r\u00e9clame des actions visibles et efficaces.<\/p>\n\n\n\n<p>La d\u00e9marche de rendre public la composition du cabinet vise \u00e0 instaurer un climat de confiance et de responsabilit\u00e9. En encourageant ses ministres \u00e0 suivre cet exemple de transparence, Garry Conille cherche \u00e0 d\u00e9montrer son engagement envers une gestion ouverte et collaborative, tout en cherchant \u00e0 r\u00e9pondre aux attentes croissantes des citoyens ha\u00eftiens.<\/p>\n\n    <div class=\"xs_social_share_widget xs_share_url after_content \t\tmain_content  wslu-style-3 wslu-share-box-shaped wslu-fill-brand-hover-colored wslu-share-m-5 wslu-none wslu-share-horizontal wslu-theme-font-no wslu-main_content\">\n\n\t\t\n        <ul>\n\t\t\t                    <li class=\"xs-share-li twitter                        wslu-no-extra-data\">\n                        <a href=\"javascript:void(0);\"\n                           id=\"xs_feed_twitter\"\n                           onclick=\"xs_social_sharer(this);\"\n                           data-pid=\"1563\"\n                           data-uri_hash=\"d70fee199843a3dacb9903529c7eb20e\"\n                           data-key=\"twitter\"\n                           data-xs-href=\"https:\/\/twitter.com\/intent\/tweet?text=Garry+Conille+R%C3%A9v%C3%A8le+la+Composition+de+Son+Cabinet+pour+Promouvoir+la+Transparence+https%3A%2F%2Fvelipost.com%2Findex.php%3Frest_route%3D%252Fwp%252Fv2%252Fposts%252F1563&amp;original_referer=https%3A%2F%2Fvelipost.com%2Findex.php%3Frest_route%3D%252Fwp%252Fv2%252Fposts%252F1563&amp;related=xpeedstudio\">\n\n                            <div class=\"xs-social-icon\">\n                                <span class=\"met-social met-social-twitter\"><\/span>\n                            <\/div>\n\n\t\t\t\t\t\t\t\n                            <div class=\"wslu-hover-content\">\n                                <div class=\"xs-social-followers\">\n\t\t\t\t\t\t\t\t\t10                                <\/div>\n                                <div class=\"xs-social-follower-text\">\n\t\t\t\t\t\t\t\t\tShare                                <\/div>\n                                <div class=\"xs-social-follower-label\">\n\t\t\t\t\t\t\t\t\tTwitter                                <\/div>\n                            <\/div>\n                        <\/a>\n                    <\/li>\n\t\t\t\t\t                    <li class=\"xs-share-li telegram                        wslu-no-extra-data\">\n                        <a href=\"javascript:void(0);\"\n                           id=\"xs_feed_telegram\"\n                           onclick=\"xs_social_sharer(this);\"\n                           data-pid=\"1563\"\n                           data-uri_hash=\"d70fee199843a3dacb9903529c7eb20e\"\n                           data-key=\"telegram\"\n                           data-xs-href=\"https:\/\/telegram.me\/share\/url?url=https%3A%2F%2Fvelipost.com%2Findex.php%3Frest_route%3D%252Fwp%252Fv2%252Fposts%252F1563&amp;text=Garry+Conille+R%C3%A9v%C3%A8le+la+Composition+de+Son+Cabinet+pour+Promouvoir+la+Transparence\">\n\n                            <div class=\"xs-social-icon\">\n                                <span class=\"met-social met-social-telegram\"><\/span>\n                            <\/div>\n\n\t\t\t\t\t\t\t\n                            <div class=\"wslu-hover-content\">\n                                <div class=\"xs-social-followers\">\n\t\t\t\t\t\t\t\t\t0                                <\/div>\n                                <div class=\"xs-social-follower-text\">\n\t\t\t\t\t\t\t\t\tShare                                <\/div>\n                                <div class=\"xs-social-follower-label\">\n\t\t\t\t\t\t\t\t\tTelegram                                <\/div>\n                            <\/div>\n                        <\/a>\n                    <\/li>\n\t\t\t\t\t                    <li class=\"xs-share-li email                        wslu-no-extra-data\">\n                        <a href=\"javascript:void(0);\"\n                           id=\"xs_feed_email\"\n                           onclick=\"xs_social_sharer(this);\"\n                           data-pid=\"1563\"\n                           data-uri_hash=\"d70fee199843a3dacb9903529c7eb20e\"\n                           data-key=\"email\"\n                           data-xs-href=\"mailto:?body=Title%3A+Garry+Conille+R%C3%A9v%C3%A8le+la+Composition+de+Son+Cabinet+pour+Promouvoir+la+Transparence+%5Cn%5Cn+URL%3A+https%3A%2F%2Fvelipost.com%2Findex.php%3Frest_route%3D%252Fwp%252Fv2%252Fposts%252F1563&amp;subject=Garry+Conille+R%C3%A9v%C3%A8le+la+Composition+de+Son+Cabinet+pour+Promouvoir+la+Transparence\">\n\n                            <div class=\"xs-social-icon\">\n                                <span class=\"met-social met-social-email\"><\/span>\n                            <\/div>\n\n\t\t\t\t\t\t\t\n                            <div class=\"wslu-hover-content\">\n                                <div class=\"xs-social-followers\">\n\t\t\t\t\t\t\t\t\t0                                <\/div>\n                                <div class=\"xs-social-follower-text\">\n\t\t\t\t\t\t\t\t\tShare                                <\/div>\n                                <div class=\"xs-social-follower-label\">\n\t\t\t\t\t\t\t\t\tEmail                                <\/div>\n                            <\/div>\n                        <\/a>\n                    <\/li>\n\t\t\t\t\t        <\/ul>\n    <\/div> \n","protected":false},"excerpt":{"rendered":"<p>Le 5 ao\u00fbt 2024, le Premier ministre ha\u00eftien Garry Conille a fait un pas audacieux vers la transparence en d\u00e9voilant la liste des membres<\/p>\n","protected":false},"author":1,"featured_media":1564,"comment_status":"open","ping_status":"open","sticky":false,"template":"","format":"standard","meta":{"_uag_custom_page_level_css":"","footnotes":"","jetpack_publicize_message":"","jetpack_publicize_feature_enabled":true,"jetpack_social_post_already_shared":false,"jetpack_social_options":{"image_generator_settings":{"template":"highway","default_image_id":0,"font":"","enabled":false},"version":2}},"categories":[115],"tags":[],"class_list":["post-1563","post","type-post","status-publish","format-standard","has-post-thumbnail","hentry","category-politique"],"yoast_head":"<!-- This site is optimized with the Yoast SEO plugin v25.3.1 - https:\/\/yoast.com\/wordpress\/plugins\/seo\/ -->\n<title>Garry Conille R\u00e9v\u00e8le la Composition de Son Cabinet pour Promouvoir la Transparence &#8211; VeliPost<\/title>\n<meta name=\"robots\" content=\"index, follow, max-snippet:-1, max-image-preview:large, max-video-preview:-1\" \/>\n<link rel=\"canonical\" href=\"https:\/\/velipost.com\/?p=1563\" \/>\n<meta property=\"og:locale\" content=\"fr_FR\" \/>\n<meta property=\"og:type\" content=\"article\" \/>\n<meta property=\"og:title\" content=\"Garry Conille R\u00e9v\u00e8le la Composition de Son Cabinet pour Promouvoir la Transparence &#8211; VeliPost\" \/>\n<meta property=\"og:description\" content=\"Le 5 ao\u00fbt 2024, le Premier ministre ha\u00eftien Garry Conille a fait un pas audacieux vers la transparence en d\u00e9voilant la liste des membres\" \/>\n<meta property=\"og:url\" content=\"https:\/\/velipost.com\/?p=1563\" \/>\n<meta property=\"og:site_name\" content=\"VeliPost\" \/>\n<meta property=\"article:publisher\" content=\"https:\/\/www.facebook.com\/veliposthaiti\" \/>\n<meta property=\"article:published_time\" content=\"2024-08-06T15:08:53+00:00\" \/>\n<meta property=\"article:modified_time\" content=\"2024-08-06T15:08:55+00:00\" \/>\n<meta property=\"og:image\" content=\"https:\/\/velipost.com\/wp-content\/uploads\/2024\/08\/La-liste-des-membres-comprend-Nesmy-Manigat-comme-Directeur-de-Cabinet.jpg\" \/>\n\t<meta property=\"og:image:width\" content=\"1170\" \/>\n\t<meta property=\"og:image:height\" content=\"603\" \/>\n\t<meta property=\"og:image:type\" content=\"image\/jpeg\" \/>\n<meta name=\"author\" content=\"VeliPost\" \/>\n<meta name=\"twitter:card\" content=\"summary_large_image\" \/>\n<meta name=\"twitter:creator\" content=\"@veliposthaiti\" \/>\n<meta name=\"twitter:site\" content=\"@veliposthaiti\" \/>\n<meta name=\"twitter:label1\" content=\"\u00c9crit par\" \/>\n\t<meta name=\"twitter:data1\" content=\"VeliPost\" \/>\n\t<meta name=\"twitter:label2\" content=\"Dur\u00e9e de lecture estim\u00e9e\" \/>\n\t<meta name=\"twitter:data2\" content=\"3 minutes\" \/>\n<script type=\"application\/ld+json\" class=\"yoast-schema-graph\">{\"@context\":\"https:\/\/schema.org\",\"@graph\":[{\"@type\":\"Article\",\"@id\":\"https:\/\/velipost.com\/?p=1563#article\",\"isPartOf\":{\"@id\":\"https:\/\/velipost.com\/?p=1563\"},\"author\":{\"name\":\"VeliPost\",\"@id\":\"https:\/\/velipost.com\/#\/schema\/person\/32ff49a53c9c1bb24302ee8ece058096\"},\"headline\":\"Garry Conille R\u00e9v\u00e8le la Composition de Son Cabinet pour Promouvoir la Transparence\",\"datePublished\":\"2024-08-06T15:08:53+00:00\",\"dateModified\":\"2024-08-06T15:08:55+00:00\",\"mainEntityOfPage\":{\"@id\":\"https:\/\/velipost.com\/?p=1563\"},\"wordCount\":522,\"commentCount\":0,\"publisher\":{\"@id\":\"https:\/\/velipost.com\/#organization\"},\"image\":{\"@id\":\"https:\/\/velipost.com\/?p=1563#primaryimage\"},\"thumbnailUrl\":\"https:\/\/velipost.com\/wp-content\/uploads\/2024\/08\/La-liste-des-membres-comprend-Nesmy-Manigat-comme-Directeur-de-Cabinet.jpg\",\"articleSection\":[\"Politique\"],\"inLanguage\":\"fr-FR\",\"potentialAction\":[{\"@type\":\"CommentAction\",\"name\":\"Comment\",\"target\":[\"https:\/\/velipost.com\/?p=1563#respond\"]}]},{\"@type\":\"WebPage\",\"@id\":\"https:\/\/velipost.com\/?p=1563\",\"url\":\"https:\/\/velipost.com\/?p=1563\",\"name\":\"Garry Conille R\u00e9v\u00e8le la Composition de Son Cabinet pour Promouvoir la Transparence &#8211; VeliPost\",\"isPartOf\":{\"@id\":\"https:\/\/velipost.com\/#website\"},\"primaryImageOfPage\":{\"@id\":\"https:\/\/velipost.com\/?p=1563#primaryimage\"},\"image\":{\"@id\":\"https:\/\/velipost.com\/?p=1563#primaryimage\"},\"thumbnailUrl\":\"https:\/\/velipost.com\/wp-content\/uploads\/2024\/08\/La-liste-des-membres-comprend-Nesmy-Manigat-comme-Directeur-de-Cabinet.jpg\",\"datePublished\":\"2024-08-06T15:08:53+00:00\",\"dateModified\":\"2024-08-06T15:08:55+00:00\",\"breadcrumb\":{\"@id\":\"https:\/\/velipost.com\/?p=1563#breadcrumb\"},\"inLanguage\":\"fr-FR\",\"potentialAction\":[{\"@type\":\"ReadAction\",\"target\":[\"https:\/\/velipost.com\/?p=1563\"]}]},{\"@type\":\"ImageObject\",\"inLanguage\":\"fr-FR\",\"@id\":\"https:\/\/velipost.com\/?p=1563#primaryimage\",\"url\":\"https:\/\/velipost.com\/wp-content\/uploads\/2024\/08\/La-liste-des-membres-comprend-Nesmy-Manigat-comme-Directeur-de-Cabinet.jpg\",\"contentUrl\":\"https:\/\/velipost.com\/wp-content\/uploads\/2024\/08\/La-liste-des-membres-comprend-Nesmy-Manigat-comme-Directeur-de-Cabinet.jpg\",\"width\":1170,\"height\":603},{\"@type\":\"BreadcrumbList\",\"@id\":\"https:\/\/velipost.com\/?p=1563#breadcrumb\",\"itemListElement\":[{\"@type\":\"ListItem\",\"position\":1,\"name\":\"Accueil\",\"item\":\"https:\/\/velipost.com\/\"},{\"@type\":\"ListItem\",\"position\":2,\"name\":\"Garry Conille R\u00e9v\u00e8le la Composition de Son Cabinet pour Promouvoir la Transparence\"}]},{\"@type\":\"WebSite\",\"@id\":\"https:\/\/velipost.com\/#website\",\"url\":\"https:\/\/velipost.com\/\",\"name\":\"VeliPost\",\"description\":\"L\u2019info en un clic\",\"publisher\":{\"@id\":\"https:\/\/velipost.com\/#organization\"},\"potentialAction\":[{\"@type\":\"SearchAction\",\"target\":{\"@type\":\"EntryPoint\",\"urlTemplate\":\"https:\/\/velipost.com\/?s={search_term_string}\"},\"query-input\":{\"@type\":\"PropertyValueSpecification\",\"valueRequired\":true,\"valueName\":\"search_term_string\"}}],\"inLanguage\":\"fr-FR\"},{\"@type\":\"Organization\",\"@id\":\"https:\/\/velipost.com\/#organization\",\"name\":\"VeliPost\",\"url\":\"https:\/\/velipost.com\/\",\"logo\":{\"@type\":\"ImageObject\",\"inLanguage\":\"fr-FR\",\"@id\":\"https:\/\/velipost.com\/#\/schema\/logo\/image\/\",\"url\":\"https:\/\/velipost.com\/wp-content\/uploads\/2024\/08\/cropped-VP-logo-piti.png\",\"contentUrl\":\"https:\/\/velipost.com\/wp-content\/uploads\/2024\/08\/cropped-VP-logo-piti.png\",\"width\":201,\"height\":69,\"caption\":\"VeliPost\"},\"image\":{\"@id\":\"https:\/\/velipost.com\/#\/schema\/logo\/image\/\"},\"sameAs\":[\"https:\/\/www.facebook.com\/veliposthaiti\",\"https:\/\/x.com\/veliposthaiti\",\"https:\/\/www.instagram.com\/veliposthaiti\"]},{\"@type\":\"Person\",\"@id\":\"https:\/\/velipost.com\/#\/schema\/person\/32ff49a53c9c1bb24302ee8ece058096\",\"name\":\"VeliPost\",\"image\":{\"@type\":\"ImageObject\",\"inLanguage\":\"fr-FR\",\"@id\":\"https:\/\/velipost.com\/#\/schema\/person\/image\/\",\"url\":\"https:\/\/secure.gravatar.com\/avatar\/57c226c264de62f794185a89596d4a37b85a5ad20aca30d9d5a478b27d8c8d9d?s=96&d=mm&r=g\",\"contentUrl\":\"https:\/\/secure.gravatar.com\/avatar\/57c226c264de62f794185a89596d4a37b85a5ad20aca30d9d5a478b27d8c8d9d?s=96&d=mm&r=g\",\"caption\":\"VeliPost\"},\"sameAs\":[\"https:\/\/velipost.com\"],\"url\":\"https:\/\/velipost.com\/?author=1\"}]}<\/script>\n<!-- \/ Yoast SEO plugin. -->","yoast_head_json":{"title":"Garry Conille R\u00e9v\u00e8le la Composition de Son Cabinet pour Promouvoir la Transparence &#8211; VeliPost","robots":{"index":"index","follow":"follow","max-snippet":"max-snippet:-1","max-image-preview":"max-image-preview:large","max-video-preview":"max-video-preview:-1"},"canonical":"https:\/\/velipost.com\/?p=1563","og_locale":"fr_FR","og_type":"article","og_title":"Garry Conille R\u00e9v\u00e8le la Composition de Son Cabinet pour Promouvoir la Transparence &#8211; VeliPost","og_description":"Le 5 ao\u00fbt 2024, le Premier ministre ha\u00eftien Garry Conille a fait un pas audacieux vers la transparence en d\u00e9voilant la liste des membres","og_url":"https:\/\/velipost.com\/?p=1563","og_site_name":"VeliPost","article_publisher":"https:\/\/www.facebook.com\/veliposthaiti","article_published_time":"2024-08-06T15:08:53+00:00","article_modified_time":"2024-08-06T15:08:55+00:00","og_image":[{"width":1170,"height":603,"url":"https:\/\/velipost.com\/wp-content\/uploads\/2024\/08\/La-liste-des-membres-comprend-Nesmy-Manigat-comme-Directeur-de-Cabinet.jpg","type":"image\/jpeg"}],"author":"VeliPost","twitter_card":"summary_large_image","twitter_creator":"@veliposthaiti","twitter_site":"@veliposthaiti","twitter_misc":{"\u00c9crit par":"VeliPost","Dur\u00e9e de lecture estim\u00e9e":"3 minutes"},"schema":{"@context":"https:\/\/schema.org","@graph":[{"@type":"Article","@id":"https:\/\/velipost.com\/?p=1563#article","isPartOf":{"@id":"https:\/\/velipost.com\/?p=1563"},"author":{"name":"VeliPost","@id":"https:\/\/velipost.com\/#\/schema\/person\/32ff49a53c9c1bb24302ee8ece058096"},"headline":"Garry Conille R\u00e9v\u00e8le la Composition de Son Cabinet pour Promouvoir la Transparence","datePublished":"2024-08-06T15:08:53+00:00","dateModified":"2024-08-06T15:08:55+00:00","mainEntityOfPage":{"@id":"https:\/\/velipost.com\/?p=1563"},"wordCount":522,"commentCount":0,"publisher":{"@id":"https:\/\/velipost.com\/#organization"},"image":{"@id":"https:\/\/velipost.com\/?p=1563#primaryimage"},"thumbnailUrl":"https:\/\/velipost.com\/wp-content\/uploads\/2024\/08\/La-liste-des-membres-comprend-Nesmy-Manigat-comme-Directeur-de-Cabinet.jpg","articleSection":["Politique"],"inLanguage":"fr-FR","potentialAction":[{"@type":"CommentAction","name":"Comment","target":["https:\/\/velipost.com\/?p=1563#respond"]}]},{"@type":"WebPage","@id":"https:\/\/velipost.com\/?p=1563","url":"https:\/\/velipost.com\/?p=1563","name":"Garry Conille R\u00e9v\u00e8le la Composition de Son Cabinet pour Promouvoir la Transparence &#8211; VeliPost","isPartOf":{"@id":"https:\/\/velipost.com\/#website"},"primaryImageOfPage":{"@id":"https:\/\/velipost.com\/?p=1563#primaryimage"},"image":{"@id":"https:\/\/velipost.com\/?p=1563#primaryimage"},"thumbnailUrl":"https:\/\/velipost.com\/wp-content\/uploads\/2024\/08\/La-liste-des-membres-comprend-Nesmy-Manigat-comme-Directeur-de-Cabinet.jpg","datePublished":"2024-08-06T15:08:53+00:00","dateModified":"2024-08-06T15:08:55+00:00","breadcrumb":{"@id":"https:\/\/velipost.com\/?p=1563#breadcrumb"},"inLanguage":"fr-FR","potentialAction":[{"@type":"ReadAction","target":["https:\/\/velipost.com\/?p=1563"]}]},{"@type":"ImageObject","inLanguage":"fr-FR","@id":"https:\/\/velipost.com\/?p=1563#primaryimage","url":"https:\/\/velipost.com\/wp-content\/uploads\/2024\/08\/La-liste-des-membres-comprend-Nesmy-Manigat-comme-Directeur-de-Cabinet.jpg","contentUrl":"https:\/\/velipost.com\/wp-content\/uploads\/2024\/08\/La-liste-des-membres-comprend-Nesmy-Manigat-comme-Directeur-de-Cabinet.jpg","width":1170,"height":603},{"@type":"BreadcrumbList","@id":"https:\/\/velipost.com\/?p=1563#breadcrumb","itemListElement":[{"@type":"ListItem","position":1,"name":"Accueil","item":"https:\/\/velipost.com\/"},{"@type":"ListItem","position":2,"name":"Garry Conille R\u00e9v\u00e8le la Composition de Son Cabinet pour Promouvoir la Transparence"}]},{"@type":"WebSite","@id":"https:\/\/velipost.com\/#website","url":"https:\/\/velipost.com\/","name":"VeliPost","description":"L\u2019info en un clic","publisher":{"@id":"https:\/\/velipost.com\/#organization"},"potentialAction":[{"@type":"SearchAction","target":{"@type":"EntryPoint","urlTemplate":"https:\/\/velipost.com\/?s={search_term_string}"},"query-input":{"@type":"PropertyValueSpecification","valueRequired":true,"valueName":"search_term_string"}}],"inLanguage":"fr-FR"},{"@type":"Organization","@id":"https:\/\/velipost.com\/#organization","name":"VeliPost","url":"https:\/\/velipost.com\/","logo":{"@type":"ImageObject","inLanguage":"fr-FR","@id":"https:\/\/velipost.com\/#\/schema\/logo\/image\/","url":"https:\/\/velipost.com\/wp-content\/uploads\/2024\/08\/cropped-VP-logo-piti.png","contentUrl":"https:\/\/velipost.com\/wp-content\/uploads\/2024\/08\/cropped-VP-logo-piti.png","width":201,"height":69,"caption":"VeliPost"},"image":{"@id":"https:\/\/velipost.com\/#\/schema\/logo\/image\/"},"sameAs":["https:\/\/www.facebook.com\/veliposthaiti","https:\/\/x.com\/veliposthaiti","https:\/\/www.instagram.com\/veliposthaiti"]},{"@type":"Person","@id":"https:\/\/velipost.com\/#\/schema\/person\/32ff49a53c9c1bb24302ee8ece058096","name":"VeliPost","image":{"@type":"ImageObject","inLanguage":"fr-FR","@id":"https:\/\/velipost.com\/#\/schema\/person\/image\/","url":"https:\/\/secure.gravatar.com\/avatar\/57c226c264de62f794185a89596d4a37b85a5ad20aca30d9d5a478b27d8c8d9d?s=96&d=mm&r=g","contentUrl":"https:\/\/secure.gravatar.com\/avatar\/57c226c264de62f794185a89596d4a37b85a5ad20aca30d9d5a478b27d8c8d9d?s=96&d=mm&r=g","caption":"VeliPost"},"sameAs":["https:\/\/velipost.com"],"url":"https:\/\/velipost.com\/?author=1"}]}},"views":2,"jetpack_publicize_connections":[],"uagb_featured_image_src":{"full":["https:\/\/velipost.com\/wp-content\/uploads\/2024\/08\/La-liste-des-membres-comprend-Nesmy-Manigat-comme-Directeur-de-Cabinet.jpg",1170,603,false],"thumbnail":["https:\/\/velipost.com\/wp-content\/uploads\/2024\/08\/La-liste-des-membres-comprend-Nesmy-Manigat-comme-Directeur-de-Cabinet-150x150.jpg",150,150,true],"medium":["https:\/\/velipost.com\/wp-content\/uploads\/2024\/08\/La-liste-des-membres-comprend-Nesmy-Manigat-comme-Directeur-de-Cabinet-300x155.jpg",300,155,true],"medium_large":["https:\/\/velipost.com\/wp-content\/uploads\/2024\/08\/La-liste-des-membres-comprend-Nesmy-Manigat-comme-Directeur-de-Cabinet-768x396.jpg",715,369,true],"large":["https:\/\/velipost.com\/wp-content\/uploads\/2024\/08\/La-liste-des-membres-comprend-Nesmy-Manigat-comme-Directeur-de-Cabinet-1024x528.jpg",715,369,true],"1536x1536":["https:\/\/velipost.com\/wp-content\/uploads\/2024\/08\/La-liste-des-membres-comprend-Nesmy-Manigat-comme-Directeur-de-Cabinet.jpg",1170,603,false],"2048x2048":["https:\/\/velipost.com\/wp-content\/uploads\/2024\/08\/La-liste-des-membres-comprend-Nesmy-Manigat-comme-Directeur-de-Cabinet.jpg",1170,603,false],"colornews-big-slider":["https:\/\/velipost.com\/wp-content\/uploads\/2024\/08\/La-liste-des-membres-comprend-Nesmy-Manigat-comme-Directeur-de-Cabinet-1070x470.jpg",1070,470,true],"colornews-big-slider-thumb":["https:\/\/velipost.com\/wp-content\/uploads\/2024\/08\/La-liste-des-membres-comprend-Nesmy-Manigat-comme-Directeur-de-Cabinet-184x109.jpg",184,109,true],"colornews-featured-post-medium":["https:\/\/velipost.com\/wp-content\/uploads\/2024\/08\/La-liste-des-membres-comprend-Nesmy-Manigat-comme-Directeur-de-Cabinet-345x265.jpg",345,265,true],"colornews-featured-post-small":["https:\/\/velipost.com\/wp-content\/uploads\/2024\/08\/La-liste-des-membres-comprend-Nesmy-Manigat-comme-Directeur-de-Cabinet-115x73.jpg",115,73,true],"colornews-random-posts":["https:\/\/velipost.com\/wp-content\/uploads\/2024\/08\/La-liste-des-membres-comprend-Nesmy-Manigat-comme-Directeur-de-Cabinet-215x215.jpg",215,215,true],"colornews-featured-image":["https:\/\/velipost.com\/wp-content\/uploads\/2024\/08\/La-liste-des-membres-comprend-Nesmy-Manigat-comme-Directeur-de-Cabinet-715x400.jpg",715,400,true],"mailpoet_newsletter_max":["https:\/\/velipost.com\/wp-content\/uploads\/2024\/08\/La-liste-des-membres-comprend-Nesmy-Manigat-comme-Directeur-de-Cabinet.jpg",1170,603,false]},"uagb_author_info":{"display_name":"VeliPost","author_link":"https:\/\/velipost.com\/?author=1"},"uagb_comment_info":0,"uagb_excerpt":"Le 5 ao\u00fbt 2024, le Premier ministre ha\u00eftien Garry Conille a fait un pas audacieux vers la transparence en d\u00e9voilant la liste des membres","_links":{"self":[{"href":"https:\/\/velipost.com\/index.php?rest_route=\/wp\/v2\/posts\/1563","targetHints":{"allow":["GET"]}}],"collection":[{"href":"https:\/\/velipost.com\/index.php?rest_route=\/wp\/v2\/posts"}],"about":[{"href":"https:\/\/velipost.com\/index.php?rest_route=\/wp\/v2\/types\/post"}],"author":[{"embeddable":true,"href":"https:\/\/velipost.com\/index.php?rest_route=\/wp\/v2\/users\/1"}],"replies":[{"embeddable":true,"href":"https:\/\/velipost.com\/index.php?rest_route=%2Fwp%2Fv2%2Fcomments&post=1563"}],"version-history":[{"count":1,"href":"https:\/\/velipost.com\/index.php?rest_route=\/wp\/v2\/posts\/1563\/revisions"}],"predecessor-version":[{"id":1565,"href":"https:\/\/velipost.com\/index.php?rest_route=\/wp\/v2\/posts\/1563\/revisions\/1565"}],"wp:featuredmedia":[{"embeddable":true,"href":"https:\/\/velipost.com\/index.php?rest_route=\/wp\/v2\/media\/1564"}],"wp:attachment":[{"href":"https:\/\/velipost.com\/index.php?rest_route=%2Fwp%2Fv2%2Fmedia&parent=1563"}],"wp:term":[{"taxonomy":"category","embeddable":true,"href":"https:\/\/velipost.com\/index.php?rest_route=%2Fwp%2Fv2%2Fcategories&post=1563"},{"taxonomy":"post_tag","embeddable":true,"href":"https:\/\/velipost.com\/index.php?rest_route=%2Fwp%2Fv2%2Ftags&post=1563"}],"curies":[{"name":"wp","href":"https:\/\/api.w.org\/{rel}","templated":true}]}}