{"id":1549,"date":"2024-08-05T14:46:24","date_gmt":"2024-08-05T12:46:24","guid":{"rendered":"https:\/\/velipost.com\/?p=1549"},"modified":"2024-08-05T14:46:26","modified_gmt":"2024-08-05T12:46:26","slug":"atelier-dinception-pour-la-resilience-climatique-a-trois-rivieres","status":"publish","type":"post","link":"https:\/\/velipost.com\/?p=1549","title":{"rendered":"Atelier d\u2019Inception pour la R\u00e9silience Climatique \u00e0 Trois-Rivi\u00e8res"},"content":{"rendered":"\n<p>Du 31 juillet au 2 ao\u00fbt 2024, le Cap-Ha\u00eftien a accueilli l\u2019atelier d\u2019Inception du projet \u00ab Am\u00e9lioration de la R\u00e9silience Climatique dans la R\u00e9gion de Trois-Rivi\u00e8res en Ha\u00efti gr\u00e2ce \u00e0 la Gestion Int\u00e9gr\u00e9e des Inondations \u00bb. Cette session de travail a rassembl\u00e9 des acteurs cl\u00e9s du Minist\u00e8re de l\u2019Environnement (MdE), de Heifer International, du Programme des Nations Unies pour le D\u00e9veloppement (PNUD), du Minist\u00e8re de l&rsquo;Agriculture, des Ressources Naturelles et du D\u00e9veloppement Rural (MARNDR), ainsi que des dirigeants d\u2019associations \u00e9cologistes des sept communes concern\u00e9es.<\/p>\n\n\n\n<p>L&rsquo;objectif principal de cet atelier \u00e9tait de discuter et d\u2019\u00e9tablir les bases de ce projet ambitieux, financ\u00e9 par le Fonds Vert pour le Climat (FVC), visant \u00e0 renforcer la r\u00e9silience climatique dans la r\u00e9gion. Le projet s\u2019aligne avec la vision et les grandes priorit\u00e9s du Ministre de l\u2019Environnement, Ing. Mo\u00efse Fils Jean Pierre, et s\u2019inscrit dans le cadre du Plan National d&rsquo;Adaptation d&rsquo;Ha\u00efti. Ce plan met en avant des actions de gestion des bassins-versants, particuli\u00e8rement dans les r\u00e9gions du Nord-Ouest et de l&rsquo;Artibonite, o\u00f9 se situe le bassin-versant des Trois-Rivi\u00e8res, une zone particuli\u00e8rement vuln\u00e9rable aux impacts des inondations induites par le changement climatique.<\/p>\n\n\n\n<p>Durant ces trois jours de discussions, les participants ont d\u00e9fini les actions concr\u00e8tes \u00e0 entreprendre pour atteindre les objectifs fix\u00e9s. Les \u00e9changes ont permis de renforcer la collaboration entre les diverses parties prenantes et d\u2019\u00e9laborer des strat\u00e9gies efficaces pour la gestion int\u00e9gr\u00e9e des inondations. Les discussions ont \u00e9galement mis en lumi\u00e8re l&rsquo;importance de solutions durables et adapt\u00e9es aux besoins des communaut\u00e9s locales.<\/p>\n\n\n\n<p>Les actions identifi\u00e9es visent \u00e0 am\u00e9liorer la gestion des bassins-versants, r\u00e9duire les risques d&rsquo;inondations, et promouvoir des pratiques agricoles r\u00e9silientes. Le projet pr\u00e9voit \u00e9galement des initiatives de sensibilisation et de formation pour les communaut\u00e9s locales, afin de renforcer leur capacit\u00e9 \u00e0 faire face aux d\u00e9fis climatiques.<\/p>\n\n\n\n<p>Cet atelier marque une \u00e9tape cruciale dans la mise en \u0153uvre du projet et constitue une avanc\u00e9e significative vers l\u2019am\u00e9lioration de la r\u00e9silience climatique en Ha\u00efti. Les participants ont exprim\u00e9 leur engagement \u00e0 poursuivre leurs efforts pour garantir le succ\u00e8s du projet et apporter des b\u00e9n\u00e9fices durables aux communaut\u00e9s de la r\u00e9gion de Trois-Rivi\u00e8res.<\/p>\n\n    <div class=\"xs_social_share_widget xs_share_url after_content \t\tmain_content  wslu-style-3 wslu-share-box-shaped wslu-fill-brand-hover-colored wslu-share-m-5 wslu-none wslu-share-horizontal wslu-theme-font-no wslu-main_content\">\n\n\t\t\n        <ul>\n\t\t\t                    <li class=\"xs-share-li twitter                        wslu-no-extra-data\">\n                        <a href=\"javascript:void(0);\"\n                           id=\"xs_feed_twitter\"\n                           onclick=\"xs_social_sharer(this);\"\n                           data-pid=\"1549\"\n                           data-uri_hash=\"b5458e02fea7a05cd0bdfe5a4bb9002a\"\n                           data-key=\"twitter\"\n                           data-xs-href=\"https:\/\/twitter.com\/intent\/tweet?text=Atelier+d%E2%80%99Inception+pour+la+R%C3%A9silience+Climatique+%C3%A0+Trois-Rivi%C3%A8res+https%3A%2F%2Fvelipost.com%2Findex.php%3Frest_route%3D%252Fwp%252Fv2%252Fposts%252F1549&amp;original_referer=https%3A%2F%2Fvelipost.com%2Findex.php%3Frest_route%3D%252Fwp%252Fv2%252Fposts%252F1549&amp;related=xpeedstudio\">\n\n                            <div class=\"xs-social-icon\">\n                                <span class=\"met-social met-social-twitter\"><\/span>\n                            <\/div>\n\n\t\t\t\t\t\t\t\n                            <div class=\"wslu-hover-content\">\n                                <div class=\"xs-social-followers\">\n\t\t\t\t\t\t\t\t\t10                                <\/div>\n                                <div class=\"xs-social-follower-text\">\n\t\t\t\t\t\t\t\t\tShare                                <\/div>\n                                <div class=\"xs-social-follower-label\">\n\t\t\t\t\t\t\t\t\tTwitter                                <\/div>\n                            <\/div>\n                        <\/a>\n                    <\/li>\n\t\t\t\t\t                    <li class=\"xs-share-li telegram                        wslu-no-extra-data\">\n                        <a href=\"javascript:void(0);\"\n                           id=\"xs_feed_telegram\"\n                           onclick=\"xs_social_sharer(this);\"\n                           data-pid=\"1549\"\n                           data-uri_hash=\"b5458e02fea7a05cd0bdfe5a4bb9002a\"\n                           data-key=\"telegram\"\n                           data-xs-href=\"https:\/\/telegram.me\/share\/url?url=https%3A%2F%2Fvelipost.com%2Findex.php%3Frest_route%3D%252Fwp%252Fv2%252Fposts%252F1549&amp;text=Atelier+d%E2%80%99Inception+pour+la+R%C3%A9silience+Climatique+%C3%A0+Trois-Rivi%C3%A8res\">\n\n                            <div class=\"xs-social-icon\">\n                                <span class=\"met-social met-social-telegram\"><\/span>\n                            <\/div>\n\n\t\t\t\t\t\t\t\n                            <div class=\"wslu-hover-content\">\n                                <div class=\"xs-social-followers\">\n\t\t\t\t\t\t\t\t\t0                                <\/div>\n                                <div class=\"xs-social-follower-text\">\n\t\t\t\t\t\t\t\t\tShare                                <\/div>\n                                <div class=\"xs-social-follower-label\">\n\t\t\t\t\t\t\t\t\tTelegram                                <\/div>\n                            <\/div>\n                        <\/a>\n                    <\/li>\n\t\t\t\t\t                    <li class=\"xs-share-li email                        wslu-no-extra-data\">\n                        <a href=\"javascript:void(0);\"\n                           id=\"xs_feed_email\"\n                           onclick=\"xs_social_sharer(this);\"\n                           data-pid=\"1549\"\n                           data-uri_hash=\"b5458e02fea7a05cd0bdfe5a4bb9002a\"\n                           data-key=\"email\"\n                           data-xs-href=\"mailto:?body=Title%3A+Atelier+d%E2%80%99Inception+pour+la+R%C3%A9silience+Climatique+%C3%A0+Trois-Rivi%C3%A8res+%5Cn%5Cn+URL%3A+https%3A%2F%2Fvelipost.com%2Findex.php%3Frest_route%3D%252Fwp%252Fv2%252Fposts%252F1549&amp;subject=Atelier+d%E2%80%99Inception+pour+la+R%C3%A9silience+Climatique+%C3%A0+Trois-Rivi%C3%A8res\">\n\n                            <div class=\"xs-social-icon\">\n                                <span class=\"met-social met-social-email\"><\/span>\n                            <\/div>\n\n\t\t\t\t\t\t\t\n                            <div class=\"wslu-hover-content\">\n                                <div class=\"xs-social-followers\">\n\t\t\t\t\t\t\t\t\t0                                <\/div>\n                                <div class=\"xs-social-follower-text\">\n\t\t\t\t\t\t\t\t\tShare                                <\/div>\n                                <div class=\"xs-social-follower-label\">\n\t\t\t\t\t\t\t\t\tEmail                                <\/div>\n                            <\/div>\n                        <\/a>\n                    <\/li>\n\t\t\t\t\t        <\/ul>\n    <\/div> \n","protected":false},"excerpt":{"rendered":"<p>Du 31 juillet au 2 ao\u00fbt 2024, le Cap-Ha\u00eftien a accueilli l\u2019atelier d\u2019Inception du projet \u00ab Am\u00e9lioration de la R\u00e9silience Climatique dans la R\u00e9gion<\/p>\n","protected":false},"author":1,"featured_media":1550,"comment_status":"open","ping_status":"open","sticky":false,"template":"","format":"standard","meta":{"_uag_custom_page_level_css":"","footnotes":"","jetpack_publicize_message":"","jetpack_publicize_feature_enabled":true,"jetpack_social_post_already_shared":false,"jetpack_social_options":{"image_generator_settings":{"template":"highway","default_image_id":0,"font":"","enabled":false},"version":2}},"categories":[100],"tags":[],"class_list":["post-1549","post","type-post","status-publish","format-standard","has-post-thumbnail","hentry","category-environnement"],"yoast_head":"<!-- This site is optimized with the Yoast SEO plugin v25.3.1 - https:\/\/yoast.com\/wordpress\/plugins\/seo\/ -->\n<title>Atelier d\u2019Inception pour la R\u00e9silience Climatique \u00e0 Trois-Rivi\u00e8res &#8211; VeliPost<\/title>\n<meta name=\"robots\" content=\"index, follow, max-snippet:-1, max-image-preview:large, max-video-preview:-1\" \/>\n<link rel=\"canonical\" href=\"https:\/\/velipost.com\/?p=1549\" \/>\n<meta property=\"og:locale\" content=\"fr_FR\" \/>\n<meta property=\"og:type\" content=\"article\" \/>\n<meta property=\"og:title\" content=\"Atelier d\u2019Inception pour la R\u00e9silience Climatique \u00e0 Trois-Rivi\u00e8res &#8211; VeliPost\" \/>\n<meta property=\"og:description\" content=\"Du 31 juillet au 2 ao\u00fbt 2024, le Cap-Ha\u00eftien a accueilli l\u2019atelier d\u2019Inception du projet \u00ab Am\u00e9lioration de la R\u00e9silience Climatique dans la R\u00e9gion\" \/>\n<meta property=\"og:url\" content=\"https:\/\/velipost.com\/?p=1549\" \/>\n<meta property=\"og:site_name\" content=\"VeliPost\" \/>\n<meta property=\"article:publisher\" content=\"https:\/\/www.facebook.com\/veliposthaiti\" \/>\n<meta property=\"article:published_time\" content=\"2024-08-05T12:46:24+00:00\" \/>\n<meta property=\"article:modified_time\" content=\"2024-08-05T12:46:26+00:00\" \/>\n<meta property=\"og:image\" content=\"https:\/\/velipost.com\/wp-content\/uploads\/2024\/08\/atelier.jpg\" \/>\n\t<meta property=\"og:image:width\" content=\"1170\" \/>\n\t<meta property=\"og:image:height\" content=\"603\" \/>\n\t<meta property=\"og:image:type\" content=\"image\/jpeg\" \/>\n<meta name=\"author\" content=\"VeliPost\" \/>\n<meta name=\"twitter:card\" content=\"summary_large_image\" \/>\n<meta name=\"twitter:creator\" content=\"@veliposthaiti\" \/>\n<meta name=\"twitter:site\" content=\"@veliposthaiti\" \/>\n<meta name=\"twitter:label1\" content=\"\u00c9crit par\" \/>\n\t<meta name=\"twitter:data1\" content=\"VeliPost\" \/>\n\t<meta name=\"twitter:label2\" content=\"Dur\u00e9e de lecture estim\u00e9e\" \/>\n\t<meta name=\"twitter:data2\" content=\"2 minutes\" \/>\n<script type=\"application\/ld+json\" class=\"yoast-schema-graph\">{\"@context\":\"https:\/\/schema.org\",\"@graph\":[{\"@type\":\"Article\",\"@id\":\"https:\/\/velipost.com\/?p=1549#article\",\"isPartOf\":{\"@id\":\"https:\/\/velipost.com\/?p=1549\"},\"author\":{\"name\":\"VeliPost\",\"@id\":\"https:\/\/velipost.com\/#\/schema\/person\/32ff49a53c9c1bb24302ee8ece058096\"},\"headline\":\"Atelier d\u2019Inception pour la R\u00e9silience Climatique \u00e0 Trois-Rivi\u00e8res\",\"datePublished\":\"2024-08-05T12:46:24+00:00\",\"dateModified\":\"2024-08-05T12:46:26+00:00\",\"mainEntityOfPage\":{\"@id\":\"https:\/\/velipost.com\/?p=1549\"},\"wordCount\":417,\"commentCount\":0,\"publisher\":{\"@id\":\"https:\/\/velipost.com\/#organization\"},\"image\":{\"@id\":\"https:\/\/velipost.com\/?p=1549#primaryimage\"},\"thumbnailUrl\":\"https:\/\/velipost.com\/wp-content\/uploads\/2024\/08\/atelier.jpg\",\"articleSection\":[\"Environnement\"],\"inLanguage\":\"fr-FR\",\"potentialAction\":[{\"@type\":\"CommentAction\",\"name\":\"Comment\",\"target\":[\"https:\/\/velipost.com\/?p=1549#respond\"]}]},{\"@type\":\"WebPage\",\"@id\":\"https:\/\/velipost.com\/?p=1549\",\"url\":\"https:\/\/velipost.com\/?p=1549\",\"name\":\"Atelier d\u2019Inception pour la R\u00e9silience Climatique \u00e0 Trois-Rivi\u00e8res &#8211; VeliPost\",\"isPartOf\":{\"@id\":\"https:\/\/velipost.com\/#website\"},\"primaryImageOfPage\":{\"@id\":\"https:\/\/velipost.com\/?p=1549#primaryimage\"},\"image\":{\"@id\":\"https:\/\/velipost.com\/?p=1549#primaryimage\"},\"thumbnailUrl\":\"https:\/\/velipost.com\/wp-content\/uploads\/2024\/08\/atelier.jpg\",\"datePublished\":\"2024-08-05T12:46:24+00:00\",\"dateModified\":\"2024-08-05T12:46:26+00:00\",\"breadcrumb\":{\"@id\":\"https:\/\/velipost.com\/?p=1549#breadcrumb\"},\"inLanguage\":\"fr-FR\",\"potentialAction\":[{\"@type\":\"ReadAction\",\"target\":[\"https:\/\/velipost.com\/?p=1549\"]}]},{\"@type\":\"ImageObject\",\"inLanguage\":\"fr-FR\",\"@id\":\"https:\/\/velipost.com\/?p=1549#primaryimage\",\"url\":\"https:\/\/velipost.com\/wp-content\/uploads\/2024\/08\/atelier.jpg\",\"contentUrl\":\"https:\/\/velipost.com\/wp-content\/uploads\/2024\/08\/atelier.jpg\",\"width\":1170,\"height\":603},{\"@type\":\"BreadcrumbList\",\"@id\":\"https:\/\/velipost.com\/?p=1549#breadcrumb\",\"itemListElement\":[{\"@type\":\"ListItem\",\"position\":1,\"name\":\"Accueil\",\"item\":\"https:\/\/velipost.com\/\"},{\"@type\":\"ListItem\",\"position\":2,\"name\":\"Atelier d\u2019Inception pour la R\u00e9silience Climatique \u00e0 Trois-Rivi\u00e8res\"}]},{\"@type\":\"WebSite\",\"@id\":\"https:\/\/velipost.com\/#website\",\"url\":\"https:\/\/velipost.com\/\",\"name\":\"VeliPost\",\"description\":\"L\u2019info en un clic\",\"publisher\":{\"@id\":\"https:\/\/velipost.com\/#organization\"},\"potentialAction\":[{\"@type\":\"SearchAction\",\"target\":{\"@type\":\"EntryPoint\",\"urlTemplate\":\"https:\/\/velipost.com\/?s={search_term_string}\"},\"query-input\":{\"@type\":\"PropertyValueSpecification\",\"valueRequired\":true,\"valueName\":\"search_term_string\"}}],\"inLanguage\":\"fr-FR\"},{\"@type\":\"Organization\",\"@id\":\"https:\/\/velipost.com\/#organization\",\"name\":\"VeliPost\",\"url\":\"https:\/\/velipost.com\/\",\"logo\":{\"@type\":\"ImageObject\",\"inLanguage\":\"fr-FR\",\"@id\":\"https:\/\/velipost.com\/#\/schema\/logo\/image\/\",\"url\":\"https:\/\/velipost.com\/wp-content\/uploads\/2024\/08\/cropped-VP-logo-piti.png\",\"contentUrl\":\"https:\/\/velipost.com\/wp-content\/uploads\/2024\/08\/cropped-VP-logo-piti.png\",\"width\":201,\"height\":69,\"caption\":\"VeliPost\"},\"image\":{\"@id\":\"https:\/\/velipost.com\/#\/schema\/logo\/image\/\"},\"sameAs\":[\"https:\/\/www.facebook.com\/veliposthaiti\",\"https:\/\/x.com\/veliposthaiti\",\"https:\/\/www.instagram.com\/veliposthaiti\"]},{\"@type\":\"Person\",\"@id\":\"https:\/\/velipost.com\/#\/schema\/person\/32ff49a53c9c1bb24302ee8ece058096\",\"name\":\"VeliPost\",\"image\":{\"@type\":\"ImageObject\",\"inLanguage\":\"fr-FR\",\"@id\":\"https:\/\/velipost.com\/#\/schema\/person\/image\/\",\"url\":\"https:\/\/secure.gravatar.com\/avatar\/57c226c264de62f794185a89596d4a37b85a5ad20aca30d9d5a478b27d8c8d9d?s=96&d=mm&r=g\",\"contentUrl\":\"https:\/\/secure.gravatar.com\/avatar\/57c226c264de62f794185a89596d4a37b85a5ad20aca30d9d5a478b27d8c8d9d?s=96&d=mm&r=g\",\"caption\":\"VeliPost\"},\"sameAs\":[\"https:\/\/velipost.com\"],\"url\":\"https:\/\/velipost.com\/?author=1\"}]}<\/script>\n<!-- \/ Yoast SEO plugin. -->","yoast_head_json":{"title":"Atelier d\u2019Inception pour la R\u00e9silience Climatique \u00e0 Trois-Rivi\u00e8res &#8211; VeliPost","robots":{"index":"index","follow":"follow","max-snippet":"max-snippet:-1","max-image-preview":"max-image-preview:large","max-video-preview":"max-video-preview:-1"},"canonical":"https:\/\/velipost.com\/?p=1549","og_locale":"fr_FR","og_type":"article","og_title":"Atelier d\u2019Inception pour la R\u00e9silience Climatique \u00e0 Trois-Rivi\u00e8res &#8211; VeliPost","og_description":"Du 31 juillet au 2 ao\u00fbt 2024, le Cap-Ha\u00eftien a accueilli l\u2019atelier d\u2019Inception du projet \u00ab Am\u00e9lioration de la R\u00e9silience Climatique dans la R\u00e9gion","og_url":"https:\/\/velipost.com\/?p=1549","og_site_name":"VeliPost","article_publisher":"https:\/\/www.facebook.com\/veliposthaiti","article_published_time":"2024-08-05T12:46:24+00:00","article_modified_time":"2024-08-05T12:46:26+00:00","og_image":[{"width":1170,"height":603,"url":"https:\/\/velipost.com\/wp-content\/uploads\/2024\/08\/atelier.jpg","type":"image\/jpeg"}],"author":"VeliPost","twitter_card":"summary_large_image","twitter_creator":"@veliposthaiti","twitter_site":"@veliposthaiti","twitter_misc":{"\u00c9crit par":"VeliPost","Dur\u00e9e de lecture estim\u00e9e":"2 minutes"},"schema":{"@context":"https:\/\/schema.org","@graph":[{"@type":"Article","@id":"https:\/\/velipost.com\/?p=1549#article","isPartOf":{"@id":"https:\/\/velipost.com\/?p=1549"},"author":{"name":"VeliPost","@id":"https:\/\/velipost.com\/#\/schema\/person\/32ff49a53c9c1bb24302ee8ece058096"},"headline":"Atelier d\u2019Inception pour la R\u00e9silience Climatique \u00e0 Trois-Rivi\u00e8res","datePublished":"2024-08-05T12:46:24+00:00","dateModified":"2024-08-05T12:46:26+00:00","mainEntityOfPage":{"@id":"https:\/\/velipost.com\/?p=1549"},"wordCount":417,"commentCount":0,"publisher":{"@id":"https:\/\/velipost.com\/#organization"},"image":{"@id":"https:\/\/velipost.com\/?p=1549#primaryimage"},"thumbnailUrl":"https:\/\/velipost.com\/wp-content\/uploads\/2024\/08\/atelier.jpg","articleSection":["Environnement"],"inLanguage":"fr-FR","potentialAction":[{"@type":"CommentAction","name":"Comment","target":["https:\/\/velipost.com\/?p=1549#respond"]}]},{"@type":"WebPage","@id":"https:\/\/velipost.com\/?p=1549","url":"https:\/\/velipost.com\/?p=1549","name":"Atelier d\u2019Inception pour la R\u00e9silience Climatique \u00e0 Trois-Rivi\u00e8res &#8211; VeliPost","isPartOf":{"@id":"https:\/\/velipost.com\/#website"},"primaryImageOfPage":{"@id":"https:\/\/velipost.com\/?p=1549#primaryimage"},"image":{"@id":"https:\/\/velipost.com\/?p=1549#primaryimage"},"thumbnailUrl":"https:\/\/velipost.com\/wp-content\/uploads\/2024\/08\/atelier.jpg","datePublished":"2024-08-05T12:46:24+00:00","dateModified":"2024-08-05T12:46:26+00:00","breadcrumb":{"@id":"https:\/\/velipost.com\/?p=1549#breadcrumb"},"inLanguage":"fr-FR","potentialAction":[{"@type":"ReadAction","target":["https:\/\/velipost.com\/?p=1549"]}]},{"@type":"ImageObject","inLanguage":"fr-FR","@id":"https:\/\/velipost.com\/?p=1549#primaryimage","url":"https:\/\/velipost.com\/wp-content\/uploads\/2024\/08\/atelier.jpg","contentUrl":"https:\/\/velipost.com\/wp-content\/uploads\/2024\/08\/atelier.jpg","width":1170,"height":603},{"@type":"BreadcrumbList","@id":"https:\/\/velipost.com\/?p=1549#breadcrumb","itemListElement":[{"@type":"ListItem","position":1,"name":"Accueil","item":"https:\/\/velipost.com\/"},{"@type":"ListItem","position":2,"name":"Atelier d\u2019Inception pour la R\u00e9silience Climatique \u00e0 Trois-Rivi\u00e8res"}]},{"@type":"WebSite","@id":"https:\/\/velipost.com\/#website","url":"https:\/\/velipost.com\/","name":"VeliPost","description":"L\u2019info en un clic","publisher":{"@id":"https:\/\/velipost.com\/#organization"},"potentialAction":[{"@type":"SearchAction","target":{"@type":"EntryPoint","urlTemplate":"https:\/\/velipost.com\/?s={search_term_string}"},"query-input":{"@type":"PropertyValueSpecification","valueRequired":true,"valueName":"search_term_string"}}],"inLanguage":"fr-FR"},{"@type":"Organization","@id":"https:\/\/velipost.com\/#organization","name":"VeliPost","url":"https:\/\/velipost.com\/","logo":{"@type":"ImageObject","inLanguage":"fr-FR","@id":"https:\/\/velipost.com\/#\/schema\/logo\/image\/","url":"https:\/\/velipost.com\/wp-content\/uploads\/2024\/08\/cropped-VP-logo-piti.png","contentUrl":"https:\/\/velipost.com\/wp-content\/uploads\/2024\/08\/cropped-VP-logo-piti.png","width":201,"height":69,"caption":"VeliPost"},"image":{"@id":"https:\/\/velipost.com\/#\/schema\/logo\/image\/"},"sameAs":["https:\/\/www.facebook.com\/veliposthaiti","https:\/\/x.com\/veliposthaiti","https:\/\/www.instagram.com\/veliposthaiti"]},{"@type":"Person","@id":"https:\/\/velipost.com\/#\/schema\/person\/32ff49a53c9c1bb24302ee8ece058096","name":"VeliPost","image":{"@type":"ImageObject","inLanguage":"fr-FR","@id":"https:\/\/velipost.com\/#\/schema\/person\/image\/","url":"https:\/\/secure.gravatar.com\/avatar\/57c226c264de62f794185a89596d4a37b85a5ad20aca30d9d5a478b27d8c8d9d?s=96&d=mm&r=g","contentUrl":"https:\/\/secure.gravatar.com\/avatar\/57c226c264de62f794185a89596d4a37b85a5ad20aca30d9d5a478b27d8c8d9d?s=96&d=mm&r=g","caption":"VeliPost"},"sameAs":["https:\/\/velipost.com"],"url":"https:\/\/velipost.com\/?author=1"}]}},"views":1,"jetpack_publicize_connections":[],"uagb_featured_image_src":{"full":["https:\/\/velipost.com\/wp-content\/uploads\/2024\/08\/atelier.jpg",1170,603,false],"thumbnail":["https:\/\/velipost.com\/wp-content\/uploads\/2024\/08\/atelier-150x150.jpg",150,150,true],"medium":["https:\/\/velipost.com\/wp-content\/uploads\/2024\/08\/atelier-300x155.jpg",300,155,true],"medium_large":["https:\/\/velipost.com\/wp-content\/uploads\/2024\/08\/atelier-768x396.jpg",715,369,true],"large":["https:\/\/velipost.com\/wp-content\/uploads\/2024\/08\/atelier-1024x528.jpg",715,369,true],"1536x1536":["https:\/\/velipost.com\/wp-content\/uploads\/2024\/08\/atelier.jpg",1170,603,false],"2048x2048":["https:\/\/velipost.com\/wp-content\/uploads\/2024\/08\/atelier.jpg",1170,603,false],"colornews-big-slider":["https:\/\/velipost.com\/wp-content\/uploads\/2024\/08\/atelier-1070x470.jpg",1070,470,true],"colornews-big-slider-thumb":["https:\/\/velipost.com\/wp-content\/uploads\/2024\/08\/atelier-184x109.jpg",184,109,true],"colornews-featured-post-medium":["https:\/\/velipost.com\/wp-content\/uploads\/2024\/08\/atelier-345x265.jpg",345,265,true],"colornews-featured-post-small":["https:\/\/velipost.com\/wp-content\/uploads\/2024\/08\/atelier-115x73.jpg",115,73,true],"colornews-random-posts":["https:\/\/velipost.com\/wp-content\/uploads\/2024\/08\/atelier-215x215.jpg",215,215,true],"colornews-featured-image":["https:\/\/velipost.com\/wp-content\/uploads\/2024\/08\/atelier-715x400.jpg",715,400,true],"mailpoet_newsletter_max":["https:\/\/velipost.com\/wp-content\/uploads\/2024\/08\/atelier.jpg",1170,603,false]},"uagb_author_info":{"display_name":"VeliPost","author_link":"https:\/\/velipost.com\/?author=1"},"uagb_comment_info":0,"uagb_excerpt":"Du 31 juillet au 2 ao\u00fbt 2024, le Cap-Ha\u00eftien a accueilli l\u2019atelier d\u2019Inception du projet \u00ab Am\u00e9lioration de la R\u00e9silience Climatique dans la R\u00e9gion","_links":{"self":[{"href":"https:\/\/velipost.com\/index.php?rest_route=\/wp\/v2\/posts\/1549","targetHints":{"allow":["GET"]}}],"collection":[{"href":"https:\/\/velipost.com\/index.php?rest_route=\/wp\/v2\/posts"}],"about":[{"href":"https:\/\/velipost.com\/index.php?rest_route=\/wp\/v2\/types\/post"}],"author":[{"embeddable":true,"href":"https:\/\/velipost.com\/index.php?rest_route=\/wp\/v2\/users\/1"}],"replies":[{"embeddable":true,"href":"https:\/\/velipost.com\/index.php?rest_route=%2Fwp%2Fv2%2Fcomments&post=1549"}],"version-history":[{"count":1,"href":"https:\/\/velipost.com\/index.php?rest_route=\/wp\/v2\/posts\/1549\/revisions"}],"predecessor-version":[{"id":1551,"href":"https:\/\/velipost.com\/index.php?rest_route=\/wp\/v2\/posts\/1549\/revisions\/1551"}],"wp:featuredmedia":[{"embeddable":true,"href":"https:\/\/velipost.com\/index.php?rest_route=\/wp\/v2\/media\/1550"}],"wp:attachment":[{"href":"https:\/\/velipost.com\/index.php?rest_route=%2Fwp%2Fv2%2Fmedia&parent=1549"}],"wp:term":[{"taxonomy":"category","embeddable":true,"href":"https:\/\/velipost.com\/index.php?rest_route=%2Fwp%2Fv2%2Fcategories&post=1549"},{"taxonomy":"post_tag","embeddable":true,"href":"https:\/\/velipost.com\/index.php?rest_route=%2Fwp%2Fv2%2Ftags&post=1549"}],"curies":[{"name":"wp","href":"https:\/\/api.w.org\/{rel}","templated":true}]}}